{"id":21612,"date":"2026-09-01T00:58:00","date_gmt":"2026-09-01T06:58:00","guid":{"rendered":"https:\/\/sanluisinforma.com\/?p=21612"},"modified":"2026-09-01T00:40:23","modified_gmt":"2026-09-01T06:40:23","slug":"feliz-y-exitoso-regreso-a-clases-gobernador-ricardo-gallardo","status":"publish","type":"post","link":"https:\/\/sanluisinforma.com\/?p=21612","title":{"rendered":"Feliz y Exitoso regreso a clases: Gobernador Ricardo Gallardo"},"content":{"rendered":"\n<p class=\"wp-block-paragraph\"> Este lunes 31 de agosto, m\u00e1s de 540 mil estudiantes y m\u00e1s de 33 mil docentes regresan a las aulas en m\u00e1s de 8 mil escuelas de educaci\u00f3n b\u00e1sica de las cuatro regiones.<\/p>\n\n\n\n<p class=\"wp-block-paragraph\"> Este lunes 31 de agosto, m\u00e1s de 540 mil estudiantes regresan a las aulas en San Luis Potos\u00ed, por lo que el Gobernador del Estado, Ricardo Gallardo Cardona, instruy\u00f3 a las instituciones estatales a mantenerse atentas y en coordinaci\u00f3n permanente desde las primeras horas del d\u00eda, para procurar un regreso a clases ordenado, seguro y tranquilo en las cuatro regiones del Estado.<\/p>\n\n\n\n<p class=\"wp-block-paragraph\">El Mandatario Estatal dese\u00f3 un feliz y exitoso regreso a clases a ni\u00f1as, ni\u00f1os y j\u00f3venes potosinos que hoy comienzan el ciclo escolar 2026-2027, y reconoci\u00f3 especialmente el esfuerzo de madres y padres de familia, as\u00ed como el compromiso de maestras, maestros, directivos y personal administrativo y de mantenimiento que diariamente hacen posible la educaci\u00f3n. \u201cDeseo a todas nuestras ni\u00f1as, ni\u00f1os y j\u00f3venes un ciclo escolar lleno de aprendizaje, crecimiento y muchos \u00e9xitos.<\/p>\n\n\n\n<p class=\"wp-block-paragraph\"> A sus familias y a toda la comunidad educativa les reitero que cuentan con un Gobierno cercano, atento y comprometido con su bienestar y su futuro\u201d, expres\u00f3. Como parte de esta responsabilidad institucional, la Guardia Civil Estatal mantiene desde este lunes un operativo especial de seguridad, en coordinaci\u00f3n y apoyo con las polic\u00edas municipales, con presencia preventiva en las inmediaciones de los planteles educativos, paraderos y principales vialidades durante los horarios de entrada y salida. <\/p>\n\n\n\n<p class=\"wp-block-paragraph\">El despliegue busca proteger a estudiantes, docentes, madres y padres de familia, agilizar la movilidad y atender oportunamente cualquier situaci\u00f3n que pudiera presentarse. Ricardo Gallardo Cardona destac\u00f3 que el respaldo a la educaci\u00f3n tambi\u00e9n se refleja en mejores espacios para aprender, con 530 escuelas construidas durante su administraci\u00f3n en las cuatro regiones de San Luis Potos\u00ed, adem\u00e1s de acciones permanentes para contar con planteles dignos, modernos y seguros que respondan a las necesidades de las nuevas generaciones. <\/p>\n\n\n\n<p class=\"wp-block-paragraph\">Finalmente, el Gobernador reiter\u00f3 que su administraci\u00f3n mantendr\u00e1 una atenci\u00f3n cercana durante todo el ciclo escolar y continuar\u00e1 trabajando bajo el modelo de la Nueva Escuela Mexicana, as\u00ed como en estrategias que respondan a los cambios demogr\u00e1ficos y al avance de las nuevas tecnolog\u00edas. Se\u00f1al\u00f3 que el regreso a clases representa tambi\u00e9n la renovaci\u00f3n del compromiso entre Gobierno, docentes y familias para brindar mayores oportunidades y un mejor futuro a las y los estudiantes potosinos.<\/p>\n\n\n\n<p class=\"wp-block-paragraph\"><\/p>\n","protected":false},"excerpt":{"rendered":"<p>Este lunes 31 de agosto, m\u00e1s de 540 mil estudiantes y m\u00e1s de 33 mil docentes regresan a las aulas<\/p>\n","protected":false},"author":2,"featured_media":21613,"comment_status":"closed","ping_status":"closed","sticky":false,"template":"","format":"standard","meta":{"footnotes":""},"categories":[25,30],"tags":[],"class_list":["post-21612","post","type-post","status-publish","format-standard","has-post-thumbnail","hentry","category-local","category-portada"],"yoast_head":"<!-- This site is optimized with the Yoast SEO plugin v24.1 - https:\/\/yoast.com\/wordpress\/plugins\/seo\/ -->\n<title>Feliz y Exitoso regreso a clases: Gobernador Ricardo Gallardo - sanluisinforma.com<\/title>\n<meta name=\"robots\" content=\"index, follow, max-snippet:-1, max-image-preview:large, max-video-preview:-1\" \/>\n<link rel=\"canonical\" href=\"https:\/\/sanluisinforma.com\/?p=21612\" \/>\n<meta property=\"og:locale\" content=\"es_MX\" \/>\n<meta property=\"og:type\" content=\"article\" \/>\n<meta property=\"og:title\" content=\"Feliz y Exitoso regreso a clases: Gobernador Ricardo Gallardo - sanluisinforma.com\" \/>\n<meta property=\"og:description\" content=\"Este lunes 31 de agosto, m\u00e1s de 540 mil estudiantes y m\u00e1s de 33 mil docentes regresan a las aulas\" \/>\n<meta property=\"og:url\" content=\"https:\/\/sanluisinforma.com\/?p=21612\" \/>\n<meta property=\"og:site_name\" content=\"sanluisinforma.com\" \/>\n<meta property=\"article:published_time\" content=\"2026-09-01T06:58:00+00:00\" \/>\n<meta property=\"article:modified_time\" content=\"2026-09-01T06:40:23+00:00\" \/>\n<meta property=\"og:image\" content=\"https:\/\/sanluisinforma.com\/wp-content\/uploads\/2026\/09\/cb-3.jpg\" \/>\n\t<meta property=\"og:image:width\" content=\"300\" \/>\n\t<meta property=\"og:image:height\" content=\"221\" \/>\n\t<meta property=\"og:image:type\" content=\"image\/jpeg\" \/>\n<meta name=\"author\" content=\"sanluisinforma.com\" \/>\n<meta name=\"twitter:card\" content=\"summary_large_image\" \/>\n<meta name=\"twitter:label1\" content=\"Escrito por\" \/>\n\t<meta name=\"twitter:data1\" content=\"sanluisinforma.com\" \/>\n\t<meta name=\"twitter:label2\" content=\"Tiempo de lectura\" \/>\n\t<meta name=\"twitter:data2\" content=\"3 minutos\" \/>\n<script type=\"application\/ld+json\" class=\"yoast-schema-graph\">{\"@context\":\"https:\/\/schema.org\",\"@graph\":[{\"@type\":\"Article\",\"@id\":\"https:\/\/sanluisinforma.com\/?p=21612#article\",\"isPartOf\":{\"@id\":\"https:\/\/sanluisinforma.com\/?p=21612\"},\"author\":{\"name\":\"sanluisinforma.com\",\"@id\":\"https:\/\/sanluisinforma.com\/#\/schema\/person\/c30648f71476be533b6f59d092905c8b\"},\"headline\":\"Feliz y Exitoso regreso a clases: Gobernador Ricardo Gallardo\",\"datePublished\":\"2026-09-01T06:58:00+00:00\",\"dateModified\":\"2026-09-01T06:40:23+00:00\",\"mainEntityOfPage\":{\"@id\":\"https:\/\/sanluisinforma.com\/?p=21612\"},\"wordCount\":426,\"publisher\":{\"@id\":\"https:\/\/sanluisinforma.com\/#organization\"},\"image\":{\"@id\":\"https:\/\/sanluisinforma.com\/?p=21612#primaryimage\"},\"thumbnailUrl\":\"https:\/\/sanluisinforma.com\/wp-content\/uploads\/2026\/09\/cb-3.jpg\",\"articleSection\":[\"Local\",\"Portada\"],\"inLanguage\":\"es\"},{\"@type\":\"WebPage\",\"@id\":\"https:\/\/sanluisinforma.com\/?p=21612\",\"url\":\"https:\/\/sanluisinforma.com\/?p=21612\",\"name\":\"Feliz y Exitoso regreso a clases: Gobernador Ricardo Gallardo - sanluisinforma.com\",\"isPartOf\":{\"@id\":\"https:\/\/sanluisinforma.com\/#website\"},\"primaryImageOfPage\":{\"@id\":\"https:\/\/sanluisinforma.com\/?p=21612#primaryimage\"},\"image\":{\"@id\":\"https:\/\/sanluisinforma.com\/?p=21612#primaryimage\"},\"thumbnailUrl\":\"https:\/\/sanluisinforma.com\/wp-content\/uploads\/2026\/09\/cb-3.jpg\",\"datePublished\":\"2026-09-01T06:58:00+00:00\",\"dateModified\":\"2026-09-01T06:40:23+00:00\",\"breadcrumb\":{\"@id\":\"https:\/\/sanluisinforma.com\/?p=21612#breadcrumb\"},\"inLanguage\":\"es\",\"potentialAction\":[{\"@type\":\"ReadAction\",\"target\":[\"https:\/\/sanluisinforma.com\/?p=21612\"]}]},{\"@type\":\"ImageObject\",\"inLanguage\":\"es\",\"@id\":\"https:\/\/sanluisinforma.com\/?p=21612#primaryimage\",\"url\":\"https:\/\/sanluisinforma.com\/wp-content\/uploads\/2026\/09\/cb-3.jpg\",\"contentUrl\":\"https:\/\/sanluisinforma.com\/wp-content\/uploads\/2026\/09\/cb-3.jpg\",\"width\":300,\"height\":221},{\"@type\":\"BreadcrumbList\",\"@id\":\"https:\/\/sanluisinforma.com\/?p=21612#breadcrumb\",\"itemListElement\":[{\"@type\":\"ListItem\",\"position\":1,\"name\":\"Inicio\",\"item\":\"https:\/\/sanluisinforma.com\/\"},{\"@type\":\"ListItem\",\"position\":2,\"name\":\"Feliz y Exitoso regreso a clases: Gobernador Ricardo Gallardo\"}]},{\"@type\":\"WebSite\",\"@id\":\"https:\/\/sanluisinforma.com\/#website\",\"url\":\"https:\/\/sanluisinforma.com\/\",\"name\":\"sanluisinforma.com\",\"description\":\"Periodico San Luis Informa\",\"publisher\":{\"@id\":\"https:\/\/sanluisinforma.com\/#organization\"},\"potentialAction\":[{\"@type\":\"SearchAction\",\"target\":{\"@type\":\"EntryPoint\",\"urlTemplate\":\"https:\/\/sanluisinforma.com\/?s={search_term_string}\"},\"query-input\":{\"@type\":\"PropertyValueSpecification\",\"valueRequired\":true,\"valueName\":\"search_term_string\"}}],\"inLanguage\":\"es\"},{\"@type\":\"Organization\",\"@id\":\"https:\/\/sanluisinforma.com\/#organization\",\"name\":\"sanluisinforma.com\",\"url\":\"https:\/\/sanluisinforma.com\/\",\"logo\":{\"@type\":\"ImageObject\",\"inLanguage\":\"es\",\"@id\":\"https:\/\/sanluisinforma.com\/#\/schema\/logo\/image\/\",\"url\":\"https:\/\/sanluisinforma.com\/wp-content\/uploads\/2026\/03\/sanluisinforma-V.jpg\",\"contentUrl\":\"https:\/\/sanluisinforma.com\/wp-content\/uploads\/2026\/03\/sanluisinforma-V.jpg\",\"width\":500,\"height\":156,\"caption\":\"sanluisinforma.com\"},\"image\":{\"@id\":\"https:\/\/sanluisinforma.com\/#\/schema\/logo\/image\/\"}},{\"@type\":\"Person\",\"@id\":\"https:\/\/sanluisinforma.com\/#\/schema\/person\/c30648f71476be533b6f59d092905c8b\",\"name\":\"sanluisinforma.com\",\"image\":{\"@type\":\"ImageObject\",\"inLanguage\":\"es\",\"@id\":\"https:\/\/sanluisinforma.com\/#\/schema\/person\/image\/\",\"url\":\"https:\/\/secure.gravatar.com\/avatar\/86e3114e34a1eecefb963e0a02f0093f93b092dddb2fe1517596343751081a87?s=96&d=mm&r=g\",\"contentUrl\":\"https:\/\/secure.gravatar.com\/avatar\/86e3114e34a1eecefb963e0a02f0093f93b092dddb2fe1517596343751081a87?s=96&d=mm&r=g\",\"caption\":\"sanluisinforma.com\"},\"url\":\"https:\/\/sanluisinforma.com\/?author=2\"}]}<\/script>\n<!-- \/ Yoast SEO plugin. -->","yoast_head_json":{"title":"Feliz y Exitoso regreso a clases: Gobernador Ricardo Gallardo - sanluisinforma.com","robots":{"index":"index","follow":"follow","max-snippet":"max-snippet:-1","max-image-preview":"max-image-preview:large","max-video-preview":"max-video-preview:-1"},"canonical":"https:\/\/sanluisinforma.com\/?p=21612","og_locale":"es_MX","og_type":"article","og_title":"Feliz y Exitoso regreso a clases: Gobernador Ricardo Gallardo - sanluisinforma.com","og_description":"Este lunes 31 de agosto, m\u00e1s de 540 mil estudiantes y m\u00e1s de 33 mil docentes regresan a las aulas","og_url":"https:\/\/sanluisinforma.com\/?p=21612","og_site_name":"sanluisinforma.com","article_published_time":"2026-09-01T06:58:00+00:00","article_modified_time":"2026-09-01T06:40:23+00:00","og_image":[{"width":300,"height":221,"url":"https:\/\/sanluisinforma.com\/wp-content\/uploads\/2026\/09\/cb-3.jpg","type":"image\/jpeg"}],"author":"sanluisinforma.com","twitter_card":"summary_large_image","twitter_misc":{"Escrito por":"sanluisinforma.com","Tiempo de lectura":"3 minutos"},"schema":{"@context":"https:\/\/schema.org","@graph":[{"@type":"Article","@id":"https:\/\/sanluisinforma.com\/?p=21612#article","isPartOf":{"@id":"https:\/\/sanluisinforma.com\/?p=21612"},"author":{"name":"sanluisinforma.com","@id":"https:\/\/sanluisinforma.com\/#\/schema\/person\/c30648f71476be533b6f59d092905c8b"},"headline":"Feliz y Exitoso regreso a clases: Gobernador Ricardo Gallardo","datePublished":"2026-09-01T06:58:00+00:00","dateModified":"2026-09-01T06:40:23+00:00","mainEntityOfPage":{"@id":"https:\/\/sanluisinforma.com\/?p=21612"},"wordCount":426,"publisher":{"@id":"https:\/\/sanluisinforma.com\/#organization"},"image":{"@id":"https:\/\/sanluisinforma.com\/?p=21612#primaryimage"},"thumbnailUrl":"https:\/\/sanluisinforma.com\/wp-content\/uploads\/2026\/09\/cb-3.jpg","articleSection":["Local","Portada"],"inLanguage":"es"},{"@type":"WebPage","@id":"https:\/\/sanluisinforma.com\/?p=21612","url":"https:\/\/sanluisinforma.com\/?p=21612","name":"Feliz y Exitoso regreso a clases: Gobernador Ricardo Gallardo - sanluisinforma.com","isPartOf":{"@id":"https:\/\/sanluisinforma.com\/#website"},"primaryImageOfPage":{"@id":"https:\/\/sanluisinforma.com\/?p=21612#primaryimage"},"image":{"@id":"https:\/\/sanluisinforma.com\/?p=21612#primaryimage"},"thumbnailUrl":"https:\/\/sanluisinforma.com\/wp-content\/uploads\/2026\/09\/cb-3.jpg","datePublished":"2026-09-01T06:58:00+00:00","dateModified":"2026-09-01T06:40:23+00:00","breadcrumb":{"@id":"https:\/\/sanluisinforma.com\/?p=21612#breadcrumb"},"inLanguage":"es","potentialAction":[{"@type":"ReadAction","target":["https:\/\/sanluisinforma.com\/?p=21612"]}]},{"@type":"ImageObject","inLanguage":"es","@id":"https:\/\/sanluisinforma.com\/?p=21612#primaryimage","url":"https:\/\/sanluisinforma.com\/wp-content\/uploads\/2026\/09\/cb-3.jpg","contentUrl":"https:\/\/sanluisinforma.com\/wp-content\/uploads\/2026\/09\/cb-3.jpg","width":300,"height":221},{"@type":"BreadcrumbList","@id":"https:\/\/sanluisinforma.com\/?p=21612#breadcrumb","itemListElement":[{"@type":"ListItem","position":1,"name":"Inicio","item":"https:\/\/sanluisinforma.com\/"},{"@type":"ListItem","position":2,"name":"Feliz y Exitoso regreso a clases: Gobernador Ricardo Gallardo"}]},{"@type":"WebSite","@id":"https:\/\/sanluisinforma.com\/#website","url":"https:\/\/sanluisinforma.com\/","name":"sanluisinforma.com","description":"Periodico San Luis Informa","publisher":{"@id":"https:\/\/sanluisinforma.com\/#organization"},"potentialAction":[{"@type":"SearchAction","target":{"@type":"EntryPoint","urlTemplate":"https:\/\/sanluisinforma.com\/?s={search_term_string}"},"query-input":{"@type":"PropertyValueSpecification","valueRequired":true,"valueName":"search_term_string"}}],"inLanguage":"es"},{"@type":"Organization","@id":"https:\/\/sanluisinforma.com\/#organization","name":"sanluisinforma.com","url":"https:\/\/sanluisinforma.com\/","logo":{"@type":"ImageObject","inLanguage":"es","@id":"https:\/\/sanluisinforma.com\/#\/schema\/logo\/image\/","url":"https:\/\/sanluisinforma.com\/wp-content\/uploads\/2026\/03\/sanluisinforma-V.jpg","contentUrl":"https:\/\/sanluisinforma.com\/wp-content\/uploads\/2026\/03\/sanluisinforma-V.jpg","width":500,"height":156,"caption":"sanluisinforma.com"},"image":{"@id":"https:\/\/sanluisinforma.com\/#\/schema\/logo\/image\/"}},{"@type":"Person","@id":"https:\/\/sanluisinforma.com\/#\/schema\/person\/c30648f71476be533b6f59d092905c8b","name":"sanluisinforma.com","image":{"@type":"ImageObject","inLanguage":"es","@id":"https:\/\/sanluisinforma.com\/#\/schema\/person\/image\/","url":"https:\/\/secure.gravatar.com\/avatar\/86e3114e34a1eecefb963e0a02f0093f93b092dddb2fe1517596343751081a87?s=96&d=mm&r=g","contentUrl":"https:\/\/secure.gravatar.com\/avatar\/86e3114e34a1eecefb963e0a02f0093f93b092dddb2fe1517596343751081a87?s=96&d=mm&r=g","caption":"sanluisinforma.com"},"url":"https:\/\/sanluisinforma.com\/?author=2"}]}},"_links":{"self":[{"href":"https:\/\/sanluisinforma.com\/index.php?rest_route=\/wp\/v2\/posts\/21612","targetHints":{"allow":["GET"]}}],"collection":[{"href":"https:\/\/sanluisinforma.com\/index.php?rest_route=\/wp\/v2\/posts"}],"about":[{"href":"https:\/\/sanluisinforma.com\/index.php?rest_route=\/wp\/v2\/types\/post"}],"author":[{"embeddable":true,"href":"https:\/\/sanluisinforma.com\/index.php?rest_route=\/wp\/v2\/users\/2"}],"replies":[{"embeddable":true,"href":"https:\/\/sanluisinforma.com\/index.php?rest_route=%2Fwp%2Fv2%2Fcomments&post=21612"}],"version-history":[{"count":1,"href":"https:\/\/sanluisinforma.com\/index.php?rest_route=\/wp\/v2\/posts\/21612\/revisions"}],"predecessor-version":[{"id":21614,"href":"https:\/\/sanluisinforma.com\/index.php?rest_route=\/wp\/v2\/posts\/21612\/revisions\/21614"}],"wp:featuredmedia":[{"embeddable":true,"href":"https:\/\/sanluisinforma.com\/index.php?rest_route=\/wp\/v2\/media\/21613"}],"wp:attachment":[{"href":"https:\/\/sanluisinforma.com\/index.php?rest_route=%2Fwp%2Fv2%2Fmedia&parent=21612"}],"wp:term":[{"taxonomy":"category","embeddable":true,"href":"https:\/\/sanluisinforma.com\/index.php?rest_route=%2Fwp%2Fv2%2Fcategories&post=21612"},{"taxonomy":"post_tag","embeddable":true,"href":"https:\/\/sanluisinforma.com\/index.php?rest_route=%2Fwp%2Fv2%2Ftags&post=21612"}],"curies":[{"name":"wp","href":"https:\/\/api.w.org\/{rel}","templated":true}]}}