{"id":21629,"date":"2026-09-02T00:45:00","date_gmt":"2026-09-02T06:45:00","guid":{"rendered":"https:\/\/sanluisinforma.com\/?p=21629"},"modified":"2026-09-01T23:21:05","modified_gmt":"2026-09-02T05:21:05","slug":"dif-municipal-protege-a-4-personas-menores-de-edad-en-situacion-de-riesgo","status":"publish","type":"post","link":"https:\/\/sanluisinforma.com\/?p=21629","title":{"rendered":"DIF Municipal protege a 4 personas menores de edad en situaci\u00f3n de riesgo"},"content":{"rendered":"\n<p class=\"wp-block-paragraph\"><\/p>\n\n\n\n<ul class=\"wp-block-list\">\n<li>\u201cFrente a una situaci\u00f3n de riesgo, no podemos permanecer indiferentes; debemos actuar con responsabilidad, coordinaci\u00f3n y, sobre todo, pensando en su bienestar\u201d: Estela Arriaga, Presidenta del DIF Municipal de San Luis Capital.<\/li>\n\n\n\n<li>Tras recibir reportes y realizar acciones de seguimiento, se activaron mecanismos de protecci\u00f3n para salvaguardar su integridad y bienestar.<\/li>\n\n\n\n<li>Las y los menores permanecen bajo resguardo de la autoridad especializada, donde reciben atenci\u00f3n, alimentaci\u00f3n y cuidados.<\/li>\n<\/ul>\n\n\n\n<p class=\"wp-block-paragraph\">Ante la detecci\u00f3n de condiciones que representaban un riesgo para el bienestar y desarrollo de cuatro personas menores de edad \u2014tres ni\u00f1os de 6, 3 y 1 a\u00f1o, as\u00ed como una adolescente de 14 a\u00f1os\u2014, el DIF Municipal de San Luis Capital activ\u00f3 los mecanismos institucionales de protecci\u00f3n correspondientes para salvaguardar su integridad.<\/p>\n\n\n\n<p class=\"wp-block-paragraph\">El caso fue reportado a esta instituci\u00f3n y como parte de las acciones de atenci\u00f3n, la Presidenta del DIF Municipal, Estela Arriaga M\u00e1rquez, inform\u00f3 que, despu\u00e9s de las visitas al domicilio, valoraciones y diligencias realizadas, se determin\u00f3 la necesidad de poner a salvo a tres ni\u00f1os y una adolescente.<\/p>\n\n\n\n<p class=\"wp-block-paragraph\">Se procedi\u00f3 a denunciar las condiciones en que se encontraron ante la Fiscal\u00eda especializada de atenci\u00f3n a la mujer, la familia y delitos sexuales, y tras otorgarse las medidas de protecci\u00f3n, se acudi\u00f3 al domicilio se\u00f1alado con elementos de la Polic\u00eda de investigaci\u00f3n. Por lo que actualmente las personas menores de edad se encuentran en un espacio seguro y reciben alimentaci\u00f3n, ropa, atenci\u00f3n y los cuidados necesarios por parte de las instituciones especializadas.<\/p>\n\n\n\n<p class=\"wp-block-paragraph\">\u201cCuando se trata de ni\u00f1as, ni\u00f1os y adolescentes, nuestra prioridad es protegerlos y garantizar que sus derechos sean respetados. Frente a una situaci\u00f3n de riesgo, no podemos permanecer indiferentes; debemos actuar con responsabilidad, coordinaci\u00f3n y, sobre todo, pensando en su bienestar\u201d, se\u00f1al\u00f3.<\/p>\n\n\n\n<p class=\"wp-block-paragraph\">Arriaga M\u00e1rquez explic\u00f3 que el DIF Municipal mantiene el acompa\u00f1amiento institucional del caso y participa en las acciones encaminadas a la restituci\u00f3n de los derechos de las y los menores, en coordinaci\u00f3n con las autoridades competentes. La intervenci\u00f3n de la Secretar\u00eda de Seguridad y Protecci\u00f3n Ciudadana, a trav\u00e9s de Justicia C\u00edvica, permiti\u00f3 agilizar los tr\u00e1mites necesarios para su puesta bajo resguardo en los Centros de Asistencia Social de la Procuradur\u00eda Estatal de Protecci\u00f3n de Ni\u00f1as, Ni\u00f1os y Adolescentes.<\/p>\n\n\n\n<p class=\"wp-block-paragraph\">La Presidenta del DIF Capitalino subray\u00f3 que, por tratarse de un asunto que involucra a menores de edad, se mantendr\u00e1 la reserva de la informaci\u00f3n que pudiera identificarlos o vulnerar su privacidad, mientras las autoridades contin\u00faan con las investigaciones correspondientes.<\/p>\n\n\n\n<p class=\"wp-block-paragraph\">El procedimiento jur\u00eddico contin\u00faa ante las instancias competentes, incluida la integraci\u00f3n de una carpeta de investigaci\u00f3n por posibles hechos relacionados con violencia familiar e incumplimiento de obligaciones de asistencia familiar. Ser\u00e1 la autoridad correspondiente la que determine, conforme a derecho, las responsabilidades que pudieran existir.<\/p>\n","protected":false},"excerpt":{"rendered":"<p>Ante la detecci\u00f3n de condiciones que representaban un riesgo para el bienestar y desarrollo de cuatro personas menores de edad<\/p>\n","protected":false},"author":2,"featured_media":21630,"comment_status":"closed","ping_status":"closed","sticky":false,"template":"","format":"standard","meta":{"footnotes":""},"categories":[30],"tags":[],"class_list":["post-21629","post","type-post","status-publish","format-standard","has-post-thumbnail","hentry","category-portada"],"yoast_head":"<!-- This site is optimized with the Yoast SEO plugin v24.1 - https:\/\/yoast.com\/wordpress\/plugins\/seo\/ -->\n<title>DIF Municipal protege a 4 personas menores de edad en situaci\u00f3n de riesgo - sanluisinforma.com<\/title>\n<meta name=\"robots\" content=\"index, follow, max-snippet:-1, max-image-preview:large, max-video-preview:-1\" \/>\n<link rel=\"canonical\" href=\"https:\/\/sanluisinforma.com\/?p=21629\" \/>\n<meta property=\"og:locale\" content=\"es_MX\" \/>\n<meta property=\"og:type\" content=\"article\" \/>\n<meta property=\"og:title\" content=\"DIF Municipal protege a 4 personas menores de edad en situaci\u00f3n de riesgo - sanluisinforma.com\" \/>\n<meta property=\"og:description\" content=\"Ante la detecci\u00f3n de condiciones que representaban un riesgo para el bienestar y desarrollo de cuatro personas menores de edad\" \/>\n<meta property=\"og:url\" content=\"https:\/\/sanluisinforma.com\/?p=21629\" \/>\n<meta property=\"og:site_name\" content=\"sanluisinforma.com\" \/>\n<meta property=\"article:published_time\" content=\"2026-09-02T06:45:00+00:00\" \/>\n<meta property=\"article:modified_time\" content=\"2026-09-02T05:21:05+00:00\" \/>\n<meta property=\"og:image\" content=\"https:\/\/sanluisinforma.com\/wp-content\/uploads\/2026\/09\/cm-2.jpg\" \/>\n\t<meta property=\"og:image:width\" content=\"300\" \/>\n\t<meta property=\"og:image:height\" content=\"168\" \/>\n\t<meta property=\"og:image:type\" content=\"image\/jpeg\" \/>\n<meta name=\"author\" content=\"sanluisinforma.com\" \/>\n<meta name=\"twitter:card\" content=\"summary_large_image\" \/>\n<meta name=\"twitter:label1\" content=\"Escrito por\" \/>\n\t<meta name=\"twitter:data1\" content=\"sanluisinforma.com\" \/>\n\t<meta name=\"twitter:label2\" content=\"Tiempo de lectura\" \/>\n\t<meta name=\"twitter:data2\" content=\"3 minutos\" \/>\n<script type=\"application\/ld+json\" class=\"yoast-schema-graph\">{\"@context\":\"https:\/\/schema.org\",\"@graph\":[{\"@type\":\"Article\",\"@id\":\"https:\/\/sanluisinforma.com\/?p=21629#article\",\"isPartOf\":{\"@id\":\"https:\/\/sanluisinforma.com\/?p=21629\"},\"author\":{\"name\":\"sanluisinforma.com\",\"@id\":\"https:\/\/sanluisinforma.com\/#\/schema\/person\/c30648f71476be533b6f59d092905c8b\"},\"headline\":\"DIF Municipal protege a 4 personas menores de edad en situaci\u00f3n de riesgo\",\"datePublished\":\"2026-09-02T06:45:00+00:00\",\"dateModified\":\"2026-09-02T05:21:05+00:00\",\"mainEntityOfPage\":{\"@id\":\"https:\/\/sanluisinforma.com\/?p=21629\"},\"wordCount\":505,\"publisher\":{\"@id\":\"https:\/\/sanluisinforma.com\/#organization\"},\"image\":{\"@id\":\"https:\/\/sanluisinforma.com\/?p=21629#primaryimage\"},\"thumbnailUrl\":\"https:\/\/sanluisinforma.com\/wp-content\/uploads\/2026\/09\/cm-2.jpg\",\"articleSection\":[\"Portada\"],\"inLanguage\":\"es\"},{\"@type\":\"WebPage\",\"@id\":\"https:\/\/sanluisinforma.com\/?p=21629\",\"url\":\"https:\/\/sanluisinforma.com\/?p=21629\",\"name\":\"DIF Municipal protege a 4 personas menores de edad en situaci\u00f3n de riesgo - sanluisinforma.com\",\"isPartOf\":{\"@id\":\"https:\/\/sanluisinforma.com\/#website\"},\"primaryImageOfPage\":{\"@id\":\"https:\/\/sanluisinforma.com\/?p=21629#primaryimage\"},\"image\":{\"@id\":\"https:\/\/sanluisinforma.com\/?p=21629#primaryimage\"},\"thumbnailUrl\":\"https:\/\/sanluisinforma.com\/wp-content\/uploads\/2026\/09\/cm-2.jpg\",\"datePublished\":\"2026-09-02T06:45:00+00:00\",\"dateModified\":\"2026-09-02T05:21:05+00:00\",\"breadcrumb\":{\"@id\":\"https:\/\/sanluisinforma.com\/?p=21629#breadcrumb\"},\"inLanguage\":\"es\",\"potentialAction\":[{\"@type\":\"ReadAction\",\"target\":[\"https:\/\/sanluisinforma.com\/?p=21629\"]}]},{\"@type\":\"ImageObject\",\"inLanguage\":\"es\",\"@id\":\"https:\/\/sanluisinforma.com\/?p=21629#primaryimage\",\"url\":\"https:\/\/sanluisinforma.com\/wp-content\/uploads\/2026\/09\/cm-2.jpg\",\"contentUrl\":\"https:\/\/sanluisinforma.com\/wp-content\/uploads\/2026\/09\/cm-2.jpg\",\"width\":300,\"height\":168},{\"@type\":\"BreadcrumbList\",\"@id\":\"https:\/\/sanluisinforma.com\/?p=21629#breadcrumb\",\"itemListElement\":[{\"@type\":\"ListItem\",\"position\":1,\"name\":\"Inicio\",\"item\":\"https:\/\/sanluisinforma.com\/\"},{\"@type\":\"ListItem\",\"position\":2,\"name\":\"DIF Municipal protege a 4 personas menores de edad en situaci\u00f3n de riesgo\"}]},{\"@type\":\"WebSite\",\"@id\":\"https:\/\/sanluisinforma.com\/#website\",\"url\":\"https:\/\/sanluisinforma.com\/\",\"name\":\"sanluisinforma.com\",\"description\":\"Periodico San Luis Informa\",\"publisher\":{\"@id\":\"https:\/\/sanluisinforma.com\/#organization\"},\"potentialAction\":[{\"@type\":\"SearchAction\",\"target\":{\"@type\":\"EntryPoint\",\"urlTemplate\":\"https:\/\/sanluisinforma.com\/?s={search_term_string}\"},\"query-input\":{\"@type\":\"PropertyValueSpecification\",\"valueRequired\":true,\"valueName\":\"search_term_string\"}}],\"inLanguage\":\"es\"},{\"@type\":\"Organization\",\"@id\":\"https:\/\/sanluisinforma.com\/#organization\",\"name\":\"sanluisinforma.com\",\"url\":\"https:\/\/sanluisinforma.com\/\",\"logo\":{\"@type\":\"ImageObject\",\"inLanguage\":\"es\",\"@id\":\"https:\/\/sanluisinforma.com\/#\/schema\/logo\/image\/\",\"url\":\"https:\/\/sanluisinforma.com\/wp-content\/uploads\/2026\/03\/sanluisinforma-V.jpg\",\"contentUrl\":\"https:\/\/sanluisinforma.com\/wp-content\/uploads\/2026\/03\/sanluisinforma-V.jpg\",\"width\":500,\"height\":156,\"caption\":\"sanluisinforma.com\"},\"image\":{\"@id\":\"https:\/\/sanluisinforma.com\/#\/schema\/logo\/image\/\"}},{\"@type\":\"Person\",\"@id\":\"https:\/\/sanluisinforma.com\/#\/schema\/person\/c30648f71476be533b6f59d092905c8b\",\"name\":\"sanluisinforma.com\",\"image\":{\"@type\":\"ImageObject\",\"inLanguage\":\"es\",\"@id\":\"https:\/\/sanluisinforma.com\/#\/schema\/person\/image\/\",\"url\":\"https:\/\/secure.gravatar.com\/avatar\/86e3114e34a1eecefb963e0a02f0093f93b092dddb2fe1517596343751081a87?s=96&d=mm&r=g\",\"contentUrl\":\"https:\/\/secure.gravatar.com\/avatar\/86e3114e34a1eecefb963e0a02f0093f93b092dddb2fe1517596343751081a87?s=96&d=mm&r=g\",\"caption\":\"sanluisinforma.com\"},\"url\":\"https:\/\/sanluisinforma.com\/?author=2\"}]}<\/script>\n<!-- \/ Yoast SEO plugin. -->","yoast_head_json":{"title":"DIF Municipal protege a 4 personas menores de edad en situaci\u00f3n de riesgo - sanluisinforma.com","robots":{"index":"index","follow":"follow","max-snippet":"max-snippet:-1","max-image-preview":"max-image-preview:large","max-video-preview":"max-video-preview:-1"},"canonical":"https:\/\/sanluisinforma.com\/?p=21629","og_locale":"es_MX","og_type":"article","og_title":"DIF Municipal protege a 4 personas menores de edad en situaci\u00f3n de riesgo - sanluisinforma.com","og_description":"Ante la detecci\u00f3n de condiciones que representaban un riesgo para el bienestar y desarrollo de cuatro personas menores de edad","og_url":"https:\/\/sanluisinforma.com\/?p=21629","og_site_name":"sanluisinforma.com","article_published_time":"2026-09-02T06:45:00+00:00","article_modified_time":"2026-09-02T05:21:05+00:00","og_image":[{"width":300,"height":168,"url":"https:\/\/sanluisinforma.com\/wp-content\/uploads\/2026\/09\/cm-2.jpg","type":"image\/jpeg"}],"author":"sanluisinforma.com","twitter_card":"summary_large_image","twitter_misc":{"Escrito por":"sanluisinforma.com","Tiempo de lectura":"3 minutos"},"schema":{"@context":"https:\/\/schema.org","@graph":[{"@type":"Article","@id":"https:\/\/sanluisinforma.com\/?p=21629#article","isPartOf":{"@id":"https:\/\/sanluisinforma.com\/?p=21629"},"author":{"name":"sanluisinforma.com","@id":"https:\/\/sanluisinforma.com\/#\/schema\/person\/c30648f71476be533b6f59d092905c8b"},"headline":"DIF Municipal protege a 4 personas menores de edad en situaci\u00f3n de riesgo","datePublished":"2026-09-02T06:45:00+00:00","dateModified":"2026-09-02T05:21:05+00:00","mainEntityOfPage":{"@id":"https:\/\/sanluisinforma.com\/?p=21629"},"wordCount":505,"publisher":{"@id":"https:\/\/sanluisinforma.com\/#organization"},"image":{"@id":"https:\/\/sanluisinforma.com\/?p=21629#primaryimage"},"thumbnailUrl":"https:\/\/sanluisinforma.com\/wp-content\/uploads\/2026\/09\/cm-2.jpg","articleSection":["Portada"],"inLanguage":"es"},{"@type":"WebPage","@id":"https:\/\/sanluisinforma.com\/?p=21629","url":"https:\/\/sanluisinforma.com\/?p=21629","name":"DIF Municipal protege a 4 personas menores de edad en situaci\u00f3n de riesgo - sanluisinforma.com","isPartOf":{"@id":"https:\/\/sanluisinforma.com\/#website"},"primaryImageOfPage":{"@id":"https:\/\/sanluisinforma.com\/?p=21629#primaryimage"},"image":{"@id":"https:\/\/sanluisinforma.com\/?p=21629#primaryimage"},"thumbnailUrl":"https:\/\/sanluisinforma.com\/wp-content\/uploads\/2026\/09\/cm-2.jpg","datePublished":"2026-09-02T06:45:00+00:00","dateModified":"2026-09-02T05:21:05+00:00","breadcrumb":{"@id":"https:\/\/sanluisinforma.com\/?p=21629#breadcrumb"},"inLanguage":"es","potentialAction":[{"@type":"ReadAction","target":["https:\/\/sanluisinforma.com\/?p=21629"]}]},{"@type":"ImageObject","inLanguage":"es","@id":"https:\/\/sanluisinforma.com\/?p=21629#primaryimage","url":"https:\/\/sanluisinforma.com\/wp-content\/uploads\/2026\/09\/cm-2.jpg","contentUrl":"https:\/\/sanluisinforma.com\/wp-content\/uploads\/2026\/09\/cm-2.jpg","width":300,"height":168},{"@type":"BreadcrumbList","@id":"https:\/\/sanluisinforma.com\/?p=21629#breadcrumb","itemListElement":[{"@type":"ListItem","position":1,"name":"Inicio","item":"https:\/\/sanluisinforma.com\/"},{"@type":"ListItem","position":2,"name":"DIF Municipal protege a 4 personas menores de edad en situaci\u00f3n de riesgo"}]},{"@type":"WebSite","@id":"https:\/\/sanluisinforma.com\/#website","url":"https:\/\/sanluisinforma.com\/","name":"sanluisinforma.com","description":"Periodico San Luis Informa","publisher":{"@id":"https:\/\/sanluisinforma.com\/#organization"},"potentialAction":[{"@type":"SearchAction","target":{"@type":"EntryPoint","urlTemplate":"https:\/\/sanluisinforma.com\/?s={search_term_string}"},"query-input":{"@type":"PropertyValueSpecification","valueRequired":true,"valueName":"search_term_string"}}],"inLanguage":"es"},{"@type":"Organization","@id":"https:\/\/sanluisinforma.com\/#organization","name":"sanluisinforma.com","url":"https:\/\/sanluisinforma.com\/","logo":{"@type":"ImageObject","inLanguage":"es","@id":"https:\/\/sanluisinforma.com\/#\/schema\/logo\/image\/","url":"https:\/\/sanluisinforma.com\/wp-content\/uploads\/2026\/03\/sanluisinforma-V.jpg","contentUrl":"https:\/\/sanluisinforma.com\/wp-content\/uploads\/2026\/03\/sanluisinforma-V.jpg","width":500,"height":156,"caption":"sanluisinforma.com"},"image":{"@id":"https:\/\/sanluisinforma.com\/#\/schema\/logo\/image\/"}},{"@type":"Person","@id":"https:\/\/sanluisinforma.com\/#\/schema\/person\/c30648f71476be533b6f59d092905c8b","name":"sanluisinforma.com","image":{"@type":"ImageObject","inLanguage":"es","@id":"https:\/\/sanluisinforma.com\/#\/schema\/person\/image\/","url":"https:\/\/secure.gravatar.com\/avatar\/86e3114e34a1eecefb963e0a02f0093f93b092dddb2fe1517596343751081a87?s=96&d=mm&r=g","contentUrl":"https:\/\/secure.gravatar.com\/avatar\/86e3114e34a1eecefb963e0a02f0093f93b092dddb2fe1517596343751081a87?s=96&d=mm&r=g","caption":"sanluisinforma.com"},"url":"https:\/\/sanluisinforma.com\/?author=2"}]}},"_links":{"self":[{"href":"https:\/\/sanluisinforma.com\/index.php?rest_route=\/wp\/v2\/posts\/21629","targetHints":{"allow":["GET"]}}],"collection":[{"href":"https:\/\/sanluisinforma.com\/index.php?rest_route=\/wp\/v2\/posts"}],"about":[{"href":"https:\/\/sanluisinforma.com\/index.php?rest_route=\/wp\/v2\/types\/post"}],"author":[{"embeddable":true,"href":"https:\/\/sanluisinforma.com\/index.php?rest_route=\/wp\/v2\/users\/2"}],"replies":[{"embeddable":true,"href":"https:\/\/sanluisinforma.com\/index.php?rest_route=%2Fwp%2Fv2%2Fcomments&post=21629"}],"version-history":[{"count":1,"href":"https:\/\/sanluisinforma.com\/index.php?rest_route=\/wp\/v2\/posts\/21629\/revisions"}],"predecessor-version":[{"id":21631,"href":"https:\/\/sanluisinforma.com\/index.php?rest_route=\/wp\/v2\/posts\/21629\/revisions\/21631"}],"wp:featuredmedia":[{"embeddable":true,"href":"https:\/\/sanluisinforma.com\/index.php?rest_route=\/wp\/v2\/media\/21630"}],"wp:attachment":[{"href":"https:\/\/sanluisinforma.com\/index.php?rest_route=%2Fwp%2Fv2%2Fmedia&parent=21629"}],"wp:term":[{"taxonomy":"category","embeddable":true,"href":"https:\/\/sanluisinforma.com\/index.php?rest_route=%2Fwp%2Fv2%2Fcategories&post=21629"},{"taxonomy":"post_tag","embeddable":true,"href":"https:\/\/sanluisinforma.com\/index.php?rest_route=%2Fwp%2Fv2%2Ftags&post=21629"}],"curies":[{"name":"wp","href":"https:\/\/api.w.org\/{rel}","templated":true}]}}