{"id":21647,"date":"2026-09-03T00:50:00","date_gmt":"2026-09-03T06:50:00","guid":{"rendered":"https:\/\/sanluisinforma.com\/?p=21647"},"modified":"2026-09-02T23:04:46","modified_gmt":"2026-09-03T05:04:46","slug":"gobierno-de-enrique-galindo-intensifica-arranques-de-obra-publica","status":"publish","type":"post","link":"https:\/\/sanluisinforma.com\/?p=21647","title":{"rendered":"Gobierno de Enrique Galindo intensifica arranques de obra p\u00fablica"},"content":{"rendered":"\n<p class=\"wp-block-paragraph\">El Alcalde destaca que en los \u00faltimos d\u00edas se iniciaron ocho nuevas obras viales e h\u00eddricas, en una estrategia permanente para atender rezagos y la mejorar movilidad y servicios para los potosinos; las nuevas obras incluyen m\u00e1s de 16 mil metros cuadrados de pavimentaci\u00f3n, infraestructura hidr\u00e1ulica y un puente vehicular.<\/p>\n\n\n\n<p class=\"wp-block-paragraph\">El Gobierno de la Capital mantiene un ritmo intenso de obra p\u00fablica con ocho nuevos frentes de trabajo en San Luis Capital, impulsados por el Alcalde Enrique Galindo Ceballos para atender necesidades de infraestructura en distintos sectores. El paquete incluye m\u00e1s de 16 mil metros cuadrados de nuevas pavimentaciones, 580 metros lineales de redes de agua potable y drenaje, as\u00ed como un puente vehicular. \u201cLa obra p\u00fablica tiene que sentirse en la vida diaria de las familias. Por eso mantenemos un ritmo constante, llevando infraestructura donde hace falta y atendiendo necesidades que durante a\u00f1os estuvieron pendientes\u201d, afirm\u00f3.<\/p>\n\n\n\n<p class=\"wp-block-paragraph\">Las obras recientes comprenden pavimentaciones en Manuel M. Ponce, Camino a Huizachillos, Pedro Vallejo, Privada Ruhr, Sim\u00f3n de la Cruz y Leyva; infraestructura hidrosanitaria en distintos sectores, y un puente vehicular en Vicente Guerrero, en Escalerillas. A este conjunto se suma Am\u00e9rica del Centro, donde se intervienen 1,350 metros cuadrados con pavimento, banquetas, guarniciones, rampas, pasos peatonales y se\u00f1al\u00e9tica.<\/p>\n\n\n\n<p class=\"wp-block-paragraph\">\u201cNo queremos obras aisladas; queremos obras que resuelvan problemas. Cuando una calle necesita pavimento, tambi\u00e9n tenemos que revisar sus servicios, su seguridad y las condiciones para quienes caminan o circulan por ella\u201d, se\u00f1al\u00f3 Galindo Ceballos. Esta visi\u00f3n se complementa con Por Buen Camino, que ya atendi\u00f3 22 calles, con mil 5 metros cuadrados intervenidos y 183 baches reparados en solo una semana, adem\u00e1s de las acciones de conservaci\u00f3n realizadas en el Centro Hist\u00f3rico.<\/p>\n\n\n\n<p class=\"wp-block-paragraph\">El Alcalde sostuvo que mantener este ritmo de trabajo responde a una prioridad de su administraci\u00f3n: convertir las necesidades planteadas por la ciudadan\u00eda en respuestas concretas. \u201cHemos recorrido las colonias y hemos escuchado a las familias; ahora estamos convirtiendo esas peticiones en obras. Hay sectores que esperaron muchos a\u00f1os y hoy estamos llegando con infraestructura que cambia su entorno y mejora su calidad de vida\u201d, afirm\u00f3. Con estas acciones, el Gobierno de la Capital ampl\u00eda la cobertura de obra p\u00fablica y mantiene la intervenci\u00f3n simult\u00e1nea de vialidades, servicios e infraestructura urbana en San Luis Capital.<\/p>\n","protected":false},"excerpt":{"rendered":"<p>El Alcalde destaca que en los \u00faltimos d\u00edas se iniciaron ocho nuevas obras viales e h\u00eddricas, en una estrategia permanente<\/p>\n","protected":false},"author":2,"featured_media":21648,"comment_status":"closed","ping_status":"closed","sticky":false,"template":"","format":"standard","meta":{"footnotes":""},"categories":[25,30],"tags":[],"class_list":["post-21647","post","type-post","status-publish","format-standard","has-post-thumbnail","hentry","category-local","category-portada"],"yoast_head":"<!-- This site is optimized with the Yoast SEO plugin v24.1 - https:\/\/yoast.com\/wordpress\/plugins\/seo\/ -->\n<title>Gobierno de Enrique Galindo intensifica arranques de obra p\u00fablica - sanluisinforma.com<\/title>\n<meta name=\"robots\" content=\"index, follow, max-snippet:-1, max-image-preview:large, max-video-preview:-1\" \/>\n<link rel=\"canonical\" href=\"https:\/\/sanluisinforma.com\/?p=21647\" \/>\n<meta property=\"og:locale\" content=\"es_MX\" \/>\n<meta property=\"og:type\" content=\"article\" \/>\n<meta property=\"og:title\" content=\"Gobierno de Enrique Galindo intensifica arranques de obra p\u00fablica - sanluisinforma.com\" \/>\n<meta property=\"og:description\" content=\"El Alcalde destaca que en los \u00faltimos d\u00edas se iniciaron ocho nuevas obras viales e h\u00eddricas, en una estrategia permanente\" \/>\n<meta property=\"og:url\" content=\"https:\/\/sanluisinforma.com\/?p=21647\" \/>\n<meta property=\"og:site_name\" content=\"sanluisinforma.com\" \/>\n<meta property=\"article:published_time\" content=\"2026-09-03T06:50:00+00:00\" \/>\n<meta property=\"article:modified_time\" content=\"2026-09-03T05:04:46+00:00\" \/>\n<meta property=\"og:image\" content=\"https:\/\/sanluisinforma.com\/wp-content\/uploads\/2026\/09\/mb-3.jpg\" \/>\n\t<meta property=\"og:image:width\" content=\"300\" \/>\n\t<meta property=\"og:image:height\" content=\"246\" \/>\n\t<meta property=\"og:image:type\" content=\"image\/jpeg\" \/>\n<meta name=\"author\" content=\"sanluisinforma.com\" \/>\n<meta name=\"twitter:card\" content=\"summary_large_image\" \/>\n<meta name=\"twitter:label1\" content=\"Escrito por\" \/>\n\t<meta name=\"twitter:data1\" content=\"sanluisinforma.com\" \/>\n\t<meta name=\"twitter:label2\" content=\"Tiempo de lectura\" \/>\n\t<meta name=\"twitter:data2\" content=\"2 minutos\" \/>\n<script type=\"application\/ld+json\" class=\"yoast-schema-graph\">{\"@context\":\"https:\/\/schema.org\",\"@graph\":[{\"@type\":\"Article\",\"@id\":\"https:\/\/sanluisinforma.com\/?p=21647#article\",\"isPartOf\":{\"@id\":\"https:\/\/sanluisinforma.com\/?p=21647\"},\"author\":{\"name\":\"sanluisinforma.com\",\"@id\":\"https:\/\/sanluisinforma.com\/#\/schema\/person\/c30648f71476be533b6f59d092905c8b\"},\"headline\":\"Gobierno de Enrique Galindo intensifica arranques de obra p\u00fablica\",\"datePublished\":\"2026-09-03T06:50:00+00:00\",\"dateModified\":\"2026-09-03T05:04:46+00:00\",\"mainEntityOfPage\":{\"@id\":\"https:\/\/sanluisinforma.com\/?p=21647\"},\"wordCount\":403,\"publisher\":{\"@id\":\"https:\/\/sanluisinforma.com\/#organization\"},\"image\":{\"@id\":\"https:\/\/sanluisinforma.com\/?p=21647#primaryimage\"},\"thumbnailUrl\":\"https:\/\/sanluisinforma.com\/wp-content\/uploads\/2026\/09\/mb-3.jpg\",\"articleSection\":[\"Local\",\"Portada\"],\"inLanguage\":\"es\"},{\"@type\":\"WebPage\",\"@id\":\"https:\/\/sanluisinforma.com\/?p=21647\",\"url\":\"https:\/\/sanluisinforma.com\/?p=21647\",\"name\":\"Gobierno de Enrique Galindo intensifica arranques de obra p\u00fablica - sanluisinforma.com\",\"isPartOf\":{\"@id\":\"https:\/\/sanluisinforma.com\/#website\"},\"primaryImageOfPage\":{\"@id\":\"https:\/\/sanluisinforma.com\/?p=21647#primaryimage\"},\"image\":{\"@id\":\"https:\/\/sanluisinforma.com\/?p=21647#primaryimage\"},\"thumbnailUrl\":\"https:\/\/sanluisinforma.com\/wp-content\/uploads\/2026\/09\/mb-3.jpg\",\"datePublished\":\"2026-09-03T06:50:00+00:00\",\"dateModified\":\"2026-09-03T05:04:46+00:00\",\"breadcrumb\":{\"@id\":\"https:\/\/sanluisinforma.com\/?p=21647#breadcrumb\"},\"inLanguage\":\"es\",\"potentialAction\":[{\"@type\":\"ReadAction\",\"target\":[\"https:\/\/sanluisinforma.com\/?p=21647\"]}]},{\"@type\":\"ImageObject\",\"inLanguage\":\"es\",\"@id\":\"https:\/\/sanluisinforma.com\/?p=21647#primaryimage\",\"url\":\"https:\/\/sanluisinforma.com\/wp-content\/uploads\/2026\/09\/mb-3.jpg\",\"contentUrl\":\"https:\/\/sanluisinforma.com\/wp-content\/uploads\/2026\/09\/mb-3.jpg\",\"width\":300,\"height\":246},{\"@type\":\"BreadcrumbList\",\"@id\":\"https:\/\/sanluisinforma.com\/?p=21647#breadcrumb\",\"itemListElement\":[{\"@type\":\"ListItem\",\"position\":1,\"name\":\"Inicio\",\"item\":\"https:\/\/sanluisinforma.com\/\"},{\"@type\":\"ListItem\",\"position\":2,\"name\":\"Gobierno de Enrique Galindo intensifica arranques de obra p\u00fablica\"}]},{\"@type\":\"WebSite\",\"@id\":\"https:\/\/sanluisinforma.com\/#website\",\"url\":\"https:\/\/sanluisinforma.com\/\",\"name\":\"sanluisinforma.com\",\"description\":\"Periodico San Luis Informa\",\"publisher\":{\"@id\":\"https:\/\/sanluisinforma.com\/#organization\"},\"potentialAction\":[{\"@type\":\"SearchAction\",\"target\":{\"@type\":\"EntryPoint\",\"urlTemplate\":\"https:\/\/sanluisinforma.com\/?s={search_term_string}\"},\"query-input\":{\"@type\":\"PropertyValueSpecification\",\"valueRequired\":true,\"valueName\":\"search_term_string\"}}],\"inLanguage\":\"es\"},{\"@type\":\"Organization\",\"@id\":\"https:\/\/sanluisinforma.com\/#organization\",\"name\":\"sanluisinforma.com\",\"url\":\"https:\/\/sanluisinforma.com\/\",\"logo\":{\"@type\":\"ImageObject\",\"inLanguage\":\"es\",\"@id\":\"https:\/\/sanluisinforma.com\/#\/schema\/logo\/image\/\",\"url\":\"https:\/\/sanluisinforma.com\/wp-content\/uploads\/2026\/03\/sanluisinforma-V.jpg\",\"contentUrl\":\"https:\/\/sanluisinforma.com\/wp-content\/uploads\/2026\/03\/sanluisinforma-V.jpg\",\"width\":500,\"height\":156,\"caption\":\"sanluisinforma.com\"},\"image\":{\"@id\":\"https:\/\/sanluisinforma.com\/#\/schema\/logo\/image\/\"}},{\"@type\":\"Person\",\"@id\":\"https:\/\/sanluisinforma.com\/#\/schema\/person\/c30648f71476be533b6f59d092905c8b\",\"name\":\"sanluisinforma.com\",\"image\":{\"@type\":\"ImageObject\",\"inLanguage\":\"es\",\"@id\":\"https:\/\/sanluisinforma.com\/#\/schema\/person\/image\/\",\"url\":\"https:\/\/secure.gravatar.com\/avatar\/86e3114e34a1eecefb963e0a02f0093f93b092dddb2fe1517596343751081a87?s=96&d=mm&r=g\",\"contentUrl\":\"https:\/\/secure.gravatar.com\/avatar\/86e3114e34a1eecefb963e0a02f0093f93b092dddb2fe1517596343751081a87?s=96&d=mm&r=g\",\"caption\":\"sanluisinforma.com\"},\"url\":\"https:\/\/sanluisinforma.com\/?author=2\"}]}<\/script>\n<!-- \/ Yoast SEO plugin. -->","yoast_head_json":{"title":"Gobierno de Enrique Galindo intensifica arranques de obra p\u00fablica - sanluisinforma.com","robots":{"index":"index","follow":"follow","max-snippet":"max-snippet:-1","max-image-preview":"max-image-preview:large","max-video-preview":"max-video-preview:-1"},"canonical":"https:\/\/sanluisinforma.com\/?p=21647","og_locale":"es_MX","og_type":"article","og_title":"Gobierno de Enrique Galindo intensifica arranques de obra p\u00fablica - sanluisinforma.com","og_description":"El Alcalde destaca que en los \u00faltimos d\u00edas se iniciaron ocho nuevas obras viales e h\u00eddricas, en una estrategia permanente","og_url":"https:\/\/sanluisinforma.com\/?p=21647","og_site_name":"sanluisinforma.com","article_published_time":"2026-09-03T06:50:00+00:00","article_modified_time":"2026-09-03T05:04:46+00:00","og_image":[{"width":300,"height":246,"url":"https:\/\/sanluisinforma.com\/wp-content\/uploads\/2026\/09\/mb-3.jpg","type":"image\/jpeg"}],"author":"sanluisinforma.com","twitter_card":"summary_large_image","twitter_misc":{"Escrito por":"sanluisinforma.com","Tiempo de lectura":"2 minutos"},"schema":{"@context":"https:\/\/schema.org","@graph":[{"@type":"Article","@id":"https:\/\/sanluisinforma.com\/?p=21647#article","isPartOf":{"@id":"https:\/\/sanluisinforma.com\/?p=21647"},"author":{"name":"sanluisinforma.com","@id":"https:\/\/sanluisinforma.com\/#\/schema\/person\/c30648f71476be533b6f59d092905c8b"},"headline":"Gobierno de Enrique Galindo intensifica arranques de obra p\u00fablica","datePublished":"2026-09-03T06:50:00+00:00","dateModified":"2026-09-03T05:04:46+00:00","mainEntityOfPage":{"@id":"https:\/\/sanluisinforma.com\/?p=21647"},"wordCount":403,"publisher":{"@id":"https:\/\/sanluisinforma.com\/#organization"},"image":{"@id":"https:\/\/sanluisinforma.com\/?p=21647#primaryimage"},"thumbnailUrl":"https:\/\/sanluisinforma.com\/wp-content\/uploads\/2026\/09\/mb-3.jpg","articleSection":["Local","Portada"],"inLanguage":"es"},{"@type":"WebPage","@id":"https:\/\/sanluisinforma.com\/?p=21647","url":"https:\/\/sanluisinforma.com\/?p=21647","name":"Gobierno de Enrique Galindo intensifica arranques de obra p\u00fablica - sanluisinforma.com","isPartOf":{"@id":"https:\/\/sanluisinforma.com\/#website"},"primaryImageOfPage":{"@id":"https:\/\/sanluisinforma.com\/?p=21647#primaryimage"},"image":{"@id":"https:\/\/sanluisinforma.com\/?p=21647#primaryimage"},"thumbnailUrl":"https:\/\/sanluisinforma.com\/wp-content\/uploads\/2026\/09\/mb-3.jpg","datePublished":"2026-09-03T06:50:00+00:00","dateModified":"2026-09-03T05:04:46+00:00","breadcrumb":{"@id":"https:\/\/sanluisinforma.com\/?p=21647#breadcrumb"},"inLanguage":"es","potentialAction":[{"@type":"ReadAction","target":["https:\/\/sanluisinforma.com\/?p=21647"]}]},{"@type":"ImageObject","inLanguage":"es","@id":"https:\/\/sanluisinforma.com\/?p=21647#primaryimage","url":"https:\/\/sanluisinforma.com\/wp-content\/uploads\/2026\/09\/mb-3.jpg","contentUrl":"https:\/\/sanluisinforma.com\/wp-content\/uploads\/2026\/09\/mb-3.jpg","width":300,"height":246},{"@type":"BreadcrumbList","@id":"https:\/\/sanluisinforma.com\/?p=21647#breadcrumb","itemListElement":[{"@type":"ListItem","position":1,"name":"Inicio","item":"https:\/\/sanluisinforma.com\/"},{"@type":"ListItem","position":2,"name":"Gobierno de Enrique Galindo intensifica arranques de obra p\u00fablica"}]},{"@type":"WebSite","@id":"https:\/\/sanluisinforma.com\/#website","url":"https:\/\/sanluisinforma.com\/","name":"sanluisinforma.com","description":"Periodico San Luis Informa","publisher":{"@id":"https:\/\/sanluisinforma.com\/#organization"},"potentialAction":[{"@type":"SearchAction","target":{"@type":"EntryPoint","urlTemplate":"https:\/\/sanluisinforma.com\/?s={search_term_string}"},"query-input":{"@type":"PropertyValueSpecification","valueRequired":true,"valueName":"search_term_string"}}],"inLanguage":"es"},{"@type":"Organization","@id":"https:\/\/sanluisinforma.com\/#organization","name":"sanluisinforma.com","url":"https:\/\/sanluisinforma.com\/","logo":{"@type":"ImageObject","inLanguage":"es","@id":"https:\/\/sanluisinforma.com\/#\/schema\/logo\/image\/","url":"https:\/\/sanluisinforma.com\/wp-content\/uploads\/2026\/03\/sanluisinforma-V.jpg","contentUrl":"https:\/\/sanluisinforma.com\/wp-content\/uploads\/2026\/03\/sanluisinforma-V.jpg","width":500,"height":156,"caption":"sanluisinforma.com"},"image":{"@id":"https:\/\/sanluisinforma.com\/#\/schema\/logo\/image\/"}},{"@type":"Person","@id":"https:\/\/sanluisinforma.com\/#\/schema\/person\/c30648f71476be533b6f59d092905c8b","name":"sanluisinforma.com","image":{"@type":"ImageObject","inLanguage":"es","@id":"https:\/\/sanluisinforma.com\/#\/schema\/person\/image\/","url":"https:\/\/secure.gravatar.com\/avatar\/86e3114e34a1eecefb963e0a02f0093f93b092dddb2fe1517596343751081a87?s=96&d=mm&r=g","contentUrl":"https:\/\/secure.gravatar.com\/avatar\/86e3114e34a1eecefb963e0a02f0093f93b092dddb2fe1517596343751081a87?s=96&d=mm&r=g","caption":"sanluisinforma.com"},"url":"https:\/\/sanluisinforma.com\/?author=2"}]}},"_links":{"self":[{"href":"https:\/\/sanluisinforma.com\/index.php?rest_route=\/wp\/v2\/posts\/21647","targetHints":{"allow":["GET"]}}],"collection":[{"href":"https:\/\/sanluisinforma.com\/index.php?rest_route=\/wp\/v2\/posts"}],"about":[{"href":"https:\/\/sanluisinforma.com\/index.php?rest_route=\/wp\/v2\/types\/post"}],"author":[{"embeddable":true,"href":"https:\/\/sanluisinforma.com\/index.php?rest_route=\/wp\/v2\/users\/2"}],"replies":[{"embeddable":true,"href":"https:\/\/sanluisinforma.com\/index.php?rest_route=%2Fwp%2Fv2%2Fcomments&post=21647"}],"version-history":[{"count":1,"href":"https:\/\/sanluisinforma.com\/index.php?rest_route=\/wp\/v2\/posts\/21647\/revisions"}],"predecessor-version":[{"id":21649,"href":"https:\/\/sanluisinforma.com\/index.php?rest_route=\/wp\/v2\/posts\/21647\/revisions\/21649"}],"wp:featuredmedia":[{"embeddable":true,"href":"https:\/\/sanluisinforma.com\/index.php?rest_route=\/wp\/v2\/media\/21648"}],"wp:attachment":[{"href":"https:\/\/sanluisinforma.com\/index.php?rest_route=%2Fwp%2Fv2%2Fmedia&parent=21647"}],"wp:term":[{"taxonomy":"category","embeddable":true,"href":"https:\/\/sanluisinforma.com\/index.php?rest_route=%2Fwp%2Fv2%2Fcategories&post=21647"},{"taxonomy":"post_tag","embeddable":true,"href":"https:\/\/sanluisinforma.com\/index.php?rest_route=%2Fwp%2Fv2%2Ftags&post=21647"}],"curies":[{"name":"wp","href":"https:\/\/api.w.org\/{rel}","templated":true}]}}