{"id":21650,"date":"2026-09-03T00:45:00","date_gmt":"2026-09-03T06:45:00","guid":{"rendered":"https:\/\/sanluisinforma.com\/?p=21650"},"modified":"2026-09-02T23:15:03","modified_gmt":"2026-09-03T05:15:03","slug":"gobierno-de-la-capital-inicia-rehabilitacion-integral-de-america-del-centro-en-la-colonia-satelite","status":"publish","type":"post","link":"https:\/\/sanluisinforma.com\/?p=21650","title":{"rendered":"Gobierno de la Capital inicia rehabilitaci\u00f3n integral de Am\u00e9rica del Centro en la colonia Sat\u00e9lite"},"content":{"rendered":"\n<p class=\"wp-block-paragraph\">La obra, impulsada por el Alcalde Enrique Galindo Ceballos, contempla mil 350 metros cuadrados de pavimento, banquetas, guarniciones, rampas, pasos peatonales y se\u00f1al\u00e9tica; se suma a la pr\u00f3xima conclusi\u00f3n de la calle Estados Unidos de Am\u00e9rica.<\/p>\n\n\n\n<p class=\"wp-block-paragraph\">El Gobierno de la Capital inici\u00f3 la rehabilitaci\u00f3n integral de la calle Am\u00e9rica del Centro, en la colonia Sat\u00e9lite, en el tramo de Hait\u00ed a Estados Unidos, donde se construir\u00e1n 1,350 metros cuadrados de nueva estructura de pavimento y carpeta asf\u00e1ltica, adem\u00e1s de banquetas, guarniciones, rampas para personas con discapacidad, pasos peatonales y se\u00f1al\u00e9tica.<\/p>\n\n\n\n<p class=\"wp-block-paragraph\">La intervenci\u00f3n, instruida por el Alcalde Enrique Galindo Ceballos, atiende una vialidad que no contaba con pavimento y cuya construcci\u00f3n hab\u00eda sido solicitada durante a\u00f1os por vecinas y vecinos de la zona. Con los trabajos, este tramo contar\u00e1 con una superficie pavimentada y elementos de infraestructura que permitir\u00e1n mejorar las condiciones de movilidad, accesibilidad y seguridad para quienes viven y transitan diariamente por el sector.<\/p>\n\n\n\n<p class=\"wp-block-paragraph\">Como parte de la obra tambi\u00e9n se instalar\u00e1 una caja de v\u00e1lvulas y 19 cuadros para medidor, adem\u00e1s de pintura en guarniciones y delimitaci\u00f3n de carriles, con lo que se incorporan los elementos necesarios para entregar una calle integral y funcional.<\/p>\n\n\n\n<p class=\"wp-block-paragraph\">Los trabajos en Am\u00e9rica del Centro se suman a la rehabilitaci\u00f3n de la calle Estados Unidos, tambi\u00e9n en la colonia Sat\u00e9lite, que est\u00e1 pr\u00f3xima a concluir. Ambas intervenciones permitir\u00e1n fortalecer la conectividad interna de esta zona y mejorar las condiciones de circulaci\u00f3n para las familias.<\/p>\n\n\n\n<p class=\"wp-block-paragraph\">A trav\u00e9s del programa Vialidades Potosinas 2.0, el Gobierno de la Capital mantiene intervenciones en distintos puntos de San Luis Capital, con acciones que atienden tanto corredores viales como calles de colonias que durante a\u00f1os han requerido pavimentaci\u00f3n.<\/p>\n\n\n\n<p class=\"wp-block-paragraph\">Con estas obras, el Gobierno de la Capital atiende rezagos en infraestructura vial y transforma las condiciones del entorno inmediato de las familias, con intervenciones que incorporan pavimento, accesibilidad, se\u00f1alizaci\u00f3n y elementos necesarios para una movilidad m\u00e1s segura.<\/p>\n","protected":false},"excerpt":{"rendered":"<p>La obra, impulsada por el Alcalde Enrique Galindo Ceballos, contempla mil 350 metros cuadrados de pavimento, banquetas, guarniciones, rampas, pasos<\/p>\n","protected":false},"author":2,"featured_media":21651,"comment_status":"closed","ping_status":"closed","sticky":false,"template":"","format":"standard","meta":{"footnotes":""},"categories":[25,30],"tags":[],"class_list":["post-21650","post","type-post","status-publish","format-standard","has-post-thumbnail","hentry","category-local","category-portada"],"yoast_head":"<!-- This site is optimized with the Yoast SEO plugin v24.1 - https:\/\/yoast.com\/wordpress\/plugins\/seo\/ -->\n<title>Gobierno de la Capital inicia rehabilitaci\u00f3n integral de Am\u00e9rica del Centro en la colonia Sat\u00e9lite - sanluisinforma.com<\/title>\n<meta name=\"robots\" content=\"index, follow, max-snippet:-1, max-image-preview:large, max-video-preview:-1\" \/>\n<link rel=\"canonical\" href=\"https:\/\/sanluisinforma.com\/?p=21650\" \/>\n<meta property=\"og:locale\" content=\"es_MX\" \/>\n<meta property=\"og:type\" content=\"article\" \/>\n<meta property=\"og:title\" content=\"Gobierno de la Capital inicia rehabilitaci\u00f3n integral de Am\u00e9rica del Centro en la colonia Sat\u00e9lite - sanluisinforma.com\" \/>\n<meta property=\"og:description\" content=\"La obra, impulsada por el Alcalde Enrique Galindo Ceballos, contempla mil 350 metros cuadrados de pavimento, banquetas, guarniciones, rampas, pasos\" \/>\n<meta property=\"og:url\" content=\"https:\/\/sanluisinforma.com\/?p=21650\" \/>\n<meta property=\"og:site_name\" content=\"sanluisinforma.com\" \/>\n<meta property=\"article:published_time\" content=\"2026-09-03T06:45:00+00:00\" \/>\n<meta property=\"article:modified_time\" content=\"2026-09-03T05:15:03+00:00\" \/>\n<meta property=\"og:image\" content=\"https:\/\/sanluisinforma.com\/wp-content\/uploads\/2026\/09\/4.jpg\" \/>\n\t<meta property=\"og:image:width\" content=\"300\" \/>\n\t<meta property=\"og:image:height\" content=\"157\" \/>\n\t<meta property=\"og:image:type\" content=\"image\/jpeg\" \/>\n<meta name=\"author\" content=\"sanluisinforma.com\" \/>\n<meta name=\"twitter:card\" content=\"summary_large_image\" \/>\n<meta name=\"twitter:label1\" content=\"Escrito por\" \/>\n\t<meta name=\"twitter:data1\" content=\"sanluisinforma.com\" \/>\n\t<meta name=\"twitter:label2\" content=\"Tiempo de lectura\" \/>\n\t<meta name=\"twitter:data2\" content=\"2 minutos\" \/>\n<script type=\"application\/ld+json\" class=\"yoast-schema-graph\">{\"@context\":\"https:\/\/schema.org\",\"@graph\":[{\"@type\":\"Article\",\"@id\":\"https:\/\/sanluisinforma.com\/?p=21650#article\",\"isPartOf\":{\"@id\":\"https:\/\/sanluisinforma.com\/?p=21650\"},\"author\":{\"name\":\"sanluisinforma.com\",\"@id\":\"https:\/\/sanluisinforma.com\/#\/schema\/person\/c30648f71476be533b6f59d092905c8b\"},\"headline\":\"Gobierno de la Capital inicia rehabilitaci\u00f3n integral de Am\u00e9rica del Centro en la colonia Sat\u00e9lite\",\"datePublished\":\"2026-09-03T06:45:00+00:00\",\"dateModified\":\"2026-09-03T05:15:03+00:00\",\"mainEntityOfPage\":{\"@id\":\"https:\/\/sanluisinforma.com\/?p=21650\"},\"wordCount\":366,\"publisher\":{\"@id\":\"https:\/\/sanluisinforma.com\/#organization\"},\"image\":{\"@id\":\"https:\/\/sanluisinforma.com\/?p=21650#primaryimage\"},\"thumbnailUrl\":\"https:\/\/sanluisinforma.com\/wp-content\/uploads\/2026\/09\/4.jpg\",\"articleSection\":[\"Local\",\"Portada\"],\"inLanguage\":\"es\"},{\"@type\":\"WebPage\",\"@id\":\"https:\/\/sanluisinforma.com\/?p=21650\",\"url\":\"https:\/\/sanluisinforma.com\/?p=21650\",\"name\":\"Gobierno de la Capital inicia rehabilitaci\u00f3n integral de Am\u00e9rica del Centro en la colonia Sat\u00e9lite - sanluisinforma.com\",\"isPartOf\":{\"@id\":\"https:\/\/sanluisinforma.com\/#website\"},\"primaryImageOfPage\":{\"@id\":\"https:\/\/sanluisinforma.com\/?p=21650#primaryimage\"},\"image\":{\"@id\":\"https:\/\/sanluisinforma.com\/?p=21650#primaryimage\"},\"thumbnailUrl\":\"https:\/\/sanluisinforma.com\/wp-content\/uploads\/2026\/09\/4.jpg\",\"datePublished\":\"2026-09-03T06:45:00+00:00\",\"dateModified\":\"2026-09-03T05:15:03+00:00\",\"breadcrumb\":{\"@id\":\"https:\/\/sanluisinforma.com\/?p=21650#breadcrumb\"},\"inLanguage\":\"es\",\"potentialAction\":[{\"@type\":\"ReadAction\",\"target\":[\"https:\/\/sanluisinforma.com\/?p=21650\"]}]},{\"@type\":\"ImageObject\",\"inLanguage\":\"es\",\"@id\":\"https:\/\/sanluisinforma.com\/?p=21650#primaryimage\",\"url\":\"https:\/\/sanluisinforma.com\/wp-content\/uploads\/2026\/09\/4.jpg\",\"contentUrl\":\"https:\/\/sanluisinforma.com\/wp-content\/uploads\/2026\/09\/4.jpg\",\"width\":300,\"height\":157},{\"@type\":\"BreadcrumbList\",\"@id\":\"https:\/\/sanluisinforma.com\/?p=21650#breadcrumb\",\"itemListElement\":[{\"@type\":\"ListItem\",\"position\":1,\"name\":\"Inicio\",\"item\":\"https:\/\/sanluisinforma.com\/\"},{\"@type\":\"ListItem\",\"position\":2,\"name\":\"Gobierno de la Capital inicia rehabilitaci\u00f3n integral de Am\u00e9rica del Centro en la colonia Sat\u00e9lite\"}]},{\"@type\":\"WebSite\",\"@id\":\"https:\/\/sanluisinforma.com\/#website\",\"url\":\"https:\/\/sanluisinforma.com\/\",\"name\":\"sanluisinforma.com\",\"description\":\"Periodico San Luis Informa\",\"publisher\":{\"@id\":\"https:\/\/sanluisinforma.com\/#organization\"},\"potentialAction\":[{\"@type\":\"SearchAction\",\"target\":{\"@type\":\"EntryPoint\",\"urlTemplate\":\"https:\/\/sanluisinforma.com\/?s={search_term_string}\"},\"query-input\":{\"@type\":\"PropertyValueSpecification\",\"valueRequired\":true,\"valueName\":\"search_term_string\"}}],\"inLanguage\":\"es\"},{\"@type\":\"Organization\",\"@id\":\"https:\/\/sanluisinforma.com\/#organization\",\"name\":\"sanluisinforma.com\",\"url\":\"https:\/\/sanluisinforma.com\/\",\"logo\":{\"@type\":\"ImageObject\",\"inLanguage\":\"es\",\"@id\":\"https:\/\/sanluisinforma.com\/#\/schema\/logo\/image\/\",\"url\":\"https:\/\/sanluisinforma.com\/wp-content\/uploads\/2026\/03\/sanluisinforma-V.jpg\",\"contentUrl\":\"https:\/\/sanluisinforma.com\/wp-content\/uploads\/2026\/03\/sanluisinforma-V.jpg\",\"width\":500,\"height\":156,\"caption\":\"sanluisinforma.com\"},\"image\":{\"@id\":\"https:\/\/sanluisinforma.com\/#\/schema\/logo\/image\/\"}},{\"@type\":\"Person\",\"@id\":\"https:\/\/sanluisinforma.com\/#\/schema\/person\/c30648f71476be533b6f59d092905c8b\",\"name\":\"sanluisinforma.com\",\"image\":{\"@type\":\"ImageObject\",\"inLanguage\":\"es\",\"@id\":\"https:\/\/sanluisinforma.com\/#\/schema\/person\/image\/\",\"url\":\"https:\/\/secure.gravatar.com\/avatar\/86e3114e34a1eecefb963e0a02f0093f93b092dddb2fe1517596343751081a87?s=96&d=mm&r=g\",\"contentUrl\":\"https:\/\/secure.gravatar.com\/avatar\/86e3114e34a1eecefb963e0a02f0093f93b092dddb2fe1517596343751081a87?s=96&d=mm&r=g\",\"caption\":\"sanluisinforma.com\"},\"url\":\"https:\/\/sanluisinforma.com\/?author=2\"}]}<\/script>\n<!-- \/ Yoast SEO plugin. -->","yoast_head_json":{"title":"Gobierno de la Capital inicia rehabilitaci\u00f3n integral de Am\u00e9rica del Centro en la colonia Sat\u00e9lite - sanluisinforma.com","robots":{"index":"index","follow":"follow","max-snippet":"max-snippet:-1","max-image-preview":"max-image-preview:large","max-video-preview":"max-video-preview:-1"},"canonical":"https:\/\/sanluisinforma.com\/?p=21650","og_locale":"es_MX","og_type":"article","og_title":"Gobierno de la Capital inicia rehabilitaci\u00f3n integral de Am\u00e9rica del Centro en la colonia Sat\u00e9lite - sanluisinforma.com","og_description":"La obra, impulsada por el Alcalde Enrique Galindo Ceballos, contempla mil 350 metros cuadrados de pavimento, banquetas, guarniciones, rampas, pasos","og_url":"https:\/\/sanluisinforma.com\/?p=21650","og_site_name":"sanluisinforma.com","article_published_time":"2026-09-03T06:45:00+00:00","article_modified_time":"2026-09-03T05:15:03+00:00","og_image":[{"width":300,"height":157,"url":"https:\/\/sanluisinforma.com\/wp-content\/uploads\/2026\/09\/4.jpg","type":"image\/jpeg"}],"author":"sanluisinforma.com","twitter_card":"summary_large_image","twitter_misc":{"Escrito por":"sanluisinforma.com","Tiempo de lectura":"2 minutos"},"schema":{"@context":"https:\/\/schema.org","@graph":[{"@type":"Article","@id":"https:\/\/sanluisinforma.com\/?p=21650#article","isPartOf":{"@id":"https:\/\/sanluisinforma.com\/?p=21650"},"author":{"name":"sanluisinforma.com","@id":"https:\/\/sanluisinforma.com\/#\/schema\/person\/c30648f71476be533b6f59d092905c8b"},"headline":"Gobierno de la Capital inicia rehabilitaci\u00f3n integral de Am\u00e9rica del Centro en la colonia Sat\u00e9lite","datePublished":"2026-09-03T06:45:00+00:00","dateModified":"2026-09-03T05:15:03+00:00","mainEntityOfPage":{"@id":"https:\/\/sanluisinforma.com\/?p=21650"},"wordCount":366,"publisher":{"@id":"https:\/\/sanluisinforma.com\/#organization"},"image":{"@id":"https:\/\/sanluisinforma.com\/?p=21650#primaryimage"},"thumbnailUrl":"https:\/\/sanluisinforma.com\/wp-content\/uploads\/2026\/09\/4.jpg","articleSection":["Local","Portada"],"inLanguage":"es"},{"@type":"WebPage","@id":"https:\/\/sanluisinforma.com\/?p=21650","url":"https:\/\/sanluisinforma.com\/?p=21650","name":"Gobierno de la Capital inicia rehabilitaci\u00f3n integral de Am\u00e9rica del Centro en la colonia Sat\u00e9lite - sanluisinforma.com","isPartOf":{"@id":"https:\/\/sanluisinforma.com\/#website"},"primaryImageOfPage":{"@id":"https:\/\/sanluisinforma.com\/?p=21650#primaryimage"},"image":{"@id":"https:\/\/sanluisinforma.com\/?p=21650#primaryimage"},"thumbnailUrl":"https:\/\/sanluisinforma.com\/wp-content\/uploads\/2026\/09\/4.jpg","datePublished":"2026-09-03T06:45:00+00:00","dateModified":"2026-09-03T05:15:03+00:00","breadcrumb":{"@id":"https:\/\/sanluisinforma.com\/?p=21650#breadcrumb"},"inLanguage":"es","potentialAction":[{"@type":"ReadAction","target":["https:\/\/sanluisinforma.com\/?p=21650"]}]},{"@type":"ImageObject","inLanguage":"es","@id":"https:\/\/sanluisinforma.com\/?p=21650#primaryimage","url":"https:\/\/sanluisinforma.com\/wp-content\/uploads\/2026\/09\/4.jpg","contentUrl":"https:\/\/sanluisinforma.com\/wp-content\/uploads\/2026\/09\/4.jpg","width":300,"height":157},{"@type":"BreadcrumbList","@id":"https:\/\/sanluisinforma.com\/?p=21650#breadcrumb","itemListElement":[{"@type":"ListItem","position":1,"name":"Inicio","item":"https:\/\/sanluisinforma.com\/"},{"@type":"ListItem","position":2,"name":"Gobierno de la Capital inicia rehabilitaci\u00f3n integral de Am\u00e9rica del Centro en la colonia Sat\u00e9lite"}]},{"@type":"WebSite","@id":"https:\/\/sanluisinforma.com\/#website","url":"https:\/\/sanluisinforma.com\/","name":"sanluisinforma.com","description":"Periodico San Luis Informa","publisher":{"@id":"https:\/\/sanluisinforma.com\/#organization"},"potentialAction":[{"@type":"SearchAction","target":{"@type":"EntryPoint","urlTemplate":"https:\/\/sanluisinforma.com\/?s={search_term_string}"},"query-input":{"@type":"PropertyValueSpecification","valueRequired":true,"valueName":"search_term_string"}}],"inLanguage":"es"},{"@type":"Organization","@id":"https:\/\/sanluisinforma.com\/#organization","name":"sanluisinforma.com","url":"https:\/\/sanluisinforma.com\/","logo":{"@type":"ImageObject","inLanguage":"es","@id":"https:\/\/sanluisinforma.com\/#\/schema\/logo\/image\/","url":"https:\/\/sanluisinforma.com\/wp-content\/uploads\/2026\/03\/sanluisinforma-V.jpg","contentUrl":"https:\/\/sanluisinforma.com\/wp-content\/uploads\/2026\/03\/sanluisinforma-V.jpg","width":500,"height":156,"caption":"sanluisinforma.com"},"image":{"@id":"https:\/\/sanluisinforma.com\/#\/schema\/logo\/image\/"}},{"@type":"Person","@id":"https:\/\/sanluisinforma.com\/#\/schema\/person\/c30648f71476be533b6f59d092905c8b","name":"sanluisinforma.com","image":{"@type":"ImageObject","inLanguage":"es","@id":"https:\/\/sanluisinforma.com\/#\/schema\/person\/image\/","url":"https:\/\/secure.gravatar.com\/avatar\/86e3114e34a1eecefb963e0a02f0093f93b092dddb2fe1517596343751081a87?s=96&d=mm&r=g","contentUrl":"https:\/\/secure.gravatar.com\/avatar\/86e3114e34a1eecefb963e0a02f0093f93b092dddb2fe1517596343751081a87?s=96&d=mm&r=g","caption":"sanluisinforma.com"},"url":"https:\/\/sanluisinforma.com\/?author=2"}]}},"_links":{"self":[{"href":"https:\/\/sanluisinforma.com\/index.php?rest_route=\/wp\/v2\/posts\/21650","targetHints":{"allow":["GET"]}}],"collection":[{"href":"https:\/\/sanluisinforma.com\/index.php?rest_route=\/wp\/v2\/posts"}],"about":[{"href":"https:\/\/sanluisinforma.com\/index.php?rest_route=\/wp\/v2\/types\/post"}],"author":[{"embeddable":true,"href":"https:\/\/sanluisinforma.com\/index.php?rest_route=\/wp\/v2\/users\/2"}],"replies":[{"embeddable":true,"href":"https:\/\/sanluisinforma.com\/index.php?rest_route=%2Fwp%2Fv2%2Fcomments&post=21650"}],"version-history":[{"count":1,"href":"https:\/\/sanluisinforma.com\/index.php?rest_route=\/wp\/v2\/posts\/21650\/revisions"}],"predecessor-version":[{"id":21652,"href":"https:\/\/sanluisinforma.com\/index.php?rest_route=\/wp\/v2\/posts\/21650\/revisions\/21652"}],"wp:featuredmedia":[{"embeddable":true,"href":"https:\/\/sanluisinforma.com\/index.php?rest_route=\/wp\/v2\/media\/21651"}],"wp:attachment":[{"href":"https:\/\/sanluisinforma.com\/index.php?rest_route=%2Fwp%2Fv2%2Fmedia&parent=21650"}],"wp:term":[{"taxonomy":"category","embeddable":true,"href":"https:\/\/sanluisinforma.com\/index.php?rest_route=%2Fwp%2Fv2%2Fcategories&post=21650"},{"taxonomy":"post_tag","embeddable":true,"href":"https:\/\/sanluisinforma.com\/index.php?rest_route=%2Fwp%2Fv2%2Ftags&post=21650"}],"curies":[{"name":"wp","href":"https:\/\/api.w.org\/{rel}","templated":true}]}}