{"id":21659,"date":"2026-09-04T00:50:00","date_gmt":"2026-09-04T06:50:00","guid":{"rendered":"https:\/\/sanluisinforma.com\/?p=21659"},"modified":"2026-09-03T23:28:17","modified_gmt":"2026-09-04T05:28:17","slug":"enrique-galindo-pone-en-marcha-rehabilitacion-vial-de-amatista","status":"publish","type":"post","link":"https:\/\/sanluisinforma.com\/?p=21659","title":{"rendered":"Enrique Galindo pone en marcha rehabilitaci\u00f3n vial de Amatista"},"content":{"rendered":"\n<p class=\"wp-block-paragraph\"><\/p>\n\n\n\n<ul class=\"wp-block-list\">\n<li>El Presidente Municipal Enrique Galindo dio inicio a la rehabilitaci\u00f3n de esta vialidad del Fraccionamiento Industrias, que beneficiar\u00e1 la movilidad de vecinos de Industrias, Valle Dorado y Dalias, con m\u00e1s de 8 mil metros cuadrados de intervenci\u00f3n, renovaci\u00f3n de infraestructura hidr\u00e1ulica, nuevo alumbrado y mejoras de accesibilidad; habitantes de la zona agradecieron al Gobierno de la Capital atender una petici\u00f3n que hab\u00edan planteado para mejorar las condiciones de la calle.<\/li>\n<\/ul>\n\n\n\n<p class=\"wp-block-paragraph\">El Alcalde Enrique Galindo puso en marcha este jueves la rehabilitaci\u00f3n vial integral de la Calle Amatista, en el Fraccionamiento Industrias, una intervenci\u00f3n que permitir\u00e1 mejorar las condiciones de movilidad, seguridad y accesibilidad para las familias que viven y transitan por esta zona del oriente de San Luis Capital.<\/p>\n\n\n\n<p class=\"wp-block-paragraph\">Vecinos de Industrias, Valle Dorado y Dalias agradecieron al Alcalde la atenci\u00f3n a sus solicitudes para intervenir esta vialidad y destacaron otras acciones realizadas por el Gobierno de la Capital en el sector, entre ellas trabajos de alumbrado, seguridad y recuperaci\u00f3n de \u00e1reas verdes y espacios p\u00fablicos.<\/p>\n\n\n\n<p class=\"wp-block-paragraph\">Durante el inicio de los trabajos, el Alcalde Enrique Galindo refrend\u00f3 el compromiso de mantener un Gobierno cercano a la ciudadan\u00eda y de atender las necesidades de las distintas zonas de la ciudad. Se\u00f1al\u00f3 que las obras que actualmente se realizan permiten avanzar en la recuperaci\u00f3n de vialidades y espacios p\u00fablicos que durante a\u00f1os hab\u00edan requerido intervenci\u00f3n.<\/p>\n\n\n\n<p class=\"wp-block-paragraph\">Galindo Ceballos afirm\u00f3 que regresar\u00e1 en tres meses para inaugurar la obra y supervisar los resultados de los trabajos, adem\u00e1s de continuar con la atenci\u00f3n de las peticiones planteadas por habitantes de la zona. Subray\u00f3 que el Gobierno de la Capital mantiene presencia permanente en las calles y contacto directo con la ciudadan\u00eda.<\/p>\n\n\n\n<p class=\"wp-block-paragraph\">La rehabilitaci\u00f3n de la Calle Amatista contempla una superficie superior a los 8 mil metros cuadrados. Como parte de los trabajos, se revisar\u00e1n las tuber\u00edas de agua potable y drenaje y, en los puntos donde sea necesario, se sustituir\u00e1n aquellas que presenten deterioro debido a su antig\u00fcedad.<\/p>\n\n\n\n<p class=\"wp-block-paragraph\">La intervenci\u00f3n incluye tambi\u00e9n la instalaci\u00f3n de nuevo alumbrado p\u00fablico, se\u00f1al\u00e9tica y rampas para personas con discapacidad, con el prop\u00f3sito de mejorar integralmente las condiciones de la vialidad y ofrecer un entorno m\u00e1s seguro, accesible y funcional para peatones y automovilistas.<\/p>\n","protected":false},"excerpt":{"rendered":"<p>El Alcalde Enrique Galindo puso en marcha este jueves la rehabilitaci\u00f3n vial integral de la Calle Amatista, en el Fraccionamiento<\/p>\n","protected":false},"author":2,"featured_media":21660,"comment_status":"closed","ping_status":"closed","sticky":false,"template":"","format":"standard","meta":{"footnotes":""},"categories":[25,30],"tags":[],"class_list":["post-21659","post","type-post","status-publish","format-standard","has-post-thumbnail","hentry","category-local","category-portada"],"yoast_head":"<!-- This site is optimized with the Yoast SEO plugin v24.1 - https:\/\/yoast.com\/wordpress\/plugins\/seo\/ -->\n<title>Enrique Galindo pone en marcha rehabilitaci\u00f3n vial de Amatista - sanluisinforma.com<\/title>\n<meta name=\"robots\" content=\"index, follow, max-snippet:-1, max-image-preview:large, max-video-preview:-1\" \/>\n<link rel=\"canonical\" href=\"https:\/\/sanluisinforma.com\/?p=21659\" \/>\n<meta property=\"og:locale\" content=\"es_MX\" \/>\n<meta property=\"og:type\" content=\"article\" \/>\n<meta property=\"og:title\" content=\"Enrique Galindo pone en marcha rehabilitaci\u00f3n vial de Amatista - sanluisinforma.com\" \/>\n<meta property=\"og:description\" content=\"El Alcalde Enrique Galindo puso en marcha este jueves la rehabilitaci\u00f3n vial integral de la Calle Amatista, en el Fraccionamiento\" \/>\n<meta property=\"og:url\" content=\"https:\/\/sanluisinforma.com\/?p=21659\" \/>\n<meta property=\"og:site_name\" content=\"sanluisinforma.com\" \/>\n<meta property=\"article:published_time\" content=\"2026-09-04T06:50:00+00:00\" \/>\n<meta property=\"article:modified_time\" content=\"2026-09-04T05:28:17+00:00\" \/>\n<meta property=\"og:image\" content=\"https:\/\/sanluisinforma.com\/wp-content\/uploads\/2026\/09\/c1.jpg\" \/>\n\t<meta property=\"og:image:width\" content=\"1280\" \/>\n\t<meta property=\"og:image:height\" content=\"853\" \/>\n\t<meta property=\"og:image:type\" content=\"image\/jpeg\" \/>\n<meta name=\"author\" content=\"sanluisinforma.com\" \/>\n<meta name=\"twitter:card\" content=\"summary_large_image\" \/>\n<meta name=\"twitter:label1\" content=\"Escrito por\" \/>\n\t<meta name=\"twitter:data1\" content=\"sanluisinforma.com\" \/>\n\t<meta name=\"twitter:label2\" content=\"Tiempo de lectura\" \/>\n\t<meta name=\"twitter:data2\" content=\"2 minutos\" \/>\n<script type=\"application\/ld+json\" class=\"yoast-schema-graph\">{\"@context\":\"https:\/\/schema.org\",\"@graph\":[{\"@type\":\"Article\",\"@id\":\"https:\/\/sanluisinforma.com\/?p=21659#article\",\"isPartOf\":{\"@id\":\"https:\/\/sanluisinforma.com\/?p=21659\"},\"author\":{\"name\":\"sanluisinforma.com\",\"@id\":\"https:\/\/sanluisinforma.com\/#\/schema\/person\/c30648f71476be533b6f59d092905c8b\"},\"headline\":\"Enrique Galindo pone en marcha rehabilitaci\u00f3n vial de Amatista\",\"datePublished\":\"2026-09-04T06:50:00+00:00\",\"dateModified\":\"2026-09-04T05:28:17+00:00\",\"mainEntityOfPage\":{\"@id\":\"https:\/\/sanluisinforma.com\/?p=21659\"},\"wordCount\":407,\"publisher\":{\"@id\":\"https:\/\/sanluisinforma.com\/#organization\"},\"image\":{\"@id\":\"https:\/\/sanluisinforma.com\/?p=21659#primaryimage\"},\"thumbnailUrl\":\"https:\/\/sanluisinforma.com\/wp-content\/uploads\/2026\/09\/c1.jpg\",\"articleSection\":[\"Local\",\"Portada\"],\"inLanguage\":\"es\"},{\"@type\":\"WebPage\",\"@id\":\"https:\/\/sanluisinforma.com\/?p=21659\",\"url\":\"https:\/\/sanluisinforma.com\/?p=21659\",\"name\":\"Enrique Galindo pone en marcha rehabilitaci\u00f3n vial de Amatista - sanluisinforma.com\",\"isPartOf\":{\"@id\":\"https:\/\/sanluisinforma.com\/#website\"},\"primaryImageOfPage\":{\"@id\":\"https:\/\/sanluisinforma.com\/?p=21659#primaryimage\"},\"image\":{\"@id\":\"https:\/\/sanluisinforma.com\/?p=21659#primaryimage\"},\"thumbnailUrl\":\"https:\/\/sanluisinforma.com\/wp-content\/uploads\/2026\/09\/c1.jpg\",\"datePublished\":\"2026-09-04T06:50:00+00:00\",\"dateModified\":\"2026-09-04T05:28:17+00:00\",\"breadcrumb\":{\"@id\":\"https:\/\/sanluisinforma.com\/?p=21659#breadcrumb\"},\"inLanguage\":\"es\",\"potentialAction\":[{\"@type\":\"ReadAction\",\"target\":[\"https:\/\/sanluisinforma.com\/?p=21659\"]}]},{\"@type\":\"ImageObject\",\"inLanguage\":\"es\",\"@id\":\"https:\/\/sanluisinforma.com\/?p=21659#primaryimage\",\"url\":\"https:\/\/sanluisinforma.com\/wp-content\/uploads\/2026\/09\/c1.jpg\",\"contentUrl\":\"https:\/\/sanluisinforma.com\/wp-content\/uploads\/2026\/09\/c1.jpg\",\"width\":1280,\"height\":853},{\"@type\":\"BreadcrumbList\",\"@id\":\"https:\/\/sanluisinforma.com\/?p=21659#breadcrumb\",\"itemListElement\":[{\"@type\":\"ListItem\",\"position\":1,\"name\":\"Inicio\",\"item\":\"https:\/\/sanluisinforma.com\/\"},{\"@type\":\"ListItem\",\"position\":2,\"name\":\"Enrique Galindo pone en marcha rehabilitaci\u00f3n vial de Amatista\"}]},{\"@type\":\"WebSite\",\"@id\":\"https:\/\/sanluisinforma.com\/#website\",\"url\":\"https:\/\/sanluisinforma.com\/\",\"name\":\"sanluisinforma.com\",\"description\":\"Periodico San Luis Informa\",\"publisher\":{\"@id\":\"https:\/\/sanluisinforma.com\/#organization\"},\"potentialAction\":[{\"@type\":\"SearchAction\",\"target\":{\"@type\":\"EntryPoint\",\"urlTemplate\":\"https:\/\/sanluisinforma.com\/?s={search_term_string}\"},\"query-input\":{\"@type\":\"PropertyValueSpecification\",\"valueRequired\":true,\"valueName\":\"search_term_string\"}}],\"inLanguage\":\"es\"},{\"@type\":\"Organization\",\"@id\":\"https:\/\/sanluisinforma.com\/#organization\",\"name\":\"sanluisinforma.com\",\"url\":\"https:\/\/sanluisinforma.com\/\",\"logo\":{\"@type\":\"ImageObject\",\"inLanguage\":\"es\",\"@id\":\"https:\/\/sanluisinforma.com\/#\/schema\/logo\/image\/\",\"url\":\"https:\/\/sanluisinforma.com\/wp-content\/uploads\/2026\/03\/sanluisinforma-V.jpg\",\"contentUrl\":\"https:\/\/sanluisinforma.com\/wp-content\/uploads\/2026\/03\/sanluisinforma-V.jpg\",\"width\":500,\"height\":156,\"caption\":\"sanluisinforma.com\"},\"image\":{\"@id\":\"https:\/\/sanluisinforma.com\/#\/schema\/logo\/image\/\"}},{\"@type\":\"Person\",\"@id\":\"https:\/\/sanluisinforma.com\/#\/schema\/person\/c30648f71476be533b6f59d092905c8b\",\"name\":\"sanluisinforma.com\",\"image\":{\"@type\":\"ImageObject\",\"inLanguage\":\"es\",\"@id\":\"https:\/\/sanluisinforma.com\/#\/schema\/person\/image\/\",\"url\":\"https:\/\/secure.gravatar.com\/avatar\/86e3114e34a1eecefb963e0a02f0093f93b092dddb2fe1517596343751081a87?s=96&d=mm&r=g\",\"contentUrl\":\"https:\/\/secure.gravatar.com\/avatar\/86e3114e34a1eecefb963e0a02f0093f93b092dddb2fe1517596343751081a87?s=96&d=mm&r=g\",\"caption\":\"sanluisinforma.com\"},\"url\":\"https:\/\/sanluisinforma.com\/?author=2\"}]}<\/script>\n<!-- \/ Yoast SEO plugin. -->","yoast_head_json":{"title":"Enrique Galindo pone en marcha rehabilitaci\u00f3n vial de Amatista - sanluisinforma.com","robots":{"index":"index","follow":"follow","max-snippet":"max-snippet:-1","max-image-preview":"max-image-preview:large","max-video-preview":"max-video-preview:-1"},"canonical":"https:\/\/sanluisinforma.com\/?p=21659","og_locale":"es_MX","og_type":"article","og_title":"Enrique Galindo pone en marcha rehabilitaci\u00f3n vial de Amatista - sanluisinforma.com","og_description":"El Alcalde Enrique Galindo puso en marcha este jueves la rehabilitaci\u00f3n vial integral de la Calle Amatista, en el Fraccionamiento","og_url":"https:\/\/sanluisinforma.com\/?p=21659","og_site_name":"sanluisinforma.com","article_published_time":"2026-09-04T06:50:00+00:00","article_modified_time":"2026-09-04T05:28:17+00:00","og_image":[{"width":1280,"height":853,"url":"https:\/\/sanluisinforma.com\/wp-content\/uploads\/2026\/09\/c1.jpg","type":"image\/jpeg"}],"author":"sanluisinforma.com","twitter_card":"summary_large_image","twitter_misc":{"Escrito por":"sanluisinforma.com","Tiempo de lectura":"2 minutos"},"schema":{"@context":"https:\/\/schema.org","@graph":[{"@type":"Article","@id":"https:\/\/sanluisinforma.com\/?p=21659#article","isPartOf":{"@id":"https:\/\/sanluisinforma.com\/?p=21659"},"author":{"name":"sanluisinforma.com","@id":"https:\/\/sanluisinforma.com\/#\/schema\/person\/c30648f71476be533b6f59d092905c8b"},"headline":"Enrique Galindo pone en marcha rehabilitaci\u00f3n vial de Amatista","datePublished":"2026-09-04T06:50:00+00:00","dateModified":"2026-09-04T05:28:17+00:00","mainEntityOfPage":{"@id":"https:\/\/sanluisinforma.com\/?p=21659"},"wordCount":407,"publisher":{"@id":"https:\/\/sanluisinforma.com\/#organization"},"image":{"@id":"https:\/\/sanluisinforma.com\/?p=21659#primaryimage"},"thumbnailUrl":"https:\/\/sanluisinforma.com\/wp-content\/uploads\/2026\/09\/c1.jpg","articleSection":["Local","Portada"],"inLanguage":"es"},{"@type":"WebPage","@id":"https:\/\/sanluisinforma.com\/?p=21659","url":"https:\/\/sanluisinforma.com\/?p=21659","name":"Enrique Galindo pone en marcha rehabilitaci\u00f3n vial de Amatista - sanluisinforma.com","isPartOf":{"@id":"https:\/\/sanluisinforma.com\/#website"},"primaryImageOfPage":{"@id":"https:\/\/sanluisinforma.com\/?p=21659#primaryimage"},"image":{"@id":"https:\/\/sanluisinforma.com\/?p=21659#primaryimage"},"thumbnailUrl":"https:\/\/sanluisinforma.com\/wp-content\/uploads\/2026\/09\/c1.jpg","datePublished":"2026-09-04T06:50:00+00:00","dateModified":"2026-09-04T05:28:17+00:00","breadcrumb":{"@id":"https:\/\/sanluisinforma.com\/?p=21659#breadcrumb"},"inLanguage":"es","potentialAction":[{"@type":"ReadAction","target":["https:\/\/sanluisinforma.com\/?p=21659"]}]},{"@type":"ImageObject","inLanguage":"es","@id":"https:\/\/sanluisinforma.com\/?p=21659#primaryimage","url":"https:\/\/sanluisinforma.com\/wp-content\/uploads\/2026\/09\/c1.jpg","contentUrl":"https:\/\/sanluisinforma.com\/wp-content\/uploads\/2026\/09\/c1.jpg","width":1280,"height":853},{"@type":"BreadcrumbList","@id":"https:\/\/sanluisinforma.com\/?p=21659#breadcrumb","itemListElement":[{"@type":"ListItem","position":1,"name":"Inicio","item":"https:\/\/sanluisinforma.com\/"},{"@type":"ListItem","position":2,"name":"Enrique Galindo pone en marcha rehabilitaci\u00f3n vial de Amatista"}]},{"@type":"WebSite","@id":"https:\/\/sanluisinforma.com\/#website","url":"https:\/\/sanluisinforma.com\/","name":"sanluisinforma.com","description":"Periodico San Luis Informa","publisher":{"@id":"https:\/\/sanluisinforma.com\/#organization"},"potentialAction":[{"@type":"SearchAction","target":{"@type":"EntryPoint","urlTemplate":"https:\/\/sanluisinforma.com\/?s={search_term_string}"},"query-input":{"@type":"PropertyValueSpecification","valueRequired":true,"valueName":"search_term_string"}}],"inLanguage":"es"},{"@type":"Organization","@id":"https:\/\/sanluisinforma.com\/#organization","name":"sanluisinforma.com","url":"https:\/\/sanluisinforma.com\/","logo":{"@type":"ImageObject","inLanguage":"es","@id":"https:\/\/sanluisinforma.com\/#\/schema\/logo\/image\/","url":"https:\/\/sanluisinforma.com\/wp-content\/uploads\/2026\/03\/sanluisinforma-V.jpg","contentUrl":"https:\/\/sanluisinforma.com\/wp-content\/uploads\/2026\/03\/sanluisinforma-V.jpg","width":500,"height":156,"caption":"sanluisinforma.com"},"image":{"@id":"https:\/\/sanluisinforma.com\/#\/schema\/logo\/image\/"}},{"@type":"Person","@id":"https:\/\/sanluisinforma.com\/#\/schema\/person\/c30648f71476be533b6f59d092905c8b","name":"sanluisinforma.com","image":{"@type":"ImageObject","inLanguage":"es","@id":"https:\/\/sanluisinforma.com\/#\/schema\/person\/image\/","url":"https:\/\/secure.gravatar.com\/avatar\/86e3114e34a1eecefb963e0a02f0093f93b092dddb2fe1517596343751081a87?s=96&d=mm&r=g","contentUrl":"https:\/\/secure.gravatar.com\/avatar\/86e3114e34a1eecefb963e0a02f0093f93b092dddb2fe1517596343751081a87?s=96&d=mm&r=g","caption":"sanluisinforma.com"},"url":"https:\/\/sanluisinforma.com\/?author=2"}]}},"_links":{"self":[{"href":"https:\/\/sanluisinforma.com\/index.php?rest_route=\/wp\/v2\/posts\/21659","targetHints":{"allow":["GET"]}}],"collection":[{"href":"https:\/\/sanluisinforma.com\/index.php?rest_route=\/wp\/v2\/posts"}],"about":[{"href":"https:\/\/sanluisinforma.com\/index.php?rest_route=\/wp\/v2\/types\/post"}],"author":[{"embeddable":true,"href":"https:\/\/sanluisinforma.com\/index.php?rest_route=\/wp\/v2\/users\/2"}],"replies":[{"embeddable":true,"href":"https:\/\/sanluisinforma.com\/index.php?rest_route=%2Fwp%2Fv2%2Fcomments&post=21659"}],"version-history":[{"count":1,"href":"https:\/\/sanluisinforma.com\/index.php?rest_route=\/wp\/v2\/posts\/21659\/revisions"}],"predecessor-version":[{"id":21661,"href":"https:\/\/sanluisinforma.com\/index.php?rest_route=\/wp\/v2\/posts\/21659\/revisions\/21661"}],"wp:featuredmedia":[{"embeddable":true,"href":"https:\/\/sanluisinforma.com\/index.php?rest_route=\/wp\/v2\/media\/21660"}],"wp:attachment":[{"href":"https:\/\/sanluisinforma.com\/index.php?rest_route=%2Fwp%2Fv2%2Fmedia&parent=21659"}],"wp:term":[{"taxonomy":"category","embeddable":true,"href":"https:\/\/sanluisinforma.com\/index.php?rest_route=%2Fwp%2Fv2%2Fcategories&post=21659"},{"taxonomy":"post_tag","embeddable":true,"href":"https:\/\/sanluisinforma.com\/index.php?rest_route=%2Fwp%2Fv2%2Ftags&post=21659"}],"curies":[{"name":"wp","href":"https:\/\/api.w.org\/{rel}","templated":true}]}}