{"id":21662,"date":"2026-09-04T00:45:00","date_gmt":"2026-09-04T06:45:00","guid":{"rendered":"https:\/\/sanluisinforma.com\/?p=21662"},"modified":"2026-09-03T23:28:32","modified_gmt":"2026-09-04T05:28:32","slug":"enrique-galindo-enciende-nuevo-alumbrado-tactico-en-toda-avenida-carranza","status":"publish","type":"post","link":"https:\/\/sanluisinforma.com\/?p=21662","title":{"rendered":"Enrique Galindo enciende nuevo alumbrado t\u00e1ctico en toda avenida Carranza"},"content":{"rendered":"\n<p class=\"wp-block-paragraph\">En el Parque de Morales, en un evento encabezado por el Alcalde Capitalino y con la participaci\u00f3n de legisladores, l\u00edderes de c\u00e1maras empresariales y familias del sector, arranc\u00f3 la operaci\u00f3n de 777 nuevos puntos de luz y 3.3 kil\u00f3metros de red peatonal y vial; esta intervenci\u00f3n fortalece el programa integral de Alumbrado T\u00e1ctico que, de acuerdo con mediciones del INEGI, ha consolidado a San Luis Potos\u00ed en el primer lugar nacional en calidad e infraestructura de alumbrado p\u00fablico.<\/p>\n\n\n\n<p class=\"wp-block-paragraph\">El Presidente Municipal de San Luis Potos\u00ed, Enrique Galindo Ceballos, puso en marcha la segunda etapa del programa Carranza T\u00e1ctico, una intervenci\u00f3n que forma parte del plan de transformaci\u00f3n urbana iniciado desde el primer d\u00eda de su administraci\u00f3n. Durante el evento, el Alcalde destac\u00f3 que, aunque San Luis Capital se posiciona en el primer lugar entre las ciudades mejor iluminadas del pa\u00eds, era indispensable realizar una acci\u00f3n intensiva en este corredor para cubrir tramos con alumbrado insuficiente o inexistente.<\/p>\n\n\n\n<p class=\"wp-block-paragraph\">Galindo Ceballos subray\u00f3 que el Alumbrado T\u00e1ctico trasciende la prestaci\u00f3n de un servicio b\u00e1sico, pues constituye una estrategia integral de prevenci\u00f3n y seguridad urbana durante la noche. Explic\u00f3 que esta segunda fase extender\u00e1 sus beneficios hacia el Parque de Morales, lo que permitir\u00e1 embellecer uno de los espacios p\u00fablicos m\u00e1s representativos de la ciudad y brindar garant\u00edas de tranquilidad a quienes lo transitan en horario nocturno. Asimismo, enfatiz\u00f3 que este modelo de gesti\u00f3n ha sido reconocido tanto a nivel nacional como internacional.<\/p>\n\n\n\n<p class=\"wp-block-paragraph\"><br>El acto protocolario cont\u00f3 con la presencia del diputado federal David Azuara; el diputado local Rub\u00e9n Guajardo; el empresario Marcelo de los Santos Anaya; el presidente de Canaco Servytur, Mauricio Mahbub Tamez; el dirigente de la C\u00e1mara Mexicana de la Industria de la Construcci\u00f3n (CMIC), Leopoldo Stevens P\u00e9rez; el presidente de IPAC, Rodrigo S\u00e1nchez Espinosa; as\u00ed como integrantes del Cabildo capitalino, miembros del gabinete municipal, comerciantes y vecinos de la zona.<br><br><\/p>\n\n\n\n<p class=\"wp-block-paragraph\">El Director de Servicios Municipales, Christian Azuara Azuara, detall\u00f3 que los trabajos abarcan desde la calle Juan de O\u00f1ate \u2014donde concluy\u00f3 la primera etapa\u2014 hacia el poniente, alcanzando la calle Alburquerque y la Glorieta Francisco Gonz\u00e1lez Bocanegra. La infraestructura instalada incluye luminarias viales y peatonales, iluminaci\u00f3n especializada para el camell\u00f3n central, nuevos postes y bolardos.<\/p>\n\n\n\n<p class=\"wp-block-paragraph\">En representaci\u00f3n del sector productivo, el presidente de Canaco Servytur San Luis Potos\u00ed, Mauricio Mahbub Tamez, reconoci\u00f3 que la recuperaci\u00f3n integral de la avenida Carranza genera certidumbre para comercios, vecinos y visitantes. Se\u00f1al\u00f3 que una arteria con iluminaci\u00f3n de alta calidad favorece directamente la actividad econ\u00f3mica, impulsa la inversi\u00f3n y dinamiza la vida nocturna de la capital.<\/p>\n\n\n\n<p class=\"wp-block-paragraph\">La segunda etapa de Carranza T\u00e1ctico comprende 3 mil 300 metros lineales de intervenci\u00f3n y la colocaci\u00f3n de 777 puntos de luz, en beneficio directo de m\u00e1s de 40 mil personas. A cinco a\u00f1os del arranque de la pol\u00edtica municipal de alumbrado, el Ayuntamiento suma m\u00e1s de 11 mil 440 luminarias instaladas en 90 colonias, consolidando calles m\u00e1s seguras, funcionales y atractivas para la ciudadan\u00eda.<\/p>\n","protected":false},"excerpt":{"rendered":"<p>En el Parque de Morales, en un evento encabezado por el Alcalde Capitalino y con la participaci\u00f3n de legisladores, l\u00edderes<\/p>\n","protected":false},"author":2,"featured_media":21663,"comment_status":"closed","ping_status":"closed","sticky":false,"template":"","format":"standard","meta":{"footnotes":""},"categories":[25,30],"tags":[],"class_list":["post-21662","post","type-post","status-publish","format-standard","has-post-thumbnail","hentry","category-local","category-portada"],"yoast_head":"<!-- This site is optimized with the Yoast SEO plugin v24.1 - https:\/\/yoast.com\/wordpress\/plugins\/seo\/ -->\n<title>Enrique Galindo enciende nuevo alumbrado t\u00e1ctico en toda avenida Carranza - sanluisinforma.com<\/title>\n<meta name=\"robots\" content=\"index, follow, max-snippet:-1, max-image-preview:large, max-video-preview:-1\" \/>\n<link rel=\"canonical\" href=\"https:\/\/sanluisinforma.com\/?p=21662\" \/>\n<meta property=\"og:locale\" content=\"es_MX\" \/>\n<meta property=\"og:type\" content=\"article\" \/>\n<meta property=\"og:title\" content=\"Enrique Galindo enciende nuevo alumbrado t\u00e1ctico en toda avenida Carranza - sanluisinforma.com\" \/>\n<meta property=\"og:description\" content=\"En el Parque de Morales, en un evento encabezado por el Alcalde Capitalino y con la participaci\u00f3n de legisladores, l\u00edderes\" \/>\n<meta property=\"og:url\" content=\"https:\/\/sanluisinforma.com\/?p=21662\" \/>\n<meta property=\"og:site_name\" content=\"sanluisinforma.com\" \/>\n<meta property=\"article:published_time\" content=\"2026-09-04T06:45:00+00:00\" \/>\n<meta property=\"article:modified_time\" content=\"2026-09-04T05:28:32+00:00\" \/>\n<meta property=\"og:image\" content=\"https:\/\/sanluisinforma.com\/wp-content\/uploads\/2026\/09\/m2m.jpg\" \/>\n\t<meta property=\"og:image:width\" content=\"300\" \/>\n\t<meta property=\"og:image:height\" content=\"199\" \/>\n\t<meta property=\"og:image:type\" content=\"image\/jpeg\" \/>\n<meta name=\"author\" content=\"sanluisinforma.com\" \/>\n<meta name=\"twitter:card\" content=\"summary_large_image\" \/>\n<meta name=\"twitter:label1\" content=\"Escrito por\" \/>\n\t<meta name=\"twitter:data1\" content=\"sanluisinforma.com\" \/>\n\t<meta name=\"twitter:label2\" content=\"Tiempo de lectura\" \/>\n\t<meta name=\"twitter:data2\" content=\"3 minutos\" \/>\n<script type=\"application\/ld+json\" class=\"yoast-schema-graph\">{\"@context\":\"https:\/\/schema.org\",\"@graph\":[{\"@type\":\"Article\",\"@id\":\"https:\/\/sanluisinforma.com\/?p=21662#article\",\"isPartOf\":{\"@id\":\"https:\/\/sanluisinforma.com\/?p=21662\"},\"author\":{\"name\":\"sanluisinforma.com\",\"@id\":\"https:\/\/sanluisinforma.com\/#\/schema\/person\/c30648f71476be533b6f59d092905c8b\"},\"headline\":\"Enrique Galindo enciende nuevo alumbrado t\u00e1ctico en toda avenida Carranza\",\"datePublished\":\"2026-09-04T06:45:00+00:00\",\"dateModified\":\"2026-09-04T05:28:32+00:00\",\"mainEntityOfPage\":{\"@id\":\"https:\/\/sanluisinforma.com\/?p=21662\"},\"wordCount\":536,\"publisher\":{\"@id\":\"https:\/\/sanluisinforma.com\/#organization\"},\"image\":{\"@id\":\"https:\/\/sanluisinforma.com\/?p=21662#primaryimage\"},\"thumbnailUrl\":\"https:\/\/sanluisinforma.com\/wp-content\/uploads\/2026\/09\/m2m.jpg\",\"articleSection\":[\"Local\",\"Portada\"],\"inLanguage\":\"es\"},{\"@type\":\"WebPage\",\"@id\":\"https:\/\/sanluisinforma.com\/?p=21662\",\"url\":\"https:\/\/sanluisinforma.com\/?p=21662\",\"name\":\"Enrique Galindo enciende nuevo alumbrado t\u00e1ctico en toda avenida Carranza - sanluisinforma.com\",\"isPartOf\":{\"@id\":\"https:\/\/sanluisinforma.com\/#website\"},\"primaryImageOfPage\":{\"@id\":\"https:\/\/sanluisinforma.com\/?p=21662#primaryimage\"},\"image\":{\"@id\":\"https:\/\/sanluisinforma.com\/?p=21662#primaryimage\"},\"thumbnailUrl\":\"https:\/\/sanluisinforma.com\/wp-content\/uploads\/2026\/09\/m2m.jpg\",\"datePublished\":\"2026-09-04T06:45:00+00:00\",\"dateModified\":\"2026-09-04T05:28:32+00:00\",\"breadcrumb\":{\"@id\":\"https:\/\/sanluisinforma.com\/?p=21662#breadcrumb\"},\"inLanguage\":\"es\",\"potentialAction\":[{\"@type\":\"ReadAction\",\"target\":[\"https:\/\/sanluisinforma.com\/?p=21662\"]}]},{\"@type\":\"ImageObject\",\"inLanguage\":\"es\",\"@id\":\"https:\/\/sanluisinforma.com\/?p=21662#primaryimage\",\"url\":\"https:\/\/sanluisinforma.com\/wp-content\/uploads\/2026\/09\/m2m.jpg\",\"contentUrl\":\"https:\/\/sanluisinforma.com\/wp-content\/uploads\/2026\/09\/m2m.jpg\",\"width\":300,\"height\":199},{\"@type\":\"BreadcrumbList\",\"@id\":\"https:\/\/sanluisinforma.com\/?p=21662#breadcrumb\",\"itemListElement\":[{\"@type\":\"ListItem\",\"position\":1,\"name\":\"Inicio\",\"item\":\"https:\/\/sanluisinforma.com\/\"},{\"@type\":\"ListItem\",\"position\":2,\"name\":\"Enrique Galindo enciende nuevo alumbrado t\u00e1ctico en toda avenida Carranza\"}]},{\"@type\":\"WebSite\",\"@id\":\"https:\/\/sanluisinforma.com\/#website\",\"url\":\"https:\/\/sanluisinforma.com\/\",\"name\":\"sanluisinforma.com\",\"description\":\"Periodico San Luis Informa\",\"publisher\":{\"@id\":\"https:\/\/sanluisinforma.com\/#organization\"},\"potentialAction\":[{\"@type\":\"SearchAction\",\"target\":{\"@type\":\"EntryPoint\",\"urlTemplate\":\"https:\/\/sanluisinforma.com\/?s={search_term_string}\"},\"query-input\":{\"@type\":\"PropertyValueSpecification\",\"valueRequired\":true,\"valueName\":\"search_term_string\"}}],\"inLanguage\":\"es\"},{\"@type\":\"Organization\",\"@id\":\"https:\/\/sanluisinforma.com\/#organization\",\"name\":\"sanluisinforma.com\",\"url\":\"https:\/\/sanluisinforma.com\/\",\"logo\":{\"@type\":\"ImageObject\",\"inLanguage\":\"es\",\"@id\":\"https:\/\/sanluisinforma.com\/#\/schema\/logo\/image\/\",\"url\":\"https:\/\/sanluisinforma.com\/wp-content\/uploads\/2026\/03\/sanluisinforma-V.jpg\",\"contentUrl\":\"https:\/\/sanluisinforma.com\/wp-content\/uploads\/2026\/03\/sanluisinforma-V.jpg\",\"width\":500,\"height\":156,\"caption\":\"sanluisinforma.com\"},\"image\":{\"@id\":\"https:\/\/sanluisinforma.com\/#\/schema\/logo\/image\/\"}},{\"@type\":\"Person\",\"@id\":\"https:\/\/sanluisinforma.com\/#\/schema\/person\/c30648f71476be533b6f59d092905c8b\",\"name\":\"sanluisinforma.com\",\"image\":{\"@type\":\"ImageObject\",\"inLanguage\":\"es\",\"@id\":\"https:\/\/sanluisinforma.com\/#\/schema\/person\/image\/\",\"url\":\"https:\/\/secure.gravatar.com\/avatar\/86e3114e34a1eecefb963e0a02f0093f93b092dddb2fe1517596343751081a87?s=96&d=mm&r=g\",\"contentUrl\":\"https:\/\/secure.gravatar.com\/avatar\/86e3114e34a1eecefb963e0a02f0093f93b092dddb2fe1517596343751081a87?s=96&d=mm&r=g\",\"caption\":\"sanluisinforma.com\"},\"url\":\"https:\/\/sanluisinforma.com\/?author=2\"}]}<\/script>\n<!-- \/ Yoast SEO plugin. -->","yoast_head_json":{"title":"Enrique Galindo enciende nuevo alumbrado t\u00e1ctico en toda avenida Carranza - sanluisinforma.com","robots":{"index":"index","follow":"follow","max-snippet":"max-snippet:-1","max-image-preview":"max-image-preview:large","max-video-preview":"max-video-preview:-1"},"canonical":"https:\/\/sanluisinforma.com\/?p=21662","og_locale":"es_MX","og_type":"article","og_title":"Enrique Galindo enciende nuevo alumbrado t\u00e1ctico en toda avenida Carranza - sanluisinforma.com","og_description":"En el Parque de Morales, en un evento encabezado por el Alcalde Capitalino y con la participaci\u00f3n de legisladores, l\u00edderes","og_url":"https:\/\/sanluisinforma.com\/?p=21662","og_site_name":"sanluisinforma.com","article_published_time":"2026-09-04T06:45:00+00:00","article_modified_time":"2026-09-04T05:28:32+00:00","og_image":[{"width":300,"height":199,"url":"https:\/\/sanluisinforma.com\/wp-content\/uploads\/2026\/09\/m2m.jpg","type":"image\/jpeg"}],"author":"sanluisinforma.com","twitter_card":"summary_large_image","twitter_misc":{"Escrito por":"sanluisinforma.com","Tiempo de lectura":"3 minutos"},"schema":{"@context":"https:\/\/schema.org","@graph":[{"@type":"Article","@id":"https:\/\/sanluisinforma.com\/?p=21662#article","isPartOf":{"@id":"https:\/\/sanluisinforma.com\/?p=21662"},"author":{"name":"sanluisinforma.com","@id":"https:\/\/sanluisinforma.com\/#\/schema\/person\/c30648f71476be533b6f59d092905c8b"},"headline":"Enrique Galindo enciende nuevo alumbrado t\u00e1ctico en toda avenida Carranza","datePublished":"2026-09-04T06:45:00+00:00","dateModified":"2026-09-04T05:28:32+00:00","mainEntityOfPage":{"@id":"https:\/\/sanluisinforma.com\/?p=21662"},"wordCount":536,"publisher":{"@id":"https:\/\/sanluisinforma.com\/#organization"},"image":{"@id":"https:\/\/sanluisinforma.com\/?p=21662#primaryimage"},"thumbnailUrl":"https:\/\/sanluisinforma.com\/wp-content\/uploads\/2026\/09\/m2m.jpg","articleSection":["Local","Portada"],"inLanguage":"es"},{"@type":"WebPage","@id":"https:\/\/sanluisinforma.com\/?p=21662","url":"https:\/\/sanluisinforma.com\/?p=21662","name":"Enrique Galindo enciende nuevo alumbrado t\u00e1ctico en toda avenida Carranza - sanluisinforma.com","isPartOf":{"@id":"https:\/\/sanluisinforma.com\/#website"},"primaryImageOfPage":{"@id":"https:\/\/sanluisinforma.com\/?p=21662#primaryimage"},"image":{"@id":"https:\/\/sanluisinforma.com\/?p=21662#primaryimage"},"thumbnailUrl":"https:\/\/sanluisinforma.com\/wp-content\/uploads\/2026\/09\/m2m.jpg","datePublished":"2026-09-04T06:45:00+00:00","dateModified":"2026-09-04T05:28:32+00:00","breadcrumb":{"@id":"https:\/\/sanluisinforma.com\/?p=21662#breadcrumb"},"inLanguage":"es","potentialAction":[{"@type":"ReadAction","target":["https:\/\/sanluisinforma.com\/?p=21662"]}]},{"@type":"ImageObject","inLanguage":"es","@id":"https:\/\/sanluisinforma.com\/?p=21662#primaryimage","url":"https:\/\/sanluisinforma.com\/wp-content\/uploads\/2026\/09\/m2m.jpg","contentUrl":"https:\/\/sanluisinforma.com\/wp-content\/uploads\/2026\/09\/m2m.jpg","width":300,"height":199},{"@type":"BreadcrumbList","@id":"https:\/\/sanluisinforma.com\/?p=21662#breadcrumb","itemListElement":[{"@type":"ListItem","position":1,"name":"Inicio","item":"https:\/\/sanluisinforma.com\/"},{"@type":"ListItem","position":2,"name":"Enrique Galindo enciende nuevo alumbrado t\u00e1ctico en toda avenida Carranza"}]},{"@type":"WebSite","@id":"https:\/\/sanluisinforma.com\/#website","url":"https:\/\/sanluisinforma.com\/","name":"sanluisinforma.com","description":"Periodico San Luis Informa","publisher":{"@id":"https:\/\/sanluisinforma.com\/#organization"},"potentialAction":[{"@type":"SearchAction","target":{"@type":"EntryPoint","urlTemplate":"https:\/\/sanluisinforma.com\/?s={search_term_string}"},"query-input":{"@type":"PropertyValueSpecification","valueRequired":true,"valueName":"search_term_string"}}],"inLanguage":"es"},{"@type":"Organization","@id":"https:\/\/sanluisinforma.com\/#organization","name":"sanluisinforma.com","url":"https:\/\/sanluisinforma.com\/","logo":{"@type":"ImageObject","inLanguage":"es","@id":"https:\/\/sanluisinforma.com\/#\/schema\/logo\/image\/","url":"https:\/\/sanluisinforma.com\/wp-content\/uploads\/2026\/03\/sanluisinforma-V.jpg","contentUrl":"https:\/\/sanluisinforma.com\/wp-content\/uploads\/2026\/03\/sanluisinforma-V.jpg","width":500,"height":156,"caption":"sanluisinforma.com"},"image":{"@id":"https:\/\/sanluisinforma.com\/#\/schema\/logo\/image\/"}},{"@type":"Person","@id":"https:\/\/sanluisinforma.com\/#\/schema\/person\/c30648f71476be533b6f59d092905c8b","name":"sanluisinforma.com","image":{"@type":"ImageObject","inLanguage":"es","@id":"https:\/\/sanluisinforma.com\/#\/schema\/person\/image\/","url":"https:\/\/secure.gravatar.com\/avatar\/86e3114e34a1eecefb963e0a02f0093f93b092dddb2fe1517596343751081a87?s=96&d=mm&r=g","contentUrl":"https:\/\/secure.gravatar.com\/avatar\/86e3114e34a1eecefb963e0a02f0093f93b092dddb2fe1517596343751081a87?s=96&d=mm&r=g","caption":"sanluisinforma.com"},"url":"https:\/\/sanluisinforma.com\/?author=2"}]}},"_links":{"self":[{"href":"https:\/\/sanluisinforma.com\/index.php?rest_route=\/wp\/v2\/posts\/21662","targetHints":{"allow":["GET"]}}],"collection":[{"href":"https:\/\/sanluisinforma.com\/index.php?rest_route=\/wp\/v2\/posts"}],"about":[{"href":"https:\/\/sanluisinforma.com\/index.php?rest_route=\/wp\/v2\/types\/post"}],"author":[{"embeddable":true,"href":"https:\/\/sanluisinforma.com\/index.php?rest_route=\/wp\/v2\/users\/2"}],"replies":[{"embeddable":true,"href":"https:\/\/sanluisinforma.com\/index.php?rest_route=%2Fwp%2Fv2%2Fcomments&post=21662"}],"version-history":[{"count":1,"href":"https:\/\/sanluisinforma.com\/index.php?rest_route=\/wp\/v2\/posts\/21662\/revisions"}],"predecessor-version":[{"id":21664,"href":"https:\/\/sanluisinforma.com\/index.php?rest_route=\/wp\/v2\/posts\/21662\/revisions\/21664"}],"wp:featuredmedia":[{"embeddable":true,"href":"https:\/\/sanluisinforma.com\/index.php?rest_route=\/wp\/v2\/media\/21663"}],"wp:attachment":[{"href":"https:\/\/sanluisinforma.com\/index.php?rest_route=%2Fwp%2Fv2%2Fmedia&parent=21662"}],"wp:term":[{"taxonomy":"category","embeddable":true,"href":"https:\/\/sanluisinforma.com\/index.php?rest_route=%2Fwp%2Fv2%2Fcategories&post=21662"},{"taxonomy":"post_tag","embeddable":true,"href":"https:\/\/sanluisinforma.com\/index.php?rest_route=%2Fwp%2Fv2%2Ftags&post=21662"}],"curies":[{"name":"wp","href":"https:\/\/api.w.org\/{rel}","templated":true}]}}