{"id":21665,"date":"2026-09-04T00:58:00","date_gmt":"2026-09-04T06:58:00","guid":{"rendered":"https:\/\/sanluisinforma.com\/?p=21665"},"modified":"2026-09-03T23:27:49","modified_gmt":"2026-09-04T05:27:49","slug":"san-luis-potosi-recibira-a-claudia-sheinbaum-con-buenas-cuentas-y-resultados","status":"publish","type":"post","link":"https:\/\/sanluisinforma.com\/?p=21665","title":{"rendered":"San Luis Potos\u00ed recibir\u00e1 a Claudia Sheinbaum con buenas cuentas y resultados"},"content":{"rendered":"\n<p class=\"wp-block-paragraph\">&nbsp;La Presidenta de M\u00e9xico estar\u00e1 este viernes a las 13:30 horas en la Arena Potos\u00ed, uno de los recintos m\u00e1s emblem\u00e1ticos construidos durante el Gobierno de Ricardo Gallardo Cardona.<\/p>\n\n\n\n<p class=\"wp-block-paragraph\">San Luis Potos\u00ed recibir\u00e1 este viernes 4 de septiembre a la Presidenta de M\u00e9xico, Claudia Sheinbaum Pardo, quien estar\u00e1 a las 13:30 horas en la Arena Potos\u00ed, uno de los recintos m\u00e1s emblem\u00e1ticos del Gobierno de Ricardo Gallardo Cardona y una obra que quedar\u00e1 para la historia, concebida para el gozo y disfrute pleno de grandes espect\u00e1culos, eventos y actividades al alcance de todas las familias potosinas.<\/p>\n\n\n\n<p class=\"wp-block-paragraph\">&nbsp;La visita forma parte de la gira nacional que realiza la Presidenta Claudia Sheinbaum para presentar puntualmente su Segundo Informe de Gobierno y rendir cuentas directamente a las y los mexicanos sobre el trabajo y los resultados alcanzados durante sus primeros dos a\u00f1os de administraci\u00f3n, dando a conocer los avances obtenidos en materia de bienestar, infraestructura, educaci\u00f3n, salud, seguridad y desarrollo del pa\u00eds<\/p>\n\n\n\n<p class=\"wp-block-paragraph\">. En v\u00edspera de la visita presidencial, el Gobernador Ricardo Gallardo Cardona destac\u00f3 que San Luis Potos\u00ed recibir\u00e1 a Claudia Sheinbaum con buenas cuentas, resultados concretos y una coordinaci\u00f3n institucional sin precedentes, que ha permitido concretar programas, obras y proyectos estrat\u00e9gicos en beneficio de las familias de las cuatro regiones.<\/p>\n\n\n\n<p class=\"wp-block-paragraph\">\u201cSan Luis Potos\u00ed tiene mucho que informar y buenos resultados que mostrar, porque cuando Federaci\u00f3n y Estado trabajan juntos, quienes ganan son las familias\u201d, afirm\u00f3.<\/p>\n\n\n\n<p class=\"wp-block-paragraph\">&nbsp;Esta coordinaci\u00f3n se refleja en la amplia cobertura de los Programas para el Bienestar, que llegan a cientos de miles de potosinas y potosinos, as\u00ed como en proyectos educativos como la Universidad Nacional Rosario Castellanos en Soledad de Graciano S\u00e1nchez; en infraestructura hospitalaria como la modernizaci\u00f3n del Hospital General de Rioverde y en nuevas acciones de vivienda, agua e infraestructura que atienden necesidades hist\u00f3ricas del Estado.<\/p>\n\n\n\n<p class=\"wp-block-paragraph\">En materia de seguridad, Ricardo Gallardo resalt\u00f3 el trabajo permanente con el Gobierno Federal, el Ej\u00e9rcito Mexicano y la Guardia Nacional, mediante operativos conjuntos, intercambio de informaci\u00f3n y una estrategia compartida para mantener la reducci\u00f3n de los delitos y generar mayor tranquilidad en las cuatro regiones.<\/p>\n\n\n\n<p class=\"wp-block-paragraph\">&nbsp;Esta misma coordinaci\u00f3n permiti\u00f3 responder de manera inmediata a las inundaciones registradas en la Huasteca potosina en octubre de 2025, con personal, maquinaria, v\u00edveres, atenci\u00f3n m\u00e9dica y apoyos para las familias damnificadas.<\/p>\n","protected":false},"excerpt":{"rendered":"<p>&nbsp;La Presidenta de M\u00e9xico estar\u00e1 este viernes a las 13:30 horas en la Arena Potos\u00ed, uno de los recintos m\u00e1s<\/p>\n","protected":false},"author":2,"featured_media":21666,"comment_status":"closed","ping_status":"closed","sticky":false,"template":"","format":"standard","meta":{"footnotes":""},"categories":[25,30],"tags":[],"class_list":["post-21665","post","type-post","status-publish","format-standard","has-post-thumbnail","hentry","category-local","category-portada"],"yoast_head":"<!-- This site is optimized with the Yoast SEO plugin v24.1 - https:\/\/yoast.com\/wordpress\/plugins\/seo\/ -->\n<title>San Luis Potos\u00ed recibir\u00e1 a Claudia Sheinbaum con buenas cuentas y resultados - sanluisinforma.com<\/title>\n<meta name=\"robots\" content=\"index, follow, max-snippet:-1, max-image-preview:large, max-video-preview:-1\" \/>\n<link rel=\"canonical\" href=\"https:\/\/sanluisinforma.com\/?p=21665\" \/>\n<meta property=\"og:locale\" content=\"es_MX\" \/>\n<meta property=\"og:type\" content=\"article\" \/>\n<meta property=\"og:title\" content=\"San Luis Potos\u00ed recibir\u00e1 a Claudia Sheinbaum con buenas cuentas y resultados - sanluisinforma.com\" \/>\n<meta property=\"og:description\" content=\"&nbsp;La Presidenta de M\u00e9xico estar\u00e1 este viernes a las 13:30 horas en la Arena Potos\u00ed, uno de los recintos m\u00e1s\" \/>\n<meta property=\"og:url\" content=\"https:\/\/sanluisinforma.com\/?p=21665\" \/>\n<meta property=\"og:site_name\" content=\"sanluisinforma.com\" \/>\n<meta property=\"article:published_time\" content=\"2026-09-04T06:58:00+00:00\" \/>\n<meta property=\"article:modified_time\" content=\"2026-09-04T05:27:49+00:00\" \/>\n<meta property=\"og:image\" content=\"https:\/\/sanluisinforma.com\/wp-content\/uploads\/2026\/09\/bvb1.jpg\" \/>\n\t<meta property=\"og:image:width\" content=\"799\" \/>\n\t<meta property=\"og:image:height\" content=\"986\" \/>\n\t<meta property=\"og:image:type\" content=\"image\/jpeg\" \/>\n<meta name=\"author\" content=\"sanluisinforma.com\" \/>\n<meta name=\"twitter:card\" content=\"summary_large_image\" \/>\n<meta name=\"twitter:label1\" content=\"Escrito por\" \/>\n\t<meta name=\"twitter:data1\" content=\"sanluisinforma.com\" \/>\n\t<meta name=\"twitter:label2\" content=\"Tiempo de lectura\" \/>\n\t<meta name=\"twitter:data2\" content=\"2 minutos\" \/>\n<script type=\"application\/ld+json\" class=\"yoast-schema-graph\">{\"@context\":\"https:\/\/schema.org\",\"@graph\":[{\"@type\":\"Article\",\"@id\":\"https:\/\/sanluisinforma.com\/?p=21665#article\",\"isPartOf\":{\"@id\":\"https:\/\/sanluisinforma.com\/?p=21665\"},\"author\":{\"name\":\"sanluisinforma.com\",\"@id\":\"https:\/\/sanluisinforma.com\/#\/schema\/person\/c30648f71476be533b6f59d092905c8b\"},\"headline\":\"San Luis Potos\u00ed recibir\u00e1 a Claudia Sheinbaum con buenas cuentas y resultados\",\"datePublished\":\"2026-09-04T06:58:00+00:00\",\"dateModified\":\"2026-09-04T05:27:49+00:00\",\"mainEntityOfPage\":{\"@id\":\"https:\/\/sanluisinforma.com\/?p=21665\"},\"wordCount\":415,\"publisher\":{\"@id\":\"https:\/\/sanluisinforma.com\/#organization\"},\"image\":{\"@id\":\"https:\/\/sanluisinforma.com\/?p=21665#primaryimage\"},\"thumbnailUrl\":\"https:\/\/sanluisinforma.com\/wp-content\/uploads\/2026\/09\/bvb1.jpg\",\"articleSection\":[\"Local\",\"Portada\"],\"inLanguage\":\"es\"},{\"@type\":\"WebPage\",\"@id\":\"https:\/\/sanluisinforma.com\/?p=21665\",\"url\":\"https:\/\/sanluisinforma.com\/?p=21665\",\"name\":\"San Luis Potos\u00ed recibir\u00e1 a Claudia Sheinbaum con buenas cuentas y resultados - sanluisinforma.com\",\"isPartOf\":{\"@id\":\"https:\/\/sanluisinforma.com\/#website\"},\"primaryImageOfPage\":{\"@id\":\"https:\/\/sanluisinforma.com\/?p=21665#primaryimage\"},\"image\":{\"@id\":\"https:\/\/sanluisinforma.com\/?p=21665#primaryimage\"},\"thumbnailUrl\":\"https:\/\/sanluisinforma.com\/wp-content\/uploads\/2026\/09\/bvb1.jpg\",\"datePublished\":\"2026-09-04T06:58:00+00:00\",\"dateModified\":\"2026-09-04T05:27:49+00:00\",\"breadcrumb\":{\"@id\":\"https:\/\/sanluisinforma.com\/?p=21665#breadcrumb\"},\"inLanguage\":\"es\",\"potentialAction\":[{\"@type\":\"ReadAction\",\"target\":[\"https:\/\/sanluisinforma.com\/?p=21665\"]}]},{\"@type\":\"ImageObject\",\"inLanguage\":\"es\",\"@id\":\"https:\/\/sanluisinforma.com\/?p=21665#primaryimage\",\"url\":\"https:\/\/sanluisinforma.com\/wp-content\/uploads\/2026\/09\/bvb1.jpg\",\"contentUrl\":\"https:\/\/sanluisinforma.com\/wp-content\/uploads\/2026\/09\/bvb1.jpg\",\"width\":799,\"height\":986},{\"@type\":\"BreadcrumbList\",\"@id\":\"https:\/\/sanluisinforma.com\/?p=21665#breadcrumb\",\"itemListElement\":[{\"@type\":\"ListItem\",\"position\":1,\"name\":\"Inicio\",\"item\":\"https:\/\/sanluisinforma.com\/\"},{\"@type\":\"ListItem\",\"position\":2,\"name\":\"San Luis Potos\u00ed recibir\u00e1 a Claudia Sheinbaum con buenas cuentas y resultados\"}]},{\"@type\":\"WebSite\",\"@id\":\"https:\/\/sanluisinforma.com\/#website\",\"url\":\"https:\/\/sanluisinforma.com\/\",\"name\":\"sanluisinforma.com\",\"description\":\"Periodico San Luis Informa\",\"publisher\":{\"@id\":\"https:\/\/sanluisinforma.com\/#organization\"},\"potentialAction\":[{\"@type\":\"SearchAction\",\"target\":{\"@type\":\"EntryPoint\",\"urlTemplate\":\"https:\/\/sanluisinforma.com\/?s={search_term_string}\"},\"query-input\":{\"@type\":\"PropertyValueSpecification\",\"valueRequired\":true,\"valueName\":\"search_term_string\"}}],\"inLanguage\":\"es\"},{\"@type\":\"Organization\",\"@id\":\"https:\/\/sanluisinforma.com\/#organization\",\"name\":\"sanluisinforma.com\",\"url\":\"https:\/\/sanluisinforma.com\/\",\"logo\":{\"@type\":\"ImageObject\",\"inLanguage\":\"es\",\"@id\":\"https:\/\/sanluisinforma.com\/#\/schema\/logo\/image\/\",\"url\":\"https:\/\/sanluisinforma.com\/wp-content\/uploads\/2026\/03\/sanluisinforma-V.jpg\",\"contentUrl\":\"https:\/\/sanluisinforma.com\/wp-content\/uploads\/2026\/03\/sanluisinforma-V.jpg\",\"width\":500,\"height\":156,\"caption\":\"sanluisinforma.com\"},\"image\":{\"@id\":\"https:\/\/sanluisinforma.com\/#\/schema\/logo\/image\/\"}},{\"@type\":\"Person\",\"@id\":\"https:\/\/sanluisinforma.com\/#\/schema\/person\/c30648f71476be533b6f59d092905c8b\",\"name\":\"sanluisinforma.com\",\"image\":{\"@type\":\"ImageObject\",\"inLanguage\":\"es\",\"@id\":\"https:\/\/sanluisinforma.com\/#\/schema\/person\/image\/\",\"url\":\"https:\/\/secure.gravatar.com\/avatar\/86e3114e34a1eecefb963e0a02f0093f93b092dddb2fe1517596343751081a87?s=96&d=mm&r=g\",\"contentUrl\":\"https:\/\/secure.gravatar.com\/avatar\/86e3114e34a1eecefb963e0a02f0093f93b092dddb2fe1517596343751081a87?s=96&d=mm&r=g\",\"caption\":\"sanluisinforma.com\"},\"url\":\"https:\/\/sanluisinforma.com\/?author=2\"}]}<\/script>\n<!-- \/ Yoast SEO plugin. -->","yoast_head_json":{"title":"San Luis Potos\u00ed recibir\u00e1 a Claudia Sheinbaum con buenas cuentas y resultados - sanluisinforma.com","robots":{"index":"index","follow":"follow","max-snippet":"max-snippet:-1","max-image-preview":"max-image-preview:large","max-video-preview":"max-video-preview:-1"},"canonical":"https:\/\/sanluisinforma.com\/?p=21665","og_locale":"es_MX","og_type":"article","og_title":"San Luis Potos\u00ed recibir\u00e1 a Claudia Sheinbaum con buenas cuentas y resultados - sanluisinforma.com","og_description":"&nbsp;La Presidenta de M\u00e9xico estar\u00e1 este viernes a las 13:30 horas en la Arena Potos\u00ed, uno de los recintos m\u00e1s","og_url":"https:\/\/sanluisinforma.com\/?p=21665","og_site_name":"sanluisinforma.com","article_published_time":"2026-09-04T06:58:00+00:00","article_modified_time":"2026-09-04T05:27:49+00:00","og_image":[{"width":799,"height":986,"url":"https:\/\/sanluisinforma.com\/wp-content\/uploads\/2026\/09\/bvb1.jpg","type":"image\/jpeg"}],"author":"sanluisinforma.com","twitter_card":"summary_large_image","twitter_misc":{"Escrito por":"sanluisinforma.com","Tiempo de lectura":"2 minutos"},"schema":{"@context":"https:\/\/schema.org","@graph":[{"@type":"Article","@id":"https:\/\/sanluisinforma.com\/?p=21665#article","isPartOf":{"@id":"https:\/\/sanluisinforma.com\/?p=21665"},"author":{"name":"sanluisinforma.com","@id":"https:\/\/sanluisinforma.com\/#\/schema\/person\/c30648f71476be533b6f59d092905c8b"},"headline":"San Luis Potos\u00ed recibir\u00e1 a Claudia Sheinbaum con buenas cuentas y resultados","datePublished":"2026-09-04T06:58:00+00:00","dateModified":"2026-09-04T05:27:49+00:00","mainEntityOfPage":{"@id":"https:\/\/sanluisinforma.com\/?p=21665"},"wordCount":415,"publisher":{"@id":"https:\/\/sanluisinforma.com\/#organization"},"image":{"@id":"https:\/\/sanluisinforma.com\/?p=21665#primaryimage"},"thumbnailUrl":"https:\/\/sanluisinforma.com\/wp-content\/uploads\/2026\/09\/bvb1.jpg","articleSection":["Local","Portada"],"inLanguage":"es"},{"@type":"WebPage","@id":"https:\/\/sanluisinforma.com\/?p=21665","url":"https:\/\/sanluisinforma.com\/?p=21665","name":"San Luis Potos\u00ed recibir\u00e1 a Claudia Sheinbaum con buenas cuentas y resultados - sanluisinforma.com","isPartOf":{"@id":"https:\/\/sanluisinforma.com\/#website"},"primaryImageOfPage":{"@id":"https:\/\/sanluisinforma.com\/?p=21665#primaryimage"},"image":{"@id":"https:\/\/sanluisinforma.com\/?p=21665#primaryimage"},"thumbnailUrl":"https:\/\/sanluisinforma.com\/wp-content\/uploads\/2026\/09\/bvb1.jpg","datePublished":"2026-09-04T06:58:00+00:00","dateModified":"2026-09-04T05:27:49+00:00","breadcrumb":{"@id":"https:\/\/sanluisinforma.com\/?p=21665#breadcrumb"},"inLanguage":"es","potentialAction":[{"@type":"ReadAction","target":["https:\/\/sanluisinforma.com\/?p=21665"]}]},{"@type":"ImageObject","inLanguage":"es","@id":"https:\/\/sanluisinforma.com\/?p=21665#primaryimage","url":"https:\/\/sanluisinforma.com\/wp-content\/uploads\/2026\/09\/bvb1.jpg","contentUrl":"https:\/\/sanluisinforma.com\/wp-content\/uploads\/2026\/09\/bvb1.jpg","width":799,"height":986},{"@type":"BreadcrumbList","@id":"https:\/\/sanluisinforma.com\/?p=21665#breadcrumb","itemListElement":[{"@type":"ListItem","position":1,"name":"Inicio","item":"https:\/\/sanluisinforma.com\/"},{"@type":"ListItem","position":2,"name":"San Luis Potos\u00ed recibir\u00e1 a Claudia Sheinbaum con buenas cuentas y resultados"}]},{"@type":"WebSite","@id":"https:\/\/sanluisinforma.com\/#website","url":"https:\/\/sanluisinforma.com\/","name":"sanluisinforma.com","description":"Periodico San Luis Informa","publisher":{"@id":"https:\/\/sanluisinforma.com\/#organization"},"potentialAction":[{"@type":"SearchAction","target":{"@type":"EntryPoint","urlTemplate":"https:\/\/sanluisinforma.com\/?s={search_term_string}"},"query-input":{"@type":"PropertyValueSpecification","valueRequired":true,"valueName":"search_term_string"}}],"inLanguage":"es"},{"@type":"Organization","@id":"https:\/\/sanluisinforma.com\/#organization","name":"sanluisinforma.com","url":"https:\/\/sanluisinforma.com\/","logo":{"@type":"ImageObject","inLanguage":"es","@id":"https:\/\/sanluisinforma.com\/#\/schema\/logo\/image\/","url":"https:\/\/sanluisinforma.com\/wp-content\/uploads\/2026\/03\/sanluisinforma-V.jpg","contentUrl":"https:\/\/sanluisinforma.com\/wp-content\/uploads\/2026\/03\/sanluisinforma-V.jpg","width":500,"height":156,"caption":"sanluisinforma.com"},"image":{"@id":"https:\/\/sanluisinforma.com\/#\/schema\/logo\/image\/"}},{"@type":"Person","@id":"https:\/\/sanluisinforma.com\/#\/schema\/person\/c30648f71476be533b6f59d092905c8b","name":"sanluisinforma.com","image":{"@type":"ImageObject","inLanguage":"es","@id":"https:\/\/sanluisinforma.com\/#\/schema\/person\/image\/","url":"https:\/\/secure.gravatar.com\/avatar\/86e3114e34a1eecefb963e0a02f0093f93b092dddb2fe1517596343751081a87?s=96&d=mm&r=g","contentUrl":"https:\/\/secure.gravatar.com\/avatar\/86e3114e34a1eecefb963e0a02f0093f93b092dddb2fe1517596343751081a87?s=96&d=mm&r=g","caption":"sanluisinforma.com"},"url":"https:\/\/sanluisinforma.com\/?author=2"}]}},"_links":{"self":[{"href":"https:\/\/sanluisinforma.com\/index.php?rest_route=\/wp\/v2\/posts\/21665","targetHints":{"allow":["GET"]}}],"collection":[{"href":"https:\/\/sanluisinforma.com\/index.php?rest_route=\/wp\/v2\/posts"}],"about":[{"href":"https:\/\/sanluisinforma.com\/index.php?rest_route=\/wp\/v2\/types\/post"}],"author":[{"embeddable":true,"href":"https:\/\/sanluisinforma.com\/index.php?rest_route=\/wp\/v2\/users\/2"}],"replies":[{"embeddable":true,"href":"https:\/\/sanluisinforma.com\/index.php?rest_route=%2Fwp%2Fv2%2Fcomments&post=21665"}],"version-history":[{"count":1,"href":"https:\/\/sanluisinforma.com\/index.php?rest_route=\/wp\/v2\/posts\/21665\/revisions"}],"predecessor-version":[{"id":21667,"href":"https:\/\/sanluisinforma.com\/index.php?rest_route=\/wp\/v2\/posts\/21665\/revisions\/21667"}],"wp:featuredmedia":[{"embeddable":true,"href":"https:\/\/sanluisinforma.com\/index.php?rest_route=\/wp\/v2\/media\/21666"}],"wp:attachment":[{"href":"https:\/\/sanluisinforma.com\/index.php?rest_route=%2Fwp%2Fv2%2Fmedia&parent=21665"}],"wp:term":[{"taxonomy":"category","embeddable":true,"href":"https:\/\/sanluisinforma.com\/index.php?rest_route=%2Fwp%2Fv2%2Fcategories&post=21665"},{"taxonomy":"post_tag","embeddable":true,"href":"https:\/\/sanluisinforma.com\/index.php?rest_route=%2Fwp%2Fv2%2Ftags&post=21665"}],"curies":[{"name":"wp","href":"https:\/\/api.w.org\/{rel}","templated":true}]}}