{"id":21675,"date":"2026-09-05T00:45:00","date_gmt":"2026-09-05T06:45:00","guid":{"rendered":"https:\/\/sanluisinforma.com\/?p=21675"},"modified":"2026-09-04T23:10:58","modified_gmt":"2026-09-05T05:10:58","slug":"enrique-galindo-arranca-pavimentacion-de-panfilo-natera-importante-obra-que-conecta-slp-capital-y-mexquitic","status":"publish","type":"post","link":"https:\/\/sanluisinforma.com\/?p=21675","title":{"rendered":"Enrique Galindo Arranca pavimentaci\u00f3n de P\u00e1nfilo Natera, importante obra que conecta SLP Capital y Mexquitic"},"content":{"rendered":"\n<p class=\"wp-block-paragraph\"><\/p>\n\n\n\n<ul class=\"wp-block-list\">\n<li>Acompa\u00f1ado por el Presidente Municipal de Mexquitic, Francisco Javier Ortiz, el Alcalde de la Capital dio banderazo de arranque a esta obra que intervendr\u00e1 m\u00e1s de 7 mil metros cuadrados para mejorar la movilidad entre San Luis Capital y Mexquitic; vecinos participantes en el arranque y agradecieron esta intervenci\u00f3n de gran calado.<\/li>\n<\/ul>\n\n\n\n<p class=\"wp-block-paragraph\">Este viernes, el Alcalde Enrique Galindo Ceballos dio arranque a la pavimentaci\u00f3n de m\u00e1s de 7 mil metros cuadrados de la prolongaci\u00f3n P\u00e1nfilo Natera, en la colonia Angostura, en el tramo que va del Anillo Perif\u00e9rico a la fracci\u00f3n de San Marcos, una obra que mejorar\u00e1 la movilidad y conectividad entre San Luis Capital y Mexquitic de Carmona, en beneficio de habitantes, comerciantes y comunidades de la zona.<\/p>\n\n\n\n<p class=\"wp-block-paragraph\">Durante el arranque, vecinos de la zona participaron en el evento y agradecieron al Alcalde Enrique Galindo por la intervenci\u00f3n, al considerar que responde a una necesidad que durante a\u00f1os hab\u00eda sido planteada por habitantes y juntas de participaci\u00f3n.<\/p>\n\n\n\n<p class=\"wp-block-paragraph\">El Presidente Municipal destac\u00f3 que esta obra representa una batalla ganada por la ciudadan\u00eda, al reconocer la gesti\u00f3n de las Juntas de Participaci\u00f3n Ciudadana y de los habitantes que durante a\u00f1os han impulsado mejoras para su demarcaci\u00f3n. Subray\u00f3 que se trata de una zona que permaneci\u00f3 rezagada y que hoy comienza a transformarse con una vialidad estrat\u00e9gica para comerciantes y habitantes, por donde circulan diariamente transporte urbano y veh\u00edculos de carga.<\/p>\n\n\n\n<p class=\"wp-block-paragraph\">A lo largo de la prolongaci\u00f3n P\u00e1nfilo Natera se ubican numerosas bodegas forrajeras y establecimientos comerciales, adem\u00e1s de que la vialidad conecta con distintas comunidades, por lo que representa un corredor para la actividad econ\u00f3mica y la movilidad de la zona.<\/p>\n\n\n\n<p class=\"wp-block-paragraph\">En el arranque tambi\u00e9n estuvo presente el Presidente Municipal de Mexquitic de Carmona, Francisco Javier Ortiz Hern\u00e1ndez, quien agradeci\u00f3 al Alcalde Enrique Galindo la vinculaci\u00f3n y disposici\u00f3n para unir a ambos municipios, con el prop\u00f3sito de generar mejores vialidades y conectividad en beneficio de la poblaci\u00f3n.<\/p>\n\n\n\n<p class=\"wp-block-paragraph\">Galindo Ceballos se\u00f1al\u00f3 que su Gobierno mantendr\u00e1 una pol\u00edtica de colaboraci\u00f3n y alianzas para impulsar el desarrollo de las comunidades, sin distinciones partidistas, priorizando que las obras y acciones lleguen directamente a la ciudadan\u00eda.<\/p>\n","protected":false},"excerpt":{"rendered":"<p>Este viernes, el Alcalde Enrique Galindo Ceballos dio arranque a la pavimentaci\u00f3n de m\u00e1s de 7 mil metros cuadrados de<\/p>\n","protected":false},"author":2,"featured_media":21676,"comment_status":"closed","ping_status":"closed","sticky":false,"template":"","format":"standard","meta":{"footnotes":""},"categories":[25,30],"tags":[],"class_list":["post-21675","post","type-post","status-publish","format-standard","has-post-thumbnail","hentry","category-local","category-portada"],"yoast_head":"<!-- This site is optimized with the Yoast SEO plugin v24.1 - https:\/\/yoast.com\/wordpress\/plugins\/seo\/ -->\n<title>Enrique Galindo Arranca pavimentaci\u00f3n de P\u00e1nfilo Natera, importante obra que conecta SLP Capital y Mexquitic - sanluisinforma.com<\/title>\n<meta name=\"robots\" content=\"index, follow, max-snippet:-1, max-image-preview:large, max-video-preview:-1\" \/>\n<link rel=\"canonical\" href=\"https:\/\/sanluisinforma.com\/?p=21675\" \/>\n<meta property=\"og:locale\" content=\"es_MX\" \/>\n<meta property=\"og:type\" content=\"article\" \/>\n<meta property=\"og:title\" content=\"Enrique Galindo Arranca pavimentaci\u00f3n de P\u00e1nfilo Natera, importante obra que conecta SLP Capital y Mexquitic - sanluisinforma.com\" \/>\n<meta property=\"og:description\" content=\"Este viernes, el Alcalde Enrique Galindo Ceballos dio arranque a la pavimentaci\u00f3n de m\u00e1s de 7 mil metros cuadrados de\" \/>\n<meta property=\"og:url\" content=\"https:\/\/sanluisinforma.com\/?p=21675\" \/>\n<meta property=\"og:site_name\" content=\"sanluisinforma.com\" \/>\n<meta property=\"article:published_time\" content=\"2026-09-05T06:45:00+00:00\" \/>\n<meta property=\"article:modified_time\" content=\"2026-09-05T05:10:58+00:00\" \/>\n<meta property=\"og:image\" content=\"https:\/\/sanluisinforma.com\/wp-content\/uploads\/2026\/09\/mb-5.jpg\" \/>\n\t<meta property=\"og:image:width\" content=\"300\" \/>\n\t<meta property=\"og:image:height\" content=\"235\" \/>\n\t<meta property=\"og:image:type\" content=\"image\/jpeg\" \/>\n<meta name=\"author\" content=\"sanluisinforma.com\" \/>\n<meta name=\"twitter:card\" content=\"summary_large_image\" \/>\n<meta name=\"twitter:label1\" content=\"Escrito por\" \/>\n\t<meta name=\"twitter:data1\" content=\"sanluisinforma.com\" \/>\n\t<meta name=\"twitter:label2\" content=\"Tiempo de lectura\" \/>\n\t<meta name=\"twitter:data2\" content=\"2 minutos\" \/>\n<script type=\"application\/ld+json\" class=\"yoast-schema-graph\">{\"@context\":\"https:\/\/schema.org\",\"@graph\":[{\"@type\":\"Article\",\"@id\":\"https:\/\/sanluisinforma.com\/?p=21675#article\",\"isPartOf\":{\"@id\":\"https:\/\/sanluisinforma.com\/?p=21675\"},\"author\":{\"name\":\"sanluisinforma.com\",\"@id\":\"https:\/\/sanluisinforma.com\/#\/schema\/person\/c30648f71476be533b6f59d092905c8b\"},\"headline\":\"Enrique Galindo Arranca pavimentaci\u00f3n de P\u00e1nfilo Natera, importante obra que conecta SLP Capital y Mexquitic\",\"datePublished\":\"2026-09-05T06:45:00+00:00\",\"dateModified\":\"2026-09-05T05:10:58+00:00\",\"mainEntityOfPage\":{\"@id\":\"https:\/\/sanluisinforma.com\/?p=21675\"},\"wordCount\":400,\"publisher\":{\"@id\":\"https:\/\/sanluisinforma.com\/#organization\"},\"image\":{\"@id\":\"https:\/\/sanluisinforma.com\/?p=21675#primaryimage\"},\"thumbnailUrl\":\"https:\/\/sanluisinforma.com\/wp-content\/uploads\/2026\/09\/mb-5.jpg\",\"articleSection\":[\"Local\",\"Portada\"],\"inLanguage\":\"es\"},{\"@type\":\"WebPage\",\"@id\":\"https:\/\/sanluisinforma.com\/?p=21675\",\"url\":\"https:\/\/sanluisinforma.com\/?p=21675\",\"name\":\"Enrique Galindo Arranca pavimentaci\u00f3n de P\u00e1nfilo Natera, importante obra que conecta SLP Capital y Mexquitic - sanluisinforma.com\",\"isPartOf\":{\"@id\":\"https:\/\/sanluisinforma.com\/#website\"},\"primaryImageOfPage\":{\"@id\":\"https:\/\/sanluisinforma.com\/?p=21675#primaryimage\"},\"image\":{\"@id\":\"https:\/\/sanluisinforma.com\/?p=21675#primaryimage\"},\"thumbnailUrl\":\"https:\/\/sanluisinforma.com\/wp-content\/uploads\/2026\/09\/mb-5.jpg\",\"datePublished\":\"2026-09-05T06:45:00+00:00\",\"dateModified\":\"2026-09-05T05:10:58+00:00\",\"breadcrumb\":{\"@id\":\"https:\/\/sanluisinforma.com\/?p=21675#breadcrumb\"},\"inLanguage\":\"es\",\"potentialAction\":[{\"@type\":\"ReadAction\",\"target\":[\"https:\/\/sanluisinforma.com\/?p=21675\"]}]},{\"@type\":\"ImageObject\",\"inLanguage\":\"es\",\"@id\":\"https:\/\/sanluisinforma.com\/?p=21675#primaryimage\",\"url\":\"https:\/\/sanluisinforma.com\/wp-content\/uploads\/2026\/09\/mb-5.jpg\",\"contentUrl\":\"https:\/\/sanluisinforma.com\/wp-content\/uploads\/2026\/09\/mb-5.jpg\",\"width\":300,\"height\":235},{\"@type\":\"BreadcrumbList\",\"@id\":\"https:\/\/sanluisinforma.com\/?p=21675#breadcrumb\",\"itemListElement\":[{\"@type\":\"ListItem\",\"position\":1,\"name\":\"Inicio\",\"item\":\"https:\/\/sanluisinforma.com\/\"},{\"@type\":\"ListItem\",\"position\":2,\"name\":\"Enrique Galindo Arranca pavimentaci\u00f3n de P\u00e1nfilo Natera, importante obra que conecta SLP Capital y Mexquitic\"}]},{\"@type\":\"WebSite\",\"@id\":\"https:\/\/sanluisinforma.com\/#website\",\"url\":\"https:\/\/sanluisinforma.com\/\",\"name\":\"sanluisinforma.com\",\"description\":\"Periodico San Luis Informa\",\"publisher\":{\"@id\":\"https:\/\/sanluisinforma.com\/#organization\"},\"potentialAction\":[{\"@type\":\"SearchAction\",\"target\":{\"@type\":\"EntryPoint\",\"urlTemplate\":\"https:\/\/sanluisinforma.com\/?s={search_term_string}\"},\"query-input\":{\"@type\":\"PropertyValueSpecification\",\"valueRequired\":true,\"valueName\":\"search_term_string\"}}],\"inLanguage\":\"es\"},{\"@type\":\"Organization\",\"@id\":\"https:\/\/sanluisinforma.com\/#organization\",\"name\":\"sanluisinforma.com\",\"url\":\"https:\/\/sanluisinforma.com\/\",\"logo\":{\"@type\":\"ImageObject\",\"inLanguage\":\"es\",\"@id\":\"https:\/\/sanluisinforma.com\/#\/schema\/logo\/image\/\",\"url\":\"https:\/\/sanluisinforma.com\/wp-content\/uploads\/2026\/03\/sanluisinforma-V.jpg\",\"contentUrl\":\"https:\/\/sanluisinforma.com\/wp-content\/uploads\/2026\/03\/sanluisinforma-V.jpg\",\"width\":500,\"height\":156,\"caption\":\"sanluisinforma.com\"},\"image\":{\"@id\":\"https:\/\/sanluisinforma.com\/#\/schema\/logo\/image\/\"}},{\"@type\":\"Person\",\"@id\":\"https:\/\/sanluisinforma.com\/#\/schema\/person\/c30648f71476be533b6f59d092905c8b\",\"name\":\"sanluisinforma.com\",\"image\":{\"@type\":\"ImageObject\",\"inLanguage\":\"es\",\"@id\":\"https:\/\/sanluisinforma.com\/#\/schema\/person\/image\/\",\"url\":\"https:\/\/secure.gravatar.com\/avatar\/86e3114e34a1eecefb963e0a02f0093f93b092dddb2fe1517596343751081a87?s=96&d=mm&r=g\",\"contentUrl\":\"https:\/\/secure.gravatar.com\/avatar\/86e3114e34a1eecefb963e0a02f0093f93b092dddb2fe1517596343751081a87?s=96&d=mm&r=g\",\"caption\":\"sanluisinforma.com\"},\"url\":\"https:\/\/sanluisinforma.com\/?author=2\"}]}<\/script>\n<!-- \/ Yoast SEO plugin. -->","yoast_head_json":{"title":"Enrique Galindo Arranca pavimentaci\u00f3n de P\u00e1nfilo Natera, importante obra que conecta SLP Capital y Mexquitic - sanluisinforma.com","robots":{"index":"index","follow":"follow","max-snippet":"max-snippet:-1","max-image-preview":"max-image-preview:large","max-video-preview":"max-video-preview:-1"},"canonical":"https:\/\/sanluisinforma.com\/?p=21675","og_locale":"es_MX","og_type":"article","og_title":"Enrique Galindo Arranca pavimentaci\u00f3n de P\u00e1nfilo Natera, importante obra que conecta SLP Capital y Mexquitic - sanluisinforma.com","og_description":"Este viernes, el Alcalde Enrique Galindo Ceballos dio arranque a la pavimentaci\u00f3n de m\u00e1s de 7 mil metros cuadrados de","og_url":"https:\/\/sanluisinforma.com\/?p=21675","og_site_name":"sanluisinforma.com","article_published_time":"2026-09-05T06:45:00+00:00","article_modified_time":"2026-09-05T05:10:58+00:00","og_image":[{"width":300,"height":235,"url":"https:\/\/sanluisinforma.com\/wp-content\/uploads\/2026\/09\/mb-5.jpg","type":"image\/jpeg"}],"author":"sanluisinforma.com","twitter_card":"summary_large_image","twitter_misc":{"Escrito por":"sanluisinforma.com","Tiempo de lectura":"2 minutos"},"schema":{"@context":"https:\/\/schema.org","@graph":[{"@type":"Article","@id":"https:\/\/sanluisinforma.com\/?p=21675#article","isPartOf":{"@id":"https:\/\/sanluisinforma.com\/?p=21675"},"author":{"name":"sanluisinforma.com","@id":"https:\/\/sanluisinforma.com\/#\/schema\/person\/c30648f71476be533b6f59d092905c8b"},"headline":"Enrique Galindo Arranca pavimentaci\u00f3n de P\u00e1nfilo Natera, importante obra que conecta SLP Capital y Mexquitic","datePublished":"2026-09-05T06:45:00+00:00","dateModified":"2026-09-05T05:10:58+00:00","mainEntityOfPage":{"@id":"https:\/\/sanluisinforma.com\/?p=21675"},"wordCount":400,"publisher":{"@id":"https:\/\/sanluisinforma.com\/#organization"},"image":{"@id":"https:\/\/sanluisinforma.com\/?p=21675#primaryimage"},"thumbnailUrl":"https:\/\/sanluisinforma.com\/wp-content\/uploads\/2026\/09\/mb-5.jpg","articleSection":["Local","Portada"],"inLanguage":"es"},{"@type":"WebPage","@id":"https:\/\/sanluisinforma.com\/?p=21675","url":"https:\/\/sanluisinforma.com\/?p=21675","name":"Enrique Galindo Arranca pavimentaci\u00f3n de P\u00e1nfilo Natera, importante obra que conecta SLP Capital y Mexquitic - sanluisinforma.com","isPartOf":{"@id":"https:\/\/sanluisinforma.com\/#website"},"primaryImageOfPage":{"@id":"https:\/\/sanluisinforma.com\/?p=21675#primaryimage"},"image":{"@id":"https:\/\/sanluisinforma.com\/?p=21675#primaryimage"},"thumbnailUrl":"https:\/\/sanluisinforma.com\/wp-content\/uploads\/2026\/09\/mb-5.jpg","datePublished":"2026-09-05T06:45:00+00:00","dateModified":"2026-09-05T05:10:58+00:00","breadcrumb":{"@id":"https:\/\/sanluisinforma.com\/?p=21675#breadcrumb"},"inLanguage":"es","potentialAction":[{"@type":"ReadAction","target":["https:\/\/sanluisinforma.com\/?p=21675"]}]},{"@type":"ImageObject","inLanguage":"es","@id":"https:\/\/sanluisinforma.com\/?p=21675#primaryimage","url":"https:\/\/sanluisinforma.com\/wp-content\/uploads\/2026\/09\/mb-5.jpg","contentUrl":"https:\/\/sanluisinforma.com\/wp-content\/uploads\/2026\/09\/mb-5.jpg","width":300,"height":235},{"@type":"BreadcrumbList","@id":"https:\/\/sanluisinforma.com\/?p=21675#breadcrumb","itemListElement":[{"@type":"ListItem","position":1,"name":"Inicio","item":"https:\/\/sanluisinforma.com\/"},{"@type":"ListItem","position":2,"name":"Enrique Galindo Arranca pavimentaci\u00f3n de P\u00e1nfilo Natera, importante obra que conecta SLP Capital y Mexquitic"}]},{"@type":"WebSite","@id":"https:\/\/sanluisinforma.com\/#website","url":"https:\/\/sanluisinforma.com\/","name":"sanluisinforma.com","description":"Periodico San Luis Informa","publisher":{"@id":"https:\/\/sanluisinforma.com\/#organization"},"potentialAction":[{"@type":"SearchAction","target":{"@type":"EntryPoint","urlTemplate":"https:\/\/sanluisinforma.com\/?s={search_term_string}"},"query-input":{"@type":"PropertyValueSpecification","valueRequired":true,"valueName":"search_term_string"}}],"inLanguage":"es"},{"@type":"Organization","@id":"https:\/\/sanluisinforma.com\/#organization","name":"sanluisinforma.com","url":"https:\/\/sanluisinforma.com\/","logo":{"@type":"ImageObject","inLanguage":"es","@id":"https:\/\/sanluisinforma.com\/#\/schema\/logo\/image\/","url":"https:\/\/sanluisinforma.com\/wp-content\/uploads\/2026\/03\/sanluisinforma-V.jpg","contentUrl":"https:\/\/sanluisinforma.com\/wp-content\/uploads\/2026\/03\/sanluisinforma-V.jpg","width":500,"height":156,"caption":"sanluisinforma.com"},"image":{"@id":"https:\/\/sanluisinforma.com\/#\/schema\/logo\/image\/"}},{"@type":"Person","@id":"https:\/\/sanluisinforma.com\/#\/schema\/person\/c30648f71476be533b6f59d092905c8b","name":"sanluisinforma.com","image":{"@type":"ImageObject","inLanguage":"es","@id":"https:\/\/sanluisinforma.com\/#\/schema\/person\/image\/","url":"https:\/\/secure.gravatar.com\/avatar\/86e3114e34a1eecefb963e0a02f0093f93b092dddb2fe1517596343751081a87?s=96&d=mm&r=g","contentUrl":"https:\/\/secure.gravatar.com\/avatar\/86e3114e34a1eecefb963e0a02f0093f93b092dddb2fe1517596343751081a87?s=96&d=mm&r=g","caption":"sanluisinforma.com"},"url":"https:\/\/sanluisinforma.com\/?author=2"}]}},"_links":{"self":[{"href":"https:\/\/sanluisinforma.com\/index.php?rest_route=\/wp\/v2\/posts\/21675","targetHints":{"allow":["GET"]}}],"collection":[{"href":"https:\/\/sanluisinforma.com\/index.php?rest_route=\/wp\/v2\/posts"}],"about":[{"href":"https:\/\/sanluisinforma.com\/index.php?rest_route=\/wp\/v2\/types\/post"}],"author":[{"embeddable":true,"href":"https:\/\/sanluisinforma.com\/index.php?rest_route=\/wp\/v2\/users\/2"}],"replies":[{"embeddable":true,"href":"https:\/\/sanluisinforma.com\/index.php?rest_route=%2Fwp%2Fv2%2Fcomments&post=21675"}],"version-history":[{"count":1,"href":"https:\/\/sanluisinforma.com\/index.php?rest_route=\/wp\/v2\/posts\/21675\/revisions"}],"predecessor-version":[{"id":21677,"href":"https:\/\/sanluisinforma.com\/index.php?rest_route=\/wp\/v2\/posts\/21675\/revisions\/21677"}],"wp:featuredmedia":[{"embeddable":true,"href":"https:\/\/sanluisinforma.com\/index.php?rest_route=\/wp\/v2\/media\/21676"}],"wp:attachment":[{"href":"https:\/\/sanluisinforma.com\/index.php?rest_route=%2Fwp%2Fv2%2Fmedia&parent=21675"}],"wp:term":[{"taxonomy":"category","embeddable":true,"href":"https:\/\/sanluisinforma.com\/index.php?rest_route=%2Fwp%2Fv2%2Fcategories&post=21675"},{"taxonomy":"post_tag","embeddable":true,"href":"https:\/\/sanluisinforma.com\/index.php?rest_route=%2Fwp%2Fv2%2Ftags&post=21675"}],"curies":[{"name":"wp","href":"https:\/\/api.w.org\/{rel}","templated":true}]}}