{"id":21684,"date":"2026-09-06T00:40:00","date_gmt":"2026-09-06T06:40:00","guid":{"rendered":"https:\/\/sanluisinforma.com\/?p=21684"},"modified":"2026-09-06T00:03:41","modified_gmt":"2026-09-06T06:03:41","slug":"quien-guia-el-camino-y-el-destino-de-la-patria-es-el-pueblo-presidenta-claudia-sheinbaum-desde-tlajomulco-de-zuniga","status":"publish","type":"post","link":"https:\/\/sanluisinforma.com\/?p=21684","title":{"rendered":"Quien gu\u00eda el camino y el destino de la Patria es el Pueblo: Presidenta Claudia Sheinbaum desde Tlajomulco de Zu\u00f1iga"},"content":{"rendered":"\n<p class=\"wp-block-paragraph\"> \u201cGobernamos por el pueblo y gobernamos para el pueblo de Jalisco y para el pueblo de M\u00e9xico. <\/p>\n\n\n\n<p class=\"wp-block-paragraph\">Eso no va a cambiar\u201d, asegur\u00f3 <\/p>\n\n\n\n<p class=\"wp-block-paragraph\"> *Destac\u00f3 que el Fobaproa, ahora IPAB, es una deuda impagable adquirida en el neoliberalismo, por lo que en su gobierno se decidi\u00f3 impedir que los bancos deduzcan de impuestos las aportaciones que realizan <\/p>\n\n\n\n<p class=\"wp-block-paragraph\"> Resalt\u00f3 que en Jalisco se implementan los Programas para el Bienestar y en 2027 inicia la construcci\u00f3n del Tren Ciudad de M\u00e9xico-Guadalajara *Tlajomulco de Z\u00fa\u00f1iga, Jalisco, 5 de septiembre de 2026.<\/p>\n\n\n\n<p class=\"wp-block-paragraph\">En Tlajomulco de Z\u00fa\u00f1iga, la Presidenta Claudia Sheinbaum Pardo destac\u00f3 que gobierna para el pueblo de M\u00e9xico y de Jalisco, porque es quien gu\u00eda el camino y el destino de la patria; muestra de ello, enfatiz\u00f3, es la implementaci\u00f3n de los Programas para el Bienestar en la entidad y la construcci\u00f3n del Tren Ciudad de M\u00e9xico-Guadalajara, cuyas obras iniciar\u00e1n el pr\u00f3ximo a\u00f1o.<\/p>\n\n\n\n<p class=\"wp-block-paragraph\"> *\u201cQuien gu\u00eda el camino y el destino de nuestra patria es el pueblo de M\u00e9xico (&#8230;) Y entonces, desde la Independencia, desde los primeros momentos, hasta la fecha, M\u00e9xico defiende y seguir\u00e1 defendiendo a su pueblo, que somos un pa\u00eds libre, independiente y soberano.<\/p>\n\n\n\n<p class=\"wp-block-paragraph\"> No somos colonia ni protectorado de nadie. Siempre se ha buscado la riqueza de nuestro pa\u00eds, pero el pueblo de M\u00e9xico siempre, con sus h\u00e9roes, con sus hero\u00ednas, ha sabido defender nuestra soberan\u00eda<\/p>\n\n\n\n<p class=\"wp-block-paragraph\">. Y la soberan\u00eda es el pueblo\u201d*, puntualiz\u00f3 desde la Arena VFG. Record\u00f3 que en 36 a\u00f1os del neoliberalismo se privatizaron las empresas del Estado; se devalu\u00f3 el peso, aumentaron las tasas de inter\u00e9s y para salir de la crisis econ\u00f3mica se rescat\u00f3 a los banqueros a trav\u00e9s del Fobaproa, ahora Instituto para la Protecci\u00f3n al Ahorro Bancario (IPAB), con un mecanismo que dificulta saldar su deuda.<\/p>\n\n\n\n<p class=\"wp-block-paragraph\"> Por ello, record\u00f3 que en su gobierno se decidi\u00f3 impedir que los bancos deduzcan de impuestos las aportaciones que realizan al IPAB. Adem\u00e1s, expuso que en 2006 el expresidente Vicente Fox ayud\u00f3 a que se cometiera el fraude electoral en contra del exmandatario Andr\u00e9s Manuel L\u00f3pez Obrador.. \u201cPor eso decimos: Fox es un traidor a la democracia.<\/p>\n\n\n\n<p class=\"wp-block-paragraph\"> Eso es lo que demostr\u00f3 en su sexenio\u201d, agreg\u00f3. <\/p>\n\n\n\n<p class=\"wp-block-paragraph\">En tanto que en el sexenio de Felipe Calder\u00f3n se emprendi\u00f3 la llamada \u201cguerra contra el narco\u201d que fue una farsa y se empobreci\u00f3 a la gente. Aunado a que, con Enrique Pe\u00f1a Nieto, hubo m\u00e1s corrupci\u00f3n, m\u00e1s entreguismo y p\u00e9rdida de la soberan\u00eda. <\/p>\n\n\n\n<p class=\"wp-block-paragraph\">Mientras que la Cuarta Transformaci\u00f3n, desde el 2018 a la fecha, ha logrado un incremento en el salario m\u00ednimo de 2 mil 500 pesos a 9 mil 500 pesos; no hay inflaci\u00f3n; hay r\u00e9cord de Inversi\u00f3n Extranjera Directa (IED) y el peso es una de las monedas m\u00e1s fuertes. *<\/p>\n\n\n\n<p class=\"wp-block-paragraph\">Sepan algo muy importante, nos reivindicamos como un gobierno del pueblo, gobernamos por el pueblo y gobernamos para el pueblo de Jalisco y para el pueblo de M\u00e9xico. <\/p>\n\n\n\n<p class=\"wp-block-paragraph\">Eso no va a cambiar. Nunca vamos a traicionar al pueblo de M\u00e9xico\u201d*, agreg\u00f3.<\/p>\n\n\n\n<p class=\"wp-block-paragraph\"> La Jefa del Ejecutivo Federal se\u00f1al\u00f3 que no hay prosperidad si solo unos cuantos salen adelante, por ello, el Humanismo Mexicano de la Transformaci\u00f3n se basa en el principio de \u201cpor el bien de todos, primero los pobres\u201d.<\/p>\n\n\n\n<p class=\"wp-block-paragraph\"> Ante esto, destac\u00f3 que los Programas para el Bienestar son una pol\u00edtica p\u00fablica que demuestra que el Gobierno ama a su pueblo. En este sentido, inform\u00f3 que en Jalisco, la Pensi\u00f3n Adultos Mayores beneficia a casi 1 mill\u00f3n de personas; la Pensi\u00f3n para Personas con Discapacidad a 64 mil 731; J\u00f3venes Construyendo el Futuro a 9 mil; la Beca para universidad a 7 mil 125 estudiantes; la Beca de preparatoria a 250 mil; Producci\u00f3n para el Bienestar a 54 mil 692 productores; Sembrando Vida a mil 616; Precios de Garant\u00eda a 3 mil; Leche para el Bienestar a 456 mil familias que reciben leche de calidad a precios accesibles y La Escuela es Nuestra a 2 mil 630 planteles de educaci\u00f3n b\u00e1sica y 132 preparatorias.<\/p>\n\n\n\n<p class=\"wp-block-paragraph\"> Adem\u00e1s, resalt\u00f3 la implementaci\u00f3n de la Pensi\u00f3n Mujeres Bienestar y de la Beca Rita Cetina, que tiene la modalidad de apoyo de \u00fatiles y uniformes escolares. <\/p>\n\n\n\n<p class=\"wp-block-paragraph\">En infraestructura enumer\u00f3 las acciones de conservaci\u00f3n de la Red Federal de Carreteras, la construcci\u00f3n de caminos artesanales; del Puente Amado Nervo; la modernizaci\u00f3n y ampliaci\u00f3n del Libramiento Lagos de Moreno; la modernizaci\u00f3n del puerto de Puerto Vallarta; el saneamiento del r\u00edo Lerma-Santiago con plantas de tratamiento; la edificaci\u00f3n de 70 mil 310 viviendas con Vivienda para el Bienestar, la regularizaci\u00f3n de 15 mil escrituras y la reestructuraci\u00f3n de los cr\u00e9ditos de cerca de 400 mil familias; el nuevo Hospital Regional de Alta Especialidad en Tlajomulco del ISSSTE y la Central de Energ\u00eda El\u00e9ctrica de Ciclo Combinado.<\/p>\n","protected":false},"excerpt":{"rendered":"<p>\u201cGobernamos por el pueblo y gobernamos para el pueblo de Jalisco y para el pueblo de M\u00e9xico. Eso no va<\/p>\n","protected":false},"author":2,"featured_media":21685,"comment_status":"closed","ping_status":"closed","sticky":false,"template":"","format":"standard","meta":{"footnotes":""},"categories":[26],"tags":[],"class_list":["post-21684","post","type-post","status-publish","format-standard","has-post-thumbnail","hentry","category-nacional"],"yoast_head":"<!-- This site is optimized with the Yoast SEO plugin v24.1 - https:\/\/yoast.com\/wordpress\/plugins\/seo\/ -->\n<title>Quien gu\u00eda el camino y el destino de la Patria es el Pueblo: Presidenta Claudia Sheinbaum desde Tlajomulco de Zu\u00f1iga - sanluisinforma.com<\/title>\n<meta name=\"robots\" content=\"index, follow, max-snippet:-1, max-image-preview:large, max-video-preview:-1\" \/>\n<link rel=\"canonical\" href=\"https:\/\/sanluisinforma.com\/?p=21684\" \/>\n<meta property=\"og:locale\" content=\"es_MX\" \/>\n<meta property=\"og:type\" content=\"article\" \/>\n<meta property=\"og:title\" content=\"Quien gu\u00eda el camino y el destino de la Patria es el Pueblo: Presidenta Claudia Sheinbaum desde Tlajomulco de Zu\u00f1iga - sanluisinforma.com\" \/>\n<meta property=\"og:description\" content=\"\u201cGobernamos por el pueblo y gobernamos para el pueblo de Jalisco y para el pueblo de M\u00e9xico. Eso no va\" \/>\n<meta property=\"og:url\" content=\"https:\/\/sanluisinforma.com\/?p=21684\" \/>\n<meta property=\"og:site_name\" content=\"sanluisinforma.com\" \/>\n<meta property=\"article:published_time\" content=\"2026-09-06T06:40:00+00:00\" \/>\n<meta property=\"article:modified_time\" content=\"2026-09-06T06:03:41+00:00\" \/>\n<meta property=\"og:image\" content=\"https:\/\/sanluisinforma.com\/wp-content\/uploads\/2026\/09\/c3.jpg\" \/>\n\t<meta property=\"og:image:width\" content=\"300\" \/>\n\t<meta property=\"og:image:height\" content=\"175\" \/>\n\t<meta property=\"og:image:type\" content=\"image\/jpeg\" \/>\n<meta name=\"author\" content=\"sanluisinforma.com\" \/>\n<meta name=\"twitter:card\" content=\"summary_large_image\" \/>\n<meta name=\"twitter:label1\" content=\"Escrito por\" \/>\n\t<meta name=\"twitter:data1\" content=\"sanluisinforma.com\" \/>\n\t<meta name=\"twitter:label2\" content=\"Tiempo de lectura\" \/>\n\t<meta name=\"twitter:data2\" content=\"4 minutos\" \/>\n<script type=\"application\/ld+json\" class=\"yoast-schema-graph\">{\"@context\":\"https:\/\/schema.org\",\"@graph\":[{\"@type\":\"Article\",\"@id\":\"https:\/\/sanluisinforma.com\/?p=21684#article\",\"isPartOf\":{\"@id\":\"https:\/\/sanluisinforma.com\/?p=21684\"},\"author\":{\"name\":\"sanluisinforma.com\",\"@id\":\"https:\/\/sanluisinforma.com\/#\/schema\/person\/c30648f71476be533b6f59d092905c8b\"},\"headline\":\"Quien gu\u00eda el camino y el destino de la Patria es el Pueblo: Presidenta Claudia Sheinbaum desde Tlajomulco de Zu\u00f1iga\",\"datePublished\":\"2026-09-06T06:40:00+00:00\",\"dateModified\":\"2026-09-06T06:03:41+00:00\",\"mainEntityOfPage\":{\"@id\":\"https:\/\/sanluisinforma.com\/?p=21684\"},\"wordCount\":844,\"publisher\":{\"@id\":\"https:\/\/sanluisinforma.com\/#organization\"},\"image\":{\"@id\":\"https:\/\/sanluisinforma.com\/?p=21684#primaryimage\"},\"thumbnailUrl\":\"https:\/\/sanluisinforma.com\/wp-content\/uploads\/2026\/09\/c3.jpg\",\"articleSection\":[\"Nacional\"],\"inLanguage\":\"es\"},{\"@type\":\"WebPage\",\"@id\":\"https:\/\/sanluisinforma.com\/?p=21684\",\"url\":\"https:\/\/sanluisinforma.com\/?p=21684\",\"name\":\"Quien gu\u00eda el camino y el destino de la Patria es el Pueblo: Presidenta Claudia Sheinbaum desde Tlajomulco de Zu\u00f1iga - sanluisinforma.com\",\"isPartOf\":{\"@id\":\"https:\/\/sanluisinforma.com\/#website\"},\"primaryImageOfPage\":{\"@id\":\"https:\/\/sanluisinforma.com\/?p=21684#primaryimage\"},\"image\":{\"@id\":\"https:\/\/sanluisinforma.com\/?p=21684#primaryimage\"},\"thumbnailUrl\":\"https:\/\/sanluisinforma.com\/wp-content\/uploads\/2026\/09\/c3.jpg\",\"datePublished\":\"2026-09-06T06:40:00+00:00\",\"dateModified\":\"2026-09-06T06:03:41+00:00\",\"breadcrumb\":{\"@id\":\"https:\/\/sanluisinforma.com\/?p=21684#breadcrumb\"},\"inLanguage\":\"es\",\"potentialAction\":[{\"@type\":\"ReadAction\",\"target\":[\"https:\/\/sanluisinforma.com\/?p=21684\"]}]},{\"@type\":\"ImageObject\",\"inLanguage\":\"es\",\"@id\":\"https:\/\/sanluisinforma.com\/?p=21684#primaryimage\",\"url\":\"https:\/\/sanluisinforma.com\/wp-content\/uploads\/2026\/09\/c3.jpg\",\"contentUrl\":\"https:\/\/sanluisinforma.com\/wp-content\/uploads\/2026\/09\/c3.jpg\",\"width\":300,\"height\":175,\"caption\":\"Tlajomulco de Z\u00fa\u00f1iga, Jalisco, M\u00e9xico, 5 de septiembre de 2026. La doctora Claudia Sheinbaum Pardo, presidenta Constitucional de los Estados Unidos Mexicanos en Honestidad y resultados en Jalisco. La acompa\u00f1an Efra\u00edn Morales L\u00f3pez, director general de la Comisi\u00f3n Nacional del Agua; Columba Jazm\u00edn L\u00f3pez Guti\u00e9rrez, secretaria de Agricultura y Desarrollo Rural; Leticia Ram\u00edrez Amaya, secretaria del Bienestar; Jes\u00fas Antonio Esteva Medina, secretario de Infraestructura, Comunicaciones y Transportes; Edna Elena Vega, secretaria de Desarrollo, Agrario, Territorial y Urbano y Zo\u00e9 Robledo Aburto, director general del Instituto Mexicano del Seguro Social (IMSS). Foto: Gabriel Monroy \/ Presidencia\"},{\"@type\":\"BreadcrumbList\",\"@id\":\"https:\/\/sanluisinforma.com\/?p=21684#breadcrumb\",\"itemListElement\":[{\"@type\":\"ListItem\",\"position\":1,\"name\":\"Inicio\",\"item\":\"https:\/\/sanluisinforma.com\/\"},{\"@type\":\"ListItem\",\"position\":2,\"name\":\"Quien gu\u00eda el camino y el destino de la Patria es el Pueblo: Presidenta Claudia Sheinbaum desde Tlajomulco de Zu\u00f1iga\"}]},{\"@type\":\"WebSite\",\"@id\":\"https:\/\/sanluisinforma.com\/#website\",\"url\":\"https:\/\/sanluisinforma.com\/\",\"name\":\"sanluisinforma.com\",\"description\":\"Periodico San Luis Informa\",\"publisher\":{\"@id\":\"https:\/\/sanluisinforma.com\/#organization\"},\"potentialAction\":[{\"@type\":\"SearchAction\",\"target\":{\"@type\":\"EntryPoint\",\"urlTemplate\":\"https:\/\/sanluisinforma.com\/?s={search_term_string}\"},\"query-input\":{\"@type\":\"PropertyValueSpecification\",\"valueRequired\":true,\"valueName\":\"search_term_string\"}}],\"inLanguage\":\"es\"},{\"@type\":\"Organization\",\"@id\":\"https:\/\/sanluisinforma.com\/#organization\",\"name\":\"sanluisinforma.com\",\"url\":\"https:\/\/sanluisinforma.com\/\",\"logo\":{\"@type\":\"ImageObject\",\"inLanguage\":\"es\",\"@id\":\"https:\/\/sanluisinforma.com\/#\/schema\/logo\/image\/\",\"url\":\"https:\/\/sanluisinforma.com\/wp-content\/uploads\/2026\/03\/sanluisinforma-V.jpg\",\"contentUrl\":\"https:\/\/sanluisinforma.com\/wp-content\/uploads\/2026\/03\/sanluisinforma-V.jpg\",\"width\":500,\"height\":156,\"caption\":\"sanluisinforma.com\"},\"image\":{\"@id\":\"https:\/\/sanluisinforma.com\/#\/schema\/logo\/image\/\"}},{\"@type\":\"Person\",\"@id\":\"https:\/\/sanluisinforma.com\/#\/schema\/person\/c30648f71476be533b6f59d092905c8b\",\"name\":\"sanluisinforma.com\",\"image\":{\"@type\":\"ImageObject\",\"inLanguage\":\"es\",\"@id\":\"https:\/\/sanluisinforma.com\/#\/schema\/person\/image\/\",\"url\":\"https:\/\/secure.gravatar.com\/avatar\/86e3114e34a1eecefb963e0a02f0093f93b092dddb2fe1517596343751081a87?s=96&d=mm&r=g\",\"contentUrl\":\"https:\/\/secure.gravatar.com\/avatar\/86e3114e34a1eecefb963e0a02f0093f93b092dddb2fe1517596343751081a87?s=96&d=mm&r=g\",\"caption\":\"sanluisinforma.com\"},\"url\":\"https:\/\/sanluisinforma.com\/?author=2\"}]}<\/script>\n<!-- \/ Yoast SEO plugin. -->","yoast_head_json":{"title":"Quien gu\u00eda el camino y el destino de la Patria es el Pueblo: Presidenta Claudia Sheinbaum desde Tlajomulco de Zu\u00f1iga - sanluisinforma.com","robots":{"index":"index","follow":"follow","max-snippet":"max-snippet:-1","max-image-preview":"max-image-preview:large","max-video-preview":"max-video-preview:-1"},"canonical":"https:\/\/sanluisinforma.com\/?p=21684","og_locale":"es_MX","og_type":"article","og_title":"Quien gu\u00eda el camino y el destino de la Patria es el Pueblo: Presidenta Claudia Sheinbaum desde Tlajomulco de Zu\u00f1iga - sanluisinforma.com","og_description":"\u201cGobernamos por el pueblo y gobernamos para el pueblo de Jalisco y para el pueblo de M\u00e9xico. Eso no va","og_url":"https:\/\/sanluisinforma.com\/?p=21684","og_site_name":"sanluisinforma.com","article_published_time":"2026-09-06T06:40:00+00:00","article_modified_time":"2026-09-06T06:03:41+00:00","og_image":[{"width":300,"height":175,"url":"https:\/\/sanluisinforma.com\/wp-content\/uploads\/2026\/09\/c3.jpg","type":"image\/jpeg"}],"author":"sanluisinforma.com","twitter_card":"summary_large_image","twitter_misc":{"Escrito por":"sanluisinforma.com","Tiempo de lectura":"4 minutos"},"schema":{"@context":"https:\/\/schema.org","@graph":[{"@type":"Article","@id":"https:\/\/sanluisinforma.com\/?p=21684#article","isPartOf":{"@id":"https:\/\/sanluisinforma.com\/?p=21684"},"author":{"name":"sanluisinforma.com","@id":"https:\/\/sanluisinforma.com\/#\/schema\/person\/c30648f71476be533b6f59d092905c8b"},"headline":"Quien gu\u00eda el camino y el destino de la Patria es el Pueblo: Presidenta Claudia Sheinbaum desde Tlajomulco de Zu\u00f1iga","datePublished":"2026-09-06T06:40:00+00:00","dateModified":"2026-09-06T06:03:41+00:00","mainEntityOfPage":{"@id":"https:\/\/sanluisinforma.com\/?p=21684"},"wordCount":844,"publisher":{"@id":"https:\/\/sanluisinforma.com\/#organization"},"image":{"@id":"https:\/\/sanluisinforma.com\/?p=21684#primaryimage"},"thumbnailUrl":"https:\/\/sanluisinforma.com\/wp-content\/uploads\/2026\/09\/c3.jpg","articleSection":["Nacional"],"inLanguage":"es"},{"@type":"WebPage","@id":"https:\/\/sanluisinforma.com\/?p=21684","url":"https:\/\/sanluisinforma.com\/?p=21684","name":"Quien gu\u00eda el camino y el destino de la Patria es el Pueblo: Presidenta Claudia Sheinbaum desde Tlajomulco de Zu\u00f1iga - sanluisinforma.com","isPartOf":{"@id":"https:\/\/sanluisinforma.com\/#website"},"primaryImageOfPage":{"@id":"https:\/\/sanluisinforma.com\/?p=21684#primaryimage"},"image":{"@id":"https:\/\/sanluisinforma.com\/?p=21684#primaryimage"},"thumbnailUrl":"https:\/\/sanluisinforma.com\/wp-content\/uploads\/2026\/09\/c3.jpg","datePublished":"2026-09-06T06:40:00+00:00","dateModified":"2026-09-06T06:03:41+00:00","breadcrumb":{"@id":"https:\/\/sanluisinforma.com\/?p=21684#breadcrumb"},"inLanguage":"es","potentialAction":[{"@type":"ReadAction","target":["https:\/\/sanluisinforma.com\/?p=21684"]}]},{"@type":"ImageObject","inLanguage":"es","@id":"https:\/\/sanluisinforma.com\/?p=21684#primaryimage","url":"https:\/\/sanluisinforma.com\/wp-content\/uploads\/2026\/09\/c3.jpg","contentUrl":"https:\/\/sanluisinforma.com\/wp-content\/uploads\/2026\/09\/c3.jpg","width":300,"height":175,"caption":"Tlajomulco de Z\u00fa\u00f1iga, Jalisco, M\u00e9xico, 5 de septiembre de 2026. La doctora Claudia Sheinbaum Pardo, presidenta Constitucional de los Estados Unidos Mexicanos en Honestidad y resultados en Jalisco. La acompa\u00f1an Efra\u00edn Morales L\u00f3pez, director general de la Comisi\u00f3n Nacional del Agua; Columba Jazm\u00edn L\u00f3pez Guti\u00e9rrez, secretaria de Agricultura y Desarrollo Rural; Leticia Ram\u00edrez Amaya, secretaria del Bienestar; Jes\u00fas Antonio Esteva Medina, secretario de Infraestructura, Comunicaciones y Transportes; Edna Elena Vega, secretaria de Desarrollo, Agrario, Territorial y Urbano y Zo\u00e9 Robledo Aburto, director general del Instituto Mexicano del Seguro Social (IMSS). Foto: Gabriel Monroy \/ Presidencia"},{"@type":"BreadcrumbList","@id":"https:\/\/sanluisinforma.com\/?p=21684#breadcrumb","itemListElement":[{"@type":"ListItem","position":1,"name":"Inicio","item":"https:\/\/sanluisinforma.com\/"},{"@type":"ListItem","position":2,"name":"Quien gu\u00eda el camino y el destino de la Patria es el Pueblo: Presidenta Claudia Sheinbaum desde Tlajomulco de Zu\u00f1iga"}]},{"@type":"WebSite","@id":"https:\/\/sanluisinforma.com\/#website","url":"https:\/\/sanluisinforma.com\/","name":"sanluisinforma.com","description":"Periodico San Luis Informa","publisher":{"@id":"https:\/\/sanluisinforma.com\/#organization"},"potentialAction":[{"@type":"SearchAction","target":{"@type":"EntryPoint","urlTemplate":"https:\/\/sanluisinforma.com\/?s={search_term_string}"},"query-input":{"@type":"PropertyValueSpecification","valueRequired":true,"valueName":"search_term_string"}}],"inLanguage":"es"},{"@type":"Organization","@id":"https:\/\/sanluisinforma.com\/#organization","name":"sanluisinforma.com","url":"https:\/\/sanluisinforma.com\/","logo":{"@type":"ImageObject","inLanguage":"es","@id":"https:\/\/sanluisinforma.com\/#\/schema\/logo\/image\/","url":"https:\/\/sanluisinforma.com\/wp-content\/uploads\/2026\/03\/sanluisinforma-V.jpg","contentUrl":"https:\/\/sanluisinforma.com\/wp-content\/uploads\/2026\/03\/sanluisinforma-V.jpg","width":500,"height":156,"caption":"sanluisinforma.com"},"image":{"@id":"https:\/\/sanluisinforma.com\/#\/schema\/logo\/image\/"}},{"@type":"Person","@id":"https:\/\/sanluisinforma.com\/#\/schema\/person\/c30648f71476be533b6f59d092905c8b","name":"sanluisinforma.com","image":{"@type":"ImageObject","inLanguage":"es","@id":"https:\/\/sanluisinforma.com\/#\/schema\/person\/image\/","url":"https:\/\/secure.gravatar.com\/avatar\/86e3114e34a1eecefb963e0a02f0093f93b092dddb2fe1517596343751081a87?s=96&d=mm&r=g","contentUrl":"https:\/\/secure.gravatar.com\/avatar\/86e3114e34a1eecefb963e0a02f0093f93b092dddb2fe1517596343751081a87?s=96&d=mm&r=g","caption":"sanluisinforma.com"},"url":"https:\/\/sanluisinforma.com\/?author=2"}]}},"_links":{"self":[{"href":"https:\/\/sanluisinforma.com\/index.php?rest_route=\/wp\/v2\/posts\/21684","targetHints":{"allow":["GET"]}}],"collection":[{"href":"https:\/\/sanluisinforma.com\/index.php?rest_route=\/wp\/v2\/posts"}],"about":[{"href":"https:\/\/sanluisinforma.com\/index.php?rest_route=\/wp\/v2\/types\/post"}],"author":[{"embeddable":true,"href":"https:\/\/sanluisinforma.com\/index.php?rest_route=\/wp\/v2\/users\/2"}],"replies":[{"embeddable":true,"href":"https:\/\/sanluisinforma.com\/index.php?rest_route=%2Fwp%2Fv2%2Fcomments&post=21684"}],"version-history":[{"count":1,"href":"https:\/\/sanluisinforma.com\/index.php?rest_route=\/wp\/v2\/posts\/21684\/revisions"}],"predecessor-version":[{"id":21686,"href":"https:\/\/sanluisinforma.com\/index.php?rest_route=\/wp\/v2\/posts\/21684\/revisions\/21686"}],"wp:featuredmedia":[{"embeddable":true,"href":"https:\/\/sanluisinforma.com\/index.php?rest_route=\/wp\/v2\/media\/21685"}],"wp:attachment":[{"href":"https:\/\/sanluisinforma.com\/index.php?rest_route=%2Fwp%2Fv2%2Fmedia&parent=21684"}],"wp:term":[{"taxonomy":"category","embeddable":true,"href":"https:\/\/sanluisinforma.com\/index.php?rest_route=%2Fwp%2Fv2%2Fcategories&post=21684"},{"taxonomy":"post_tag","embeddable":true,"href":"https:\/\/sanluisinforma.com\/index.php?rest_route=%2Fwp%2Fv2%2Ftags&post=21684"}],"curies":[{"name":"wp","href":"https:\/\/api.w.org\/{rel}","templated":true}]}}