{"id":21693,"date":"2026-09-06T00:58:00","date_gmt":"2026-09-06T06:58:00","guid":{"rendered":"https:\/\/sanluisinforma.com\/?p=21693"},"modified":"2026-09-06T00:02:47","modified_gmt":"2026-09-06T06:02:47","slug":"ricardo-gallardo-y-claudia-sheinbaum-consolida-desarrollo-y-gobernabilidad-en-san-luis-potosi","status":"publish","type":"post","link":"https:\/\/sanluisinforma.com\/?p=21693","title":{"rendered":"Ricardo Gallardo y Claudia Sheinbaum consolida Desarrollo y Gobernabilidad en San luis Potos\u00ed."},"content":{"rendered":"\n<p class=\"wp-block-paragraph\"> La coordinaci\u00f3n entre el Gobierno del Estado y la Federaci\u00f3n se traduce en mejores condiciones de seguridad, inversi\u00f3n, infraestructura y bienestar para las familias potosinas. La visita de la Presidenta de M\u00e9xico, Claudia Sheinbaum Pardo, a San Luis Potos\u00ed confirm\u00f3 la s\u00f3lida coordinaci\u00f3n institucional que mantiene con el Gobernador del Estado, Ricardo Gallardo Cardona, una relaci\u00f3n que ha permitido avanzar en gobernabilidad, desarrollo econ\u00f3mico, seguridad y atenci\u00f3n social en las cuatro regiones de la entidad. El secretario General de Gobierno, J. Guadalupe Torres S\u00e1nchez, destac\u00f3 que esta coordinaci\u00f3n ha contribuido a mantener un Estado en paz y con condiciones favorables para la inversi\u00f3n y el crecimiento. Se\u00f1al\u00f3 que, al igual que la Presidenta de M\u00e9xico, el Gobernador Ricardo Gallardo mantiene una presencia permanente en territorio y recorre los 59 municipios para atender directamente las necesidades de las familias. Esta cercan\u00eda se refleja en m\u00e1s obras de infraestructura, programas sociales, servicios de salud y educaci\u00f3n, as\u00ed como en mejores condiciones econ\u00f3micas para las y los trabajadores. Entre los avances destac\u00f3 el incremento del salario m\u00ednimo, que pas\u00f3 de 2 mil 800 a 9 mil 282 pesos mensuales, adem\u00e1s de la llegada de inversiones que consolidan a San Luis Potos\u00ed como uno de los principales polos de desarrollo del pa\u00eds. Torres S\u00e1nchez resalt\u00f3 tambi\u00e9n los proyectos estrat\u00e9gicos anunciados para la entidad, entre ellos el tren de pasajeros M\u00e9xico\u2013Quer\u00e9taro\u2013San Luis Potos\u00ed\u2013Monterrey\u2013Nuevo Laredo y la ampliaci\u00f3n de infraestructura carretera en la Huasteca, obras que ampliar\u00e1n la conectividad, detonar\u00e1n el turismo y generar\u00e1n nuevas oportunidades econ\u00f3micas. El funcionario estatal afirm\u00f3 que San Luis Potos\u00ed vive un mejor momento gracias al trabajo coordinado entre el Gobierno de Ricardo Gallardo Cardona y la administraci\u00f3n de Claudia Sheinbaum, con una agenda com\u00fan orientada a generar bienestar, atraer inversiones y consolidar al Estado como un centro log\u00edstico y econ\u00f3mico estrat\u00e9gico de M\u00e9xico.<\/p>\n","protected":false},"excerpt":{"rendered":"<p>La coordinaci\u00f3n entre el Gobierno del Estado y la Federaci\u00f3n se traduce en mejores condiciones de seguridad, inversi\u00f3n, infraestructura y<\/p>\n","protected":false},"author":2,"featured_media":21694,"comment_status":"closed","ping_status":"closed","sticky":false,"template":"","format":"standard","meta":{"footnotes":""},"categories":[25,30],"tags":[],"class_list":["post-21693","post","type-post","status-publish","format-standard","has-post-thumbnail","hentry","category-local","category-portada"],"yoast_head":"<!-- This site is optimized with the Yoast SEO plugin v24.1 - https:\/\/yoast.com\/wordpress\/plugins\/seo\/ -->\n<title>Ricardo Gallardo y Claudia Sheinbaum consolida Desarrollo y Gobernabilidad en San luis Potos\u00ed. - sanluisinforma.com<\/title>\n<meta name=\"robots\" content=\"index, follow, max-snippet:-1, max-image-preview:large, max-video-preview:-1\" \/>\n<link rel=\"canonical\" href=\"https:\/\/sanluisinforma.com\/?p=21693\" \/>\n<meta property=\"og:locale\" content=\"es_MX\" \/>\n<meta property=\"og:type\" content=\"article\" \/>\n<meta property=\"og:title\" content=\"Ricardo Gallardo y Claudia Sheinbaum consolida Desarrollo y Gobernabilidad en San luis Potos\u00ed. - sanluisinforma.com\" \/>\n<meta property=\"og:description\" content=\"La coordinaci\u00f3n entre el Gobierno del Estado y la Federaci\u00f3n se traduce en mejores condiciones de seguridad, inversi\u00f3n, infraestructura y\" \/>\n<meta property=\"og:url\" content=\"https:\/\/sanluisinforma.com\/?p=21693\" \/>\n<meta property=\"og:site_name\" content=\"sanluisinforma.com\" \/>\n<meta property=\"article:published_time\" content=\"2026-09-06T06:58:00+00:00\" \/>\n<meta property=\"article:modified_time\" content=\"2026-09-06T06:02:47+00:00\" \/>\n<meta property=\"og:image\" content=\"https:\/\/sanluisinforma.com\/wp-content\/uploads\/2026\/09\/6.jpg\" \/>\n\t<meta property=\"og:image:width\" content=\"300\" \/>\n\t<meta property=\"og:image:height\" content=\"200\" \/>\n\t<meta property=\"og:image:type\" content=\"image\/jpeg\" \/>\n<meta name=\"author\" content=\"sanluisinforma.com\" \/>\n<meta name=\"twitter:card\" content=\"summary_large_image\" \/>\n<meta name=\"twitter:label1\" content=\"Escrito por\" \/>\n\t<meta name=\"twitter:data1\" content=\"sanluisinforma.com\" \/>\n\t<meta name=\"twitter:label2\" content=\"Tiempo de lectura\" \/>\n\t<meta name=\"twitter:data2\" content=\"2 minutos\" \/>\n<script type=\"application\/ld+json\" class=\"yoast-schema-graph\">{\"@context\":\"https:\/\/schema.org\",\"@graph\":[{\"@type\":\"Article\",\"@id\":\"https:\/\/sanluisinforma.com\/?p=21693#article\",\"isPartOf\":{\"@id\":\"https:\/\/sanluisinforma.com\/?p=21693\"},\"author\":{\"name\":\"sanluisinforma.com\",\"@id\":\"https:\/\/sanluisinforma.com\/#\/schema\/person\/c30648f71476be533b6f59d092905c8b\"},\"headline\":\"Ricardo Gallardo y Claudia Sheinbaum consolida Desarrollo y Gobernabilidad en San luis Potos\u00ed.\",\"datePublished\":\"2026-09-06T06:58:00+00:00\",\"dateModified\":\"2026-09-06T06:02:47+00:00\",\"mainEntityOfPage\":{\"@id\":\"https:\/\/sanluisinforma.com\/?p=21693\"},\"wordCount\":352,\"publisher\":{\"@id\":\"https:\/\/sanluisinforma.com\/#organization\"},\"image\":{\"@id\":\"https:\/\/sanluisinforma.com\/?p=21693#primaryimage\"},\"thumbnailUrl\":\"https:\/\/sanluisinforma.com\/wp-content\/uploads\/2026\/09\/6.jpg\",\"articleSection\":[\"Local\",\"Portada\"],\"inLanguage\":\"es\"},{\"@type\":\"WebPage\",\"@id\":\"https:\/\/sanluisinforma.com\/?p=21693\",\"url\":\"https:\/\/sanluisinforma.com\/?p=21693\",\"name\":\"Ricardo Gallardo y Claudia Sheinbaum consolida Desarrollo y Gobernabilidad en San luis Potos\u00ed. - sanluisinforma.com\",\"isPartOf\":{\"@id\":\"https:\/\/sanluisinforma.com\/#website\"},\"primaryImageOfPage\":{\"@id\":\"https:\/\/sanluisinforma.com\/?p=21693#primaryimage\"},\"image\":{\"@id\":\"https:\/\/sanluisinforma.com\/?p=21693#primaryimage\"},\"thumbnailUrl\":\"https:\/\/sanluisinforma.com\/wp-content\/uploads\/2026\/09\/6.jpg\",\"datePublished\":\"2026-09-06T06:58:00+00:00\",\"dateModified\":\"2026-09-06T06:02:47+00:00\",\"breadcrumb\":{\"@id\":\"https:\/\/sanluisinforma.com\/?p=21693#breadcrumb\"},\"inLanguage\":\"es\",\"potentialAction\":[{\"@type\":\"ReadAction\",\"target\":[\"https:\/\/sanluisinforma.com\/?p=21693\"]}]},{\"@type\":\"ImageObject\",\"inLanguage\":\"es\",\"@id\":\"https:\/\/sanluisinforma.com\/?p=21693#primaryimage\",\"url\":\"https:\/\/sanluisinforma.com\/wp-content\/uploads\/2026\/09\/6.jpg\",\"contentUrl\":\"https:\/\/sanluisinforma.com\/wp-content\/uploads\/2026\/09\/6.jpg\",\"width\":300,\"height\":200},{\"@type\":\"BreadcrumbList\",\"@id\":\"https:\/\/sanluisinforma.com\/?p=21693#breadcrumb\",\"itemListElement\":[{\"@type\":\"ListItem\",\"position\":1,\"name\":\"Inicio\",\"item\":\"https:\/\/sanluisinforma.com\/\"},{\"@type\":\"ListItem\",\"position\":2,\"name\":\"Ricardo Gallardo y Claudia Sheinbaum consolida Desarrollo y Gobernabilidad en San luis Potos\u00ed.\"}]},{\"@type\":\"WebSite\",\"@id\":\"https:\/\/sanluisinforma.com\/#website\",\"url\":\"https:\/\/sanluisinforma.com\/\",\"name\":\"sanluisinforma.com\",\"description\":\"Periodico San Luis Informa\",\"publisher\":{\"@id\":\"https:\/\/sanluisinforma.com\/#organization\"},\"potentialAction\":[{\"@type\":\"SearchAction\",\"target\":{\"@type\":\"EntryPoint\",\"urlTemplate\":\"https:\/\/sanluisinforma.com\/?s={search_term_string}\"},\"query-input\":{\"@type\":\"PropertyValueSpecification\",\"valueRequired\":true,\"valueName\":\"search_term_string\"}}],\"inLanguage\":\"es\"},{\"@type\":\"Organization\",\"@id\":\"https:\/\/sanluisinforma.com\/#organization\",\"name\":\"sanluisinforma.com\",\"url\":\"https:\/\/sanluisinforma.com\/\",\"logo\":{\"@type\":\"ImageObject\",\"inLanguage\":\"es\",\"@id\":\"https:\/\/sanluisinforma.com\/#\/schema\/logo\/image\/\",\"url\":\"https:\/\/sanluisinforma.com\/wp-content\/uploads\/2026\/03\/sanluisinforma-V.jpg\",\"contentUrl\":\"https:\/\/sanluisinforma.com\/wp-content\/uploads\/2026\/03\/sanluisinforma-V.jpg\",\"width\":500,\"height\":156,\"caption\":\"sanluisinforma.com\"},\"image\":{\"@id\":\"https:\/\/sanluisinforma.com\/#\/schema\/logo\/image\/\"}},{\"@type\":\"Person\",\"@id\":\"https:\/\/sanluisinforma.com\/#\/schema\/person\/c30648f71476be533b6f59d092905c8b\",\"name\":\"sanluisinforma.com\",\"image\":{\"@type\":\"ImageObject\",\"inLanguage\":\"es\",\"@id\":\"https:\/\/sanluisinforma.com\/#\/schema\/person\/image\/\",\"url\":\"https:\/\/secure.gravatar.com\/avatar\/86e3114e34a1eecefb963e0a02f0093f93b092dddb2fe1517596343751081a87?s=96&d=mm&r=g\",\"contentUrl\":\"https:\/\/secure.gravatar.com\/avatar\/86e3114e34a1eecefb963e0a02f0093f93b092dddb2fe1517596343751081a87?s=96&d=mm&r=g\",\"caption\":\"sanluisinforma.com\"},\"url\":\"https:\/\/sanluisinforma.com\/?author=2\"}]}<\/script>\n<!-- \/ Yoast SEO plugin. -->","yoast_head_json":{"title":"Ricardo Gallardo y Claudia Sheinbaum consolida Desarrollo y Gobernabilidad en San luis Potos\u00ed. - sanluisinforma.com","robots":{"index":"index","follow":"follow","max-snippet":"max-snippet:-1","max-image-preview":"max-image-preview:large","max-video-preview":"max-video-preview:-1"},"canonical":"https:\/\/sanluisinforma.com\/?p=21693","og_locale":"es_MX","og_type":"article","og_title":"Ricardo Gallardo y Claudia Sheinbaum consolida Desarrollo y Gobernabilidad en San luis Potos\u00ed. - sanluisinforma.com","og_description":"La coordinaci\u00f3n entre el Gobierno del Estado y la Federaci\u00f3n se traduce en mejores condiciones de seguridad, inversi\u00f3n, infraestructura y","og_url":"https:\/\/sanluisinforma.com\/?p=21693","og_site_name":"sanluisinforma.com","article_published_time":"2026-09-06T06:58:00+00:00","article_modified_time":"2026-09-06T06:02:47+00:00","og_image":[{"width":300,"height":200,"url":"https:\/\/sanluisinforma.com\/wp-content\/uploads\/2026\/09\/6.jpg","type":"image\/jpeg"}],"author":"sanluisinforma.com","twitter_card":"summary_large_image","twitter_misc":{"Escrito por":"sanluisinforma.com","Tiempo de lectura":"2 minutos"},"schema":{"@context":"https:\/\/schema.org","@graph":[{"@type":"Article","@id":"https:\/\/sanluisinforma.com\/?p=21693#article","isPartOf":{"@id":"https:\/\/sanluisinforma.com\/?p=21693"},"author":{"name":"sanluisinforma.com","@id":"https:\/\/sanluisinforma.com\/#\/schema\/person\/c30648f71476be533b6f59d092905c8b"},"headline":"Ricardo Gallardo y Claudia Sheinbaum consolida Desarrollo y Gobernabilidad en San luis Potos\u00ed.","datePublished":"2026-09-06T06:58:00+00:00","dateModified":"2026-09-06T06:02:47+00:00","mainEntityOfPage":{"@id":"https:\/\/sanluisinforma.com\/?p=21693"},"wordCount":352,"publisher":{"@id":"https:\/\/sanluisinforma.com\/#organization"},"image":{"@id":"https:\/\/sanluisinforma.com\/?p=21693#primaryimage"},"thumbnailUrl":"https:\/\/sanluisinforma.com\/wp-content\/uploads\/2026\/09\/6.jpg","articleSection":["Local","Portada"],"inLanguage":"es"},{"@type":"WebPage","@id":"https:\/\/sanluisinforma.com\/?p=21693","url":"https:\/\/sanluisinforma.com\/?p=21693","name":"Ricardo Gallardo y Claudia Sheinbaum consolida Desarrollo y Gobernabilidad en San luis Potos\u00ed. - sanluisinforma.com","isPartOf":{"@id":"https:\/\/sanluisinforma.com\/#website"},"primaryImageOfPage":{"@id":"https:\/\/sanluisinforma.com\/?p=21693#primaryimage"},"image":{"@id":"https:\/\/sanluisinforma.com\/?p=21693#primaryimage"},"thumbnailUrl":"https:\/\/sanluisinforma.com\/wp-content\/uploads\/2026\/09\/6.jpg","datePublished":"2026-09-06T06:58:00+00:00","dateModified":"2026-09-06T06:02:47+00:00","breadcrumb":{"@id":"https:\/\/sanluisinforma.com\/?p=21693#breadcrumb"},"inLanguage":"es","potentialAction":[{"@type":"ReadAction","target":["https:\/\/sanluisinforma.com\/?p=21693"]}]},{"@type":"ImageObject","inLanguage":"es","@id":"https:\/\/sanluisinforma.com\/?p=21693#primaryimage","url":"https:\/\/sanluisinforma.com\/wp-content\/uploads\/2026\/09\/6.jpg","contentUrl":"https:\/\/sanluisinforma.com\/wp-content\/uploads\/2026\/09\/6.jpg","width":300,"height":200},{"@type":"BreadcrumbList","@id":"https:\/\/sanluisinforma.com\/?p=21693#breadcrumb","itemListElement":[{"@type":"ListItem","position":1,"name":"Inicio","item":"https:\/\/sanluisinforma.com\/"},{"@type":"ListItem","position":2,"name":"Ricardo Gallardo y Claudia Sheinbaum consolida Desarrollo y Gobernabilidad en San luis Potos\u00ed."}]},{"@type":"WebSite","@id":"https:\/\/sanluisinforma.com\/#website","url":"https:\/\/sanluisinforma.com\/","name":"sanluisinforma.com","description":"Periodico San Luis Informa","publisher":{"@id":"https:\/\/sanluisinforma.com\/#organization"},"potentialAction":[{"@type":"SearchAction","target":{"@type":"EntryPoint","urlTemplate":"https:\/\/sanluisinforma.com\/?s={search_term_string}"},"query-input":{"@type":"PropertyValueSpecification","valueRequired":true,"valueName":"search_term_string"}}],"inLanguage":"es"},{"@type":"Organization","@id":"https:\/\/sanluisinforma.com\/#organization","name":"sanluisinforma.com","url":"https:\/\/sanluisinforma.com\/","logo":{"@type":"ImageObject","inLanguage":"es","@id":"https:\/\/sanluisinforma.com\/#\/schema\/logo\/image\/","url":"https:\/\/sanluisinforma.com\/wp-content\/uploads\/2026\/03\/sanluisinforma-V.jpg","contentUrl":"https:\/\/sanluisinforma.com\/wp-content\/uploads\/2026\/03\/sanluisinforma-V.jpg","width":500,"height":156,"caption":"sanluisinforma.com"},"image":{"@id":"https:\/\/sanluisinforma.com\/#\/schema\/logo\/image\/"}},{"@type":"Person","@id":"https:\/\/sanluisinforma.com\/#\/schema\/person\/c30648f71476be533b6f59d092905c8b","name":"sanluisinforma.com","image":{"@type":"ImageObject","inLanguage":"es","@id":"https:\/\/sanluisinforma.com\/#\/schema\/person\/image\/","url":"https:\/\/secure.gravatar.com\/avatar\/86e3114e34a1eecefb963e0a02f0093f93b092dddb2fe1517596343751081a87?s=96&d=mm&r=g","contentUrl":"https:\/\/secure.gravatar.com\/avatar\/86e3114e34a1eecefb963e0a02f0093f93b092dddb2fe1517596343751081a87?s=96&d=mm&r=g","caption":"sanluisinforma.com"},"url":"https:\/\/sanluisinforma.com\/?author=2"}]}},"_links":{"self":[{"href":"https:\/\/sanluisinforma.com\/index.php?rest_route=\/wp\/v2\/posts\/21693","targetHints":{"allow":["GET"]}}],"collection":[{"href":"https:\/\/sanluisinforma.com\/index.php?rest_route=\/wp\/v2\/posts"}],"about":[{"href":"https:\/\/sanluisinforma.com\/index.php?rest_route=\/wp\/v2\/types\/post"}],"author":[{"embeddable":true,"href":"https:\/\/sanluisinforma.com\/index.php?rest_route=\/wp\/v2\/users\/2"}],"replies":[{"embeddable":true,"href":"https:\/\/sanluisinforma.com\/index.php?rest_route=%2Fwp%2Fv2%2Fcomments&post=21693"}],"version-history":[{"count":1,"href":"https:\/\/sanluisinforma.com\/index.php?rest_route=\/wp\/v2\/posts\/21693\/revisions"}],"predecessor-version":[{"id":21695,"href":"https:\/\/sanluisinforma.com\/index.php?rest_route=\/wp\/v2\/posts\/21693\/revisions\/21695"}],"wp:featuredmedia":[{"embeddable":true,"href":"https:\/\/sanluisinforma.com\/index.php?rest_route=\/wp\/v2\/media\/21694"}],"wp:attachment":[{"href":"https:\/\/sanluisinforma.com\/index.php?rest_route=%2Fwp%2Fv2%2Fmedia&parent=21693"}],"wp:term":[{"taxonomy":"category","embeddable":true,"href":"https:\/\/sanluisinforma.com\/index.php?rest_route=%2Fwp%2Fv2%2Fcategories&post=21693"},{"taxonomy":"post_tag","embeddable":true,"href":"https:\/\/sanluisinforma.com\/index.php?rest_route=%2Fwp%2Fv2%2Ftags&post=21693"}],"curies":[{"name":"wp","href":"https:\/\/api.w.org\/{rel}","templated":true}]}}