{"id":2358,"date":"2023-11-19T00:58:00","date_gmt":"2023-11-19T06:58:00","guid":{"rendered":"https:\/\/sanluisinforma.com\/?p=2358"},"modified":"2023-11-18T20:18:16","modified_gmt":"2023-11-19T02:18:16","slug":"familia-charra-celebra-baile-de-reinas-con-ricardo-gallardo-como-invitado-especial","status":"publish","type":"post","link":"https:\/\/sanluisinforma.com\/?p=2358","title":{"rendered":"Familia Charra celebra baile de Reinas con Ricardo Gallardo como Invitado Especial"},"content":{"rendered":"\n<p>&nbsp;El Gobernador afirm\u00f3 que las y los potosinos se sienten honrados por recibir el Torneo Nacional de Charrer\u00eda<\/p>\n\n\n\n<p>La noche del viernes se realiz\u00f3 en el Centro de las Artes de San Luis Potos\u00ed el Baile de Reinas de la Charrer\u00eda, uno de los eventos sociales m\u00e1s importantes de cada edici\u00f3n del Congreso Nacional, evento al que acudi\u00f3 como invitado especial el Gobernador Ricardo Gallardo Cardona, quien afirm\u00f3 que las y los potosinos se sienten honrados por recibir este magno evento.<\/p>\n\n\n\n<p>Tradicionalmente, en el Baile de Reinas, se dan cita las soberanas de las uniones de los estados, equipos y asociaciones de M\u00e9xico y Estados Unidos, as\u00ed como ex reinas nacionales encabezando el cortejo la Reina Nacional de cada edici\u00f3n.<\/p>\n\n\n\n<p>\u201cEs un espacio donde la familia Charra convive cada a\u00f1o portando con orgullo los trajes de etiqueta Charra. Dentro del protocolo se da el desfile de las reinas, mensajes alusivos de autoridades y el vals de las reinas con sus acompa\u00f1antes, cerrando con la ejecuci\u00f3n del Jarabe Tapat\u00edo por parte de la soberana nacional\u201d, explic\u00f3 Jos\u00e9 Antonio Salcedo L\u00f3pez, presidente de la Federaci\u00f3n Mexicana de Charrer\u00eda (FMCH).<\/p>\n\n\n\n<p>Por su parte, el Gobernador Gallardo Cardona agradeci\u00f3 la invitaci\u00f3n a este evento que celebra la amistad, la fraternidad y la igualdad que se vive en la charrer\u00eda, \u201cesta es la noche en la que celebramos la participaci\u00f3n de ellas en el deporte nacional\u201d.<\/p>\n\n\n\n<p>Adem\u00e1s, agradeci\u00f3 a Salcedo L\u00f3pez y a la Federaci\u00f3n, por la distinci\u00f3n y el honor de elegir a San Luis Potos\u00ed como sede este a\u00f1o: \u201ceste evento ha sido muy importante en nuestro prop\u00f3sito de reactivar nuestra econom\u00eda, promover nuestra riqueza cultural y difundir nuestras tradiciones, y adem\u00e1s, para contribuir en la conservaci\u00f3n y fomento de la charrer\u00eda\u201d.<\/p>\n","protected":false},"excerpt":{"rendered":"<p>&nbsp;El Gobernador afirm\u00f3 que las y los potosinos se sienten honrados por recibir el Torneo Nacional de Charrer\u00eda La noche<\/p>\n","protected":false},"author":2,"featured_media":2359,"comment_status":"closed","ping_status":"closed","sticky":false,"template":"","format":"standard","meta":{"footnotes":""},"categories":[25,30],"tags":[],"class_list":["post-2358","post","type-post","status-publish","format-standard","has-post-thumbnail","hentry","category-local","category-portada"],"yoast_head":"<!-- This site is optimized with the Yoast SEO plugin v24.1 - https:\/\/yoast.com\/wordpress\/plugins\/seo\/ -->\n<title>Familia Charra celebra baile de Reinas con Ricardo Gallardo como Invitado Especial - sanluisinforma.com<\/title>\n<meta name=\"robots\" content=\"index, follow, max-snippet:-1, max-image-preview:large, max-video-preview:-1\" \/>\n<link rel=\"canonical\" href=\"https:\/\/sanluisinforma.com\/?p=2358\" \/>\n<meta property=\"og:locale\" content=\"es_MX\" \/>\n<meta property=\"og:type\" content=\"article\" \/>\n<meta property=\"og:title\" content=\"Familia Charra celebra baile de Reinas con Ricardo Gallardo como Invitado Especial - sanluisinforma.com\" \/>\n<meta property=\"og:description\" content=\"&nbsp;El Gobernador afirm\u00f3 que las y los potosinos se sienten honrados por recibir el Torneo Nacional de Charrer\u00eda La noche\" \/>\n<meta property=\"og:url\" content=\"https:\/\/sanluisinforma.com\/?p=2358\" \/>\n<meta property=\"og:site_name\" content=\"sanluisinforma.com\" \/>\n<meta property=\"article:published_time\" content=\"2023-11-19T06:58:00+00:00\" \/>\n<meta property=\"article:modified_time\" content=\"2023-11-19T02:18:16+00:00\" \/>\n<meta property=\"og:image\" content=\"https:\/\/sanluisinforma.com\/wp-content\/uploads\/2023\/11\/4869fb75-2970-4776-be73-a9f41cf6cf39.jpg\" \/>\n\t<meta property=\"og:image:width\" content=\"520\" \/>\n\t<meta property=\"og:image:height\" content=\"346\" \/>\n\t<meta property=\"og:image:type\" content=\"image\/jpeg\" \/>\n<meta name=\"author\" content=\"sanluisinforma.com\" \/>\n<meta name=\"twitter:card\" content=\"summary_large_image\" \/>\n<meta name=\"twitter:label1\" content=\"Escrito por\" \/>\n\t<meta name=\"twitter:data1\" content=\"sanluisinforma.com\" \/>\n\t<meta name=\"twitter:label2\" content=\"Tiempo de lectura\" \/>\n\t<meta name=\"twitter:data2\" content=\"2 minutos\" \/>\n<script type=\"application\/ld+json\" class=\"yoast-schema-graph\">{\"@context\":\"https:\/\/schema.org\",\"@graph\":[{\"@type\":\"Article\",\"@id\":\"https:\/\/sanluisinforma.com\/?p=2358#article\",\"isPartOf\":{\"@id\":\"https:\/\/sanluisinforma.com\/?p=2358\"},\"author\":{\"name\":\"sanluisinforma.com\",\"@id\":\"https:\/\/sanluisinforma.com\/#\/schema\/person\/c30648f71476be533b6f59d092905c8b\"},\"headline\":\"Familia Charra celebra baile de Reinas con Ricardo Gallardo como Invitado Especial\",\"datePublished\":\"2023-11-19T06:58:00+00:00\",\"dateModified\":\"2023-11-19T02:18:16+00:00\",\"mainEntityOfPage\":{\"@id\":\"https:\/\/sanluisinforma.com\/?p=2358\"},\"wordCount\":328,\"publisher\":{\"@id\":\"https:\/\/sanluisinforma.com\/#organization\"},\"image\":{\"@id\":\"https:\/\/sanluisinforma.com\/?p=2358#primaryimage\"},\"thumbnailUrl\":\"https:\/\/sanluisinforma.com\/wp-content\/uploads\/2023\/11\/4869fb75-2970-4776-be73-a9f41cf6cf39.jpg\",\"articleSection\":[\"Local\",\"Portada\"],\"inLanguage\":\"es\"},{\"@type\":\"WebPage\",\"@id\":\"https:\/\/sanluisinforma.com\/?p=2358\",\"url\":\"https:\/\/sanluisinforma.com\/?p=2358\",\"name\":\"Familia Charra celebra baile de Reinas con Ricardo Gallardo como Invitado Especial - sanluisinforma.com\",\"isPartOf\":{\"@id\":\"https:\/\/sanluisinforma.com\/#website\"},\"primaryImageOfPage\":{\"@id\":\"https:\/\/sanluisinforma.com\/?p=2358#primaryimage\"},\"image\":{\"@id\":\"https:\/\/sanluisinforma.com\/?p=2358#primaryimage\"},\"thumbnailUrl\":\"https:\/\/sanluisinforma.com\/wp-content\/uploads\/2023\/11\/4869fb75-2970-4776-be73-a9f41cf6cf39.jpg\",\"datePublished\":\"2023-11-19T06:58:00+00:00\",\"dateModified\":\"2023-11-19T02:18:16+00:00\",\"breadcrumb\":{\"@id\":\"https:\/\/sanluisinforma.com\/?p=2358#breadcrumb\"},\"inLanguage\":\"es\",\"potentialAction\":[{\"@type\":\"ReadAction\",\"target\":[\"https:\/\/sanluisinforma.com\/?p=2358\"]}]},{\"@type\":\"ImageObject\",\"inLanguage\":\"es\",\"@id\":\"https:\/\/sanluisinforma.com\/?p=2358#primaryimage\",\"url\":\"https:\/\/sanluisinforma.com\/wp-content\/uploads\/2023\/11\/4869fb75-2970-4776-be73-a9f41cf6cf39.jpg\",\"contentUrl\":\"https:\/\/sanluisinforma.com\/wp-content\/uploads\/2023\/11\/4869fb75-2970-4776-be73-a9f41cf6cf39.jpg\",\"width\":520,\"height\":346},{\"@type\":\"BreadcrumbList\",\"@id\":\"https:\/\/sanluisinforma.com\/?p=2358#breadcrumb\",\"itemListElement\":[{\"@type\":\"ListItem\",\"position\":1,\"name\":\"Inicio\",\"item\":\"https:\/\/sanluisinforma.com\/\"},{\"@type\":\"ListItem\",\"position\":2,\"name\":\"Familia Charra celebra baile de Reinas con Ricardo Gallardo como Invitado Especial\"}]},{\"@type\":\"WebSite\",\"@id\":\"https:\/\/sanluisinforma.com\/#website\",\"url\":\"https:\/\/sanluisinforma.com\/\",\"name\":\"sanluisinforma.com\",\"description\":\"Periodico San Luis Informa\",\"publisher\":{\"@id\":\"https:\/\/sanluisinforma.com\/#organization\"},\"potentialAction\":[{\"@type\":\"SearchAction\",\"target\":{\"@type\":\"EntryPoint\",\"urlTemplate\":\"https:\/\/sanluisinforma.com\/?s={search_term_string}\"},\"query-input\":{\"@type\":\"PropertyValueSpecification\",\"valueRequired\":true,\"valueName\":\"search_term_string\"}}],\"inLanguage\":\"es\"},{\"@type\":\"Organization\",\"@id\":\"https:\/\/sanluisinforma.com\/#organization\",\"name\":\"sanluisinforma.com\",\"url\":\"https:\/\/sanluisinforma.com\/\",\"logo\":{\"@type\":\"ImageObject\",\"inLanguage\":\"es\",\"@id\":\"https:\/\/sanluisinforma.com\/#\/schema\/logo\/image\/\",\"url\":\"https:\/\/sanluisinforma.com\/wp-content\/uploads\/2026\/03\/sanluisinforma-V.jpg\",\"contentUrl\":\"https:\/\/sanluisinforma.com\/wp-content\/uploads\/2026\/03\/sanluisinforma-V.jpg\",\"width\":500,\"height\":156,\"caption\":\"sanluisinforma.com\"},\"image\":{\"@id\":\"https:\/\/sanluisinforma.com\/#\/schema\/logo\/image\/\"}},{\"@type\":\"Person\",\"@id\":\"https:\/\/sanluisinforma.com\/#\/schema\/person\/c30648f71476be533b6f59d092905c8b\",\"name\":\"sanluisinforma.com\",\"image\":{\"@type\":\"ImageObject\",\"inLanguage\":\"es\",\"@id\":\"https:\/\/sanluisinforma.com\/#\/schema\/person\/image\/\",\"url\":\"https:\/\/secure.gravatar.com\/avatar\/86e3114e34a1eecefb963e0a02f0093f93b092dddb2fe1517596343751081a87?s=96&d=mm&r=g\",\"contentUrl\":\"https:\/\/secure.gravatar.com\/avatar\/86e3114e34a1eecefb963e0a02f0093f93b092dddb2fe1517596343751081a87?s=96&d=mm&r=g\",\"caption\":\"sanluisinforma.com\"},\"url\":\"https:\/\/sanluisinforma.com\/?author=2\"}]}<\/script>\n<!-- \/ Yoast SEO plugin. -->","yoast_head_json":{"title":"Familia Charra celebra baile de Reinas con Ricardo Gallardo como Invitado Especial - sanluisinforma.com","robots":{"index":"index","follow":"follow","max-snippet":"max-snippet:-1","max-image-preview":"max-image-preview:large","max-video-preview":"max-video-preview:-1"},"canonical":"https:\/\/sanluisinforma.com\/?p=2358","og_locale":"es_MX","og_type":"article","og_title":"Familia Charra celebra baile de Reinas con Ricardo Gallardo como Invitado Especial - sanluisinforma.com","og_description":"&nbsp;El Gobernador afirm\u00f3 que las y los potosinos se sienten honrados por recibir el Torneo Nacional de Charrer\u00eda La noche","og_url":"https:\/\/sanluisinforma.com\/?p=2358","og_site_name":"sanluisinforma.com","article_published_time":"2023-11-19T06:58:00+00:00","article_modified_time":"2023-11-19T02:18:16+00:00","og_image":[{"width":520,"height":346,"url":"https:\/\/sanluisinforma.com\/wp-content\/uploads\/2023\/11\/4869fb75-2970-4776-be73-a9f41cf6cf39.jpg","type":"image\/jpeg"}],"author":"sanluisinforma.com","twitter_card":"summary_large_image","twitter_misc":{"Escrito por":"sanluisinforma.com","Tiempo de lectura":"2 minutos"},"schema":{"@context":"https:\/\/schema.org","@graph":[{"@type":"Article","@id":"https:\/\/sanluisinforma.com\/?p=2358#article","isPartOf":{"@id":"https:\/\/sanluisinforma.com\/?p=2358"},"author":{"name":"sanluisinforma.com","@id":"https:\/\/sanluisinforma.com\/#\/schema\/person\/c30648f71476be533b6f59d092905c8b"},"headline":"Familia Charra celebra baile de Reinas con Ricardo Gallardo como Invitado Especial","datePublished":"2023-11-19T06:58:00+00:00","dateModified":"2023-11-19T02:18:16+00:00","mainEntityOfPage":{"@id":"https:\/\/sanluisinforma.com\/?p=2358"},"wordCount":328,"publisher":{"@id":"https:\/\/sanluisinforma.com\/#organization"},"image":{"@id":"https:\/\/sanluisinforma.com\/?p=2358#primaryimage"},"thumbnailUrl":"https:\/\/sanluisinforma.com\/wp-content\/uploads\/2023\/11\/4869fb75-2970-4776-be73-a9f41cf6cf39.jpg","articleSection":["Local","Portada"],"inLanguage":"es"},{"@type":"WebPage","@id":"https:\/\/sanluisinforma.com\/?p=2358","url":"https:\/\/sanluisinforma.com\/?p=2358","name":"Familia Charra celebra baile de Reinas con Ricardo Gallardo como Invitado Especial - sanluisinforma.com","isPartOf":{"@id":"https:\/\/sanluisinforma.com\/#website"},"primaryImageOfPage":{"@id":"https:\/\/sanluisinforma.com\/?p=2358#primaryimage"},"image":{"@id":"https:\/\/sanluisinforma.com\/?p=2358#primaryimage"},"thumbnailUrl":"https:\/\/sanluisinforma.com\/wp-content\/uploads\/2023\/11\/4869fb75-2970-4776-be73-a9f41cf6cf39.jpg","datePublished":"2023-11-19T06:58:00+00:00","dateModified":"2023-11-19T02:18:16+00:00","breadcrumb":{"@id":"https:\/\/sanluisinforma.com\/?p=2358#breadcrumb"},"inLanguage":"es","potentialAction":[{"@type":"ReadAction","target":["https:\/\/sanluisinforma.com\/?p=2358"]}]},{"@type":"ImageObject","inLanguage":"es","@id":"https:\/\/sanluisinforma.com\/?p=2358#primaryimage","url":"https:\/\/sanluisinforma.com\/wp-content\/uploads\/2023\/11\/4869fb75-2970-4776-be73-a9f41cf6cf39.jpg","contentUrl":"https:\/\/sanluisinforma.com\/wp-content\/uploads\/2023\/11\/4869fb75-2970-4776-be73-a9f41cf6cf39.jpg","width":520,"height":346},{"@type":"BreadcrumbList","@id":"https:\/\/sanluisinforma.com\/?p=2358#breadcrumb","itemListElement":[{"@type":"ListItem","position":1,"name":"Inicio","item":"https:\/\/sanluisinforma.com\/"},{"@type":"ListItem","position":2,"name":"Familia Charra celebra baile de Reinas con Ricardo Gallardo como Invitado Especial"}]},{"@type":"WebSite","@id":"https:\/\/sanluisinforma.com\/#website","url":"https:\/\/sanluisinforma.com\/","name":"sanluisinforma.com","description":"Periodico San Luis Informa","publisher":{"@id":"https:\/\/sanluisinforma.com\/#organization"},"potentialAction":[{"@type":"SearchAction","target":{"@type":"EntryPoint","urlTemplate":"https:\/\/sanluisinforma.com\/?s={search_term_string}"},"query-input":{"@type":"PropertyValueSpecification","valueRequired":true,"valueName":"search_term_string"}}],"inLanguage":"es"},{"@type":"Organization","@id":"https:\/\/sanluisinforma.com\/#organization","name":"sanluisinforma.com","url":"https:\/\/sanluisinforma.com\/","logo":{"@type":"ImageObject","inLanguage":"es","@id":"https:\/\/sanluisinforma.com\/#\/schema\/logo\/image\/","url":"https:\/\/sanluisinforma.com\/wp-content\/uploads\/2026\/03\/sanluisinforma-V.jpg","contentUrl":"https:\/\/sanluisinforma.com\/wp-content\/uploads\/2026\/03\/sanluisinforma-V.jpg","width":500,"height":156,"caption":"sanluisinforma.com"},"image":{"@id":"https:\/\/sanluisinforma.com\/#\/schema\/logo\/image\/"}},{"@type":"Person","@id":"https:\/\/sanluisinforma.com\/#\/schema\/person\/c30648f71476be533b6f59d092905c8b","name":"sanluisinforma.com","image":{"@type":"ImageObject","inLanguage":"es","@id":"https:\/\/sanluisinforma.com\/#\/schema\/person\/image\/","url":"https:\/\/secure.gravatar.com\/avatar\/86e3114e34a1eecefb963e0a02f0093f93b092dddb2fe1517596343751081a87?s=96&d=mm&r=g","contentUrl":"https:\/\/secure.gravatar.com\/avatar\/86e3114e34a1eecefb963e0a02f0093f93b092dddb2fe1517596343751081a87?s=96&d=mm&r=g","caption":"sanluisinforma.com"},"url":"https:\/\/sanluisinforma.com\/?author=2"}]}},"_links":{"self":[{"href":"https:\/\/sanluisinforma.com\/index.php?rest_route=\/wp\/v2\/posts\/2358","targetHints":{"allow":["GET"]}}],"collection":[{"href":"https:\/\/sanluisinforma.com\/index.php?rest_route=\/wp\/v2\/posts"}],"about":[{"href":"https:\/\/sanluisinforma.com\/index.php?rest_route=\/wp\/v2\/types\/post"}],"author":[{"embeddable":true,"href":"https:\/\/sanluisinforma.com\/index.php?rest_route=\/wp\/v2\/users\/2"}],"replies":[{"embeddable":true,"href":"https:\/\/sanluisinforma.com\/index.php?rest_route=%2Fwp%2Fv2%2Fcomments&post=2358"}],"version-history":[{"count":1,"href":"https:\/\/sanluisinforma.com\/index.php?rest_route=\/wp\/v2\/posts\/2358\/revisions"}],"predecessor-version":[{"id":2360,"href":"https:\/\/sanluisinforma.com\/index.php?rest_route=\/wp\/v2\/posts\/2358\/revisions\/2360"}],"wp:featuredmedia":[{"embeddable":true,"href":"https:\/\/sanluisinforma.com\/index.php?rest_route=\/wp\/v2\/media\/2359"}],"wp:attachment":[{"href":"https:\/\/sanluisinforma.com\/index.php?rest_route=%2Fwp%2Fv2%2Fmedia&parent=2358"}],"wp:term":[{"taxonomy":"category","embeddable":true,"href":"https:\/\/sanluisinforma.com\/index.php?rest_route=%2Fwp%2Fv2%2Fcategories&post=2358"},{"taxonomy":"post_tag","embeddable":true,"href":"https:\/\/sanluisinforma.com\/index.php?rest_route=%2Fwp%2Fv2%2Ftags&post=2358"}],"curies":[{"name":"wp","href":"https:\/\/api.w.org\/{rel}","templated":true}]}}