{"id":2397,"date":"2023-11-19T22:07:56","date_gmt":"2023-11-20T04:07:56","guid":{"rendered":"https:\/\/sanluisinforma.com\/?p=2397"},"modified":"2023-11-19T22:07:56","modified_gmt":"2023-11-20T04:07:56","slug":"javier-milei-nuevo-presidente-de-argentina-la-ultraderecha-al-poder","status":"publish","type":"post","link":"https:\/\/sanluisinforma.com\/?p=2397","title":{"rendered":"Javier Milei nuevo presidente de Argentina; La\u00a0 ultraderecha\u00a0 al poder"},"content":{"rendered":"\n<p>Logr\u00f3 el 55.79% de los votos frente al 44.20% de Massa, seg\u00fan los datos de &nbsp;escrutinio aventajado &nbsp;al 94.7% de los sufragios<\/p>\n\n\n\n<p>\u00a0 Agencias. El candidato del ultraderechista La Libertad Avanza (LLA), Javier Milei, gan\u00f3\u00a0 en la segunda vuelta de las elecciones presidenciales celebrada este domingo, al llegar \u00a0con 55.7 por ciento de los votos, mientras el abanderado de la oficialista Uni\u00f3n por la Patria, Sergio Massa, logr\u00f3 44.3 por ciento, escrutados 99.3 por ciento de los sufragios.<\/p>\n\n\n\n<p>El ganador advirti\u00f3: \u201cno hay lugar para medias tintas\u201d, &nbsp;\u201clos cambios que nuestro pa\u00eds necesita son dr\u00e1sticos\u201d,&nbsp; record\u00f3 &nbsp;desequilibrio fiscal, hiperinflaci\u00f3n (la inflaci\u00f3n interanual es de 142.7 por ciento) y problemas en el mercado de cambios.<\/p>\n\n\n\n<p>Dijo que el futuro de&nbsp; Argentina es liberal.<\/p>\n\n\n\n<p>Por su parte, Massa reconoci\u00f3 su derrota; felicite al ganador, que gobernara por cuatro a\u00f1os<\/p>\n","protected":false},"excerpt":{"rendered":"<p>Logr\u00f3 el 55.79% de los votos frente al 44.20% de Massa, seg\u00fan los datos de &nbsp;escrutinio aventajado &nbsp;al 94.7% de<\/p>\n","protected":false},"author":2,"featured_media":0,"comment_status":"closed","ping_status":"closed","sticky":false,"template":"","format":"standard","meta":{"footnotes":""},"categories":[28],"tags":[],"class_list":["post-2397","post","type-post","status-publish","format-standard","hentry","category-internacional"],"yoast_head":"<!-- This site is optimized with the Yoast SEO plugin v24.1 - https:\/\/yoast.com\/wordpress\/plugins\/seo\/ -->\n<title>Javier Milei nuevo presidente de Argentina; La\u00a0 ultraderecha\u00a0 al poder - sanluisinforma.com<\/title>\n<meta name=\"robots\" content=\"index, follow, max-snippet:-1, max-image-preview:large, max-video-preview:-1\" \/>\n<link rel=\"canonical\" href=\"https:\/\/sanluisinforma.com\/?p=2397\" \/>\n<meta property=\"og:locale\" content=\"es_MX\" \/>\n<meta property=\"og:type\" content=\"article\" \/>\n<meta property=\"og:title\" content=\"Javier Milei nuevo presidente de Argentina; La\u00a0 ultraderecha\u00a0 al poder - sanluisinforma.com\" \/>\n<meta property=\"og:description\" content=\"Logr\u00f3 el 55.79% de los votos frente al 44.20% de Massa, seg\u00fan los datos de &nbsp;escrutinio aventajado &nbsp;al 94.7% de\" \/>\n<meta property=\"og:url\" content=\"https:\/\/sanluisinforma.com\/?p=2397\" \/>\n<meta property=\"og:site_name\" content=\"sanluisinforma.com\" \/>\n<meta property=\"article:published_time\" content=\"2023-11-20T04:07:56+00:00\" \/>\n<meta name=\"author\" content=\"sanluisinforma.com\" \/>\n<meta name=\"twitter:card\" content=\"summary_large_image\" \/>\n<meta name=\"twitter:label1\" content=\"Escrito por\" \/>\n\t<meta name=\"twitter:data1\" content=\"sanluisinforma.com\" \/>\n\t<meta name=\"twitter:label2\" content=\"Tiempo de lectura\" \/>\n\t<meta name=\"twitter:data2\" content=\"1 minuto\" \/>\n<script type=\"application\/ld+json\" class=\"yoast-schema-graph\">{\"@context\":\"https:\/\/schema.org\",\"@graph\":[{\"@type\":\"Article\",\"@id\":\"https:\/\/sanluisinforma.com\/?p=2397#article\",\"isPartOf\":{\"@id\":\"https:\/\/sanluisinforma.com\/?p=2397\"},\"author\":{\"name\":\"sanluisinforma.com\",\"@id\":\"https:\/\/sanluisinforma.com\/#\/schema\/person\/c30648f71476be533b6f59d092905c8b\"},\"headline\":\"Javier Milei nuevo presidente de Argentina; La\u00a0 ultraderecha\u00a0 al poder\",\"datePublished\":\"2023-11-20T04:07:56+00:00\",\"dateModified\":\"2023-11-20T04:07:56+00:00\",\"mainEntityOfPage\":{\"@id\":\"https:\/\/sanluisinforma.com\/?p=2397\"},\"wordCount\":152,\"publisher\":{\"@id\":\"https:\/\/sanluisinforma.com\/#organization\"},\"articleSection\":[\"Internacional\"],\"inLanguage\":\"es\"},{\"@type\":\"WebPage\",\"@id\":\"https:\/\/sanluisinforma.com\/?p=2397\",\"url\":\"https:\/\/sanluisinforma.com\/?p=2397\",\"name\":\"Javier Milei nuevo presidente de Argentina; La\u00a0 ultraderecha\u00a0 al poder - sanluisinforma.com\",\"isPartOf\":{\"@id\":\"https:\/\/sanluisinforma.com\/#website\"},\"datePublished\":\"2023-11-20T04:07:56+00:00\",\"dateModified\":\"2023-11-20T04:07:56+00:00\",\"breadcrumb\":{\"@id\":\"https:\/\/sanluisinforma.com\/?p=2397#breadcrumb\"},\"inLanguage\":\"es\",\"potentialAction\":[{\"@type\":\"ReadAction\",\"target\":[\"https:\/\/sanluisinforma.com\/?p=2397\"]}]},{\"@type\":\"BreadcrumbList\",\"@id\":\"https:\/\/sanluisinforma.com\/?p=2397#breadcrumb\",\"itemListElement\":[{\"@type\":\"ListItem\",\"position\":1,\"name\":\"Inicio\",\"item\":\"https:\/\/sanluisinforma.com\/\"},{\"@type\":\"ListItem\",\"position\":2,\"name\":\"Javier Milei nuevo presidente de Argentina; La\u00a0 ultraderecha\u00a0 al poder\"}]},{\"@type\":\"WebSite\",\"@id\":\"https:\/\/sanluisinforma.com\/#website\",\"url\":\"https:\/\/sanluisinforma.com\/\",\"name\":\"sanluisinforma.com\",\"description\":\"Periodico San Luis Informa\",\"publisher\":{\"@id\":\"https:\/\/sanluisinforma.com\/#organization\"},\"potentialAction\":[{\"@type\":\"SearchAction\",\"target\":{\"@type\":\"EntryPoint\",\"urlTemplate\":\"https:\/\/sanluisinforma.com\/?s={search_term_string}\"},\"query-input\":{\"@type\":\"PropertyValueSpecification\",\"valueRequired\":true,\"valueName\":\"search_term_string\"}}],\"inLanguage\":\"es\"},{\"@type\":\"Organization\",\"@id\":\"https:\/\/sanluisinforma.com\/#organization\",\"name\":\"sanluisinforma.com\",\"url\":\"https:\/\/sanluisinforma.com\/\",\"logo\":{\"@type\":\"ImageObject\",\"inLanguage\":\"es\",\"@id\":\"https:\/\/sanluisinforma.com\/#\/schema\/logo\/image\/\",\"url\":\"https:\/\/sanluisinforma.com\/wp-content\/uploads\/2026\/03\/sanluisinforma-V.jpg\",\"contentUrl\":\"https:\/\/sanluisinforma.com\/wp-content\/uploads\/2026\/03\/sanluisinforma-V.jpg\",\"width\":500,\"height\":156,\"caption\":\"sanluisinforma.com\"},\"image\":{\"@id\":\"https:\/\/sanluisinforma.com\/#\/schema\/logo\/image\/\"}},{\"@type\":\"Person\",\"@id\":\"https:\/\/sanluisinforma.com\/#\/schema\/person\/c30648f71476be533b6f59d092905c8b\",\"name\":\"sanluisinforma.com\",\"image\":{\"@type\":\"ImageObject\",\"inLanguage\":\"es\",\"@id\":\"https:\/\/sanluisinforma.com\/#\/schema\/person\/image\/\",\"url\":\"https:\/\/secure.gravatar.com\/avatar\/86e3114e34a1eecefb963e0a02f0093f93b092dddb2fe1517596343751081a87?s=96&d=mm&r=g\",\"contentUrl\":\"https:\/\/secure.gravatar.com\/avatar\/86e3114e34a1eecefb963e0a02f0093f93b092dddb2fe1517596343751081a87?s=96&d=mm&r=g\",\"caption\":\"sanluisinforma.com\"},\"url\":\"https:\/\/sanluisinforma.com\/?author=2\"}]}<\/script>\n<!-- \/ Yoast SEO plugin. -->","yoast_head_json":{"title":"Javier Milei nuevo presidente de Argentina; La\u00a0 ultraderecha\u00a0 al poder - sanluisinforma.com","robots":{"index":"index","follow":"follow","max-snippet":"max-snippet:-1","max-image-preview":"max-image-preview:large","max-video-preview":"max-video-preview:-1"},"canonical":"https:\/\/sanluisinforma.com\/?p=2397","og_locale":"es_MX","og_type":"article","og_title":"Javier Milei nuevo presidente de Argentina; La\u00a0 ultraderecha\u00a0 al poder - sanluisinforma.com","og_description":"Logr\u00f3 el 55.79% de los votos frente al 44.20% de Massa, seg\u00fan los datos de &nbsp;escrutinio aventajado &nbsp;al 94.7% de","og_url":"https:\/\/sanluisinforma.com\/?p=2397","og_site_name":"sanluisinforma.com","article_published_time":"2023-11-20T04:07:56+00:00","author":"sanluisinforma.com","twitter_card":"summary_large_image","twitter_misc":{"Escrito por":"sanluisinforma.com","Tiempo de lectura":"1 minuto"},"schema":{"@context":"https:\/\/schema.org","@graph":[{"@type":"Article","@id":"https:\/\/sanluisinforma.com\/?p=2397#article","isPartOf":{"@id":"https:\/\/sanluisinforma.com\/?p=2397"},"author":{"name":"sanluisinforma.com","@id":"https:\/\/sanluisinforma.com\/#\/schema\/person\/c30648f71476be533b6f59d092905c8b"},"headline":"Javier Milei nuevo presidente de Argentina; La\u00a0 ultraderecha\u00a0 al poder","datePublished":"2023-11-20T04:07:56+00:00","dateModified":"2023-11-20T04:07:56+00:00","mainEntityOfPage":{"@id":"https:\/\/sanluisinforma.com\/?p=2397"},"wordCount":152,"publisher":{"@id":"https:\/\/sanluisinforma.com\/#organization"},"articleSection":["Internacional"],"inLanguage":"es"},{"@type":"WebPage","@id":"https:\/\/sanluisinforma.com\/?p=2397","url":"https:\/\/sanluisinforma.com\/?p=2397","name":"Javier Milei nuevo presidente de Argentina; La\u00a0 ultraderecha\u00a0 al poder - sanluisinforma.com","isPartOf":{"@id":"https:\/\/sanluisinforma.com\/#website"},"datePublished":"2023-11-20T04:07:56+00:00","dateModified":"2023-11-20T04:07:56+00:00","breadcrumb":{"@id":"https:\/\/sanluisinforma.com\/?p=2397#breadcrumb"},"inLanguage":"es","potentialAction":[{"@type":"ReadAction","target":["https:\/\/sanluisinforma.com\/?p=2397"]}]},{"@type":"BreadcrumbList","@id":"https:\/\/sanluisinforma.com\/?p=2397#breadcrumb","itemListElement":[{"@type":"ListItem","position":1,"name":"Inicio","item":"https:\/\/sanluisinforma.com\/"},{"@type":"ListItem","position":2,"name":"Javier Milei nuevo presidente de Argentina; La\u00a0 ultraderecha\u00a0 al poder"}]},{"@type":"WebSite","@id":"https:\/\/sanluisinforma.com\/#website","url":"https:\/\/sanluisinforma.com\/","name":"sanluisinforma.com","description":"Periodico San Luis Informa","publisher":{"@id":"https:\/\/sanluisinforma.com\/#organization"},"potentialAction":[{"@type":"SearchAction","target":{"@type":"EntryPoint","urlTemplate":"https:\/\/sanluisinforma.com\/?s={search_term_string}"},"query-input":{"@type":"PropertyValueSpecification","valueRequired":true,"valueName":"search_term_string"}}],"inLanguage":"es"},{"@type":"Organization","@id":"https:\/\/sanluisinforma.com\/#organization","name":"sanluisinforma.com","url":"https:\/\/sanluisinforma.com\/","logo":{"@type":"ImageObject","inLanguage":"es","@id":"https:\/\/sanluisinforma.com\/#\/schema\/logo\/image\/","url":"https:\/\/sanluisinforma.com\/wp-content\/uploads\/2026\/03\/sanluisinforma-V.jpg","contentUrl":"https:\/\/sanluisinforma.com\/wp-content\/uploads\/2026\/03\/sanluisinforma-V.jpg","width":500,"height":156,"caption":"sanluisinforma.com"},"image":{"@id":"https:\/\/sanluisinforma.com\/#\/schema\/logo\/image\/"}},{"@type":"Person","@id":"https:\/\/sanluisinforma.com\/#\/schema\/person\/c30648f71476be533b6f59d092905c8b","name":"sanluisinforma.com","image":{"@type":"ImageObject","inLanguage":"es","@id":"https:\/\/sanluisinforma.com\/#\/schema\/person\/image\/","url":"https:\/\/secure.gravatar.com\/avatar\/86e3114e34a1eecefb963e0a02f0093f93b092dddb2fe1517596343751081a87?s=96&d=mm&r=g","contentUrl":"https:\/\/secure.gravatar.com\/avatar\/86e3114e34a1eecefb963e0a02f0093f93b092dddb2fe1517596343751081a87?s=96&d=mm&r=g","caption":"sanluisinforma.com"},"url":"https:\/\/sanluisinforma.com\/?author=2"}]}},"_links":{"self":[{"href":"https:\/\/sanluisinforma.com\/index.php?rest_route=\/wp\/v2\/posts\/2397","targetHints":{"allow":["GET"]}}],"collection":[{"href":"https:\/\/sanluisinforma.com\/index.php?rest_route=\/wp\/v2\/posts"}],"about":[{"href":"https:\/\/sanluisinforma.com\/index.php?rest_route=\/wp\/v2\/types\/post"}],"author":[{"embeddable":true,"href":"https:\/\/sanluisinforma.com\/index.php?rest_route=\/wp\/v2\/users\/2"}],"replies":[{"embeddable":true,"href":"https:\/\/sanluisinforma.com\/index.php?rest_route=%2Fwp%2Fv2%2Fcomments&post=2397"}],"version-history":[{"count":1,"href":"https:\/\/sanluisinforma.com\/index.php?rest_route=\/wp\/v2\/posts\/2397\/revisions"}],"predecessor-version":[{"id":2398,"href":"https:\/\/sanluisinforma.com\/index.php?rest_route=\/wp\/v2\/posts\/2397\/revisions\/2398"}],"wp:attachment":[{"href":"https:\/\/sanluisinforma.com\/index.php?rest_route=%2Fwp%2Fv2%2Fmedia&parent=2397"}],"wp:term":[{"taxonomy":"category","embeddable":true,"href":"https:\/\/sanluisinforma.com\/index.php?rest_route=%2Fwp%2Fv2%2Fcategories&post=2397"},{"taxonomy":"post_tag","embeddable":true,"href":"https:\/\/sanluisinforma.com\/index.php?rest_route=%2Fwp%2Fv2%2Ftags&post=2397"}],"curies":[{"name":"wp","href":"https:\/\/api.w.org\/{rel}","templated":true}]}}