{"id":2593,"date":"2023-12-01T00:55:00","date_gmt":"2023-12-01T06:55:00","guid":{"rendered":"https:\/\/sanluisinforma.com\/?p=2593"},"modified":"2023-11-30T22:41:44","modified_gmt":"2023-12-01T04:41:44","slug":"dif-estatal-concluye-con-exito-ferias-de-la-salud-2023","status":"publish","type":"post","link":"https:\/\/sanluisinforma.com\/?p=2593","title":{"rendered":"DIF Estatal concluye con \u00e9xito Ferias de la salud 2023"},"content":{"rendered":"\n<p>&nbsp;En Villa de Arriaga, Ruth Gonz\u00e1lez Silva afirm\u00f3 que en dos a\u00f1os el programa ha brindado apoyo a 40 mil personas de 30 municipios<\/p>\n\n\n\n<p>El Sistema Estatal para el Desarrollo Integral de la Familia (DIF), concluy\u00f3 en Villa de Arriaga con las Ferias de la Salud 2023, que ya han beneficiado a 40 mil personas de 30 municipios de las cuatro regiones del Estado en dos a\u00f1os, con apoyo en consultas m\u00e9dicas, medicamentos, estudios, medicina preventiva, vacunas y orientaci\u00f3n nutricional gratuita.<\/p>\n\n\n\n<p>En la comunidad La Laborcilla, la presidenta honoraria del DIF, Ruth Gonz\u00e1lez Silva, afirm\u00f3 que San Luis Potos\u00ed ya despeg\u00f3 hacia un desarrollo integral y pleno de las familias, al acercar a los rincones m\u00e1s apartados los servicios m\u00e9dicos gratuitos, sumado a la entrega de sillas de ruedas, andaderas, bastones y carriolas para personas con discapacidad, adem\u00e1s de la distribuci\u00f3n de kits menstruales y cobijas.<\/p>\n\n\n\n<p>Dijo que, por instrucci\u00f3n del Gobernador Ricardo Gallardo Cardona, en estas ferias se realiza un trabajo interinstitucional al colaborar con dependencias como los Servicios de Salud, el Instituto Mexicano del Seguro Social (IMSS) y la XII Zona Militar.<\/p>\n\n\n\n<p>Durante el evento en Villa de Arriaga, Gonz\u00e1lez Silva, llev\u00f3 alegr\u00eda a las ni\u00f1as y ni\u00f1os de La Laborcilla con la distribuci\u00f3n de los juguetes como parte del programa &#8220;Regalos con Amor&#8221;, para brindar a las y los infantes momentos de felicidad en la temporada decembrina que est\u00e1 en puerta.<\/p>\n","protected":false},"excerpt":{"rendered":"<p>&nbsp;En Villa de Arriaga, Ruth Gonz\u00e1lez Silva afirm\u00f3 que en dos a\u00f1os el programa ha brindado apoyo a 40 mil<\/p>\n","protected":false},"author":2,"featured_media":2594,"comment_status":"closed","ping_status":"closed","sticky":false,"template":"","format":"standard","meta":{"footnotes":""},"categories":[25,30],"tags":[],"class_list":["post-2593","post","type-post","status-publish","format-standard","has-post-thumbnail","hentry","category-local","category-portada"],"yoast_head":"<!-- This site is optimized with the Yoast SEO plugin v24.1 - https:\/\/yoast.com\/wordpress\/plugins\/seo\/ -->\n<title>DIF Estatal concluye con \u00e9xito Ferias de la salud 2023 - sanluisinforma.com<\/title>\n<meta name=\"robots\" content=\"index, follow, max-snippet:-1, max-image-preview:large, max-video-preview:-1\" \/>\n<link rel=\"canonical\" href=\"https:\/\/sanluisinforma.com\/?p=2593\" \/>\n<meta property=\"og:locale\" content=\"es_MX\" \/>\n<meta property=\"og:type\" content=\"article\" \/>\n<meta property=\"og:title\" content=\"DIF Estatal concluye con \u00e9xito Ferias de la salud 2023 - sanluisinforma.com\" \/>\n<meta property=\"og:description\" content=\"&nbsp;En Villa de Arriaga, Ruth Gonz\u00e1lez Silva afirm\u00f3 que en dos a\u00f1os el programa ha brindado apoyo a 40 mil\" \/>\n<meta property=\"og:url\" content=\"https:\/\/sanluisinforma.com\/?p=2593\" \/>\n<meta property=\"og:site_name\" content=\"sanluisinforma.com\" \/>\n<meta property=\"article:published_time\" content=\"2023-12-01T06:55:00+00:00\" \/>\n<meta property=\"article:modified_time\" content=\"2023-12-01T04:41:44+00:00\" \/>\n<meta property=\"og:image\" content=\"https:\/\/sanluisinforma.com\/wp-content\/uploads\/2023\/11\/c2155a76-bde6-4cbd-bf70-91ca9854a959.jpg\" \/>\n\t<meta property=\"og:image:width\" content=\"520\" \/>\n\t<meta property=\"og:image:height\" content=\"346\" \/>\n\t<meta property=\"og:image:type\" content=\"image\/jpeg\" \/>\n<meta name=\"author\" content=\"sanluisinforma.com\" \/>\n<meta name=\"twitter:card\" content=\"summary_large_image\" \/>\n<meta name=\"twitter:label1\" content=\"Escrito por\" \/>\n\t<meta name=\"twitter:data1\" content=\"sanluisinforma.com\" \/>\n\t<meta name=\"twitter:label2\" content=\"Tiempo de lectura\" \/>\n\t<meta name=\"twitter:data2\" content=\"2 minutos\" \/>\n<script type=\"application\/ld+json\" class=\"yoast-schema-graph\">{\"@context\":\"https:\/\/schema.org\",\"@graph\":[{\"@type\":\"Article\",\"@id\":\"https:\/\/sanluisinforma.com\/?p=2593#article\",\"isPartOf\":{\"@id\":\"https:\/\/sanluisinforma.com\/?p=2593\"},\"author\":{\"name\":\"sanluisinforma.com\",\"@id\":\"https:\/\/sanluisinforma.com\/#\/schema\/person\/c30648f71476be533b6f59d092905c8b\"},\"headline\":\"DIF Estatal concluye con \u00e9xito Ferias de la salud 2023\",\"datePublished\":\"2023-12-01T06:55:00+00:00\",\"dateModified\":\"2023-12-01T04:41:44+00:00\",\"mainEntityOfPage\":{\"@id\":\"https:\/\/sanluisinforma.com\/?p=2593\"},\"wordCount\":255,\"publisher\":{\"@id\":\"https:\/\/sanluisinforma.com\/#organization\"},\"image\":{\"@id\":\"https:\/\/sanluisinforma.com\/?p=2593#primaryimage\"},\"thumbnailUrl\":\"https:\/\/sanluisinforma.com\/wp-content\/uploads\/2023\/11\/c2155a76-bde6-4cbd-bf70-91ca9854a959.jpg\",\"articleSection\":[\"Local\",\"Portada\"],\"inLanguage\":\"es\"},{\"@type\":\"WebPage\",\"@id\":\"https:\/\/sanluisinforma.com\/?p=2593\",\"url\":\"https:\/\/sanluisinforma.com\/?p=2593\",\"name\":\"DIF Estatal concluye con \u00e9xito Ferias de la salud 2023 - sanluisinforma.com\",\"isPartOf\":{\"@id\":\"https:\/\/sanluisinforma.com\/#website\"},\"primaryImageOfPage\":{\"@id\":\"https:\/\/sanluisinforma.com\/?p=2593#primaryimage\"},\"image\":{\"@id\":\"https:\/\/sanluisinforma.com\/?p=2593#primaryimage\"},\"thumbnailUrl\":\"https:\/\/sanluisinforma.com\/wp-content\/uploads\/2023\/11\/c2155a76-bde6-4cbd-bf70-91ca9854a959.jpg\",\"datePublished\":\"2023-12-01T06:55:00+00:00\",\"dateModified\":\"2023-12-01T04:41:44+00:00\",\"breadcrumb\":{\"@id\":\"https:\/\/sanluisinforma.com\/?p=2593#breadcrumb\"},\"inLanguage\":\"es\",\"potentialAction\":[{\"@type\":\"ReadAction\",\"target\":[\"https:\/\/sanluisinforma.com\/?p=2593\"]}]},{\"@type\":\"ImageObject\",\"inLanguage\":\"es\",\"@id\":\"https:\/\/sanluisinforma.com\/?p=2593#primaryimage\",\"url\":\"https:\/\/sanluisinforma.com\/wp-content\/uploads\/2023\/11\/c2155a76-bde6-4cbd-bf70-91ca9854a959.jpg\",\"contentUrl\":\"https:\/\/sanluisinforma.com\/wp-content\/uploads\/2023\/11\/c2155a76-bde6-4cbd-bf70-91ca9854a959.jpg\",\"width\":520,\"height\":346},{\"@type\":\"BreadcrumbList\",\"@id\":\"https:\/\/sanluisinforma.com\/?p=2593#breadcrumb\",\"itemListElement\":[{\"@type\":\"ListItem\",\"position\":1,\"name\":\"Inicio\",\"item\":\"https:\/\/sanluisinforma.com\/\"},{\"@type\":\"ListItem\",\"position\":2,\"name\":\"DIF Estatal concluye con \u00e9xito Ferias de la salud 2023\"}]},{\"@type\":\"WebSite\",\"@id\":\"https:\/\/sanluisinforma.com\/#website\",\"url\":\"https:\/\/sanluisinforma.com\/\",\"name\":\"sanluisinforma.com\",\"description\":\"Periodico San Luis Informa\",\"publisher\":{\"@id\":\"https:\/\/sanluisinforma.com\/#organization\"},\"potentialAction\":[{\"@type\":\"SearchAction\",\"target\":{\"@type\":\"EntryPoint\",\"urlTemplate\":\"https:\/\/sanluisinforma.com\/?s={search_term_string}\"},\"query-input\":{\"@type\":\"PropertyValueSpecification\",\"valueRequired\":true,\"valueName\":\"search_term_string\"}}],\"inLanguage\":\"es\"},{\"@type\":\"Organization\",\"@id\":\"https:\/\/sanluisinforma.com\/#organization\",\"name\":\"sanluisinforma.com\",\"url\":\"https:\/\/sanluisinforma.com\/\",\"logo\":{\"@type\":\"ImageObject\",\"inLanguage\":\"es\",\"@id\":\"https:\/\/sanluisinforma.com\/#\/schema\/logo\/image\/\",\"url\":\"https:\/\/sanluisinforma.com\/wp-content\/uploads\/2026\/03\/sanluisinforma-V.jpg\",\"contentUrl\":\"https:\/\/sanluisinforma.com\/wp-content\/uploads\/2026\/03\/sanluisinforma-V.jpg\",\"width\":500,\"height\":156,\"caption\":\"sanluisinforma.com\"},\"image\":{\"@id\":\"https:\/\/sanluisinforma.com\/#\/schema\/logo\/image\/\"}},{\"@type\":\"Person\",\"@id\":\"https:\/\/sanluisinforma.com\/#\/schema\/person\/c30648f71476be533b6f59d092905c8b\",\"name\":\"sanluisinforma.com\",\"image\":{\"@type\":\"ImageObject\",\"inLanguage\":\"es\",\"@id\":\"https:\/\/sanluisinforma.com\/#\/schema\/person\/image\/\",\"url\":\"https:\/\/secure.gravatar.com\/avatar\/86e3114e34a1eecefb963e0a02f0093f93b092dddb2fe1517596343751081a87?s=96&d=mm&r=g\",\"contentUrl\":\"https:\/\/secure.gravatar.com\/avatar\/86e3114e34a1eecefb963e0a02f0093f93b092dddb2fe1517596343751081a87?s=96&d=mm&r=g\",\"caption\":\"sanluisinforma.com\"},\"url\":\"https:\/\/sanluisinforma.com\/?author=2\"}]}<\/script>\n<!-- \/ Yoast SEO plugin. -->","yoast_head_json":{"title":"DIF Estatal concluye con \u00e9xito Ferias de la salud 2023 - sanluisinforma.com","robots":{"index":"index","follow":"follow","max-snippet":"max-snippet:-1","max-image-preview":"max-image-preview:large","max-video-preview":"max-video-preview:-1"},"canonical":"https:\/\/sanluisinforma.com\/?p=2593","og_locale":"es_MX","og_type":"article","og_title":"DIF Estatal concluye con \u00e9xito Ferias de la salud 2023 - sanluisinforma.com","og_description":"&nbsp;En Villa de Arriaga, Ruth Gonz\u00e1lez Silva afirm\u00f3 que en dos a\u00f1os el programa ha brindado apoyo a 40 mil","og_url":"https:\/\/sanluisinforma.com\/?p=2593","og_site_name":"sanluisinforma.com","article_published_time":"2023-12-01T06:55:00+00:00","article_modified_time":"2023-12-01T04:41:44+00:00","og_image":[{"width":520,"height":346,"url":"https:\/\/sanluisinforma.com\/wp-content\/uploads\/2023\/11\/c2155a76-bde6-4cbd-bf70-91ca9854a959.jpg","type":"image\/jpeg"}],"author":"sanluisinforma.com","twitter_card":"summary_large_image","twitter_misc":{"Escrito por":"sanluisinforma.com","Tiempo de lectura":"2 minutos"},"schema":{"@context":"https:\/\/schema.org","@graph":[{"@type":"Article","@id":"https:\/\/sanluisinforma.com\/?p=2593#article","isPartOf":{"@id":"https:\/\/sanluisinforma.com\/?p=2593"},"author":{"name":"sanluisinforma.com","@id":"https:\/\/sanluisinforma.com\/#\/schema\/person\/c30648f71476be533b6f59d092905c8b"},"headline":"DIF Estatal concluye con \u00e9xito Ferias de la salud 2023","datePublished":"2023-12-01T06:55:00+00:00","dateModified":"2023-12-01T04:41:44+00:00","mainEntityOfPage":{"@id":"https:\/\/sanluisinforma.com\/?p=2593"},"wordCount":255,"publisher":{"@id":"https:\/\/sanluisinforma.com\/#organization"},"image":{"@id":"https:\/\/sanluisinforma.com\/?p=2593#primaryimage"},"thumbnailUrl":"https:\/\/sanluisinforma.com\/wp-content\/uploads\/2023\/11\/c2155a76-bde6-4cbd-bf70-91ca9854a959.jpg","articleSection":["Local","Portada"],"inLanguage":"es"},{"@type":"WebPage","@id":"https:\/\/sanluisinforma.com\/?p=2593","url":"https:\/\/sanluisinforma.com\/?p=2593","name":"DIF Estatal concluye con \u00e9xito Ferias de la salud 2023 - sanluisinforma.com","isPartOf":{"@id":"https:\/\/sanluisinforma.com\/#website"},"primaryImageOfPage":{"@id":"https:\/\/sanluisinforma.com\/?p=2593#primaryimage"},"image":{"@id":"https:\/\/sanluisinforma.com\/?p=2593#primaryimage"},"thumbnailUrl":"https:\/\/sanluisinforma.com\/wp-content\/uploads\/2023\/11\/c2155a76-bde6-4cbd-bf70-91ca9854a959.jpg","datePublished":"2023-12-01T06:55:00+00:00","dateModified":"2023-12-01T04:41:44+00:00","breadcrumb":{"@id":"https:\/\/sanluisinforma.com\/?p=2593#breadcrumb"},"inLanguage":"es","potentialAction":[{"@type":"ReadAction","target":["https:\/\/sanluisinforma.com\/?p=2593"]}]},{"@type":"ImageObject","inLanguage":"es","@id":"https:\/\/sanluisinforma.com\/?p=2593#primaryimage","url":"https:\/\/sanluisinforma.com\/wp-content\/uploads\/2023\/11\/c2155a76-bde6-4cbd-bf70-91ca9854a959.jpg","contentUrl":"https:\/\/sanluisinforma.com\/wp-content\/uploads\/2023\/11\/c2155a76-bde6-4cbd-bf70-91ca9854a959.jpg","width":520,"height":346},{"@type":"BreadcrumbList","@id":"https:\/\/sanluisinforma.com\/?p=2593#breadcrumb","itemListElement":[{"@type":"ListItem","position":1,"name":"Inicio","item":"https:\/\/sanluisinforma.com\/"},{"@type":"ListItem","position":2,"name":"DIF Estatal concluye con \u00e9xito Ferias de la salud 2023"}]},{"@type":"WebSite","@id":"https:\/\/sanluisinforma.com\/#website","url":"https:\/\/sanluisinforma.com\/","name":"sanluisinforma.com","description":"Periodico San Luis Informa","publisher":{"@id":"https:\/\/sanluisinforma.com\/#organization"},"potentialAction":[{"@type":"SearchAction","target":{"@type":"EntryPoint","urlTemplate":"https:\/\/sanluisinforma.com\/?s={search_term_string}"},"query-input":{"@type":"PropertyValueSpecification","valueRequired":true,"valueName":"search_term_string"}}],"inLanguage":"es"},{"@type":"Organization","@id":"https:\/\/sanluisinforma.com\/#organization","name":"sanluisinforma.com","url":"https:\/\/sanluisinforma.com\/","logo":{"@type":"ImageObject","inLanguage":"es","@id":"https:\/\/sanluisinforma.com\/#\/schema\/logo\/image\/","url":"https:\/\/sanluisinforma.com\/wp-content\/uploads\/2026\/03\/sanluisinforma-V.jpg","contentUrl":"https:\/\/sanluisinforma.com\/wp-content\/uploads\/2026\/03\/sanluisinforma-V.jpg","width":500,"height":156,"caption":"sanluisinforma.com"},"image":{"@id":"https:\/\/sanluisinforma.com\/#\/schema\/logo\/image\/"}},{"@type":"Person","@id":"https:\/\/sanluisinforma.com\/#\/schema\/person\/c30648f71476be533b6f59d092905c8b","name":"sanluisinforma.com","image":{"@type":"ImageObject","inLanguage":"es","@id":"https:\/\/sanluisinforma.com\/#\/schema\/person\/image\/","url":"https:\/\/secure.gravatar.com\/avatar\/86e3114e34a1eecefb963e0a02f0093f93b092dddb2fe1517596343751081a87?s=96&d=mm&r=g","contentUrl":"https:\/\/secure.gravatar.com\/avatar\/86e3114e34a1eecefb963e0a02f0093f93b092dddb2fe1517596343751081a87?s=96&d=mm&r=g","caption":"sanluisinforma.com"},"url":"https:\/\/sanluisinforma.com\/?author=2"}]}},"_links":{"self":[{"href":"https:\/\/sanluisinforma.com\/index.php?rest_route=\/wp\/v2\/posts\/2593","targetHints":{"allow":["GET"]}}],"collection":[{"href":"https:\/\/sanluisinforma.com\/index.php?rest_route=\/wp\/v2\/posts"}],"about":[{"href":"https:\/\/sanluisinforma.com\/index.php?rest_route=\/wp\/v2\/types\/post"}],"author":[{"embeddable":true,"href":"https:\/\/sanluisinforma.com\/index.php?rest_route=\/wp\/v2\/users\/2"}],"replies":[{"embeddable":true,"href":"https:\/\/sanluisinforma.com\/index.php?rest_route=%2Fwp%2Fv2%2Fcomments&post=2593"}],"version-history":[{"count":1,"href":"https:\/\/sanluisinforma.com\/index.php?rest_route=\/wp\/v2\/posts\/2593\/revisions"}],"predecessor-version":[{"id":2595,"href":"https:\/\/sanluisinforma.com\/index.php?rest_route=\/wp\/v2\/posts\/2593\/revisions\/2595"}],"wp:featuredmedia":[{"embeddable":true,"href":"https:\/\/sanluisinforma.com\/index.php?rest_route=\/wp\/v2\/media\/2594"}],"wp:attachment":[{"href":"https:\/\/sanluisinforma.com\/index.php?rest_route=%2Fwp%2Fv2%2Fmedia&parent=2593"}],"wp:term":[{"taxonomy":"category","embeddable":true,"href":"https:\/\/sanluisinforma.com\/index.php?rest_route=%2Fwp%2Fv2%2Fcategories&post=2593"},{"taxonomy":"post_tag","embeddable":true,"href":"https:\/\/sanluisinforma.com\/index.php?rest_route=%2Fwp%2Fv2%2Ftags&post=2593"}],"curies":[{"name":"wp","href":"https:\/\/api.w.org\/{rel}","templated":true}]}}