{"id":2617,"date":"2023-12-02T00:24:00","date_gmt":"2023-12-02T06:24:00","guid":{"rendered":"https:\/\/sanluisinforma.com\/?p=2617"},"modified":"2023-12-01T18:30:19","modified_gmt":"2023-12-02T00:30:19","slug":"charros-rg2-se-adjudica-la-charreada-matutina-del-nacional","status":"publish","type":"post","link":"https:\/\/sanluisinforma.com\/?p=2617","title":{"rendered":"Charros RG2 se adjudica la Charreada matutina del Nacional"},"content":{"rendered":"\n<p>El Gobernador Ricardo Gallardo Cardona, particip\u00f3 con RG2 y realiz\u00f3 una cala para sumar los primeros 31 puntos del equipo<\/p>\n\n\n\n<p>Este viernes continuaron las acciones del Campeonato Nacional Charro \u201cJorge Negrete\u201d en San Luis Potos\u00ed, con el triunfo del equipo Charros RG2, donde sobresali\u00f3 la actuaci\u00f3n de Miguel Aceves Aceves y se colocan en segundo sitio de los cuartos de final con 387 unidades.<\/p>\n\n\n\n<p>En el primer compromiso entraron en acci\u00f3n los charros del rancho Hennesy \u201cA\u201d de California, Estados Unidos; Charros de La Laguna \u201cA\u201d y el equipo de casa RG2 en busca de su pase a las semifinales de este torneo que se realizar\u00e1n este s\u00e1bado 2 de diciembre desde las 10:00 horas.<\/p>\n\n\n\n<p>El Gobernador Ricardo Gallardo Cardona, particip\u00f3 con RG2 y realiz\u00f3 una cala para sumar los primeros 31 puntos del equipo, posteriormente se realizaron los piales y las colas en el lienzo donde los equipos comenzaron a sumar puntos.<\/p>\n\n\n\n<p>Al final de la terna el equipo potosino tom\u00f3 la delantera con 222 puntos por 214 de La Laguna y 115 de los charros de California; luego de las Manganas el equipo de Hennesy sum\u00f3 156, mientras que La Laguna alcanz\u00f3 los 259 puntos; Jonathan Gonz\u00e1lez hizo un buen jineteo de yegua, posteriormente fue el turno para Miguel Aceves Aceves que se reafirm\u00f3 como charro 33 y los RG2 llegaron a los 387 para colocarse en el segundo lugar de los cuartos de final del Nacional.<\/p>\n\n\n\n<p>Hasta el momento en primer lugar se colocan con 401 puntos Los Tamaulipecos, seguidos de RG2 con 387, el tercer lugar lo ocupan los charros de San Mart\u00edn, Jalisco con 324, en espera de los resultados completos para saber qui\u00e9nes ser\u00e1n los equipos que accedan a las semifinales y busquen su pase a la gran final del domingo 3 de diciembre.<\/p>\n","protected":false},"excerpt":{"rendered":"<p>El Gobernador Ricardo Gallardo Cardona, particip\u00f3 con RG2 y realiz\u00f3 una cala para sumar los primeros 31 puntos del equipo<\/p>\n","protected":false},"author":2,"featured_media":2618,"comment_status":"closed","ping_status":"closed","sticky":false,"template":"","format":"standard","meta":{"footnotes":""},"categories":[25],"tags":[],"class_list":["post-2617","post","type-post","status-publish","format-standard","has-post-thumbnail","hentry","category-local"],"yoast_head":"<!-- This site is optimized with the Yoast SEO plugin v24.1 - https:\/\/yoast.com\/wordpress\/plugins\/seo\/ -->\n<title>Charros RG2 se adjudica la Charreada matutina del Nacional - sanluisinforma.com<\/title>\n<meta name=\"robots\" content=\"index, follow, max-snippet:-1, max-image-preview:large, max-video-preview:-1\" \/>\n<link rel=\"canonical\" href=\"https:\/\/sanluisinforma.com\/?p=2617\" \/>\n<meta property=\"og:locale\" content=\"es_MX\" \/>\n<meta property=\"og:type\" content=\"article\" \/>\n<meta property=\"og:title\" content=\"Charros RG2 se adjudica la Charreada matutina del Nacional - sanluisinforma.com\" \/>\n<meta property=\"og:description\" content=\"El Gobernador Ricardo Gallardo Cardona, particip\u00f3 con RG2 y realiz\u00f3 una cala para sumar los primeros 31 puntos del equipo\" \/>\n<meta property=\"og:url\" content=\"https:\/\/sanluisinforma.com\/?p=2617\" \/>\n<meta property=\"og:site_name\" content=\"sanluisinforma.com\" \/>\n<meta property=\"article:published_time\" content=\"2023-12-02T06:24:00+00:00\" \/>\n<meta property=\"article:modified_time\" content=\"2023-12-02T00:30:19+00:00\" \/>\n<meta property=\"og:image\" content=\"https:\/\/sanluisinforma.com\/wp-content\/uploads\/2023\/12\/e9463bef-5483-43dd-8374-816222953054.jpg\" \/>\n\t<meta property=\"og:image:width\" content=\"520\" \/>\n\t<meta property=\"og:image:height\" content=\"620\" \/>\n\t<meta property=\"og:image:type\" content=\"image\/jpeg\" \/>\n<meta name=\"author\" content=\"sanluisinforma.com\" \/>\n<meta name=\"twitter:card\" content=\"summary_large_image\" \/>\n<meta name=\"twitter:label1\" content=\"Escrito por\" \/>\n\t<meta name=\"twitter:data1\" content=\"sanluisinforma.com\" \/>\n\t<meta name=\"twitter:label2\" content=\"Tiempo de lectura\" \/>\n\t<meta name=\"twitter:data2\" content=\"2 minutos\" \/>\n<script type=\"application\/ld+json\" class=\"yoast-schema-graph\">{\"@context\":\"https:\/\/schema.org\",\"@graph\":[{\"@type\":\"Article\",\"@id\":\"https:\/\/sanluisinforma.com\/?p=2617#article\",\"isPartOf\":{\"@id\":\"https:\/\/sanluisinforma.com\/?p=2617\"},\"author\":{\"name\":\"sanluisinforma.com\",\"@id\":\"https:\/\/sanluisinforma.com\/#\/schema\/person\/c30648f71476be533b6f59d092905c8b\"},\"headline\":\"Charros RG2 se adjudica la Charreada matutina del Nacional\",\"datePublished\":\"2023-12-02T06:24:00+00:00\",\"dateModified\":\"2023-12-02T00:30:19+00:00\",\"mainEntityOfPage\":{\"@id\":\"https:\/\/sanluisinforma.com\/?p=2617\"},\"wordCount\":301,\"publisher\":{\"@id\":\"https:\/\/sanluisinforma.com\/#organization\"},\"image\":{\"@id\":\"https:\/\/sanluisinforma.com\/?p=2617#primaryimage\"},\"thumbnailUrl\":\"https:\/\/sanluisinforma.com\/wp-content\/uploads\/2023\/12\/e9463bef-5483-43dd-8374-816222953054.jpg\",\"articleSection\":[\"Local\"],\"inLanguage\":\"es\"},{\"@type\":\"WebPage\",\"@id\":\"https:\/\/sanluisinforma.com\/?p=2617\",\"url\":\"https:\/\/sanluisinforma.com\/?p=2617\",\"name\":\"Charros RG2 se adjudica la Charreada matutina del Nacional - sanluisinforma.com\",\"isPartOf\":{\"@id\":\"https:\/\/sanluisinforma.com\/#website\"},\"primaryImageOfPage\":{\"@id\":\"https:\/\/sanluisinforma.com\/?p=2617#primaryimage\"},\"image\":{\"@id\":\"https:\/\/sanluisinforma.com\/?p=2617#primaryimage\"},\"thumbnailUrl\":\"https:\/\/sanluisinforma.com\/wp-content\/uploads\/2023\/12\/e9463bef-5483-43dd-8374-816222953054.jpg\",\"datePublished\":\"2023-12-02T06:24:00+00:00\",\"dateModified\":\"2023-12-02T00:30:19+00:00\",\"breadcrumb\":{\"@id\":\"https:\/\/sanluisinforma.com\/?p=2617#breadcrumb\"},\"inLanguage\":\"es\",\"potentialAction\":[{\"@type\":\"ReadAction\",\"target\":[\"https:\/\/sanluisinforma.com\/?p=2617\"]}]},{\"@type\":\"ImageObject\",\"inLanguage\":\"es\",\"@id\":\"https:\/\/sanluisinforma.com\/?p=2617#primaryimage\",\"url\":\"https:\/\/sanluisinforma.com\/wp-content\/uploads\/2023\/12\/e9463bef-5483-43dd-8374-816222953054.jpg\",\"contentUrl\":\"https:\/\/sanluisinforma.com\/wp-content\/uploads\/2023\/12\/e9463bef-5483-43dd-8374-816222953054.jpg\",\"width\":520,\"height\":620},{\"@type\":\"BreadcrumbList\",\"@id\":\"https:\/\/sanluisinforma.com\/?p=2617#breadcrumb\",\"itemListElement\":[{\"@type\":\"ListItem\",\"position\":1,\"name\":\"Inicio\",\"item\":\"https:\/\/sanluisinforma.com\/\"},{\"@type\":\"ListItem\",\"position\":2,\"name\":\"Charros RG2 se adjudica la Charreada matutina del Nacional\"}]},{\"@type\":\"WebSite\",\"@id\":\"https:\/\/sanluisinforma.com\/#website\",\"url\":\"https:\/\/sanluisinforma.com\/\",\"name\":\"sanluisinforma.com\",\"description\":\"Periodico San Luis Informa\",\"publisher\":{\"@id\":\"https:\/\/sanluisinforma.com\/#organization\"},\"potentialAction\":[{\"@type\":\"SearchAction\",\"target\":{\"@type\":\"EntryPoint\",\"urlTemplate\":\"https:\/\/sanluisinforma.com\/?s={search_term_string}\"},\"query-input\":{\"@type\":\"PropertyValueSpecification\",\"valueRequired\":true,\"valueName\":\"search_term_string\"}}],\"inLanguage\":\"es\"},{\"@type\":\"Organization\",\"@id\":\"https:\/\/sanluisinforma.com\/#organization\",\"name\":\"sanluisinforma.com\",\"url\":\"https:\/\/sanluisinforma.com\/\",\"logo\":{\"@type\":\"ImageObject\",\"inLanguage\":\"es\",\"@id\":\"https:\/\/sanluisinforma.com\/#\/schema\/logo\/image\/\",\"url\":\"https:\/\/sanluisinforma.com\/wp-content\/uploads\/2026\/03\/sanluisinforma-V.jpg\",\"contentUrl\":\"https:\/\/sanluisinforma.com\/wp-content\/uploads\/2026\/03\/sanluisinforma-V.jpg\",\"width\":500,\"height\":156,\"caption\":\"sanluisinforma.com\"},\"image\":{\"@id\":\"https:\/\/sanluisinforma.com\/#\/schema\/logo\/image\/\"}},{\"@type\":\"Person\",\"@id\":\"https:\/\/sanluisinforma.com\/#\/schema\/person\/c30648f71476be533b6f59d092905c8b\",\"name\":\"sanluisinforma.com\",\"image\":{\"@type\":\"ImageObject\",\"inLanguage\":\"es\",\"@id\":\"https:\/\/sanluisinforma.com\/#\/schema\/person\/image\/\",\"url\":\"https:\/\/secure.gravatar.com\/avatar\/86e3114e34a1eecefb963e0a02f0093f93b092dddb2fe1517596343751081a87?s=96&d=mm&r=g\",\"contentUrl\":\"https:\/\/secure.gravatar.com\/avatar\/86e3114e34a1eecefb963e0a02f0093f93b092dddb2fe1517596343751081a87?s=96&d=mm&r=g\",\"caption\":\"sanluisinforma.com\"},\"url\":\"https:\/\/sanluisinforma.com\/?author=2\"}]}<\/script>\n<!-- \/ Yoast SEO plugin. -->","yoast_head_json":{"title":"Charros RG2 se adjudica la Charreada matutina del Nacional - sanluisinforma.com","robots":{"index":"index","follow":"follow","max-snippet":"max-snippet:-1","max-image-preview":"max-image-preview:large","max-video-preview":"max-video-preview:-1"},"canonical":"https:\/\/sanluisinforma.com\/?p=2617","og_locale":"es_MX","og_type":"article","og_title":"Charros RG2 se adjudica la Charreada matutina del Nacional - sanluisinforma.com","og_description":"El Gobernador Ricardo Gallardo Cardona, particip\u00f3 con RG2 y realiz\u00f3 una cala para sumar los primeros 31 puntos del equipo","og_url":"https:\/\/sanluisinforma.com\/?p=2617","og_site_name":"sanluisinforma.com","article_published_time":"2023-12-02T06:24:00+00:00","article_modified_time":"2023-12-02T00:30:19+00:00","og_image":[{"width":520,"height":620,"url":"https:\/\/sanluisinforma.com\/wp-content\/uploads\/2023\/12\/e9463bef-5483-43dd-8374-816222953054.jpg","type":"image\/jpeg"}],"author":"sanluisinforma.com","twitter_card":"summary_large_image","twitter_misc":{"Escrito por":"sanluisinforma.com","Tiempo de lectura":"2 minutos"},"schema":{"@context":"https:\/\/schema.org","@graph":[{"@type":"Article","@id":"https:\/\/sanluisinforma.com\/?p=2617#article","isPartOf":{"@id":"https:\/\/sanluisinforma.com\/?p=2617"},"author":{"name":"sanluisinforma.com","@id":"https:\/\/sanluisinforma.com\/#\/schema\/person\/c30648f71476be533b6f59d092905c8b"},"headline":"Charros RG2 se adjudica la Charreada matutina del Nacional","datePublished":"2023-12-02T06:24:00+00:00","dateModified":"2023-12-02T00:30:19+00:00","mainEntityOfPage":{"@id":"https:\/\/sanluisinforma.com\/?p=2617"},"wordCount":301,"publisher":{"@id":"https:\/\/sanluisinforma.com\/#organization"},"image":{"@id":"https:\/\/sanluisinforma.com\/?p=2617#primaryimage"},"thumbnailUrl":"https:\/\/sanluisinforma.com\/wp-content\/uploads\/2023\/12\/e9463bef-5483-43dd-8374-816222953054.jpg","articleSection":["Local"],"inLanguage":"es"},{"@type":"WebPage","@id":"https:\/\/sanluisinforma.com\/?p=2617","url":"https:\/\/sanluisinforma.com\/?p=2617","name":"Charros RG2 se adjudica la Charreada matutina del Nacional - sanluisinforma.com","isPartOf":{"@id":"https:\/\/sanluisinforma.com\/#website"},"primaryImageOfPage":{"@id":"https:\/\/sanluisinforma.com\/?p=2617#primaryimage"},"image":{"@id":"https:\/\/sanluisinforma.com\/?p=2617#primaryimage"},"thumbnailUrl":"https:\/\/sanluisinforma.com\/wp-content\/uploads\/2023\/12\/e9463bef-5483-43dd-8374-816222953054.jpg","datePublished":"2023-12-02T06:24:00+00:00","dateModified":"2023-12-02T00:30:19+00:00","breadcrumb":{"@id":"https:\/\/sanluisinforma.com\/?p=2617#breadcrumb"},"inLanguage":"es","potentialAction":[{"@type":"ReadAction","target":["https:\/\/sanluisinforma.com\/?p=2617"]}]},{"@type":"ImageObject","inLanguage":"es","@id":"https:\/\/sanluisinforma.com\/?p=2617#primaryimage","url":"https:\/\/sanluisinforma.com\/wp-content\/uploads\/2023\/12\/e9463bef-5483-43dd-8374-816222953054.jpg","contentUrl":"https:\/\/sanluisinforma.com\/wp-content\/uploads\/2023\/12\/e9463bef-5483-43dd-8374-816222953054.jpg","width":520,"height":620},{"@type":"BreadcrumbList","@id":"https:\/\/sanluisinforma.com\/?p=2617#breadcrumb","itemListElement":[{"@type":"ListItem","position":1,"name":"Inicio","item":"https:\/\/sanluisinforma.com\/"},{"@type":"ListItem","position":2,"name":"Charros RG2 se adjudica la Charreada matutina del Nacional"}]},{"@type":"WebSite","@id":"https:\/\/sanluisinforma.com\/#website","url":"https:\/\/sanluisinforma.com\/","name":"sanluisinforma.com","description":"Periodico San Luis Informa","publisher":{"@id":"https:\/\/sanluisinforma.com\/#organization"},"potentialAction":[{"@type":"SearchAction","target":{"@type":"EntryPoint","urlTemplate":"https:\/\/sanluisinforma.com\/?s={search_term_string}"},"query-input":{"@type":"PropertyValueSpecification","valueRequired":true,"valueName":"search_term_string"}}],"inLanguage":"es"},{"@type":"Organization","@id":"https:\/\/sanluisinforma.com\/#organization","name":"sanluisinforma.com","url":"https:\/\/sanluisinforma.com\/","logo":{"@type":"ImageObject","inLanguage":"es","@id":"https:\/\/sanluisinforma.com\/#\/schema\/logo\/image\/","url":"https:\/\/sanluisinforma.com\/wp-content\/uploads\/2026\/03\/sanluisinforma-V.jpg","contentUrl":"https:\/\/sanluisinforma.com\/wp-content\/uploads\/2026\/03\/sanluisinforma-V.jpg","width":500,"height":156,"caption":"sanluisinforma.com"},"image":{"@id":"https:\/\/sanluisinforma.com\/#\/schema\/logo\/image\/"}},{"@type":"Person","@id":"https:\/\/sanluisinforma.com\/#\/schema\/person\/c30648f71476be533b6f59d092905c8b","name":"sanluisinforma.com","image":{"@type":"ImageObject","inLanguage":"es","@id":"https:\/\/sanluisinforma.com\/#\/schema\/person\/image\/","url":"https:\/\/secure.gravatar.com\/avatar\/86e3114e34a1eecefb963e0a02f0093f93b092dddb2fe1517596343751081a87?s=96&d=mm&r=g","contentUrl":"https:\/\/secure.gravatar.com\/avatar\/86e3114e34a1eecefb963e0a02f0093f93b092dddb2fe1517596343751081a87?s=96&d=mm&r=g","caption":"sanluisinforma.com"},"url":"https:\/\/sanluisinforma.com\/?author=2"}]}},"_links":{"self":[{"href":"https:\/\/sanluisinforma.com\/index.php?rest_route=\/wp\/v2\/posts\/2617","targetHints":{"allow":["GET"]}}],"collection":[{"href":"https:\/\/sanluisinforma.com\/index.php?rest_route=\/wp\/v2\/posts"}],"about":[{"href":"https:\/\/sanluisinforma.com\/index.php?rest_route=\/wp\/v2\/types\/post"}],"author":[{"embeddable":true,"href":"https:\/\/sanluisinforma.com\/index.php?rest_route=\/wp\/v2\/users\/2"}],"replies":[{"embeddable":true,"href":"https:\/\/sanluisinforma.com\/index.php?rest_route=%2Fwp%2Fv2%2Fcomments&post=2617"}],"version-history":[{"count":1,"href":"https:\/\/sanluisinforma.com\/index.php?rest_route=\/wp\/v2\/posts\/2617\/revisions"}],"predecessor-version":[{"id":2619,"href":"https:\/\/sanluisinforma.com\/index.php?rest_route=\/wp\/v2\/posts\/2617\/revisions\/2619"}],"wp:featuredmedia":[{"embeddable":true,"href":"https:\/\/sanluisinforma.com\/index.php?rest_route=\/wp\/v2\/media\/2618"}],"wp:attachment":[{"href":"https:\/\/sanluisinforma.com\/index.php?rest_route=%2Fwp%2Fv2%2Fmedia&parent=2617"}],"wp:term":[{"taxonomy":"category","embeddable":true,"href":"https:\/\/sanluisinforma.com\/index.php?rest_route=%2Fwp%2Fv2%2Fcategories&post=2617"},{"taxonomy":"post_tag","embeddable":true,"href":"https:\/\/sanluisinforma.com\/index.php?rest_route=%2Fwp%2Fv2%2Ftags&post=2617"}],"curies":[{"name":"wp","href":"https:\/\/api.w.org\/{rel}","templated":true}]}}