{"id":2639,"date":"2023-12-03T00:25:00","date_gmt":"2023-12-03T06:25:00","guid":{"rendered":"https:\/\/sanluisinforma.com\/?p=2639"},"modified":"2023-12-02T20:24:27","modified_gmt":"2023-12-03T02:24:27","slug":"arranca-ultima-entrega-de-becas-alimentarias-2023","status":"publish","type":"post","link":"https:\/\/sanluisinforma.com\/?p=2639","title":{"rendered":"Arranca \u00faltima entrega de Becas Alimentarias 2023"},"content":{"rendered":"\n<p>La Secretar\u00eda de Desarrollo Social y Regional (Sedesore), entregar\u00e1 los paquetes alimentarios a m\u00e1s de 600 mil familias de las cuatro regiones antes que finalice diciembre<\/p>\n\n\n\n<p>San Luis Potos\u00ed ya despeg\u00f3 hacia un mayor bienestar que mejora la calidad de vida de las y los potosinos con una alimentaci\u00f3n sana y completa, mediante la quinta y \u00faltima entrega del a\u00f1o 2023 de las Becas Alimentarias, por parte de la Secretar\u00eda de Desarrollo Social y Regional (Sedesore), en apoyo a 600 mil familias.<\/p>\n\n\n\n<p>El titular de la dependencia estatal, Ignacio Segura Morquecho, dio a conocer que, de acuerdo con la instrucci\u00f3n del Gobernador Ricardo Gallardo Cardona, las y los beneficiarios de Matehuala, Villa de Ramos, Santa Mar\u00eda del R\u00edo, Ciudad Fern\u00e1ndez, Rioverde, San Antonio, Matlapa, Coxcatl\u00e1n ya recibieron sus paquetes alimentarios con m\u00e1s de 21 productos de la canasta b\u00e1sica.<\/p>\n\n\n\n<p>Puntualiz\u00f3 que esta pol\u00edtica social traer\u00e1 consigo grandes beneficios para las y los potosinos; pues se espera que los \u00edndices de pobreza alimentaria en el Estado contin\u00faen a la baja, tal y como se dio a conocer en el mes de agosto tras la medici\u00f3n realizada por el Consejo Nacional de Evaluaci\u00f3n de la Pol\u00edtica de Desarrollo Social (Coneval) en la que se redujo un 4.8 por ciento la carencia por acceso a una alimentaci\u00f3n nutritiva y de calidad.<\/p>\n\n\n\n<p>Segura Morquecho, dijo que para el Mandatario Estatal brindar una mejor calidad de vida es una de las prioridades, por lo que se invita a la ciudadan\u00eda a acercarse a los delegados del Sistema Estatal para el Desarrollo Integral de la Familia (DIF) y Sedesore de sus localidades para que puedan acceder a este beneficio que ya llega a 600 mil familias potosinas con productos de la canasta b\u00e1sica como az\u00facar, arroz, at\u00fan, diferentes tipos de pastas, galletas, harina para hot cakes, avena, leche en polvo y frijol.<\/p>\n","protected":false},"excerpt":{"rendered":"<p>La Secretar\u00eda de Desarrollo Social y Regional (Sedesore), entregar\u00e1 los paquetes alimentarios a m\u00e1s de 600 mil familias de las<\/p>\n","protected":false},"author":2,"featured_media":2640,"comment_status":"closed","ping_status":"closed","sticky":false,"template":"","format":"standard","meta":{"footnotes":""},"categories":[25],"tags":[],"class_list":["post-2639","post","type-post","status-publish","format-standard","has-post-thumbnail","hentry","category-local"],"yoast_head":"<!-- This site is optimized with the Yoast SEO plugin v24.1 - https:\/\/yoast.com\/wordpress\/plugins\/seo\/ -->\n<title>Arranca \u00faltima entrega de Becas Alimentarias 2023 - sanluisinforma.com<\/title>\n<meta name=\"robots\" content=\"index, follow, max-snippet:-1, max-image-preview:large, max-video-preview:-1\" \/>\n<link rel=\"canonical\" href=\"https:\/\/sanluisinforma.com\/?p=2639\" \/>\n<meta property=\"og:locale\" content=\"es_MX\" \/>\n<meta property=\"og:type\" content=\"article\" \/>\n<meta property=\"og:title\" content=\"Arranca \u00faltima entrega de Becas Alimentarias 2023 - sanluisinforma.com\" \/>\n<meta property=\"og:description\" content=\"La Secretar\u00eda de Desarrollo Social y Regional (Sedesore), entregar\u00e1 los paquetes alimentarios a m\u00e1s de 600 mil familias de las\" \/>\n<meta property=\"og:url\" content=\"https:\/\/sanluisinforma.com\/?p=2639\" \/>\n<meta property=\"og:site_name\" content=\"sanluisinforma.com\" \/>\n<meta property=\"article:published_time\" content=\"2023-12-03T06:25:00+00:00\" \/>\n<meta property=\"article:modified_time\" content=\"2023-12-03T02:24:27+00:00\" \/>\n<meta property=\"og:image\" content=\"https:\/\/sanluisinforma.com\/wp-content\/uploads\/2023\/12\/f0844495-160b-4c19-8603-38cffe027987-1.jpg\" \/>\n\t<meta property=\"og:image:width\" content=\"520\" \/>\n\t<meta property=\"og:image:height\" content=\"390\" \/>\n\t<meta property=\"og:image:type\" content=\"image\/jpeg\" \/>\n<meta name=\"author\" content=\"sanluisinforma.com\" \/>\n<meta name=\"twitter:card\" content=\"summary_large_image\" \/>\n<meta name=\"twitter:label1\" content=\"Escrito por\" \/>\n\t<meta name=\"twitter:data1\" content=\"sanluisinforma.com\" \/>\n\t<meta name=\"twitter:label2\" content=\"Tiempo de lectura\" \/>\n\t<meta name=\"twitter:data2\" content=\"2 minutos\" \/>\n<script type=\"application\/ld+json\" class=\"yoast-schema-graph\">{\"@context\":\"https:\/\/schema.org\",\"@graph\":[{\"@type\":\"Article\",\"@id\":\"https:\/\/sanluisinforma.com\/?p=2639#article\",\"isPartOf\":{\"@id\":\"https:\/\/sanluisinforma.com\/?p=2639\"},\"author\":{\"name\":\"sanluisinforma.com\",\"@id\":\"https:\/\/sanluisinforma.com\/#\/schema\/person\/c30648f71476be533b6f59d092905c8b\"},\"headline\":\"Arranca \u00faltima entrega de Becas Alimentarias 2023\",\"datePublished\":\"2023-12-03T06:25:00+00:00\",\"dateModified\":\"2023-12-03T02:24:27+00:00\",\"mainEntityOfPage\":{\"@id\":\"https:\/\/sanluisinforma.com\/?p=2639\"},\"wordCount\":328,\"publisher\":{\"@id\":\"https:\/\/sanluisinforma.com\/#organization\"},\"image\":{\"@id\":\"https:\/\/sanluisinforma.com\/?p=2639#primaryimage\"},\"thumbnailUrl\":\"https:\/\/sanluisinforma.com\/wp-content\/uploads\/2023\/12\/f0844495-160b-4c19-8603-38cffe027987-1.jpg\",\"articleSection\":[\"Local\"],\"inLanguage\":\"es\"},{\"@type\":\"WebPage\",\"@id\":\"https:\/\/sanluisinforma.com\/?p=2639\",\"url\":\"https:\/\/sanluisinforma.com\/?p=2639\",\"name\":\"Arranca \u00faltima entrega de Becas Alimentarias 2023 - sanluisinforma.com\",\"isPartOf\":{\"@id\":\"https:\/\/sanluisinforma.com\/#website\"},\"primaryImageOfPage\":{\"@id\":\"https:\/\/sanluisinforma.com\/?p=2639#primaryimage\"},\"image\":{\"@id\":\"https:\/\/sanluisinforma.com\/?p=2639#primaryimage\"},\"thumbnailUrl\":\"https:\/\/sanluisinforma.com\/wp-content\/uploads\/2023\/12\/f0844495-160b-4c19-8603-38cffe027987-1.jpg\",\"datePublished\":\"2023-12-03T06:25:00+00:00\",\"dateModified\":\"2023-12-03T02:24:27+00:00\",\"breadcrumb\":{\"@id\":\"https:\/\/sanluisinforma.com\/?p=2639#breadcrumb\"},\"inLanguage\":\"es\",\"potentialAction\":[{\"@type\":\"ReadAction\",\"target\":[\"https:\/\/sanluisinforma.com\/?p=2639\"]}]},{\"@type\":\"ImageObject\",\"inLanguage\":\"es\",\"@id\":\"https:\/\/sanluisinforma.com\/?p=2639#primaryimage\",\"url\":\"https:\/\/sanluisinforma.com\/wp-content\/uploads\/2023\/12\/f0844495-160b-4c19-8603-38cffe027987-1.jpg\",\"contentUrl\":\"https:\/\/sanluisinforma.com\/wp-content\/uploads\/2023\/12\/f0844495-160b-4c19-8603-38cffe027987-1.jpg\",\"width\":520,\"height\":390},{\"@type\":\"BreadcrumbList\",\"@id\":\"https:\/\/sanluisinforma.com\/?p=2639#breadcrumb\",\"itemListElement\":[{\"@type\":\"ListItem\",\"position\":1,\"name\":\"Inicio\",\"item\":\"https:\/\/sanluisinforma.com\/\"},{\"@type\":\"ListItem\",\"position\":2,\"name\":\"Arranca \u00faltima entrega de Becas Alimentarias 2023\"}]},{\"@type\":\"WebSite\",\"@id\":\"https:\/\/sanluisinforma.com\/#website\",\"url\":\"https:\/\/sanluisinforma.com\/\",\"name\":\"sanluisinforma.com\",\"description\":\"Periodico San Luis Informa\",\"publisher\":{\"@id\":\"https:\/\/sanluisinforma.com\/#organization\"},\"potentialAction\":[{\"@type\":\"SearchAction\",\"target\":{\"@type\":\"EntryPoint\",\"urlTemplate\":\"https:\/\/sanluisinforma.com\/?s={search_term_string}\"},\"query-input\":{\"@type\":\"PropertyValueSpecification\",\"valueRequired\":true,\"valueName\":\"search_term_string\"}}],\"inLanguage\":\"es\"},{\"@type\":\"Organization\",\"@id\":\"https:\/\/sanluisinforma.com\/#organization\",\"name\":\"sanluisinforma.com\",\"url\":\"https:\/\/sanluisinforma.com\/\",\"logo\":{\"@type\":\"ImageObject\",\"inLanguage\":\"es\",\"@id\":\"https:\/\/sanluisinforma.com\/#\/schema\/logo\/image\/\",\"url\":\"https:\/\/sanluisinforma.com\/wp-content\/uploads\/2026\/03\/sanluisinforma-V.jpg\",\"contentUrl\":\"https:\/\/sanluisinforma.com\/wp-content\/uploads\/2026\/03\/sanluisinforma-V.jpg\",\"width\":500,\"height\":156,\"caption\":\"sanluisinforma.com\"},\"image\":{\"@id\":\"https:\/\/sanluisinforma.com\/#\/schema\/logo\/image\/\"}},{\"@type\":\"Person\",\"@id\":\"https:\/\/sanluisinforma.com\/#\/schema\/person\/c30648f71476be533b6f59d092905c8b\",\"name\":\"sanluisinforma.com\",\"image\":{\"@type\":\"ImageObject\",\"inLanguage\":\"es\",\"@id\":\"https:\/\/sanluisinforma.com\/#\/schema\/person\/image\/\",\"url\":\"https:\/\/secure.gravatar.com\/avatar\/86e3114e34a1eecefb963e0a02f0093f93b092dddb2fe1517596343751081a87?s=96&d=mm&r=g\",\"contentUrl\":\"https:\/\/secure.gravatar.com\/avatar\/86e3114e34a1eecefb963e0a02f0093f93b092dddb2fe1517596343751081a87?s=96&d=mm&r=g\",\"caption\":\"sanluisinforma.com\"},\"url\":\"https:\/\/sanluisinforma.com\/?author=2\"}]}<\/script>\n<!-- \/ Yoast SEO plugin. -->","yoast_head_json":{"title":"Arranca \u00faltima entrega de Becas Alimentarias 2023 - sanluisinforma.com","robots":{"index":"index","follow":"follow","max-snippet":"max-snippet:-1","max-image-preview":"max-image-preview:large","max-video-preview":"max-video-preview:-1"},"canonical":"https:\/\/sanluisinforma.com\/?p=2639","og_locale":"es_MX","og_type":"article","og_title":"Arranca \u00faltima entrega de Becas Alimentarias 2023 - sanluisinforma.com","og_description":"La Secretar\u00eda de Desarrollo Social y Regional (Sedesore), entregar\u00e1 los paquetes alimentarios a m\u00e1s de 600 mil familias de las","og_url":"https:\/\/sanluisinforma.com\/?p=2639","og_site_name":"sanluisinforma.com","article_published_time":"2023-12-03T06:25:00+00:00","article_modified_time":"2023-12-03T02:24:27+00:00","og_image":[{"width":520,"height":390,"url":"https:\/\/sanluisinforma.com\/wp-content\/uploads\/2023\/12\/f0844495-160b-4c19-8603-38cffe027987-1.jpg","type":"image\/jpeg"}],"author":"sanluisinforma.com","twitter_card":"summary_large_image","twitter_misc":{"Escrito por":"sanluisinforma.com","Tiempo de lectura":"2 minutos"},"schema":{"@context":"https:\/\/schema.org","@graph":[{"@type":"Article","@id":"https:\/\/sanluisinforma.com\/?p=2639#article","isPartOf":{"@id":"https:\/\/sanluisinforma.com\/?p=2639"},"author":{"name":"sanluisinforma.com","@id":"https:\/\/sanluisinforma.com\/#\/schema\/person\/c30648f71476be533b6f59d092905c8b"},"headline":"Arranca \u00faltima entrega de Becas Alimentarias 2023","datePublished":"2023-12-03T06:25:00+00:00","dateModified":"2023-12-03T02:24:27+00:00","mainEntityOfPage":{"@id":"https:\/\/sanluisinforma.com\/?p=2639"},"wordCount":328,"publisher":{"@id":"https:\/\/sanluisinforma.com\/#organization"},"image":{"@id":"https:\/\/sanluisinforma.com\/?p=2639#primaryimage"},"thumbnailUrl":"https:\/\/sanluisinforma.com\/wp-content\/uploads\/2023\/12\/f0844495-160b-4c19-8603-38cffe027987-1.jpg","articleSection":["Local"],"inLanguage":"es"},{"@type":"WebPage","@id":"https:\/\/sanluisinforma.com\/?p=2639","url":"https:\/\/sanluisinforma.com\/?p=2639","name":"Arranca \u00faltima entrega de Becas Alimentarias 2023 - sanluisinforma.com","isPartOf":{"@id":"https:\/\/sanluisinforma.com\/#website"},"primaryImageOfPage":{"@id":"https:\/\/sanluisinforma.com\/?p=2639#primaryimage"},"image":{"@id":"https:\/\/sanluisinforma.com\/?p=2639#primaryimage"},"thumbnailUrl":"https:\/\/sanluisinforma.com\/wp-content\/uploads\/2023\/12\/f0844495-160b-4c19-8603-38cffe027987-1.jpg","datePublished":"2023-12-03T06:25:00+00:00","dateModified":"2023-12-03T02:24:27+00:00","breadcrumb":{"@id":"https:\/\/sanluisinforma.com\/?p=2639#breadcrumb"},"inLanguage":"es","potentialAction":[{"@type":"ReadAction","target":["https:\/\/sanluisinforma.com\/?p=2639"]}]},{"@type":"ImageObject","inLanguage":"es","@id":"https:\/\/sanluisinforma.com\/?p=2639#primaryimage","url":"https:\/\/sanluisinforma.com\/wp-content\/uploads\/2023\/12\/f0844495-160b-4c19-8603-38cffe027987-1.jpg","contentUrl":"https:\/\/sanluisinforma.com\/wp-content\/uploads\/2023\/12\/f0844495-160b-4c19-8603-38cffe027987-1.jpg","width":520,"height":390},{"@type":"BreadcrumbList","@id":"https:\/\/sanluisinforma.com\/?p=2639#breadcrumb","itemListElement":[{"@type":"ListItem","position":1,"name":"Inicio","item":"https:\/\/sanluisinforma.com\/"},{"@type":"ListItem","position":2,"name":"Arranca \u00faltima entrega de Becas Alimentarias 2023"}]},{"@type":"WebSite","@id":"https:\/\/sanluisinforma.com\/#website","url":"https:\/\/sanluisinforma.com\/","name":"sanluisinforma.com","description":"Periodico San Luis Informa","publisher":{"@id":"https:\/\/sanluisinforma.com\/#organization"},"potentialAction":[{"@type":"SearchAction","target":{"@type":"EntryPoint","urlTemplate":"https:\/\/sanluisinforma.com\/?s={search_term_string}"},"query-input":{"@type":"PropertyValueSpecification","valueRequired":true,"valueName":"search_term_string"}}],"inLanguage":"es"},{"@type":"Organization","@id":"https:\/\/sanluisinforma.com\/#organization","name":"sanluisinforma.com","url":"https:\/\/sanluisinforma.com\/","logo":{"@type":"ImageObject","inLanguage":"es","@id":"https:\/\/sanluisinforma.com\/#\/schema\/logo\/image\/","url":"https:\/\/sanluisinforma.com\/wp-content\/uploads\/2026\/03\/sanluisinforma-V.jpg","contentUrl":"https:\/\/sanluisinforma.com\/wp-content\/uploads\/2026\/03\/sanluisinforma-V.jpg","width":500,"height":156,"caption":"sanluisinforma.com"},"image":{"@id":"https:\/\/sanluisinforma.com\/#\/schema\/logo\/image\/"}},{"@type":"Person","@id":"https:\/\/sanluisinforma.com\/#\/schema\/person\/c30648f71476be533b6f59d092905c8b","name":"sanluisinforma.com","image":{"@type":"ImageObject","inLanguage":"es","@id":"https:\/\/sanluisinforma.com\/#\/schema\/person\/image\/","url":"https:\/\/secure.gravatar.com\/avatar\/86e3114e34a1eecefb963e0a02f0093f93b092dddb2fe1517596343751081a87?s=96&d=mm&r=g","contentUrl":"https:\/\/secure.gravatar.com\/avatar\/86e3114e34a1eecefb963e0a02f0093f93b092dddb2fe1517596343751081a87?s=96&d=mm&r=g","caption":"sanluisinforma.com"},"url":"https:\/\/sanluisinforma.com\/?author=2"}]}},"_links":{"self":[{"href":"https:\/\/sanluisinforma.com\/index.php?rest_route=\/wp\/v2\/posts\/2639","targetHints":{"allow":["GET"]}}],"collection":[{"href":"https:\/\/sanluisinforma.com\/index.php?rest_route=\/wp\/v2\/posts"}],"about":[{"href":"https:\/\/sanluisinforma.com\/index.php?rest_route=\/wp\/v2\/types\/post"}],"author":[{"embeddable":true,"href":"https:\/\/sanluisinforma.com\/index.php?rest_route=\/wp\/v2\/users\/2"}],"replies":[{"embeddable":true,"href":"https:\/\/sanluisinforma.com\/index.php?rest_route=%2Fwp%2Fv2%2Fcomments&post=2639"}],"version-history":[{"count":1,"href":"https:\/\/sanluisinforma.com\/index.php?rest_route=\/wp\/v2\/posts\/2639\/revisions"}],"predecessor-version":[{"id":2641,"href":"https:\/\/sanluisinforma.com\/index.php?rest_route=\/wp\/v2\/posts\/2639\/revisions\/2641"}],"wp:featuredmedia":[{"embeddable":true,"href":"https:\/\/sanluisinforma.com\/index.php?rest_route=\/wp\/v2\/media\/2640"}],"wp:attachment":[{"href":"https:\/\/sanluisinforma.com\/index.php?rest_route=%2Fwp%2Fv2%2Fmedia&parent=2639"}],"wp:term":[{"taxonomy":"category","embeddable":true,"href":"https:\/\/sanluisinforma.com\/index.php?rest_route=%2Fwp%2Fv2%2Fcategories&post=2639"},{"taxonomy":"post_tag","embeddable":true,"href":"https:\/\/sanluisinforma.com\/index.php?rest_route=%2Fwp%2Fv2%2Ftags&post=2639"}],"curies":[{"name":"wp","href":"https:\/\/api.w.org\/{rel}","templated":true}]}}