{"id":2676,"date":"2023-12-05T00:55:00","date_gmt":"2023-12-05T06:55:00","guid":{"rendered":"https:\/\/sanluisinforma.com\/?p=2676"},"modified":"2023-12-04T22:50:34","modified_gmt":"2023-12-05T04:50:34","slug":"familias-potosinas-disfrutan-de-la-magia-de-la-navidad-con-encendido-de-arbol","status":"publish","type":"post","link":"https:\/\/sanluisinforma.com\/?p=2676","title":{"rendered":"Familias Potosinas disfrutan de la Magia de la Navidad con encendido de \u00c1rbol"},"content":{"rendered":"\n<p>&nbsp;El Gobernador de San Luis Potos\u00ed inaugur\u00f3 el festival navide\u00f1o 2023 en el Centro Hist\u00f3rico&nbsp;<\/p>\n\n\n\n<p>La magia y alegr\u00eda de la navidad lleg\u00f3 a San Luis Potos\u00ed con el arranque del Festival Navide\u00f1o 2023 y el encendido del monumental \u00e1rbol en plaza de Fundadores, que el Gobernador Ricardo Gallardo Cardona realiz\u00f3 durante la noche de este lunes, para que miles de potosinas y potosinos, as\u00ed como visitantes disfruten de esta temporada en un ambiente de uni\u00f3n familiar.<\/p>\n\n\n\n<p>En el patio de Palacio de Gobierno el Jefe del Ejecutivo Estatal, acompa\u00f1ado de su esposa, la presidenta honoraria del Sistema Estatal para el Desarrollo Integral de la Familia (DIF), Ruth Gonz\u00e1lez Silva y sus hijos, as\u00ed como miembros de su gabinete, inaugur\u00f3 el nacimiento y \u00e1rbol de navidad, cuyo momento se ambient\u00f3 con villancicos que interpret\u00f3 la Camerata de San Luis y el Coro Infantil del Sistema Educativo Estatal Regular (SEER).<\/p>\n\n\n\n<p>Enseguida, el Gobernador encendi\u00f3 la iluminaci\u00f3n navide\u00f1a de la fachada de Palacio de Gobierno y de la Plaza de Armas, ante cientos de entusiastas familias que se dieron cita para presenciar esta bella decoraci\u00f3n.<\/p>\n\n\n\n<p>Ricardo Gallardo junto a su familia camin\u00f3 hacia la plaza de los Fundadores, en cuyo trayecto convivi\u00f3 con las y los asistentes, quienes lo saludaron y aprovecharon para tomarse una fotograf\u00eda con el Mandatario.<\/p>\n\n\n\n<p>Ya en el lugar, el Gobernador potosino, envi\u00f3 un mensaje de agradecimiento a las y los potosinos por un a\u00f1o m\u00e1s de respaldo a su administraci\u00f3n y extern\u00f3 los buenos deseos de paz y abundancia en esta temporada de uni\u00f3n familiar, al tiempo de reiterar la invitaci\u00f3n para que las familias disfruten de festival navide\u00f1o, en el que habr\u00e1 m\u00faltiples actividades culturales, as\u00ed como dos desfiles, y las villas navide\u00f1as en el Centro Hist\u00f3rico.<\/p>\n\n\n\n<p>La cuenta regresiva para el encendido del \u00e1rbol de navidad monumental se core\u00f3 por todos los asistentes y finalmente la espectacular iluminaci\u00f3n desat\u00f3 la alegr\u00eda e ilusi\u00f3n de las festividades.<\/p>\n","protected":false},"excerpt":{"rendered":"<p>&nbsp;El Gobernador de San Luis Potos\u00ed inaugur\u00f3 el festival navide\u00f1o 2023 en el Centro Hist\u00f3rico&nbsp; La magia y alegr\u00eda de<\/p>\n","protected":false},"author":2,"featured_media":2677,"comment_status":"closed","ping_status":"closed","sticky":false,"template":"","format":"standard","meta":{"footnotes":""},"categories":[25,30],"tags":[],"class_list":["post-2676","post","type-post","status-publish","format-standard","has-post-thumbnail","hentry","category-local","category-portada"],"yoast_head":"<!-- This site is optimized with the Yoast SEO plugin v24.1 - https:\/\/yoast.com\/wordpress\/plugins\/seo\/ -->\n<title>Familias Potosinas disfrutan de la Magia de la Navidad con encendido de \u00c1rbol - sanluisinforma.com<\/title>\n<meta name=\"robots\" content=\"index, follow, max-snippet:-1, max-image-preview:large, max-video-preview:-1\" \/>\n<link rel=\"canonical\" href=\"https:\/\/sanluisinforma.com\/?p=2676\" \/>\n<meta property=\"og:locale\" content=\"es_MX\" \/>\n<meta property=\"og:type\" content=\"article\" \/>\n<meta property=\"og:title\" content=\"Familias Potosinas disfrutan de la Magia de la Navidad con encendido de \u00c1rbol - sanluisinforma.com\" \/>\n<meta property=\"og:description\" content=\"&nbsp;El Gobernador de San Luis Potos\u00ed inaugur\u00f3 el festival navide\u00f1o 2023 en el Centro Hist\u00f3rico&nbsp; La magia y alegr\u00eda de\" \/>\n<meta property=\"og:url\" content=\"https:\/\/sanluisinforma.com\/?p=2676\" \/>\n<meta property=\"og:site_name\" content=\"sanluisinforma.com\" \/>\n<meta property=\"article:published_time\" content=\"2023-12-05T06:55:00+00:00\" \/>\n<meta property=\"article:modified_time\" content=\"2023-12-05T04:50:34+00:00\" \/>\n<meta property=\"og:image\" content=\"https:\/\/sanluisinforma.com\/wp-content\/uploads\/2023\/12\/05796ec4-261d-403a-967a-6bf386460b52.jpg\" \/>\n\t<meta property=\"og:image:width\" content=\"520\" \/>\n\t<meta property=\"og:image:height\" content=\"346\" \/>\n\t<meta property=\"og:image:type\" content=\"image\/jpeg\" \/>\n<meta name=\"author\" content=\"sanluisinforma.com\" \/>\n<meta name=\"twitter:card\" content=\"summary_large_image\" \/>\n<meta name=\"twitter:label1\" content=\"Escrito por\" \/>\n\t<meta name=\"twitter:data1\" content=\"sanluisinforma.com\" \/>\n\t<meta name=\"twitter:label2\" content=\"Tiempo de lectura\" \/>\n\t<meta name=\"twitter:data2\" content=\"2 minutos\" \/>\n<script type=\"application\/ld+json\" class=\"yoast-schema-graph\">{\"@context\":\"https:\/\/schema.org\",\"@graph\":[{\"@type\":\"Article\",\"@id\":\"https:\/\/sanluisinforma.com\/?p=2676#article\",\"isPartOf\":{\"@id\":\"https:\/\/sanluisinforma.com\/?p=2676\"},\"author\":{\"name\":\"sanluisinforma.com\",\"@id\":\"https:\/\/sanluisinforma.com\/#\/schema\/person\/c30648f71476be533b6f59d092905c8b\"},\"headline\":\"Familias Potosinas disfrutan de la Magia de la Navidad con encendido de \u00c1rbol\",\"datePublished\":\"2023-12-05T06:55:00+00:00\",\"dateModified\":\"2023-12-05T04:50:34+00:00\",\"mainEntityOfPage\":{\"@id\":\"https:\/\/sanluisinforma.com\/?p=2676\"},\"wordCount\":357,\"publisher\":{\"@id\":\"https:\/\/sanluisinforma.com\/#organization\"},\"image\":{\"@id\":\"https:\/\/sanluisinforma.com\/?p=2676#primaryimage\"},\"thumbnailUrl\":\"https:\/\/sanluisinforma.com\/wp-content\/uploads\/2023\/12\/05796ec4-261d-403a-967a-6bf386460b52.jpg\",\"articleSection\":[\"Local\",\"Portada\"],\"inLanguage\":\"es\"},{\"@type\":\"WebPage\",\"@id\":\"https:\/\/sanluisinforma.com\/?p=2676\",\"url\":\"https:\/\/sanluisinforma.com\/?p=2676\",\"name\":\"Familias Potosinas disfrutan de la Magia de la Navidad con encendido de \u00c1rbol - sanluisinforma.com\",\"isPartOf\":{\"@id\":\"https:\/\/sanluisinforma.com\/#website\"},\"primaryImageOfPage\":{\"@id\":\"https:\/\/sanluisinforma.com\/?p=2676#primaryimage\"},\"image\":{\"@id\":\"https:\/\/sanluisinforma.com\/?p=2676#primaryimage\"},\"thumbnailUrl\":\"https:\/\/sanluisinforma.com\/wp-content\/uploads\/2023\/12\/05796ec4-261d-403a-967a-6bf386460b52.jpg\",\"datePublished\":\"2023-12-05T06:55:00+00:00\",\"dateModified\":\"2023-12-05T04:50:34+00:00\",\"breadcrumb\":{\"@id\":\"https:\/\/sanluisinforma.com\/?p=2676#breadcrumb\"},\"inLanguage\":\"es\",\"potentialAction\":[{\"@type\":\"ReadAction\",\"target\":[\"https:\/\/sanluisinforma.com\/?p=2676\"]}]},{\"@type\":\"ImageObject\",\"inLanguage\":\"es\",\"@id\":\"https:\/\/sanluisinforma.com\/?p=2676#primaryimage\",\"url\":\"https:\/\/sanluisinforma.com\/wp-content\/uploads\/2023\/12\/05796ec4-261d-403a-967a-6bf386460b52.jpg\",\"contentUrl\":\"https:\/\/sanluisinforma.com\/wp-content\/uploads\/2023\/12\/05796ec4-261d-403a-967a-6bf386460b52.jpg\",\"width\":520,\"height\":346},{\"@type\":\"BreadcrumbList\",\"@id\":\"https:\/\/sanluisinforma.com\/?p=2676#breadcrumb\",\"itemListElement\":[{\"@type\":\"ListItem\",\"position\":1,\"name\":\"Inicio\",\"item\":\"https:\/\/sanluisinforma.com\/\"},{\"@type\":\"ListItem\",\"position\":2,\"name\":\"Familias Potosinas disfrutan de la Magia de la Navidad con encendido de \u00c1rbol\"}]},{\"@type\":\"WebSite\",\"@id\":\"https:\/\/sanluisinforma.com\/#website\",\"url\":\"https:\/\/sanluisinforma.com\/\",\"name\":\"sanluisinforma.com\",\"description\":\"Periodico San Luis Informa\",\"publisher\":{\"@id\":\"https:\/\/sanluisinforma.com\/#organization\"},\"potentialAction\":[{\"@type\":\"SearchAction\",\"target\":{\"@type\":\"EntryPoint\",\"urlTemplate\":\"https:\/\/sanluisinforma.com\/?s={search_term_string}\"},\"query-input\":{\"@type\":\"PropertyValueSpecification\",\"valueRequired\":true,\"valueName\":\"search_term_string\"}}],\"inLanguage\":\"es\"},{\"@type\":\"Organization\",\"@id\":\"https:\/\/sanluisinforma.com\/#organization\",\"name\":\"sanluisinforma.com\",\"url\":\"https:\/\/sanluisinforma.com\/\",\"logo\":{\"@type\":\"ImageObject\",\"inLanguage\":\"es\",\"@id\":\"https:\/\/sanluisinforma.com\/#\/schema\/logo\/image\/\",\"url\":\"https:\/\/sanluisinforma.com\/wp-content\/uploads\/2026\/03\/sanluisinforma-V.jpg\",\"contentUrl\":\"https:\/\/sanluisinforma.com\/wp-content\/uploads\/2026\/03\/sanluisinforma-V.jpg\",\"width\":500,\"height\":156,\"caption\":\"sanluisinforma.com\"},\"image\":{\"@id\":\"https:\/\/sanluisinforma.com\/#\/schema\/logo\/image\/\"}},{\"@type\":\"Person\",\"@id\":\"https:\/\/sanluisinforma.com\/#\/schema\/person\/c30648f71476be533b6f59d092905c8b\",\"name\":\"sanluisinforma.com\",\"image\":{\"@type\":\"ImageObject\",\"inLanguage\":\"es\",\"@id\":\"https:\/\/sanluisinforma.com\/#\/schema\/person\/image\/\",\"url\":\"https:\/\/secure.gravatar.com\/avatar\/86e3114e34a1eecefb963e0a02f0093f93b092dddb2fe1517596343751081a87?s=96&d=mm&r=g\",\"contentUrl\":\"https:\/\/secure.gravatar.com\/avatar\/86e3114e34a1eecefb963e0a02f0093f93b092dddb2fe1517596343751081a87?s=96&d=mm&r=g\",\"caption\":\"sanluisinforma.com\"},\"url\":\"https:\/\/sanluisinforma.com\/?author=2\"}]}<\/script>\n<!-- \/ Yoast SEO plugin. -->","yoast_head_json":{"title":"Familias Potosinas disfrutan de la Magia de la Navidad con encendido de \u00c1rbol - sanluisinforma.com","robots":{"index":"index","follow":"follow","max-snippet":"max-snippet:-1","max-image-preview":"max-image-preview:large","max-video-preview":"max-video-preview:-1"},"canonical":"https:\/\/sanluisinforma.com\/?p=2676","og_locale":"es_MX","og_type":"article","og_title":"Familias Potosinas disfrutan de la Magia de la Navidad con encendido de \u00c1rbol - sanluisinforma.com","og_description":"&nbsp;El Gobernador de San Luis Potos\u00ed inaugur\u00f3 el festival navide\u00f1o 2023 en el Centro Hist\u00f3rico&nbsp; La magia y alegr\u00eda de","og_url":"https:\/\/sanluisinforma.com\/?p=2676","og_site_name":"sanluisinforma.com","article_published_time":"2023-12-05T06:55:00+00:00","article_modified_time":"2023-12-05T04:50:34+00:00","og_image":[{"width":520,"height":346,"url":"https:\/\/sanluisinforma.com\/wp-content\/uploads\/2023\/12\/05796ec4-261d-403a-967a-6bf386460b52.jpg","type":"image\/jpeg"}],"author":"sanluisinforma.com","twitter_card":"summary_large_image","twitter_misc":{"Escrito por":"sanluisinforma.com","Tiempo de lectura":"2 minutos"},"schema":{"@context":"https:\/\/schema.org","@graph":[{"@type":"Article","@id":"https:\/\/sanluisinforma.com\/?p=2676#article","isPartOf":{"@id":"https:\/\/sanluisinforma.com\/?p=2676"},"author":{"name":"sanluisinforma.com","@id":"https:\/\/sanluisinforma.com\/#\/schema\/person\/c30648f71476be533b6f59d092905c8b"},"headline":"Familias Potosinas disfrutan de la Magia de la Navidad con encendido de \u00c1rbol","datePublished":"2023-12-05T06:55:00+00:00","dateModified":"2023-12-05T04:50:34+00:00","mainEntityOfPage":{"@id":"https:\/\/sanluisinforma.com\/?p=2676"},"wordCount":357,"publisher":{"@id":"https:\/\/sanluisinforma.com\/#organization"},"image":{"@id":"https:\/\/sanluisinforma.com\/?p=2676#primaryimage"},"thumbnailUrl":"https:\/\/sanluisinforma.com\/wp-content\/uploads\/2023\/12\/05796ec4-261d-403a-967a-6bf386460b52.jpg","articleSection":["Local","Portada"],"inLanguage":"es"},{"@type":"WebPage","@id":"https:\/\/sanluisinforma.com\/?p=2676","url":"https:\/\/sanluisinforma.com\/?p=2676","name":"Familias Potosinas disfrutan de la Magia de la Navidad con encendido de \u00c1rbol - sanluisinforma.com","isPartOf":{"@id":"https:\/\/sanluisinforma.com\/#website"},"primaryImageOfPage":{"@id":"https:\/\/sanluisinforma.com\/?p=2676#primaryimage"},"image":{"@id":"https:\/\/sanluisinforma.com\/?p=2676#primaryimage"},"thumbnailUrl":"https:\/\/sanluisinforma.com\/wp-content\/uploads\/2023\/12\/05796ec4-261d-403a-967a-6bf386460b52.jpg","datePublished":"2023-12-05T06:55:00+00:00","dateModified":"2023-12-05T04:50:34+00:00","breadcrumb":{"@id":"https:\/\/sanluisinforma.com\/?p=2676#breadcrumb"},"inLanguage":"es","potentialAction":[{"@type":"ReadAction","target":["https:\/\/sanluisinforma.com\/?p=2676"]}]},{"@type":"ImageObject","inLanguage":"es","@id":"https:\/\/sanluisinforma.com\/?p=2676#primaryimage","url":"https:\/\/sanluisinforma.com\/wp-content\/uploads\/2023\/12\/05796ec4-261d-403a-967a-6bf386460b52.jpg","contentUrl":"https:\/\/sanluisinforma.com\/wp-content\/uploads\/2023\/12\/05796ec4-261d-403a-967a-6bf386460b52.jpg","width":520,"height":346},{"@type":"BreadcrumbList","@id":"https:\/\/sanluisinforma.com\/?p=2676#breadcrumb","itemListElement":[{"@type":"ListItem","position":1,"name":"Inicio","item":"https:\/\/sanluisinforma.com\/"},{"@type":"ListItem","position":2,"name":"Familias Potosinas disfrutan de la Magia de la Navidad con encendido de \u00c1rbol"}]},{"@type":"WebSite","@id":"https:\/\/sanluisinforma.com\/#website","url":"https:\/\/sanluisinforma.com\/","name":"sanluisinforma.com","description":"Periodico San Luis Informa","publisher":{"@id":"https:\/\/sanluisinforma.com\/#organization"},"potentialAction":[{"@type":"SearchAction","target":{"@type":"EntryPoint","urlTemplate":"https:\/\/sanluisinforma.com\/?s={search_term_string}"},"query-input":{"@type":"PropertyValueSpecification","valueRequired":true,"valueName":"search_term_string"}}],"inLanguage":"es"},{"@type":"Organization","@id":"https:\/\/sanluisinforma.com\/#organization","name":"sanluisinforma.com","url":"https:\/\/sanluisinforma.com\/","logo":{"@type":"ImageObject","inLanguage":"es","@id":"https:\/\/sanluisinforma.com\/#\/schema\/logo\/image\/","url":"https:\/\/sanluisinforma.com\/wp-content\/uploads\/2026\/03\/sanluisinforma-V.jpg","contentUrl":"https:\/\/sanluisinforma.com\/wp-content\/uploads\/2026\/03\/sanluisinforma-V.jpg","width":500,"height":156,"caption":"sanluisinforma.com"},"image":{"@id":"https:\/\/sanluisinforma.com\/#\/schema\/logo\/image\/"}},{"@type":"Person","@id":"https:\/\/sanluisinforma.com\/#\/schema\/person\/c30648f71476be533b6f59d092905c8b","name":"sanluisinforma.com","image":{"@type":"ImageObject","inLanguage":"es","@id":"https:\/\/sanluisinforma.com\/#\/schema\/person\/image\/","url":"https:\/\/secure.gravatar.com\/avatar\/86e3114e34a1eecefb963e0a02f0093f93b092dddb2fe1517596343751081a87?s=96&d=mm&r=g","contentUrl":"https:\/\/secure.gravatar.com\/avatar\/86e3114e34a1eecefb963e0a02f0093f93b092dddb2fe1517596343751081a87?s=96&d=mm&r=g","caption":"sanluisinforma.com"},"url":"https:\/\/sanluisinforma.com\/?author=2"}]}},"_links":{"self":[{"href":"https:\/\/sanluisinforma.com\/index.php?rest_route=\/wp\/v2\/posts\/2676","targetHints":{"allow":["GET"]}}],"collection":[{"href":"https:\/\/sanluisinforma.com\/index.php?rest_route=\/wp\/v2\/posts"}],"about":[{"href":"https:\/\/sanluisinforma.com\/index.php?rest_route=\/wp\/v2\/types\/post"}],"author":[{"embeddable":true,"href":"https:\/\/sanluisinforma.com\/index.php?rest_route=\/wp\/v2\/users\/2"}],"replies":[{"embeddable":true,"href":"https:\/\/sanluisinforma.com\/index.php?rest_route=%2Fwp%2Fv2%2Fcomments&post=2676"}],"version-history":[{"count":1,"href":"https:\/\/sanluisinforma.com\/index.php?rest_route=\/wp\/v2\/posts\/2676\/revisions"}],"predecessor-version":[{"id":2678,"href":"https:\/\/sanluisinforma.com\/index.php?rest_route=\/wp\/v2\/posts\/2676\/revisions\/2678"}],"wp:featuredmedia":[{"embeddable":true,"href":"https:\/\/sanluisinforma.com\/index.php?rest_route=\/wp\/v2\/media\/2677"}],"wp:attachment":[{"href":"https:\/\/sanluisinforma.com\/index.php?rest_route=%2Fwp%2Fv2%2Fmedia&parent=2676"}],"wp:term":[{"taxonomy":"category","embeddable":true,"href":"https:\/\/sanluisinforma.com\/index.php?rest_route=%2Fwp%2Fv2%2Fcategories&post=2676"},{"taxonomy":"post_tag","embeddable":true,"href":"https:\/\/sanluisinforma.com\/index.php?rest_route=%2Fwp%2Fv2%2Ftags&post=2676"}],"curies":[{"name":"wp","href":"https:\/\/api.w.org\/{rel}","templated":true}]}}