{"id":2835,"date":"2023-12-14T00:50:00","date_gmt":"2023-12-14T06:50:00","guid":{"rendered":"https:\/\/sanluisinforma.com\/?p=2835"},"modified":"2023-12-13T18:37:07","modified_gmt":"2023-12-14T00:37:07","slug":"alcalde-galindo-arranca-obra-de-paseo-esmeralda-la-mas-importante-del-centro-historico","status":"publish","type":"post","link":"https:\/\/sanluisinforma.com\/?p=2835","title":{"rendered":"Alcalde Galindo arranca obra de Paseo Esmeralda, la m\u00e1s importante del Centro Hist\u00f3rico"},"content":{"rendered":"\n<p>La regeneraci\u00f3n urbana har\u00e1 florecer esta joya tur\u00edstica, que abarca la calle Hidalgo, el Pasaje Pasaje Zaragoza y la Calzada de Guadalupe.<\/p>\n\n\n\n<p>Se dar\u00e1 realce a todos los sitios atractivos de esta v\u00eda, uno de los caminos peatonales m\u00e1s grandes del continente.<\/p>\n\n\n\n<p>Este proyecto cuenta con financiaci\u00f3n del Banco de Desarrollo de Am\u00e9rica Latina.<\/p>\n\n\n\n<p>El Alcalde Enrique Galindo dio arranque a la rehabilitaci\u00f3n integral del Paseo Esmeralda, que representa el proyecto de obra p\u00fablica m\u00e1s importante en el Centro Hist\u00f3rico de San Luis Capital. El Presidente Municipal explic\u00f3 que el nombre de esta zona proviene del reloj ubicado en el Jard\u00edn Col\u00f3n, en donde se lee \u201cLa Esmeralda de M\u00e9xico\u201d, joyer\u00eda que lo fabric\u00f3, como un regalo de la comunidad espa\u00f1ola por el Centenario de la Independencia.<\/p>\n\n\n\n<p>\u201cEs una joya tur\u00edstica la que estamos desarrollando. Vamos a lograr que, desde la Plaza de Armas, pasando por el Pasaje Zaragoza hasta la Bas\u00edlica de Guadalupe, rescatemos el conjunto con una visi\u00f3n tur\u00edstica\u201d, expres\u00f3 el Alcalde Enrique Galindo.<\/p>\n\n\n\n<p>El Presidente Municipal de la Capital subray\u00f3 que es una zona en la que el turismo tendr\u00e1 acceso a los mercados p\u00fablicos, recorriendo hacia el sur el Pasaje Zaragoza que ha sido regenerado con el rescate de fachadas hist\u00f3ricas, para llegar al emblem\u00e1tico Jard\u00edn Col\u00f3n. Luego desplazarse hacia la Bas\u00edlica de Guadalupe en donde podr\u00e1 admirar la zona militar, el mural que est\u00e1 al interior del Internado Dami\u00e1n Carmona, el majestuoso Centro de las Artes que es una joya arquitect\u00f3nica, y mucho m\u00e1s de lo que ofrece la tradicional Calzada de Guadalupe.<\/p>\n\n\n\n<p>El Alcalde asegur\u00f3 que el adoqu\u00edn que reviste todo lo largo de la Calzada ser\u00e1 reutilizado, ya que ser\u00e1 labrado por artesanos de la cantera. El Presidente Municipal de la Capital asegur\u00f3 que esta magna obra es una rehabilitaci\u00f3n integral porque ser\u00e1n arreglados los drenajes y tomas domiciliarias de todas las propiedades: \u201cabsolutamente todas. Las de los mercados, de las oficinas p\u00fablicas como la de Planeaci\u00f3n del gobierno del estado, las notar\u00edas, restaurantes, escuelas y todos los vecinos de la zona\u201d, remarc\u00f3.<\/p>\n\n\n\n<p>Galindo Ceballos remarc\u00f3 la importancia que representa esa zona hist\u00f3rica, orgullosamente potosina, en Am\u00e9rica Latina, pues revel\u00f3 que el Banco de Desarrollo de Am\u00e9rica Latina (CAF) le aportar\u00e1 a este proyecto 16 millones de d\u00f3lares que est\u00e1n autorizados, pero que no han llegado a\u00fan por cuestiones administrativas. \u201cLe han puesto la fe a San Luis Potos\u00ed para que la ciudad tenga el Paseo Esmeralda completo\u201d.<\/p>\n\n\n\n<p>El Presidente Municipal reconoci\u00f3 al Cabildo la generaci\u00f3n de apoyos para el proyecto, particularmente al regidor Gustavo Mercado Garay con quien se trabaj\u00f3 de cerca la integraci\u00f3n. Dijo que aprobaron para la primera inversi\u00f3n 75 millones de pesos, recursos que provienen de la venta de un terreno a una empresa, y a\u00f1adi\u00f3: \u201c\u00edntegro el recurso se est\u00e1 destinando a esto. Incluso el Cabildo aprob\u00f3 la creaci\u00f3n de una comisi\u00f3n formada por regidoras y regidores, para que supervisara la aplicaci\u00f3n de ese dinero\u201d, refiri\u00f3.<\/p>\n","protected":false},"excerpt":{"rendered":"<p>La regeneraci\u00f3n urbana har\u00e1 florecer esta joya tur\u00edstica, que abarca la calle Hidalgo, el Pasaje Pasaje Zaragoza y la Calzada<\/p>\n","protected":false},"author":2,"featured_media":2836,"comment_status":"closed","ping_status":"closed","sticky":false,"template":"","format":"standard","meta":{"footnotes":""},"categories":[25,30],"tags":[],"class_list":["post-2835","post","type-post","status-publish","format-standard","has-post-thumbnail","hentry","category-local","category-portada"],"yoast_head":"<!-- This site is optimized with the Yoast SEO plugin v24.1 - https:\/\/yoast.com\/wordpress\/plugins\/seo\/ -->\n<title>Alcalde Galindo arranca obra de Paseo Esmeralda, la m\u00e1s importante del Centro Hist\u00f3rico - sanluisinforma.com<\/title>\n<meta name=\"robots\" content=\"index, follow, max-snippet:-1, max-image-preview:large, max-video-preview:-1\" \/>\n<link rel=\"canonical\" href=\"https:\/\/sanluisinforma.com\/?p=2835\" \/>\n<meta property=\"og:locale\" content=\"es_MX\" \/>\n<meta property=\"og:type\" content=\"article\" \/>\n<meta property=\"og:title\" content=\"Alcalde Galindo arranca obra de Paseo Esmeralda, la m\u00e1s importante del Centro Hist\u00f3rico - sanluisinforma.com\" \/>\n<meta property=\"og:description\" content=\"La regeneraci\u00f3n urbana har\u00e1 florecer esta joya tur\u00edstica, que abarca la calle Hidalgo, el Pasaje Pasaje Zaragoza y la Calzada\" \/>\n<meta property=\"og:url\" content=\"https:\/\/sanluisinforma.com\/?p=2835\" \/>\n<meta property=\"og:site_name\" content=\"sanluisinforma.com\" \/>\n<meta property=\"article:published_time\" content=\"2023-12-14T06:50:00+00:00\" \/>\n<meta property=\"article:modified_time\" content=\"2023-12-14T00:37:07+00:00\" \/>\n<meta property=\"og:image\" content=\"https:\/\/sanluisinforma.com\/wp-content\/uploads\/2023\/12\/bdb6e0fd-ae0c-48d5-981f-d9973ec47de7.jpg\" \/>\n\t<meta property=\"og:image:width\" content=\"520\" \/>\n\t<meta property=\"og:image:height\" content=\"346\" \/>\n\t<meta property=\"og:image:type\" content=\"image\/jpeg\" \/>\n<meta name=\"author\" content=\"sanluisinforma.com\" \/>\n<meta name=\"twitter:card\" content=\"summary_large_image\" \/>\n<meta name=\"twitter:label1\" content=\"Escrito por\" \/>\n\t<meta name=\"twitter:data1\" content=\"sanluisinforma.com\" \/>\n\t<meta name=\"twitter:label2\" content=\"Tiempo de lectura\" \/>\n\t<meta name=\"twitter:data2\" content=\"3 minutos\" \/>\n<script type=\"application\/ld+json\" class=\"yoast-schema-graph\">{\"@context\":\"https:\/\/schema.org\",\"@graph\":[{\"@type\":\"Article\",\"@id\":\"https:\/\/sanluisinforma.com\/?p=2835#article\",\"isPartOf\":{\"@id\":\"https:\/\/sanluisinforma.com\/?p=2835\"},\"author\":{\"name\":\"sanluisinforma.com\",\"@id\":\"https:\/\/sanluisinforma.com\/#\/schema\/person\/c30648f71476be533b6f59d092905c8b\"},\"headline\":\"Alcalde Galindo arranca obra de Paseo Esmeralda, la m\u00e1s importante del Centro Hist\u00f3rico\",\"datePublished\":\"2023-12-14T06:50:00+00:00\",\"dateModified\":\"2023-12-14T00:37:07+00:00\",\"mainEntityOfPage\":{\"@id\":\"https:\/\/sanluisinforma.com\/?p=2835\"},\"wordCount\":548,\"publisher\":{\"@id\":\"https:\/\/sanluisinforma.com\/#organization\"},\"image\":{\"@id\":\"https:\/\/sanluisinforma.com\/?p=2835#primaryimage\"},\"thumbnailUrl\":\"https:\/\/sanluisinforma.com\/wp-content\/uploads\/2023\/12\/bdb6e0fd-ae0c-48d5-981f-d9973ec47de7.jpg\",\"articleSection\":[\"Local\",\"Portada\"],\"inLanguage\":\"es\"},{\"@type\":\"WebPage\",\"@id\":\"https:\/\/sanluisinforma.com\/?p=2835\",\"url\":\"https:\/\/sanluisinforma.com\/?p=2835\",\"name\":\"Alcalde Galindo arranca obra de Paseo Esmeralda, la m\u00e1s importante del Centro Hist\u00f3rico - sanluisinforma.com\",\"isPartOf\":{\"@id\":\"https:\/\/sanluisinforma.com\/#website\"},\"primaryImageOfPage\":{\"@id\":\"https:\/\/sanluisinforma.com\/?p=2835#primaryimage\"},\"image\":{\"@id\":\"https:\/\/sanluisinforma.com\/?p=2835#primaryimage\"},\"thumbnailUrl\":\"https:\/\/sanluisinforma.com\/wp-content\/uploads\/2023\/12\/bdb6e0fd-ae0c-48d5-981f-d9973ec47de7.jpg\",\"datePublished\":\"2023-12-14T06:50:00+00:00\",\"dateModified\":\"2023-12-14T00:37:07+00:00\",\"breadcrumb\":{\"@id\":\"https:\/\/sanluisinforma.com\/?p=2835#breadcrumb\"},\"inLanguage\":\"es\",\"potentialAction\":[{\"@type\":\"ReadAction\",\"target\":[\"https:\/\/sanluisinforma.com\/?p=2835\"]}]},{\"@type\":\"ImageObject\",\"inLanguage\":\"es\",\"@id\":\"https:\/\/sanluisinforma.com\/?p=2835#primaryimage\",\"url\":\"https:\/\/sanluisinforma.com\/wp-content\/uploads\/2023\/12\/bdb6e0fd-ae0c-48d5-981f-d9973ec47de7.jpg\",\"contentUrl\":\"https:\/\/sanluisinforma.com\/wp-content\/uploads\/2023\/12\/bdb6e0fd-ae0c-48d5-981f-d9973ec47de7.jpg\",\"width\":520,\"height\":346},{\"@type\":\"BreadcrumbList\",\"@id\":\"https:\/\/sanluisinforma.com\/?p=2835#breadcrumb\",\"itemListElement\":[{\"@type\":\"ListItem\",\"position\":1,\"name\":\"Inicio\",\"item\":\"https:\/\/sanluisinforma.com\/\"},{\"@type\":\"ListItem\",\"position\":2,\"name\":\"Alcalde Galindo arranca obra de Paseo Esmeralda, la m\u00e1s importante del Centro Hist\u00f3rico\"}]},{\"@type\":\"WebSite\",\"@id\":\"https:\/\/sanluisinforma.com\/#website\",\"url\":\"https:\/\/sanluisinforma.com\/\",\"name\":\"sanluisinforma.com\",\"description\":\"Periodico San Luis Informa\",\"publisher\":{\"@id\":\"https:\/\/sanluisinforma.com\/#organization\"},\"potentialAction\":[{\"@type\":\"SearchAction\",\"target\":{\"@type\":\"EntryPoint\",\"urlTemplate\":\"https:\/\/sanluisinforma.com\/?s={search_term_string}\"},\"query-input\":{\"@type\":\"PropertyValueSpecification\",\"valueRequired\":true,\"valueName\":\"search_term_string\"}}],\"inLanguage\":\"es\"},{\"@type\":\"Organization\",\"@id\":\"https:\/\/sanluisinforma.com\/#organization\",\"name\":\"sanluisinforma.com\",\"url\":\"https:\/\/sanluisinforma.com\/\",\"logo\":{\"@type\":\"ImageObject\",\"inLanguage\":\"es\",\"@id\":\"https:\/\/sanluisinforma.com\/#\/schema\/logo\/image\/\",\"url\":\"https:\/\/sanluisinforma.com\/wp-content\/uploads\/2026\/03\/sanluisinforma-V.jpg\",\"contentUrl\":\"https:\/\/sanluisinforma.com\/wp-content\/uploads\/2026\/03\/sanluisinforma-V.jpg\",\"width\":500,\"height\":156,\"caption\":\"sanluisinforma.com\"},\"image\":{\"@id\":\"https:\/\/sanluisinforma.com\/#\/schema\/logo\/image\/\"}},{\"@type\":\"Person\",\"@id\":\"https:\/\/sanluisinforma.com\/#\/schema\/person\/c30648f71476be533b6f59d092905c8b\",\"name\":\"sanluisinforma.com\",\"image\":{\"@type\":\"ImageObject\",\"inLanguage\":\"es\",\"@id\":\"https:\/\/sanluisinforma.com\/#\/schema\/person\/image\/\",\"url\":\"https:\/\/secure.gravatar.com\/avatar\/86e3114e34a1eecefb963e0a02f0093f93b092dddb2fe1517596343751081a87?s=96&d=mm&r=g\",\"contentUrl\":\"https:\/\/secure.gravatar.com\/avatar\/86e3114e34a1eecefb963e0a02f0093f93b092dddb2fe1517596343751081a87?s=96&d=mm&r=g\",\"caption\":\"sanluisinforma.com\"},\"url\":\"https:\/\/sanluisinforma.com\/?author=2\"}]}<\/script>\n<!-- \/ Yoast SEO plugin. -->","yoast_head_json":{"title":"Alcalde Galindo arranca obra de Paseo Esmeralda, la m\u00e1s importante del Centro Hist\u00f3rico - sanluisinforma.com","robots":{"index":"index","follow":"follow","max-snippet":"max-snippet:-1","max-image-preview":"max-image-preview:large","max-video-preview":"max-video-preview:-1"},"canonical":"https:\/\/sanluisinforma.com\/?p=2835","og_locale":"es_MX","og_type":"article","og_title":"Alcalde Galindo arranca obra de Paseo Esmeralda, la m\u00e1s importante del Centro Hist\u00f3rico - sanluisinforma.com","og_description":"La regeneraci\u00f3n urbana har\u00e1 florecer esta joya tur\u00edstica, que abarca la calle Hidalgo, el Pasaje Pasaje Zaragoza y la Calzada","og_url":"https:\/\/sanluisinforma.com\/?p=2835","og_site_name":"sanluisinforma.com","article_published_time":"2023-12-14T06:50:00+00:00","article_modified_time":"2023-12-14T00:37:07+00:00","og_image":[{"width":520,"height":346,"url":"https:\/\/sanluisinforma.com\/wp-content\/uploads\/2023\/12\/bdb6e0fd-ae0c-48d5-981f-d9973ec47de7.jpg","type":"image\/jpeg"}],"author":"sanluisinforma.com","twitter_card":"summary_large_image","twitter_misc":{"Escrito por":"sanluisinforma.com","Tiempo de lectura":"3 minutos"},"schema":{"@context":"https:\/\/schema.org","@graph":[{"@type":"Article","@id":"https:\/\/sanluisinforma.com\/?p=2835#article","isPartOf":{"@id":"https:\/\/sanluisinforma.com\/?p=2835"},"author":{"name":"sanluisinforma.com","@id":"https:\/\/sanluisinforma.com\/#\/schema\/person\/c30648f71476be533b6f59d092905c8b"},"headline":"Alcalde Galindo arranca obra de Paseo Esmeralda, la m\u00e1s importante del Centro Hist\u00f3rico","datePublished":"2023-12-14T06:50:00+00:00","dateModified":"2023-12-14T00:37:07+00:00","mainEntityOfPage":{"@id":"https:\/\/sanluisinforma.com\/?p=2835"},"wordCount":548,"publisher":{"@id":"https:\/\/sanluisinforma.com\/#organization"},"image":{"@id":"https:\/\/sanluisinforma.com\/?p=2835#primaryimage"},"thumbnailUrl":"https:\/\/sanluisinforma.com\/wp-content\/uploads\/2023\/12\/bdb6e0fd-ae0c-48d5-981f-d9973ec47de7.jpg","articleSection":["Local","Portada"],"inLanguage":"es"},{"@type":"WebPage","@id":"https:\/\/sanluisinforma.com\/?p=2835","url":"https:\/\/sanluisinforma.com\/?p=2835","name":"Alcalde Galindo arranca obra de Paseo Esmeralda, la m\u00e1s importante del Centro Hist\u00f3rico - sanluisinforma.com","isPartOf":{"@id":"https:\/\/sanluisinforma.com\/#website"},"primaryImageOfPage":{"@id":"https:\/\/sanluisinforma.com\/?p=2835#primaryimage"},"image":{"@id":"https:\/\/sanluisinforma.com\/?p=2835#primaryimage"},"thumbnailUrl":"https:\/\/sanluisinforma.com\/wp-content\/uploads\/2023\/12\/bdb6e0fd-ae0c-48d5-981f-d9973ec47de7.jpg","datePublished":"2023-12-14T06:50:00+00:00","dateModified":"2023-12-14T00:37:07+00:00","breadcrumb":{"@id":"https:\/\/sanluisinforma.com\/?p=2835#breadcrumb"},"inLanguage":"es","potentialAction":[{"@type":"ReadAction","target":["https:\/\/sanluisinforma.com\/?p=2835"]}]},{"@type":"ImageObject","inLanguage":"es","@id":"https:\/\/sanluisinforma.com\/?p=2835#primaryimage","url":"https:\/\/sanluisinforma.com\/wp-content\/uploads\/2023\/12\/bdb6e0fd-ae0c-48d5-981f-d9973ec47de7.jpg","contentUrl":"https:\/\/sanluisinforma.com\/wp-content\/uploads\/2023\/12\/bdb6e0fd-ae0c-48d5-981f-d9973ec47de7.jpg","width":520,"height":346},{"@type":"BreadcrumbList","@id":"https:\/\/sanluisinforma.com\/?p=2835#breadcrumb","itemListElement":[{"@type":"ListItem","position":1,"name":"Inicio","item":"https:\/\/sanluisinforma.com\/"},{"@type":"ListItem","position":2,"name":"Alcalde Galindo arranca obra de Paseo Esmeralda, la m\u00e1s importante del Centro Hist\u00f3rico"}]},{"@type":"WebSite","@id":"https:\/\/sanluisinforma.com\/#website","url":"https:\/\/sanluisinforma.com\/","name":"sanluisinforma.com","description":"Periodico San Luis Informa","publisher":{"@id":"https:\/\/sanluisinforma.com\/#organization"},"potentialAction":[{"@type":"SearchAction","target":{"@type":"EntryPoint","urlTemplate":"https:\/\/sanluisinforma.com\/?s={search_term_string}"},"query-input":{"@type":"PropertyValueSpecification","valueRequired":true,"valueName":"search_term_string"}}],"inLanguage":"es"},{"@type":"Organization","@id":"https:\/\/sanluisinforma.com\/#organization","name":"sanluisinforma.com","url":"https:\/\/sanluisinforma.com\/","logo":{"@type":"ImageObject","inLanguage":"es","@id":"https:\/\/sanluisinforma.com\/#\/schema\/logo\/image\/","url":"https:\/\/sanluisinforma.com\/wp-content\/uploads\/2026\/03\/sanluisinforma-V.jpg","contentUrl":"https:\/\/sanluisinforma.com\/wp-content\/uploads\/2026\/03\/sanluisinforma-V.jpg","width":500,"height":156,"caption":"sanluisinforma.com"},"image":{"@id":"https:\/\/sanluisinforma.com\/#\/schema\/logo\/image\/"}},{"@type":"Person","@id":"https:\/\/sanluisinforma.com\/#\/schema\/person\/c30648f71476be533b6f59d092905c8b","name":"sanluisinforma.com","image":{"@type":"ImageObject","inLanguage":"es","@id":"https:\/\/sanluisinforma.com\/#\/schema\/person\/image\/","url":"https:\/\/secure.gravatar.com\/avatar\/86e3114e34a1eecefb963e0a02f0093f93b092dddb2fe1517596343751081a87?s=96&d=mm&r=g","contentUrl":"https:\/\/secure.gravatar.com\/avatar\/86e3114e34a1eecefb963e0a02f0093f93b092dddb2fe1517596343751081a87?s=96&d=mm&r=g","caption":"sanluisinforma.com"},"url":"https:\/\/sanluisinforma.com\/?author=2"}]}},"_links":{"self":[{"href":"https:\/\/sanluisinforma.com\/index.php?rest_route=\/wp\/v2\/posts\/2835","targetHints":{"allow":["GET"]}}],"collection":[{"href":"https:\/\/sanluisinforma.com\/index.php?rest_route=\/wp\/v2\/posts"}],"about":[{"href":"https:\/\/sanluisinforma.com\/index.php?rest_route=\/wp\/v2\/types\/post"}],"author":[{"embeddable":true,"href":"https:\/\/sanluisinforma.com\/index.php?rest_route=\/wp\/v2\/users\/2"}],"replies":[{"embeddable":true,"href":"https:\/\/sanluisinforma.com\/index.php?rest_route=%2Fwp%2Fv2%2Fcomments&post=2835"}],"version-history":[{"count":1,"href":"https:\/\/sanluisinforma.com\/index.php?rest_route=\/wp\/v2\/posts\/2835\/revisions"}],"predecessor-version":[{"id":2837,"href":"https:\/\/sanluisinforma.com\/index.php?rest_route=\/wp\/v2\/posts\/2835\/revisions\/2837"}],"wp:featuredmedia":[{"embeddable":true,"href":"https:\/\/sanluisinforma.com\/index.php?rest_route=\/wp\/v2\/media\/2836"}],"wp:attachment":[{"href":"https:\/\/sanluisinforma.com\/index.php?rest_route=%2Fwp%2Fv2%2Fmedia&parent=2835"}],"wp:term":[{"taxonomy":"category","embeddable":true,"href":"https:\/\/sanluisinforma.com\/index.php?rest_route=%2Fwp%2Fv2%2Fcategories&post=2835"},{"taxonomy":"post_tag","embeddable":true,"href":"https:\/\/sanluisinforma.com\/index.php?rest_route=%2Fwp%2Fv2%2Ftags&post=2835"}],"curies":[{"name":"wp","href":"https:\/\/api.w.org\/{rel}","templated":true}]}}