{"id":2996,"date":"2023-12-24T00:35:00","date_gmt":"2023-12-24T06:35:00","guid":{"rendered":"https:\/\/sanluisinforma.com\/?p=2996"},"modified":"2023-12-23T20:50:13","modified_gmt":"2023-12-24T02:50:13","slug":"por-robo-luego-de-una-persecucion-policia-vial-detiene-dos-hombres-uno-armado","status":"publish","type":"post","link":"https:\/\/sanluisinforma.com\/?p=2996","title":{"rendered":"Por robo, luego de una persecuci\u00f3n, Polic\u00eda Vial detiene dos hombres-uno armado"},"content":{"rendered":"\n<p>Oficiales de Polic\u00eda Vial de la Secretar\u00eda de Seguridad y Protecci\u00f3n Ciudadana (SSPC) logr\u00f3 la detenci\u00f3n de dos hombres que reci\u00e9n hab\u00edan robado una camioneta, al ser detectados por los agentes, se inici\u00f3 una persecuci\u00f3n por la zona del distribuidor vial Ju\u00e1rez que finaliz\u00f3 con la detenci\u00f3n de los involucrados y la recuperaci\u00f3n de la unidad sustra\u00edda.<\/p>\n\n\n\n<p>De acuerdo con reporte de&nbsp; hechos, &nbsp;agentes municipales &nbsp;se les inform\u00f3 del reporte de un robo de veh\u00edculo con violencia,&nbsp; enseguida &nbsp;se abocaron a su b\u00fasqueda.<\/p>\n\n\n\n<p>&nbsp;En &nbsp;avenida Salvador Nava&nbsp; pr\u00f3ximo a&nbsp; avenida Industrias &nbsp;detectaron el veh\u00edculo referido que ascendi\u00f3 a carriles centrales haci\u00e9ndolo de manera intempestiva y a alta velocidad,&nbsp; por lo que comenzaron la &nbsp;persecuci\u00f3n.<\/p>\n\n\n\n<p>En la huida , &nbsp;en la calle Ley Federal del Trabajo que conductor de la camioneta sustra\u00edda impact\u00f3 contra otro veh\u00edculo.<\/p>\n\n\n\n<p>Tras el impacto, los dos tripulantes descendieron para continuar su huida corriendo hacia Valentin Amador siendo detenidos en&nbsp; el cruce de las calles Nayarit y Yucat\u00e1n de la colonia Popular.<\/p>\n\n\n\n<p>Una vez detenidos; a &nbsp;uno de ellos, de nombre Manuel &#8220;N&#8221; de 27 a\u00f1os, portaba una pistola tipo escuadra y un tel\u00e9fono celular. El segundo implicado, Pedro Antonio &#8220;N&#8221; de 25 a\u00f1os, le fueron encontrados dos tel\u00e9fonos celulares. ambos &nbsp;fueron puestos a disposici\u00f3n de la Fiscal\u00eda General Estatal.<\/p>\n\n\n\n<p>En tanto, el veh\u00edculo recuperado, una camioneta marca Honda color gris, fue resguarda en una pensi\u00f3n y ser\u00e1 la autoridad ministerial quien contin\u00fae con las acciones conducentes.<\/p>\n","protected":false},"excerpt":{"rendered":"<p>Oficiales de Polic\u00eda Vial de la Secretar\u00eda de Seguridad y Protecci\u00f3n Ciudadana (SSPC) logr\u00f3 la detenci\u00f3n de dos hombres que<\/p>\n","protected":false},"author":2,"featured_media":2998,"comment_status":"closed","ping_status":"closed","sticky":false,"template":"","format":"standard","meta":{"footnotes":""},"categories":[25,30],"tags":[],"class_list":["post-2996","post","type-post","status-publish","format-standard","has-post-thumbnail","hentry","category-local","category-portada"],"yoast_head":"<!-- This site is optimized with the Yoast SEO plugin v24.1 - https:\/\/yoast.com\/wordpress\/plugins\/seo\/ -->\n<title>Por robo, luego de una persecuci\u00f3n, Polic\u00eda Vial detiene dos hombres-uno armado - sanluisinforma.com<\/title>\n<meta name=\"robots\" content=\"index, follow, max-snippet:-1, max-image-preview:large, max-video-preview:-1\" \/>\n<link rel=\"canonical\" href=\"https:\/\/sanluisinforma.com\/?p=2996\" \/>\n<meta property=\"og:locale\" content=\"es_MX\" \/>\n<meta property=\"og:type\" content=\"article\" \/>\n<meta property=\"og:title\" content=\"Por robo, luego de una persecuci\u00f3n, Polic\u00eda Vial detiene dos hombres-uno armado - sanluisinforma.com\" \/>\n<meta property=\"og:description\" content=\"Oficiales de Polic\u00eda Vial de la Secretar\u00eda de Seguridad y Protecci\u00f3n Ciudadana (SSPC) logr\u00f3 la detenci\u00f3n de dos hombres que\" \/>\n<meta property=\"og:url\" content=\"https:\/\/sanluisinforma.com\/?p=2996\" \/>\n<meta property=\"og:site_name\" content=\"sanluisinforma.com\" \/>\n<meta property=\"article:published_time\" content=\"2023-12-24T06:35:00+00:00\" \/>\n<meta property=\"article:modified_time\" content=\"2023-12-24T02:50:13+00:00\" \/>\n<meta property=\"og:image\" content=\"https:\/\/sanluisinforma.com\/wp-content\/uploads\/2023\/12\/088d6072-8921-4cb3-9fed-2b5a7ddbe283.jpg\" \/>\n\t<meta property=\"og:image:width\" content=\"520\" \/>\n\t<meta property=\"og:image:height\" content=\"789\" \/>\n\t<meta property=\"og:image:type\" content=\"image\/jpeg\" \/>\n<meta name=\"author\" content=\"sanluisinforma.com\" \/>\n<meta name=\"twitter:card\" content=\"summary_large_image\" \/>\n<meta name=\"twitter:label1\" content=\"Escrito por\" \/>\n\t<meta name=\"twitter:data1\" content=\"sanluisinforma.com\" \/>\n\t<meta name=\"twitter:label2\" content=\"Tiempo de lectura\" \/>\n\t<meta name=\"twitter:data2\" content=\"2 minutos\" \/>\n<script type=\"application\/ld+json\" class=\"yoast-schema-graph\">{\"@context\":\"https:\/\/schema.org\",\"@graph\":[{\"@type\":\"Article\",\"@id\":\"https:\/\/sanluisinforma.com\/?p=2996#article\",\"isPartOf\":{\"@id\":\"https:\/\/sanluisinforma.com\/?p=2996\"},\"author\":{\"name\":\"sanluisinforma.com\",\"@id\":\"https:\/\/sanluisinforma.com\/#\/schema\/person\/c30648f71476be533b6f59d092905c8b\"},\"headline\":\"Por robo, luego de una persecuci\u00f3n, Polic\u00eda Vial detiene dos hombres-uno armado\",\"datePublished\":\"2023-12-24T06:35:00+00:00\",\"dateModified\":\"2023-12-24T02:50:13+00:00\",\"mainEntityOfPage\":{\"@id\":\"https:\/\/sanluisinforma.com\/?p=2996\"},\"wordCount\":296,\"publisher\":{\"@id\":\"https:\/\/sanluisinforma.com\/#organization\"},\"image\":{\"@id\":\"https:\/\/sanluisinforma.com\/?p=2996#primaryimage\"},\"thumbnailUrl\":\"https:\/\/sanluisinforma.com\/wp-content\/uploads\/2023\/12\/088d6072-8921-4cb3-9fed-2b5a7ddbe283.jpg\",\"articleSection\":[\"Local\",\"Portada\"],\"inLanguage\":\"es\"},{\"@type\":\"WebPage\",\"@id\":\"https:\/\/sanluisinforma.com\/?p=2996\",\"url\":\"https:\/\/sanluisinforma.com\/?p=2996\",\"name\":\"Por robo, luego de una persecuci\u00f3n, Polic\u00eda Vial detiene dos hombres-uno armado - sanluisinforma.com\",\"isPartOf\":{\"@id\":\"https:\/\/sanluisinforma.com\/#website\"},\"primaryImageOfPage\":{\"@id\":\"https:\/\/sanluisinforma.com\/?p=2996#primaryimage\"},\"image\":{\"@id\":\"https:\/\/sanluisinforma.com\/?p=2996#primaryimage\"},\"thumbnailUrl\":\"https:\/\/sanluisinforma.com\/wp-content\/uploads\/2023\/12\/088d6072-8921-4cb3-9fed-2b5a7ddbe283.jpg\",\"datePublished\":\"2023-12-24T06:35:00+00:00\",\"dateModified\":\"2023-12-24T02:50:13+00:00\",\"breadcrumb\":{\"@id\":\"https:\/\/sanluisinforma.com\/?p=2996#breadcrumb\"},\"inLanguage\":\"es\",\"potentialAction\":[{\"@type\":\"ReadAction\",\"target\":[\"https:\/\/sanluisinforma.com\/?p=2996\"]}]},{\"@type\":\"ImageObject\",\"inLanguage\":\"es\",\"@id\":\"https:\/\/sanluisinforma.com\/?p=2996#primaryimage\",\"url\":\"https:\/\/sanluisinforma.com\/wp-content\/uploads\/2023\/12\/088d6072-8921-4cb3-9fed-2b5a7ddbe283.jpg\",\"contentUrl\":\"https:\/\/sanluisinforma.com\/wp-content\/uploads\/2023\/12\/088d6072-8921-4cb3-9fed-2b5a7ddbe283.jpg\",\"width\":520,\"height\":789},{\"@type\":\"BreadcrumbList\",\"@id\":\"https:\/\/sanluisinforma.com\/?p=2996#breadcrumb\",\"itemListElement\":[{\"@type\":\"ListItem\",\"position\":1,\"name\":\"Inicio\",\"item\":\"https:\/\/sanluisinforma.com\/\"},{\"@type\":\"ListItem\",\"position\":2,\"name\":\"Por robo, luego de una persecuci\u00f3n, Polic\u00eda Vial detiene dos hombres-uno armado\"}]},{\"@type\":\"WebSite\",\"@id\":\"https:\/\/sanluisinforma.com\/#website\",\"url\":\"https:\/\/sanluisinforma.com\/\",\"name\":\"sanluisinforma.com\",\"description\":\"Periodico San Luis Informa\",\"publisher\":{\"@id\":\"https:\/\/sanluisinforma.com\/#organization\"},\"potentialAction\":[{\"@type\":\"SearchAction\",\"target\":{\"@type\":\"EntryPoint\",\"urlTemplate\":\"https:\/\/sanluisinforma.com\/?s={search_term_string}\"},\"query-input\":{\"@type\":\"PropertyValueSpecification\",\"valueRequired\":true,\"valueName\":\"search_term_string\"}}],\"inLanguage\":\"es\"},{\"@type\":\"Organization\",\"@id\":\"https:\/\/sanluisinforma.com\/#organization\",\"name\":\"sanluisinforma.com\",\"url\":\"https:\/\/sanluisinforma.com\/\",\"logo\":{\"@type\":\"ImageObject\",\"inLanguage\":\"es\",\"@id\":\"https:\/\/sanluisinforma.com\/#\/schema\/logo\/image\/\",\"url\":\"https:\/\/sanluisinforma.com\/wp-content\/uploads\/2026\/03\/sanluisinforma-V.jpg\",\"contentUrl\":\"https:\/\/sanluisinforma.com\/wp-content\/uploads\/2026\/03\/sanluisinforma-V.jpg\",\"width\":500,\"height\":156,\"caption\":\"sanluisinforma.com\"},\"image\":{\"@id\":\"https:\/\/sanluisinforma.com\/#\/schema\/logo\/image\/\"}},{\"@type\":\"Person\",\"@id\":\"https:\/\/sanluisinforma.com\/#\/schema\/person\/c30648f71476be533b6f59d092905c8b\",\"name\":\"sanluisinforma.com\",\"image\":{\"@type\":\"ImageObject\",\"inLanguage\":\"es\",\"@id\":\"https:\/\/sanluisinforma.com\/#\/schema\/person\/image\/\",\"url\":\"https:\/\/secure.gravatar.com\/avatar\/86e3114e34a1eecefb963e0a02f0093f93b092dddb2fe1517596343751081a87?s=96&d=mm&r=g\",\"contentUrl\":\"https:\/\/secure.gravatar.com\/avatar\/86e3114e34a1eecefb963e0a02f0093f93b092dddb2fe1517596343751081a87?s=96&d=mm&r=g\",\"caption\":\"sanluisinforma.com\"},\"url\":\"https:\/\/sanluisinforma.com\/?author=2\"}]}<\/script>\n<!-- \/ Yoast SEO plugin. -->","yoast_head_json":{"title":"Por robo, luego de una persecuci\u00f3n, Polic\u00eda Vial detiene dos hombres-uno armado - sanluisinforma.com","robots":{"index":"index","follow":"follow","max-snippet":"max-snippet:-1","max-image-preview":"max-image-preview:large","max-video-preview":"max-video-preview:-1"},"canonical":"https:\/\/sanluisinforma.com\/?p=2996","og_locale":"es_MX","og_type":"article","og_title":"Por robo, luego de una persecuci\u00f3n, Polic\u00eda Vial detiene dos hombres-uno armado - sanluisinforma.com","og_description":"Oficiales de Polic\u00eda Vial de la Secretar\u00eda de Seguridad y Protecci\u00f3n Ciudadana (SSPC) logr\u00f3 la detenci\u00f3n de dos hombres que","og_url":"https:\/\/sanluisinforma.com\/?p=2996","og_site_name":"sanluisinforma.com","article_published_time":"2023-12-24T06:35:00+00:00","article_modified_time":"2023-12-24T02:50:13+00:00","og_image":[{"width":520,"height":789,"url":"https:\/\/sanluisinforma.com\/wp-content\/uploads\/2023\/12\/088d6072-8921-4cb3-9fed-2b5a7ddbe283.jpg","type":"image\/jpeg"}],"author":"sanluisinforma.com","twitter_card":"summary_large_image","twitter_misc":{"Escrito por":"sanluisinforma.com","Tiempo de lectura":"2 minutos"},"schema":{"@context":"https:\/\/schema.org","@graph":[{"@type":"Article","@id":"https:\/\/sanluisinforma.com\/?p=2996#article","isPartOf":{"@id":"https:\/\/sanluisinforma.com\/?p=2996"},"author":{"name":"sanluisinforma.com","@id":"https:\/\/sanluisinforma.com\/#\/schema\/person\/c30648f71476be533b6f59d092905c8b"},"headline":"Por robo, luego de una persecuci\u00f3n, Polic\u00eda Vial detiene dos hombres-uno armado","datePublished":"2023-12-24T06:35:00+00:00","dateModified":"2023-12-24T02:50:13+00:00","mainEntityOfPage":{"@id":"https:\/\/sanluisinforma.com\/?p=2996"},"wordCount":296,"publisher":{"@id":"https:\/\/sanluisinforma.com\/#organization"},"image":{"@id":"https:\/\/sanluisinforma.com\/?p=2996#primaryimage"},"thumbnailUrl":"https:\/\/sanluisinforma.com\/wp-content\/uploads\/2023\/12\/088d6072-8921-4cb3-9fed-2b5a7ddbe283.jpg","articleSection":["Local","Portada"],"inLanguage":"es"},{"@type":"WebPage","@id":"https:\/\/sanluisinforma.com\/?p=2996","url":"https:\/\/sanluisinforma.com\/?p=2996","name":"Por robo, luego de una persecuci\u00f3n, Polic\u00eda Vial detiene dos hombres-uno armado - sanluisinforma.com","isPartOf":{"@id":"https:\/\/sanluisinforma.com\/#website"},"primaryImageOfPage":{"@id":"https:\/\/sanluisinforma.com\/?p=2996#primaryimage"},"image":{"@id":"https:\/\/sanluisinforma.com\/?p=2996#primaryimage"},"thumbnailUrl":"https:\/\/sanluisinforma.com\/wp-content\/uploads\/2023\/12\/088d6072-8921-4cb3-9fed-2b5a7ddbe283.jpg","datePublished":"2023-12-24T06:35:00+00:00","dateModified":"2023-12-24T02:50:13+00:00","breadcrumb":{"@id":"https:\/\/sanluisinforma.com\/?p=2996#breadcrumb"},"inLanguage":"es","potentialAction":[{"@type":"ReadAction","target":["https:\/\/sanluisinforma.com\/?p=2996"]}]},{"@type":"ImageObject","inLanguage":"es","@id":"https:\/\/sanluisinforma.com\/?p=2996#primaryimage","url":"https:\/\/sanluisinforma.com\/wp-content\/uploads\/2023\/12\/088d6072-8921-4cb3-9fed-2b5a7ddbe283.jpg","contentUrl":"https:\/\/sanluisinforma.com\/wp-content\/uploads\/2023\/12\/088d6072-8921-4cb3-9fed-2b5a7ddbe283.jpg","width":520,"height":789},{"@type":"BreadcrumbList","@id":"https:\/\/sanluisinforma.com\/?p=2996#breadcrumb","itemListElement":[{"@type":"ListItem","position":1,"name":"Inicio","item":"https:\/\/sanluisinforma.com\/"},{"@type":"ListItem","position":2,"name":"Por robo, luego de una persecuci\u00f3n, Polic\u00eda Vial detiene dos hombres-uno armado"}]},{"@type":"WebSite","@id":"https:\/\/sanluisinforma.com\/#website","url":"https:\/\/sanluisinforma.com\/","name":"sanluisinforma.com","description":"Periodico San Luis Informa","publisher":{"@id":"https:\/\/sanluisinforma.com\/#organization"},"potentialAction":[{"@type":"SearchAction","target":{"@type":"EntryPoint","urlTemplate":"https:\/\/sanluisinforma.com\/?s={search_term_string}"},"query-input":{"@type":"PropertyValueSpecification","valueRequired":true,"valueName":"search_term_string"}}],"inLanguage":"es"},{"@type":"Organization","@id":"https:\/\/sanluisinforma.com\/#organization","name":"sanluisinforma.com","url":"https:\/\/sanluisinforma.com\/","logo":{"@type":"ImageObject","inLanguage":"es","@id":"https:\/\/sanluisinforma.com\/#\/schema\/logo\/image\/","url":"https:\/\/sanluisinforma.com\/wp-content\/uploads\/2026\/03\/sanluisinforma-V.jpg","contentUrl":"https:\/\/sanluisinforma.com\/wp-content\/uploads\/2026\/03\/sanluisinforma-V.jpg","width":500,"height":156,"caption":"sanluisinforma.com"},"image":{"@id":"https:\/\/sanluisinforma.com\/#\/schema\/logo\/image\/"}},{"@type":"Person","@id":"https:\/\/sanluisinforma.com\/#\/schema\/person\/c30648f71476be533b6f59d092905c8b","name":"sanluisinforma.com","image":{"@type":"ImageObject","inLanguage":"es","@id":"https:\/\/sanluisinforma.com\/#\/schema\/person\/image\/","url":"https:\/\/secure.gravatar.com\/avatar\/86e3114e34a1eecefb963e0a02f0093f93b092dddb2fe1517596343751081a87?s=96&d=mm&r=g","contentUrl":"https:\/\/secure.gravatar.com\/avatar\/86e3114e34a1eecefb963e0a02f0093f93b092dddb2fe1517596343751081a87?s=96&d=mm&r=g","caption":"sanluisinforma.com"},"url":"https:\/\/sanluisinforma.com\/?author=2"}]}},"_links":{"self":[{"href":"https:\/\/sanluisinforma.com\/index.php?rest_route=\/wp\/v2\/posts\/2996","targetHints":{"allow":["GET"]}}],"collection":[{"href":"https:\/\/sanluisinforma.com\/index.php?rest_route=\/wp\/v2\/posts"}],"about":[{"href":"https:\/\/sanluisinforma.com\/index.php?rest_route=\/wp\/v2\/types\/post"}],"author":[{"embeddable":true,"href":"https:\/\/sanluisinforma.com\/index.php?rest_route=\/wp\/v2\/users\/2"}],"replies":[{"embeddable":true,"href":"https:\/\/sanluisinforma.com\/index.php?rest_route=%2Fwp%2Fv2%2Fcomments&post=2996"}],"version-history":[{"count":1,"href":"https:\/\/sanluisinforma.com\/index.php?rest_route=\/wp\/v2\/posts\/2996\/revisions"}],"predecessor-version":[{"id":2997,"href":"https:\/\/sanluisinforma.com\/index.php?rest_route=\/wp\/v2\/posts\/2996\/revisions\/2997"}],"wp:featuredmedia":[{"embeddable":true,"href":"https:\/\/sanluisinforma.com\/index.php?rest_route=\/wp\/v2\/media\/2998"}],"wp:attachment":[{"href":"https:\/\/sanluisinforma.com\/index.php?rest_route=%2Fwp%2Fv2%2Fmedia&parent=2996"}],"wp:term":[{"taxonomy":"category","embeddable":true,"href":"https:\/\/sanluisinforma.com\/index.php?rest_route=%2Fwp%2Fv2%2Fcategories&post=2996"},{"taxonomy":"post_tag","embeddable":true,"href":"https:\/\/sanluisinforma.com\/index.php?rest_route=%2Fwp%2Fv2%2Ftags&post=2996"}],"curies":[{"name":"wp","href":"https:\/\/api.w.org\/{rel}","templated":true}]}}