{"id":3218,"date":"2024-01-09T00:46:00","date_gmt":"2024-01-09T06:46:00","guid":{"rendered":"https:\/\/sanluisinforma.com\/?p=3218"},"modified":"2024-01-08T22:00:46","modified_gmt":"2024-01-09T04:00:46","slug":"mas-de-medio-centenar-de-personas-ha-atendido-dif-capitalino-en-albergue-invernal","status":"publish","type":"post","link":"https:\/\/sanluisinforma.com\/?p=3218","title":{"rendered":"M\u00e1s de medio centenar de personas ha atendido DIF Capitalino en &#8220;Albergue invernal&#8221;"},"content":{"rendered":"\n<ul class=\"wp-block-list\">\n<li>Dicha cantidad es desde que inici\u00f3 a la fecha y han sido personas que voluntariamente han accedido a estos apoyos.<\/li>\n\n\n\n<li>Se invita a la ciudadan\u00eda a continuar con sus respectivos reportes al tel\u00e9fono 4444203061.<\/li>\n<\/ul>\n\n\n\n<p>SLP.-&nbsp; Desde su apertura en el mes de diciembre y hasta la fecha, el &#8220;Albergue Invernal&#8221; del Sistema Municipal DIF, ha dado atenci\u00f3n a medio centenar de personas en situaci\u00f3n de calle, inform\u00f3 la Presidenta del organismo, Estela Arriaga M\u00e1rquez.<\/p>\n\n\n\n<p>&#8220;Implementamos este programa con el fin de salvaguardarlas de las bajas temperaturas que se registran en la noche y madrugada durante la temporada invernal, voluntariamente aceptan su traslado en los primeros d\u00edas y luego llegan por su cuenta&#8221;, explic\u00f3.<\/p>\n\n\n\n<p>Agradeci\u00f3 la titular del DIF Capitalino Estela Arriaga, los reportes de la ciudadan\u00eda cuando encuentran a alguna persona en otros puntos diferentes a los rondines que cada noche efect\u00faa Protecci\u00f3n Civil Municipal, junto con Derechos Humanos y la Secretar\u00eda de Seguridad y Protecci\u00f3n Ciudadana: &#8220;en algunos casos afortunadamente la gente accede a irse al albergue, pero tampoco se les obliga, si ellos deciden permanecer donde est\u00e1n, se les revisa que est\u00e9n bien m\u00e9dicamente, se les brinda cobija y pan&#8221;.<\/p>\n\n\n\n<p>Por lo que respecta al espacio disponible, asegur\u00f3 que a\u00fan se puede dar atenci\u00f3n a m\u00e1s personas que lo requieran, ya sea mediante los recorridos que realiza la cuadrilla, los reportes de la ciudadan\u00eda al n\u00famero 4444203061 o acudir directamente a las instalaciones ubicadas en Coronel Romero y Salvador Nava, de 8 de la noche a 8 de la ma\u00f1ana.<\/p>\n\n\n\n<p>Finalmente puntualiz\u00f3 que cuando se encuentran familias o menores de edad, se canalizan a otras dependencias seg\u00fan corresponda, ya que a este albergue solo pueden ser trasladados o recibidos mayores de 18 a\u00f1os, hombres o mujeres en situaci\u00f3n de calle, que no est\u00e9n bajo los influjos de alcohol o alguna droga, mismos que ingresan al filtro sanitario para un chequeo m\u00e9dico, y atendidos por personal de trabajo social y psicolog\u00eda para una valoraci\u00f3n. Luego tienen aseo personal y se les dota de ropa limpia, para despu\u00e9s tomar sus alimentos y dormir.<\/p>\n","protected":false},"excerpt":{"rendered":"<p>SLP.-&nbsp; Desde su apertura en el mes de diciembre y hasta la fecha, el &#8220;Albergue Invernal&#8221; del Sistema Municipal DIF,<\/p>\n","protected":false},"author":2,"featured_media":0,"comment_status":"closed","ping_status":"closed","sticky":false,"template":"","format":"standard","meta":{"footnotes":""},"categories":[25,30],"tags":[],"class_list":["post-3218","post","type-post","status-publish","format-standard","hentry","category-local","category-portada"],"yoast_head":"<!-- This site is optimized with the Yoast SEO plugin v24.1 - https:\/\/yoast.com\/wordpress\/plugins\/seo\/ -->\n<title>M\u00e1s de medio centenar de personas ha atendido DIF Capitalino en &quot;Albergue invernal&quot; - sanluisinforma.com<\/title>\n<meta name=\"robots\" content=\"index, follow, max-snippet:-1, max-image-preview:large, max-video-preview:-1\" \/>\n<link rel=\"canonical\" href=\"https:\/\/sanluisinforma.com\/?p=3218\" \/>\n<meta property=\"og:locale\" content=\"es_MX\" \/>\n<meta property=\"og:type\" content=\"article\" \/>\n<meta property=\"og:title\" content=\"M\u00e1s de medio centenar de personas ha atendido DIF Capitalino en &quot;Albergue invernal&quot; - sanluisinforma.com\" \/>\n<meta property=\"og:description\" content=\"SLP.-&nbsp; Desde su apertura en el mes de diciembre y hasta la fecha, el &#8220;Albergue Invernal&#8221; del Sistema Municipal DIF,\" \/>\n<meta property=\"og:url\" content=\"https:\/\/sanluisinforma.com\/?p=3218\" \/>\n<meta property=\"og:site_name\" content=\"sanluisinforma.com\" \/>\n<meta property=\"article:published_time\" content=\"2024-01-09T06:46:00+00:00\" \/>\n<meta property=\"article:modified_time\" content=\"2024-01-09T04:00:46+00:00\" \/>\n<meta name=\"author\" content=\"sanluisinforma.com\" \/>\n<meta name=\"twitter:card\" content=\"summary_large_image\" \/>\n<meta name=\"twitter:label1\" content=\"Escrito por\" \/>\n\t<meta name=\"twitter:data1\" content=\"sanluisinforma.com\" \/>\n\t<meta name=\"twitter:label2\" content=\"Tiempo de lectura\" \/>\n\t<meta name=\"twitter:data2\" content=\"2 minutos\" \/>\n<script type=\"application\/ld+json\" class=\"yoast-schema-graph\">{\"@context\":\"https:\/\/schema.org\",\"@graph\":[{\"@type\":\"Article\",\"@id\":\"https:\/\/sanluisinforma.com\/?p=3218#article\",\"isPartOf\":{\"@id\":\"https:\/\/sanluisinforma.com\/?p=3218\"},\"author\":{\"name\":\"sanluisinforma.com\",\"@id\":\"https:\/\/sanluisinforma.com\/#\/schema\/person\/c30648f71476be533b6f59d092905c8b\"},\"headline\":\"M\u00e1s de medio centenar de personas ha atendido DIF Capitalino en &#8220;Albergue invernal&#8221;\",\"datePublished\":\"2024-01-09T06:46:00+00:00\",\"dateModified\":\"2024-01-09T04:00:46+00:00\",\"mainEntityOfPage\":{\"@id\":\"https:\/\/sanluisinforma.com\/?p=3218\"},\"wordCount\":382,\"publisher\":{\"@id\":\"https:\/\/sanluisinforma.com\/#organization\"},\"articleSection\":[\"Local\",\"Portada\"],\"inLanguage\":\"es\"},{\"@type\":\"WebPage\",\"@id\":\"https:\/\/sanluisinforma.com\/?p=3218\",\"url\":\"https:\/\/sanluisinforma.com\/?p=3218\",\"name\":\"M\u00e1s de medio centenar de personas ha atendido DIF Capitalino en \\\"Albergue invernal\\\" - sanluisinforma.com\",\"isPartOf\":{\"@id\":\"https:\/\/sanluisinforma.com\/#website\"},\"datePublished\":\"2024-01-09T06:46:00+00:00\",\"dateModified\":\"2024-01-09T04:00:46+00:00\",\"breadcrumb\":{\"@id\":\"https:\/\/sanluisinforma.com\/?p=3218#breadcrumb\"},\"inLanguage\":\"es\",\"potentialAction\":[{\"@type\":\"ReadAction\",\"target\":[\"https:\/\/sanluisinforma.com\/?p=3218\"]}]},{\"@type\":\"BreadcrumbList\",\"@id\":\"https:\/\/sanluisinforma.com\/?p=3218#breadcrumb\",\"itemListElement\":[{\"@type\":\"ListItem\",\"position\":1,\"name\":\"Inicio\",\"item\":\"https:\/\/sanluisinforma.com\/\"},{\"@type\":\"ListItem\",\"position\":2,\"name\":\"M\u00e1s de medio centenar de personas ha atendido DIF Capitalino en &#8220;Albergue invernal&#8221;\"}]},{\"@type\":\"WebSite\",\"@id\":\"https:\/\/sanluisinforma.com\/#website\",\"url\":\"https:\/\/sanluisinforma.com\/\",\"name\":\"sanluisinforma.com\",\"description\":\"Periodico San Luis Informa\",\"publisher\":{\"@id\":\"https:\/\/sanluisinforma.com\/#organization\"},\"potentialAction\":[{\"@type\":\"SearchAction\",\"target\":{\"@type\":\"EntryPoint\",\"urlTemplate\":\"https:\/\/sanluisinforma.com\/?s={search_term_string}\"},\"query-input\":{\"@type\":\"PropertyValueSpecification\",\"valueRequired\":true,\"valueName\":\"search_term_string\"}}],\"inLanguage\":\"es\"},{\"@type\":\"Organization\",\"@id\":\"https:\/\/sanluisinforma.com\/#organization\",\"name\":\"sanluisinforma.com\",\"url\":\"https:\/\/sanluisinforma.com\/\",\"logo\":{\"@type\":\"ImageObject\",\"inLanguage\":\"es\",\"@id\":\"https:\/\/sanluisinforma.com\/#\/schema\/logo\/image\/\",\"url\":\"https:\/\/sanluisinforma.com\/wp-content\/uploads\/2026\/03\/sanluisinforma-V.jpg\",\"contentUrl\":\"https:\/\/sanluisinforma.com\/wp-content\/uploads\/2026\/03\/sanluisinforma-V.jpg\",\"width\":500,\"height\":156,\"caption\":\"sanluisinforma.com\"},\"image\":{\"@id\":\"https:\/\/sanluisinforma.com\/#\/schema\/logo\/image\/\"}},{\"@type\":\"Person\",\"@id\":\"https:\/\/sanluisinforma.com\/#\/schema\/person\/c30648f71476be533b6f59d092905c8b\",\"name\":\"sanluisinforma.com\",\"image\":{\"@type\":\"ImageObject\",\"inLanguage\":\"es\",\"@id\":\"https:\/\/sanluisinforma.com\/#\/schema\/person\/image\/\",\"url\":\"https:\/\/secure.gravatar.com\/avatar\/86e3114e34a1eecefb963e0a02f0093f93b092dddb2fe1517596343751081a87?s=96&d=mm&r=g\",\"contentUrl\":\"https:\/\/secure.gravatar.com\/avatar\/86e3114e34a1eecefb963e0a02f0093f93b092dddb2fe1517596343751081a87?s=96&d=mm&r=g\",\"caption\":\"sanluisinforma.com\"},\"url\":\"https:\/\/sanluisinforma.com\/?author=2\"}]}<\/script>\n<!-- \/ Yoast SEO plugin. -->","yoast_head_json":{"title":"M\u00e1s de medio centenar de personas ha atendido DIF Capitalino en \"Albergue invernal\" - sanluisinforma.com","robots":{"index":"index","follow":"follow","max-snippet":"max-snippet:-1","max-image-preview":"max-image-preview:large","max-video-preview":"max-video-preview:-1"},"canonical":"https:\/\/sanluisinforma.com\/?p=3218","og_locale":"es_MX","og_type":"article","og_title":"M\u00e1s de medio centenar de personas ha atendido DIF Capitalino en \"Albergue invernal\" - sanluisinforma.com","og_description":"SLP.-&nbsp; Desde su apertura en el mes de diciembre y hasta la fecha, el &#8220;Albergue Invernal&#8221; del Sistema Municipal DIF,","og_url":"https:\/\/sanluisinforma.com\/?p=3218","og_site_name":"sanluisinforma.com","article_published_time":"2024-01-09T06:46:00+00:00","article_modified_time":"2024-01-09T04:00:46+00:00","author":"sanluisinforma.com","twitter_card":"summary_large_image","twitter_misc":{"Escrito por":"sanluisinforma.com","Tiempo de lectura":"2 minutos"},"schema":{"@context":"https:\/\/schema.org","@graph":[{"@type":"Article","@id":"https:\/\/sanluisinforma.com\/?p=3218#article","isPartOf":{"@id":"https:\/\/sanluisinforma.com\/?p=3218"},"author":{"name":"sanluisinforma.com","@id":"https:\/\/sanluisinforma.com\/#\/schema\/person\/c30648f71476be533b6f59d092905c8b"},"headline":"M\u00e1s de medio centenar de personas ha atendido DIF Capitalino en &#8220;Albergue invernal&#8221;","datePublished":"2024-01-09T06:46:00+00:00","dateModified":"2024-01-09T04:00:46+00:00","mainEntityOfPage":{"@id":"https:\/\/sanluisinforma.com\/?p=3218"},"wordCount":382,"publisher":{"@id":"https:\/\/sanluisinforma.com\/#organization"},"articleSection":["Local","Portada"],"inLanguage":"es"},{"@type":"WebPage","@id":"https:\/\/sanluisinforma.com\/?p=3218","url":"https:\/\/sanluisinforma.com\/?p=3218","name":"M\u00e1s de medio centenar de personas ha atendido DIF Capitalino en \"Albergue invernal\" - sanluisinforma.com","isPartOf":{"@id":"https:\/\/sanluisinforma.com\/#website"},"datePublished":"2024-01-09T06:46:00+00:00","dateModified":"2024-01-09T04:00:46+00:00","breadcrumb":{"@id":"https:\/\/sanluisinforma.com\/?p=3218#breadcrumb"},"inLanguage":"es","potentialAction":[{"@type":"ReadAction","target":["https:\/\/sanluisinforma.com\/?p=3218"]}]},{"@type":"BreadcrumbList","@id":"https:\/\/sanluisinforma.com\/?p=3218#breadcrumb","itemListElement":[{"@type":"ListItem","position":1,"name":"Inicio","item":"https:\/\/sanluisinforma.com\/"},{"@type":"ListItem","position":2,"name":"M\u00e1s de medio centenar de personas ha atendido DIF Capitalino en &#8220;Albergue invernal&#8221;"}]},{"@type":"WebSite","@id":"https:\/\/sanluisinforma.com\/#website","url":"https:\/\/sanluisinforma.com\/","name":"sanluisinforma.com","description":"Periodico San Luis Informa","publisher":{"@id":"https:\/\/sanluisinforma.com\/#organization"},"potentialAction":[{"@type":"SearchAction","target":{"@type":"EntryPoint","urlTemplate":"https:\/\/sanluisinforma.com\/?s={search_term_string}"},"query-input":{"@type":"PropertyValueSpecification","valueRequired":true,"valueName":"search_term_string"}}],"inLanguage":"es"},{"@type":"Organization","@id":"https:\/\/sanluisinforma.com\/#organization","name":"sanluisinforma.com","url":"https:\/\/sanluisinforma.com\/","logo":{"@type":"ImageObject","inLanguage":"es","@id":"https:\/\/sanluisinforma.com\/#\/schema\/logo\/image\/","url":"https:\/\/sanluisinforma.com\/wp-content\/uploads\/2026\/03\/sanluisinforma-V.jpg","contentUrl":"https:\/\/sanluisinforma.com\/wp-content\/uploads\/2026\/03\/sanluisinforma-V.jpg","width":500,"height":156,"caption":"sanluisinforma.com"},"image":{"@id":"https:\/\/sanluisinforma.com\/#\/schema\/logo\/image\/"}},{"@type":"Person","@id":"https:\/\/sanluisinforma.com\/#\/schema\/person\/c30648f71476be533b6f59d092905c8b","name":"sanluisinforma.com","image":{"@type":"ImageObject","inLanguage":"es","@id":"https:\/\/sanluisinforma.com\/#\/schema\/person\/image\/","url":"https:\/\/secure.gravatar.com\/avatar\/86e3114e34a1eecefb963e0a02f0093f93b092dddb2fe1517596343751081a87?s=96&d=mm&r=g","contentUrl":"https:\/\/secure.gravatar.com\/avatar\/86e3114e34a1eecefb963e0a02f0093f93b092dddb2fe1517596343751081a87?s=96&d=mm&r=g","caption":"sanluisinforma.com"},"url":"https:\/\/sanluisinforma.com\/?author=2"}]}},"_links":{"self":[{"href":"https:\/\/sanluisinforma.com\/index.php?rest_route=\/wp\/v2\/posts\/3218","targetHints":{"allow":["GET"]}}],"collection":[{"href":"https:\/\/sanluisinforma.com\/index.php?rest_route=\/wp\/v2\/posts"}],"about":[{"href":"https:\/\/sanluisinforma.com\/index.php?rest_route=\/wp\/v2\/types\/post"}],"author":[{"embeddable":true,"href":"https:\/\/sanluisinforma.com\/index.php?rest_route=\/wp\/v2\/users\/2"}],"replies":[{"embeddable":true,"href":"https:\/\/sanluisinforma.com\/index.php?rest_route=%2Fwp%2Fv2%2Fcomments&post=3218"}],"version-history":[{"count":1,"href":"https:\/\/sanluisinforma.com\/index.php?rest_route=\/wp\/v2\/posts\/3218\/revisions"}],"predecessor-version":[{"id":3219,"href":"https:\/\/sanluisinforma.com\/index.php?rest_route=\/wp\/v2\/posts\/3218\/revisions\/3219"}],"wp:attachment":[{"href":"https:\/\/sanluisinforma.com\/index.php?rest_route=%2Fwp%2Fv2%2Fmedia&parent=3218"}],"wp:term":[{"taxonomy":"category","embeddable":true,"href":"https:\/\/sanluisinforma.com\/index.php?rest_route=%2Fwp%2Fv2%2Fcategories&post=3218"},{"taxonomy":"post_tag","embeddable":true,"href":"https:\/\/sanluisinforma.com\/index.php?rest_route=%2Fwp%2Fv2%2Ftags&post=3218"}],"curies":[{"name":"wp","href":"https:\/\/api.w.org\/{rel}","templated":true}]}}