{"id":3721,"date":"2024-02-07T00:41:00","date_gmt":"2024-02-07T06:41:00","guid":{"rendered":"https:\/\/sanluisinforma.com\/?p=3721"},"modified":"2024-02-07T16:48:35","modified_gmt":"2024-02-07T22:48:35","slug":"el-expresidente-chileno-sebastian-pinera-murio-a-causa-de-asfixia-por-sumersion","status":"publish","type":"post","link":"https:\/\/sanluisinforma.com\/?p=3721","title":{"rendered":"El expresidente chileno Sebasti\u00e1n Pi\u00f1era muri\u00f3 a causa de asfixia por sumersi\u00f3n."},"content":{"rendered":"\n<p>Gobierno de Chile decreta Luto Nacional <\/p>\n\n\n\n<p>De acuerdo con&nbsp; la fiscal Tatiana Esquivel, informo, apoyada en &nbsp;informaci\u00f3n del Servicio M\u00e9dico Legal.<\/p>\n\n\n\n<p>El ex mandatario Pi\u00f1era como se sabe, &nbsp;falleci\u00f3&nbsp; este &nbsp;martes despu\u00e9s de que el helic\u00f3ptero que pilotaba se desplom\u00f3 sobre el Lago Ranco.<\/p>\n\n\n\n<p>&nbsp;Por ese motivo &nbsp;el &nbsp;presidente de Chile, Gabriel Boric, ha decretado tres d\u00edas de luto nacional y su funeral de Estado se realizar\u00e1 este viernes.<\/p>\n\n\n\n<p>&#8220;Con profundo pesar comunicamos el fallecimiento del expresidente de la Rep\u00fablica Sebasti\u00e1n Pi\u00f1era Echenique. Durante la tarde de este martes 6 de febrero de 2024, el exmandatario sufri\u00f3 un accidente a\u00e9reo en la regi\u00f3n de Los R\u00edos&#8221;, inform\u00f3 el martes la oficina de Pi\u00f1era.<\/p>\n\n\n\n<p class=\"has-text-align-center\"><strong>Reacciones<\/strong><\/p>\n\n\n\n<p>Algunas de las &nbsp;muchas reacciones , de l\u00edderes y pol\u00edticos mundiales a la muerte de Sebasti\u00e1n Pi\u00f1era tras accidente de helic\u00f3ptero.<\/p>\n\n\n\n<p>Sebasti\u00e1n Pi\u00f1era, presidente por dos ocasiones, &nbsp;era muy apreciado por mandatarios suramericanos as\u00ed como por los expresidente de su pa\u00eds Chile.<\/p>\n\n\n\n<p>Tras un accidente de helic\u00f3ptero este martes, algunos mandatarios y dirigentes latinoamericanos replicaron la noticia al enviar condolencias y rendir homenajes.<\/p>\n\n\n\n<p>El presidente de Uruguay, Luis Lacalle Pou, escribi\u00f3 un mensaje en su cuenta de X en el que record\u00f3 al exmandatario y destac\u00f3 el apoyo log\u00edstico ofrecido para la llegada de las vacunas durante la pandemia de covid-19.<\/p>\n\n\n\n<p>&nbsp;El Gobierno de Argentina,&nbsp; y su &nbsp;presidente Javier Milei, emiti\u00f3 un comunicado en el que lamentaron &#8220;el tr\u00e1gico fallecimiento&#8221;, y envi\u00f3 sus condolencias a familiares, amigos y a todo el pueblo chileno.<\/p>\n\n\n\n<p>&nbsp;La Canciller\u00eda de Argentina describi\u00f3 a Pi\u00f1era como un &#8220;art\u00edfice y promotor de la relaci\u00f3n estrat\u00e9gica entre nuestros pa\u00edses as\u00ed como un defensor de los valores hist\u00f3ricos de amistad y solidaridad compartidos entre ambos pueblos&#8221;.<\/p>\n\n\n\n<p>Por su parte, el exmandatario Mario Abdo record\u00f3 al chileno y el apoyo brindado a Paraguay durante su presidencia.<\/p>\n\n\n\n<p>Rindio un testimonio&nbsp; dijo el lunes hab\u00eda compartido una videollamada junto a Pi\u00f1era y otros exmandatarios de la regi\u00f3n. \u201cEstamos muy impactados por esta triste noticia\u201d.<\/p>\n","protected":false},"excerpt":{"rendered":"<p>Gobierno de Chile decreta Luto Nacional De acuerdo con&nbsp; la fiscal Tatiana Esquivel, informo, apoyada en &nbsp;informaci\u00f3n del Servicio M\u00e9dico<\/p>\n","protected":false},"author":2,"featured_media":3726,"comment_status":"closed","ping_status":"closed","sticky":false,"template":"","format":"standard","meta":{"footnotes":""},"categories":[28],"tags":[],"class_list":["post-3721","post","type-post","status-publish","format-standard","has-post-thumbnail","hentry","category-internacional"],"yoast_head":"<!-- This site is optimized with the Yoast SEO plugin v24.1 - https:\/\/yoast.com\/wordpress\/plugins\/seo\/ -->\n<title>El expresidente chileno Sebasti\u00e1n Pi\u00f1era muri\u00f3 a causa de asfixia por sumersi\u00f3n. - sanluisinforma.com<\/title>\n<meta name=\"robots\" content=\"index, follow, max-snippet:-1, max-image-preview:large, max-video-preview:-1\" \/>\n<link rel=\"canonical\" href=\"https:\/\/sanluisinforma.com\/?p=3721\" \/>\n<meta property=\"og:locale\" content=\"es_MX\" \/>\n<meta property=\"og:type\" content=\"article\" \/>\n<meta property=\"og:title\" content=\"El expresidente chileno Sebasti\u00e1n Pi\u00f1era muri\u00f3 a causa de asfixia por sumersi\u00f3n. - sanluisinforma.com\" \/>\n<meta property=\"og:description\" content=\"Gobierno de Chile decreta Luto Nacional De acuerdo con&nbsp; la fiscal Tatiana Esquivel, informo, apoyada en &nbsp;informaci\u00f3n del Servicio M\u00e9dico\" \/>\n<meta property=\"og:url\" content=\"https:\/\/sanluisinforma.com\/?p=3721\" \/>\n<meta property=\"og:site_name\" content=\"sanluisinforma.com\" \/>\n<meta property=\"article:published_time\" content=\"2024-02-07T06:41:00+00:00\" \/>\n<meta property=\"article:modified_time\" content=\"2024-02-07T22:48:35+00:00\" \/>\n<meta property=\"og:image\" content=\"https:\/\/sanluisinforma.com\/wp-content\/uploads\/2024\/02\/fallecimiento-pinera-Gobierno-1.jpg\" \/>\n\t<meta property=\"og:image:width\" content=\"255\" \/>\n\t<meta property=\"og:image:height\" content=\"287\" \/>\n\t<meta property=\"og:image:type\" content=\"image\/jpeg\" \/>\n<meta name=\"author\" content=\"sanluisinforma.com\" \/>\n<meta name=\"twitter:card\" content=\"summary_large_image\" \/>\n<meta name=\"twitter:label1\" content=\"Escrito por\" \/>\n\t<meta name=\"twitter:data1\" content=\"sanluisinforma.com\" \/>\n\t<meta name=\"twitter:label2\" content=\"Tiempo de lectura\" \/>\n\t<meta name=\"twitter:data2\" content=\"2 minutos\" \/>\n<script type=\"application\/ld+json\" class=\"yoast-schema-graph\">{\"@context\":\"https:\/\/schema.org\",\"@graph\":[{\"@type\":\"Article\",\"@id\":\"https:\/\/sanluisinforma.com\/?p=3721#article\",\"isPartOf\":{\"@id\":\"https:\/\/sanluisinforma.com\/?p=3721\"},\"author\":{\"name\":\"sanluisinforma.com\",\"@id\":\"https:\/\/sanluisinforma.com\/#\/schema\/person\/c30648f71476be533b6f59d092905c8b\"},\"headline\":\"El expresidente chileno Sebasti\u00e1n Pi\u00f1era muri\u00f3 a causa de asfixia por sumersi\u00f3n.\",\"datePublished\":\"2024-02-07T06:41:00+00:00\",\"dateModified\":\"2024-02-07T22:48:35+00:00\",\"mainEntityOfPage\":{\"@id\":\"https:\/\/sanluisinforma.com\/?p=3721\"},\"wordCount\":388,\"publisher\":{\"@id\":\"https:\/\/sanluisinforma.com\/#organization\"},\"image\":{\"@id\":\"https:\/\/sanluisinforma.com\/?p=3721#primaryimage\"},\"thumbnailUrl\":\"https:\/\/sanluisinforma.com\/wp-content\/uploads\/2024\/02\/fallecimiento-pinera-Gobierno-1.jpg\",\"articleSection\":[\"Internacional\"],\"inLanguage\":\"es\"},{\"@type\":\"WebPage\",\"@id\":\"https:\/\/sanluisinforma.com\/?p=3721\",\"url\":\"https:\/\/sanluisinforma.com\/?p=3721\",\"name\":\"El expresidente chileno Sebasti\u00e1n Pi\u00f1era muri\u00f3 a causa de asfixia por sumersi\u00f3n. - sanluisinforma.com\",\"isPartOf\":{\"@id\":\"https:\/\/sanluisinforma.com\/#website\"},\"primaryImageOfPage\":{\"@id\":\"https:\/\/sanluisinforma.com\/?p=3721#primaryimage\"},\"image\":{\"@id\":\"https:\/\/sanluisinforma.com\/?p=3721#primaryimage\"},\"thumbnailUrl\":\"https:\/\/sanluisinforma.com\/wp-content\/uploads\/2024\/02\/fallecimiento-pinera-Gobierno-1.jpg\",\"datePublished\":\"2024-02-07T06:41:00+00:00\",\"dateModified\":\"2024-02-07T22:48:35+00:00\",\"breadcrumb\":{\"@id\":\"https:\/\/sanluisinforma.com\/?p=3721#breadcrumb\"},\"inLanguage\":\"es\",\"potentialAction\":[{\"@type\":\"ReadAction\",\"target\":[\"https:\/\/sanluisinforma.com\/?p=3721\"]}]},{\"@type\":\"ImageObject\",\"inLanguage\":\"es\",\"@id\":\"https:\/\/sanluisinforma.com\/?p=3721#primaryimage\",\"url\":\"https:\/\/sanluisinforma.com\/wp-content\/uploads\/2024\/02\/fallecimiento-pinera-Gobierno-1.jpg\",\"contentUrl\":\"https:\/\/sanluisinforma.com\/wp-content\/uploads\/2024\/02\/fallecimiento-pinera-Gobierno-1.jpg\",\"width\":255,\"height\":287},{\"@type\":\"BreadcrumbList\",\"@id\":\"https:\/\/sanluisinforma.com\/?p=3721#breadcrumb\",\"itemListElement\":[{\"@type\":\"ListItem\",\"position\":1,\"name\":\"Inicio\",\"item\":\"https:\/\/sanluisinforma.com\/\"},{\"@type\":\"ListItem\",\"position\":2,\"name\":\"El expresidente chileno Sebasti\u00e1n Pi\u00f1era muri\u00f3 a causa de asfixia por sumersi\u00f3n.\"}]},{\"@type\":\"WebSite\",\"@id\":\"https:\/\/sanluisinforma.com\/#website\",\"url\":\"https:\/\/sanluisinforma.com\/\",\"name\":\"sanluisinforma.com\",\"description\":\"Periodico San Luis Informa\",\"publisher\":{\"@id\":\"https:\/\/sanluisinforma.com\/#organization\"},\"potentialAction\":[{\"@type\":\"SearchAction\",\"target\":{\"@type\":\"EntryPoint\",\"urlTemplate\":\"https:\/\/sanluisinforma.com\/?s={search_term_string}\"},\"query-input\":{\"@type\":\"PropertyValueSpecification\",\"valueRequired\":true,\"valueName\":\"search_term_string\"}}],\"inLanguage\":\"es\"},{\"@type\":\"Organization\",\"@id\":\"https:\/\/sanluisinforma.com\/#organization\",\"name\":\"sanluisinforma.com\",\"url\":\"https:\/\/sanluisinforma.com\/\",\"logo\":{\"@type\":\"ImageObject\",\"inLanguage\":\"es\",\"@id\":\"https:\/\/sanluisinforma.com\/#\/schema\/logo\/image\/\",\"url\":\"https:\/\/sanluisinforma.com\/wp-content\/uploads\/2026\/03\/sanluisinforma-V.jpg\",\"contentUrl\":\"https:\/\/sanluisinforma.com\/wp-content\/uploads\/2026\/03\/sanluisinforma-V.jpg\",\"width\":500,\"height\":156,\"caption\":\"sanluisinforma.com\"},\"image\":{\"@id\":\"https:\/\/sanluisinforma.com\/#\/schema\/logo\/image\/\"}},{\"@type\":\"Person\",\"@id\":\"https:\/\/sanluisinforma.com\/#\/schema\/person\/c30648f71476be533b6f59d092905c8b\",\"name\":\"sanluisinforma.com\",\"image\":{\"@type\":\"ImageObject\",\"inLanguage\":\"es\",\"@id\":\"https:\/\/sanluisinforma.com\/#\/schema\/person\/image\/\",\"url\":\"https:\/\/secure.gravatar.com\/avatar\/86e3114e34a1eecefb963e0a02f0093f93b092dddb2fe1517596343751081a87?s=96&d=mm&r=g\",\"contentUrl\":\"https:\/\/secure.gravatar.com\/avatar\/86e3114e34a1eecefb963e0a02f0093f93b092dddb2fe1517596343751081a87?s=96&d=mm&r=g\",\"caption\":\"sanluisinforma.com\"},\"url\":\"https:\/\/sanluisinforma.com\/?author=2\"}]}<\/script>\n<!-- \/ Yoast SEO plugin. -->","yoast_head_json":{"title":"El expresidente chileno Sebasti\u00e1n Pi\u00f1era muri\u00f3 a causa de asfixia por sumersi\u00f3n. - sanluisinforma.com","robots":{"index":"index","follow":"follow","max-snippet":"max-snippet:-1","max-image-preview":"max-image-preview:large","max-video-preview":"max-video-preview:-1"},"canonical":"https:\/\/sanluisinforma.com\/?p=3721","og_locale":"es_MX","og_type":"article","og_title":"El expresidente chileno Sebasti\u00e1n Pi\u00f1era muri\u00f3 a causa de asfixia por sumersi\u00f3n. - sanluisinforma.com","og_description":"Gobierno de Chile decreta Luto Nacional De acuerdo con&nbsp; la fiscal Tatiana Esquivel, informo, apoyada en &nbsp;informaci\u00f3n del Servicio M\u00e9dico","og_url":"https:\/\/sanluisinforma.com\/?p=3721","og_site_name":"sanluisinforma.com","article_published_time":"2024-02-07T06:41:00+00:00","article_modified_time":"2024-02-07T22:48:35+00:00","og_image":[{"width":255,"height":287,"url":"https:\/\/sanluisinforma.com\/wp-content\/uploads\/2024\/02\/fallecimiento-pinera-Gobierno-1.jpg","type":"image\/jpeg"}],"author":"sanluisinforma.com","twitter_card":"summary_large_image","twitter_misc":{"Escrito por":"sanluisinforma.com","Tiempo de lectura":"2 minutos"},"schema":{"@context":"https:\/\/schema.org","@graph":[{"@type":"Article","@id":"https:\/\/sanluisinforma.com\/?p=3721#article","isPartOf":{"@id":"https:\/\/sanluisinforma.com\/?p=3721"},"author":{"name":"sanluisinforma.com","@id":"https:\/\/sanluisinforma.com\/#\/schema\/person\/c30648f71476be533b6f59d092905c8b"},"headline":"El expresidente chileno Sebasti\u00e1n Pi\u00f1era muri\u00f3 a causa de asfixia por sumersi\u00f3n.","datePublished":"2024-02-07T06:41:00+00:00","dateModified":"2024-02-07T22:48:35+00:00","mainEntityOfPage":{"@id":"https:\/\/sanluisinforma.com\/?p=3721"},"wordCount":388,"publisher":{"@id":"https:\/\/sanluisinforma.com\/#organization"},"image":{"@id":"https:\/\/sanluisinforma.com\/?p=3721#primaryimage"},"thumbnailUrl":"https:\/\/sanluisinforma.com\/wp-content\/uploads\/2024\/02\/fallecimiento-pinera-Gobierno-1.jpg","articleSection":["Internacional"],"inLanguage":"es"},{"@type":"WebPage","@id":"https:\/\/sanluisinforma.com\/?p=3721","url":"https:\/\/sanluisinforma.com\/?p=3721","name":"El expresidente chileno Sebasti\u00e1n Pi\u00f1era muri\u00f3 a causa de asfixia por sumersi\u00f3n. - sanluisinforma.com","isPartOf":{"@id":"https:\/\/sanluisinforma.com\/#website"},"primaryImageOfPage":{"@id":"https:\/\/sanluisinforma.com\/?p=3721#primaryimage"},"image":{"@id":"https:\/\/sanluisinforma.com\/?p=3721#primaryimage"},"thumbnailUrl":"https:\/\/sanluisinforma.com\/wp-content\/uploads\/2024\/02\/fallecimiento-pinera-Gobierno-1.jpg","datePublished":"2024-02-07T06:41:00+00:00","dateModified":"2024-02-07T22:48:35+00:00","breadcrumb":{"@id":"https:\/\/sanluisinforma.com\/?p=3721#breadcrumb"},"inLanguage":"es","potentialAction":[{"@type":"ReadAction","target":["https:\/\/sanluisinforma.com\/?p=3721"]}]},{"@type":"ImageObject","inLanguage":"es","@id":"https:\/\/sanluisinforma.com\/?p=3721#primaryimage","url":"https:\/\/sanluisinforma.com\/wp-content\/uploads\/2024\/02\/fallecimiento-pinera-Gobierno-1.jpg","contentUrl":"https:\/\/sanluisinforma.com\/wp-content\/uploads\/2024\/02\/fallecimiento-pinera-Gobierno-1.jpg","width":255,"height":287},{"@type":"BreadcrumbList","@id":"https:\/\/sanluisinforma.com\/?p=3721#breadcrumb","itemListElement":[{"@type":"ListItem","position":1,"name":"Inicio","item":"https:\/\/sanluisinforma.com\/"},{"@type":"ListItem","position":2,"name":"El expresidente chileno Sebasti\u00e1n Pi\u00f1era muri\u00f3 a causa de asfixia por sumersi\u00f3n."}]},{"@type":"WebSite","@id":"https:\/\/sanluisinforma.com\/#website","url":"https:\/\/sanluisinforma.com\/","name":"sanluisinforma.com","description":"Periodico San Luis Informa","publisher":{"@id":"https:\/\/sanluisinforma.com\/#organization"},"potentialAction":[{"@type":"SearchAction","target":{"@type":"EntryPoint","urlTemplate":"https:\/\/sanluisinforma.com\/?s={search_term_string}"},"query-input":{"@type":"PropertyValueSpecification","valueRequired":true,"valueName":"search_term_string"}}],"inLanguage":"es"},{"@type":"Organization","@id":"https:\/\/sanluisinforma.com\/#organization","name":"sanluisinforma.com","url":"https:\/\/sanluisinforma.com\/","logo":{"@type":"ImageObject","inLanguage":"es","@id":"https:\/\/sanluisinforma.com\/#\/schema\/logo\/image\/","url":"https:\/\/sanluisinforma.com\/wp-content\/uploads\/2026\/03\/sanluisinforma-V.jpg","contentUrl":"https:\/\/sanluisinforma.com\/wp-content\/uploads\/2026\/03\/sanluisinforma-V.jpg","width":500,"height":156,"caption":"sanluisinforma.com"},"image":{"@id":"https:\/\/sanluisinforma.com\/#\/schema\/logo\/image\/"}},{"@type":"Person","@id":"https:\/\/sanluisinforma.com\/#\/schema\/person\/c30648f71476be533b6f59d092905c8b","name":"sanluisinforma.com","image":{"@type":"ImageObject","inLanguage":"es","@id":"https:\/\/sanluisinforma.com\/#\/schema\/person\/image\/","url":"https:\/\/secure.gravatar.com\/avatar\/86e3114e34a1eecefb963e0a02f0093f93b092dddb2fe1517596343751081a87?s=96&d=mm&r=g","contentUrl":"https:\/\/secure.gravatar.com\/avatar\/86e3114e34a1eecefb963e0a02f0093f93b092dddb2fe1517596343751081a87?s=96&d=mm&r=g","caption":"sanluisinforma.com"},"url":"https:\/\/sanluisinforma.com\/?author=2"}]}},"_links":{"self":[{"href":"https:\/\/sanluisinforma.com\/index.php?rest_route=\/wp\/v2\/posts\/3721","targetHints":{"allow":["GET"]}}],"collection":[{"href":"https:\/\/sanluisinforma.com\/index.php?rest_route=\/wp\/v2\/posts"}],"about":[{"href":"https:\/\/sanluisinforma.com\/index.php?rest_route=\/wp\/v2\/types\/post"}],"author":[{"embeddable":true,"href":"https:\/\/sanluisinforma.com\/index.php?rest_route=\/wp\/v2\/users\/2"}],"replies":[{"embeddable":true,"href":"https:\/\/sanluisinforma.com\/index.php?rest_route=%2Fwp%2Fv2%2Fcomments&post=3721"}],"version-history":[{"count":1,"href":"https:\/\/sanluisinforma.com\/index.php?rest_route=\/wp\/v2\/posts\/3721\/revisions"}],"predecessor-version":[{"id":3723,"href":"https:\/\/sanluisinforma.com\/index.php?rest_route=\/wp\/v2\/posts\/3721\/revisions\/3723"}],"wp:featuredmedia":[{"embeddable":true,"href":"https:\/\/sanluisinforma.com\/index.php?rest_route=\/wp\/v2\/media\/3726"}],"wp:attachment":[{"href":"https:\/\/sanluisinforma.com\/index.php?rest_route=%2Fwp%2Fv2%2Fmedia&parent=3721"}],"wp:term":[{"taxonomy":"category","embeddable":true,"href":"https:\/\/sanluisinforma.com\/index.php?rest_route=%2Fwp%2Fv2%2Fcategories&post=3721"},{"taxonomy":"post_tag","embeddable":true,"href":"https:\/\/sanluisinforma.com\/index.php?rest_route=%2Fwp%2Fv2%2Ftags&post=3721"}],"curies":[{"name":"wp","href":"https:\/\/api.w.org\/{rel}","templated":true}]}}