{"id":3807,"date":"2024-02-11T11:42:49","date_gmt":"2024-02-11T17:42:49","guid":{"rendered":"https:\/\/sanluisinforma.com\/?p=3807"},"modified":"2024-02-11T11:43:51","modified_gmt":"2024-02-11T17:43:51","slug":"clima-de-terror-en-aguascalientes-queman-varios-vehiculos","status":"publish","type":"post","link":"https:\/\/sanluisinforma.com\/?p=3807","title":{"rendered":"\u00a0\u00a1Clima de terror en Aguascalientes; queman varios veh\u00edculos\u00a1"},"content":{"rendered":"\n<p>Al menos 12 veh\u00edculos fueron incendiados de manera intencional principalmente en la zona oriente de esta ciudad durante la noche de este s\u00e1bado y los primeros minutos de este domingo, 11 de febrero de 2024<\/p>\n\n\n\n<p>De acuerdo con el reporte de &nbsp;Claudio Ba\u00f1uelos, de la Jornada,&nbsp; informo que&nbsp; la Coordinaci\u00f3n de Protecci\u00f3n Civil Municipal&nbsp; asegur\u00f3, &nbsp;que atendi\u00f3 un total de nueve veh\u00edculos que sufrieron incendios, entre ellos dos taxis y un cami\u00f3n de transporte de personal y un trailer que estaban estacionados en la v\u00eda p\u00fablica, mientras que polic\u00edas municipales atendieron reportes de otros tres veh\u00edculos que sufrieron siniestros.<\/p>\n\n\n\n<p>En videos con los que cuenta La Jornada se aprecia que a las 22:08 horas de este s\u00e1bado &nbsp;dos parejas a bordo de dos motocicletas que descienden en la esquina de la calle El Refugio esquina con Las Cumbres en el fraccionamiento Ojocaliente 1 donde estaba estacionado un cami\u00f3n de la empresa Transportes Sure\u00f1a dedicado al transporte privado personal de empresas cuando los los motociclistas detienen su marcha y de una de ella desciende una mujer para prenderle fuego al cami\u00f3n de pasajeros. Las im\u00e1genes fueron grabadas por la c\u00e1mara de vigilancia de una vivienda que se ubica frente a la unidad que sufri\u00f3 los da\u00f1os.<\/p>\n\n\n\n<p>Previamente a las 20:13 horas en el fraccionamiento Jes\u00fas Ter\u00e1n en la zona oriente de esta mancha urbana un Nissan March, blanco que funcionaba c\u00f3mo taxi fue quemado.<\/p>\n\n\n\n<p>A las 20:14 horas en la calle Norias, tambi\u00e9n en el fraccionamiento Ojocaliente 1 donde un veh\u00edculo de alquiler Nissan March blanco sufri\u00f3 da\u00f1os en la parrilla y el parabrisas al parecer luego de haberle arrojado un l\u00edquido flamable y posterior encendido del mismo.<\/p>\n\n\n\n<p>Otra agresi\u00f3n se verific\u00f3 21:14 horas en el fraccionamiento Jos\u00e9 L\u00f3pez Portillo en la zona sur de esta urbe, en la calle Convenci\u00f3n Militar un veh\u00edculo Honda Accord blanco convertible, tambi\u00e9n sufri\u00f3 un incendio.<\/p>\n\n\n\n<p>De igual forma a las 21:50 horas en la Avenida Paseo de la Cruz en el fraccionamiento Volcanes un trailer tambi\u00e9n fue quemado en la zona centro-oriente de esta localidad.<\/p>\n\n\n\n<p>Un ataque m\u00e1s se registr\u00f3 en la Avenida Arqueros en el fraccionamiento G\u00f3mez Portugal que se ubica a unos metros del fraccionamiento Volcanes donde un Nissan Tsuru Blanco tambi\u00e9n fue v\u00edctima de los piromaniacos.<\/p>\n\n\n\n<p>Otro ataque m\u00e1s se verific\u00f3 a las 23:55 horas en la calle Loma Amarilla en el fraccionamiento Miradores tambi\u00e9n en la zona oriente, donde un veh\u00edculo Chevrolet Corza sufri\u00f3 la agresi\u00f3n.<\/p>\n\n\n\n<p>Cerca de las 00:29 horas de este domingo sobre la Avenida H\u00e9roe de Nacozari cerca de la Avenida Circunvalaci\u00f3n una camioneta de la empresa Licores Alameda tambi\u00e9n fue quemada en su parte frontal y metros adelante de \u00e9ste otra camioneta Nissan Urvan tambi\u00e9n fue consumida por las llamas.<\/p>\n\n\n\n<p>Minutos despu\u00e9s a las 00:35 horas en el fraccionamiento Vistas de Oriente en la Avenida San Gabriel en el interior de un deshuesadero partes de veh\u00edculos fueron incendiadas.<\/p>\n\n\n\n<p>Afortunadamente no hubo v\u00edctimas que lamentar, sin embargo no se detuvo a una sola persona, donde adem\u00e1s de las cuatro personas en motocicleta que se aprecian en un video tambi\u00e9n participaron otras tres personas a bordo de un Jetta en color oscuro.<\/p>\n","protected":false},"excerpt":{"rendered":"<p>Al menos 12 veh\u00edculos fueron incendiados de manera intencional principalmente en la zona oriente de esta ciudad durante la noche<\/p>\n","protected":false},"author":2,"featured_media":0,"comment_status":"closed","ping_status":"closed","sticky":false,"template":"","format":"standard","meta":{"footnotes":""},"categories":[25,26],"tags":[],"class_list":["post-3807","post","type-post","status-publish","format-standard","hentry","category-local","category-nacional"],"yoast_head":"<!-- This site is optimized with the Yoast SEO plugin v24.1 - https:\/\/yoast.com\/wordpress\/plugins\/seo\/ -->\n<title>\u00a0\u00a1Clima de terror en Aguascalientes; queman varios veh\u00edculos\u00a1 - sanluisinforma.com<\/title>\n<meta name=\"robots\" content=\"index, follow, max-snippet:-1, max-image-preview:large, max-video-preview:-1\" \/>\n<link rel=\"canonical\" href=\"https:\/\/sanluisinforma.com\/?p=3807\" \/>\n<meta property=\"og:locale\" content=\"es_MX\" \/>\n<meta property=\"og:type\" content=\"article\" \/>\n<meta property=\"og:title\" content=\"\u00a0\u00a1Clima de terror en Aguascalientes; queman varios veh\u00edculos\u00a1 - sanluisinforma.com\" \/>\n<meta property=\"og:description\" content=\"Al menos 12 veh\u00edculos fueron incendiados de manera intencional principalmente en la zona oriente de esta ciudad durante la noche\" \/>\n<meta property=\"og:url\" content=\"https:\/\/sanluisinforma.com\/?p=3807\" \/>\n<meta property=\"og:site_name\" content=\"sanluisinforma.com\" \/>\n<meta property=\"article:published_time\" content=\"2024-02-11T17:42:49+00:00\" \/>\n<meta property=\"article:modified_time\" content=\"2024-02-11T17:43:51+00:00\" \/>\n<meta name=\"author\" content=\"sanluisinforma.com\" \/>\n<meta name=\"twitter:card\" content=\"summary_large_image\" \/>\n<meta name=\"twitter:label1\" content=\"Escrito por\" \/>\n\t<meta name=\"twitter:data1\" content=\"sanluisinforma.com\" \/>\n\t<meta name=\"twitter:label2\" content=\"Tiempo de lectura\" \/>\n\t<meta name=\"twitter:data2\" content=\"3 minutos\" \/>\n<script type=\"application\/ld+json\" class=\"yoast-schema-graph\">{\"@context\":\"https:\/\/schema.org\",\"@graph\":[{\"@type\":\"Article\",\"@id\":\"https:\/\/sanluisinforma.com\/?p=3807#article\",\"isPartOf\":{\"@id\":\"https:\/\/sanluisinforma.com\/?p=3807\"},\"author\":{\"name\":\"sanluisinforma.com\",\"@id\":\"https:\/\/sanluisinforma.com\/#\/schema\/person\/c30648f71476be533b6f59d092905c8b\"},\"headline\":\"\u00a0\u00a1Clima de terror en Aguascalientes; queman varios veh\u00edculos\u00a1\",\"datePublished\":\"2024-02-11T17:42:49+00:00\",\"dateModified\":\"2024-02-11T17:43:51+00:00\",\"mainEntityOfPage\":{\"@id\":\"https:\/\/sanluisinforma.com\/?p=3807\"},\"wordCount\":574,\"publisher\":{\"@id\":\"https:\/\/sanluisinforma.com\/#organization\"},\"articleSection\":[\"Local\",\"Nacional\"],\"inLanguage\":\"es\"},{\"@type\":\"WebPage\",\"@id\":\"https:\/\/sanluisinforma.com\/?p=3807\",\"url\":\"https:\/\/sanluisinforma.com\/?p=3807\",\"name\":\"\u00a0\u00a1Clima de terror en Aguascalientes; queman varios veh\u00edculos\u00a1 - sanluisinforma.com\",\"isPartOf\":{\"@id\":\"https:\/\/sanluisinforma.com\/#website\"},\"datePublished\":\"2024-02-11T17:42:49+00:00\",\"dateModified\":\"2024-02-11T17:43:51+00:00\",\"breadcrumb\":{\"@id\":\"https:\/\/sanluisinforma.com\/?p=3807#breadcrumb\"},\"inLanguage\":\"es\",\"potentialAction\":[{\"@type\":\"ReadAction\",\"target\":[\"https:\/\/sanluisinforma.com\/?p=3807\"]}]},{\"@type\":\"BreadcrumbList\",\"@id\":\"https:\/\/sanluisinforma.com\/?p=3807#breadcrumb\",\"itemListElement\":[{\"@type\":\"ListItem\",\"position\":1,\"name\":\"Inicio\",\"item\":\"https:\/\/sanluisinforma.com\/\"},{\"@type\":\"ListItem\",\"position\":2,\"name\":\"\u00a0\u00a1Clima de terror en Aguascalientes; queman varios veh\u00edculos\u00a1\"}]},{\"@type\":\"WebSite\",\"@id\":\"https:\/\/sanluisinforma.com\/#website\",\"url\":\"https:\/\/sanluisinforma.com\/\",\"name\":\"sanluisinforma.com\",\"description\":\"Periodico San Luis Informa\",\"publisher\":{\"@id\":\"https:\/\/sanluisinforma.com\/#organization\"},\"potentialAction\":[{\"@type\":\"SearchAction\",\"target\":{\"@type\":\"EntryPoint\",\"urlTemplate\":\"https:\/\/sanluisinforma.com\/?s={search_term_string}\"},\"query-input\":{\"@type\":\"PropertyValueSpecification\",\"valueRequired\":true,\"valueName\":\"search_term_string\"}}],\"inLanguage\":\"es\"},{\"@type\":\"Organization\",\"@id\":\"https:\/\/sanluisinforma.com\/#organization\",\"name\":\"sanluisinforma.com\",\"url\":\"https:\/\/sanluisinforma.com\/\",\"logo\":{\"@type\":\"ImageObject\",\"inLanguage\":\"es\",\"@id\":\"https:\/\/sanluisinforma.com\/#\/schema\/logo\/image\/\",\"url\":\"https:\/\/sanluisinforma.com\/wp-content\/uploads\/2026\/03\/sanluisinforma-V.jpg\",\"contentUrl\":\"https:\/\/sanluisinforma.com\/wp-content\/uploads\/2026\/03\/sanluisinforma-V.jpg\",\"width\":500,\"height\":156,\"caption\":\"sanluisinforma.com\"},\"image\":{\"@id\":\"https:\/\/sanluisinforma.com\/#\/schema\/logo\/image\/\"}},{\"@type\":\"Person\",\"@id\":\"https:\/\/sanluisinforma.com\/#\/schema\/person\/c30648f71476be533b6f59d092905c8b\",\"name\":\"sanluisinforma.com\",\"image\":{\"@type\":\"ImageObject\",\"inLanguage\":\"es\",\"@id\":\"https:\/\/sanluisinforma.com\/#\/schema\/person\/image\/\",\"url\":\"https:\/\/secure.gravatar.com\/avatar\/86e3114e34a1eecefb963e0a02f0093f93b092dddb2fe1517596343751081a87?s=96&d=mm&r=g\",\"contentUrl\":\"https:\/\/secure.gravatar.com\/avatar\/86e3114e34a1eecefb963e0a02f0093f93b092dddb2fe1517596343751081a87?s=96&d=mm&r=g\",\"caption\":\"sanluisinforma.com\"},\"url\":\"https:\/\/sanluisinforma.com\/?author=2\"}]}<\/script>\n<!-- \/ Yoast SEO plugin. -->","yoast_head_json":{"title":"\u00a0\u00a1Clima de terror en Aguascalientes; queman varios veh\u00edculos\u00a1 - sanluisinforma.com","robots":{"index":"index","follow":"follow","max-snippet":"max-snippet:-1","max-image-preview":"max-image-preview:large","max-video-preview":"max-video-preview:-1"},"canonical":"https:\/\/sanluisinforma.com\/?p=3807","og_locale":"es_MX","og_type":"article","og_title":"\u00a0\u00a1Clima de terror en Aguascalientes; queman varios veh\u00edculos\u00a1 - sanluisinforma.com","og_description":"Al menos 12 veh\u00edculos fueron incendiados de manera intencional principalmente en la zona oriente de esta ciudad durante la noche","og_url":"https:\/\/sanluisinforma.com\/?p=3807","og_site_name":"sanluisinforma.com","article_published_time":"2024-02-11T17:42:49+00:00","article_modified_time":"2024-02-11T17:43:51+00:00","author":"sanluisinforma.com","twitter_card":"summary_large_image","twitter_misc":{"Escrito por":"sanluisinforma.com","Tiempo de lectura":"3 minutos"},"schema":{"@context":"https:\/\/schema.org","@graph":[{"@type":"Article","@id":"https:\/\/sanluisinforma.com\/?p=3807#article","isPartOf":{"@id":"https:\/\/sanluisinforma.com\/?p=3807"},"author":{"name":"sanluisinforma.com","@id":"https:\/\/sanluisinforma.com\/#\/schema\/person\/c30648f71476be533b6f59d092905c8b"},"headline":"\u00a0\u00a1Clima de terror en Aguascalientes; queman varios veh\u00edculos\u00a1","datePublished":"2024-02-11T17:42:49+00:00","dateModified":"2024-02-11T17:43:51+00:00","mainEntityOfPage":{"@id":"https:\/\/sanluisinforma.com\/?p=3807"},"wordCount":574,"publisher":{"@id":"https:\/\/sanluisinforma.com\/#organization"},"articleSection":["Local","Nacional"],"inLanguage":"es"},{"@type":"WebPage","@id":"https:\/\/sanluisinforma.com\/?p=3807","url":"https:\/\/sanluisinforma.com\/?p=3807","name":"\u00a0\u00a1Clima de terror en Aguascalientes; queman varios veh\u00edculos\u00a1 - sanluisinforma.com","isPartOf":{"@id":"https:\/\/sanluisinforma.com\/#website"},"datePublished":"2024-02-11T17:42:49+00:00","dateModified":"2024-02-11T17:43:51+00:00","breadcrumb":{"@id":"https:\/\/sanluisinforma.com\/?p=3807#breadcrumb"},"inLanguage":"es","potentialAction":[{"@type":"ReadAction","target":["https:\/\/sanluisinforma.com\/?p=3807"]}]},{"@type":"BreadcrumbList","@id":"https:\/\/sanluisinforma.com\/?p=3807#breadcrumb","itemListElement":[{"@type":"ListItem","position":1,"name":"Inicio","item":"https:\/\/sanluisinforma.com\/"},{"@type":"ListItem","position":2,"name":"\u00a0\u00a1Clima de terror en Aguascalientes; queman varios veh\u00edculos\u00a1"}]},{"@type":"WebSite","@id":"https:\/\/sanluisinforma.com\/#website","url":"https:\/\/sanluisinforma.com\/","name":"sanluisinforma.com","description":"Periodico San Luis Informa","publisher":{"@id":"https:\/\/sanluisinforma.com\/#organization"},"potentialAction":[{"@type":"SearchAction","target":{"@type":"EntryPoint","urlTemplate":"https:\/\/sanluisinforma.com\/?s={search_term_string}"},"query-input":{"@type":"PropertyValueSpecification","valueRequired":true,"valueName":"search_term_string"}}],"inLanguage":"es"},{"@type":"Organization","@id":"https:\/\/sanluisinforma.com\/#organization","name":"sanluisinforma.com","url":"https:\/\/sanluisinforma.com\/","logo":{"@type":"ImageObject","inLanguage":"es","@id":"https:\/\/sanluisinforma.com\/#\/schema\/logo\/image\/","url":"https:\/\/sanluisinforma.com\/wp-content\/uploads\/2026\/03\/sanluisinforma-V.jpg","contentUrl":"https:\/\/sanluisinforma.com\/wp-content\/uploads\/2026\/03\/sanluisinforma-V.jpg","width":500,"height":156,"caption":"sanluisinforma.com"},"image":{"@id":"https:\/\/sanluisinforma.com\/#\/schema\/logo\/image\/"}},{"@type":"Person","@id":"https:\/\/sanluisinforma.com\/#\/schema\/person\/c30648f71476be533b6f59d092905c8b","name":"sanluisinforma.com","image":{"@type":"ImageObject","inLanguage":"es","@id":"https:\/\/sanluisinforma.com\/#\/schema\/person\/image\/","url":"https:\/\/secure.gravatar.com\/avatar\/86e3114e34a1eecefb963e0a02f0093f93b092dddb2fe1517596343751081a87?s=96&d=mm&r=g","contentUrl":"https:\/\/secure.gravatar.com\/avatar\/86e3114e34a1eecefb963e0a02f0093f93b092dddb2fe1517596343751081a87?s=96&d=mm&r=g","caption":"sanluisinforma.com"},"url":"https:\/\/sanluisinforma.com\/?author=2"}]}},"_links":{"self":[{"href":"https:\/\/sanluisinforma.com\/index.php?rest_route=\/wp\/v2\/posts\/3807","targetHints":{"allow":["GET"]}}],"collection":[{"href":"https:\/\/sanluisinforma.com\/index.php?rest_route=\/wp\/v2\/posts"}],"about":[{"href":"https:\/\/sanluisinforma.com\/index.php?rest_route=\/wp\/v2\/types\/post"}],"author":[{"embeddable":true,"href":"https:\/\/sanluisinforma.com\/index.php?rest_route=\/wp\/v2\/users\/2"}],"replies":[{"embeddable":true,"href":"https:\/\/sanluisinforma.com\/index.php?rest_route=%2Fwp%2Fv2%2Fcomments&post=3807"}],"version-history":[{"count":1,"href":"https:\/\/sanluisinforma.com\/index.php?rest_route=\/wp\/v2\/posts\/3807\/revisions"}],"predecessor-version":[{"id":3808,"href":"https:\/\/sanluisinforma.com\/index.php?rest_route=\/wp\/v2\/posts\/3807\/revisions\/3808"}],"wp:attachment":[{"href":"https:\/\/sanluisinforma.com\/index.php?rest_route=%2Fwp%2Fv2%2Fmedia&parent=3807"}],"wp:term":[{"taxonomy":"category","embeddable":true,"href":"https:\/\/sanluisinforma.com\/index.php?rest_route=%2Fwp%2Fv2%2Fcategories&post=3807"},{"taxonomy":"post_tag","embeddable":true,"href":"https:\/\/sanluisinforma.com\/index.php?rest_route=%2Fwp%2Fv2%2Ftags&post=3807"}],"curies":[{"name":"wp","href":"https:\/\/api.w.org\/{rel}","templated":true}]}}