{"id":4090,"date":"2024-02-27T00:55:00","date_gmt":"2024-02-27T06:55:00","guid":{"rendered":"https:\/\/sanluisinforma.com\/?p=4090"},"modified":"2024-02-26T23:18:24","modified_gmt":"2024-02-27T05:18:24","slug":"dif-estatal-reconoce-a-voluntariados-por-brindar-apoyo-a-las-familias","status":"publish","type":"post","link":"https:\/\/sanluisinforma.com\/?p=4090","title":{"rendered":"DIF Estatal reconoce a Voluntariados por brindar apoyo a las Familias"},"content":{"rendered":"\n<p>Refrendaron su compromiso para continuar garantizando bienestar a las familias potosinas<\/p>\n\n\n\n<p>Al reconocer a las y los integrantes de los diferentes grupos de voluntarios a las familias potosinas, Ruth Gonz\u00e1lez Silva, presidenta honoraria del Sistema Estatal para el Desarrollo Integral de la Familia (DIF), invit\u00f3 a mantener su esp\u00edritu solidario y a continuar en alianza con los proyectos que el organismo social opera para llevar m\u00e1s apoyo y bienestar a las familias potosinas.<\/p>\n\n\n\n<p>En su mensaje, la presidenta honoraria Ruth Gonz\u00e1lez, refrend\u00f3 el compromiso del Gobernador de San Luis Potos\u00ed Ricardo Gallardo Cardona, para seguir impulsando acciones que generan mejor calidad de vida a las familias, con programas de gran impacto social que abren oportunidades para las y los potosinos, llevando justicia social a las cuatro regiones del Estado a los rincones m\u00e1s apartados.&nbsp;<\/p>\n\n\n\n<p>\u201cQuiero decirles gracias, de verdad muchas gracias por ser parte de los grandes cambios que se han logrado en la vida de muchas personas, por su gran trabajo y por la empat\u00eda hacia quienes viven en desventaja social, con su apoyo como personas y como integrantes de los voluntariados de los que forman parte, hemos podido ir m\u00e1s lejos y ayudar a m\u00e1s personas que ven en el DIF Estatal, una puerta hacia la esperanza para salir adelante\u201d, agreg\u00f3 Gonz\u00e1lez Silva.&nbsp;<\/p>\n\n\n\n<p>En la reuni\u00f3n, los grupos de voluntariados conformados por la Asociaci\u00f3n Mexicana de Mujeres Empresarias (Amexme), Patronato del Centro de Abastos, Asociaci\u00f3n de Ejecutivos de la Gesti\u00f3n del Talento Humano de San Luis, el Consejo Coordinador de Mujeres Empresarias, Humanas Aliadas, el Voluntariado de Gabinete y el del Poder Judicial, se comprometieron a continuar apoyando las iniciativas del DIF.<\/p>\n","protected":false},"excerpt":{"rendered":"<p>Refrendaron su compromiso para continuar garantizando bienestar a las familias potosinas Al reconocer a las y los integrantes de los<\/p>\n","protected":false},"author":2,"featured_media":4091,"comment_status":"closed","ping_status":"closed","sticky":false,"template":"","format":"standard","meta":{"footnotes":""},"categories":[25,30],"tags":[],"class_list":["post-4090","post","type-post","status-publish","format-standard","has-post-thumbnail","hentry","category-local","category-portada"],"yoast_head":"<!-- This site is optimized with the Yoast SEO plugin v24.1 - https:\/\/yoast.com\/wordpress\/plugins\/seo\/ -->\n<title>DIF Estatal reconoce a Voluntariados por brindar apoyo a las Familias - sanluisinforma.com<\/title>\n<meta name=\"robots\" content=\"index, follow, max-snippet:-1, max-image-preview:large, max-video-preview:-1\" \/>\n<link rel=\"canonical\" href=\"https:\/\/sanluisinforma.com\/?p=4090\" \/>\n<meta property=\"og:locale\" content=\"es_MX\" \/>\n<meta property=\"og:type\" content=\"article\" \/>\n<meta property=\"og:title\" content=\"DIF Estatal reconoce a Voluntariados por brindar apoyo a las Familias - sanluisinforma.com\" \/>\n<meta property=\"og:description\" content=\"Refrendaron su compromiso para continuar garantizando bienestar a las familias potosinas Al reconocer a las y los integrantes de los\" \/>\n<meta property=\"og:url\" content=\"https:\/\/sanluisinforma.com\/?p=4090\" \/>\n<meta property=\"og:site_name\" content=\"sanluisinforma.com\" \/>\n<meta property=\"article:published_time\" content=\"2024-02-27T06:55:00+00:00\" \/>\n<meta property=\"article:modified_time\" content=\"2024-02-27T05:18:24+00:00\" \/>\n<meta property=\"og:image\" content=\"https:\/\/sanluisinforma.com\/wp-content\/uploads\/2024\/02\/b4c01e70-3d37-4b46-877c-fe0ee1d19f5b.jpg\" \/>\n\t<meta property=\"og:image:width\" content=\"520\" \/>\n\t<meta property=\"og:image:height\" content=\"346\" \/>\n\t<meta property=\"og:image:type\" content=\"image\/jpeg\" \/>\n<meta name=\"author\" content=\"sanluisinforma.com\" \/>\n<meta name=\"twitter:card\" content=\"summary_large_image\" \/>\n<meta name=\"twitter:label1\" content=\"Escrito por\" \/>\n\t<meta name=\"twitter:data1\" content=\"sanluisinforma.com\" \/>\n\t<meta name=\"twitter:label2\" content=\"Tiempo de lectura\" \/>\n\t<meta name=\"twitter:data2\" content=\"2 minutos\" \/>\n<script type=\"application\/ld+json\" class=\"yoast-schema-graph\">{\"@context\":\"https:\/\/schema.org\",\"@graph\":[{\"@type\":\"Article\",\"@id\":\"https:\/\/sanluisinforma.com\/?p=4090#article\",\"isPartOf\":{\"@id\":\"https:\/\/sanluisinforma.com\/?p=4090\"},\"author\":{\"name\":\"sanluisinforma.com\",\"@id\":\"https:\/\/sanluisinforma.com\/#\/schema\/person\/c30648f71476be533b6f59d092905c8b\"},\"headline\":\"DIF Estatal reconoce a Voluntariados por brindar apoyo a las Familias\",\"datePublished\":\"2024-02-27T06:55:00+00:00\",\"dateModified\":\"2024-02-27T05:18:24+00:00\",\"mainEntityOfPage\":{\"@id\":\"https:\/\/sanluisinforma.com\/?p=4090\"},\"wordCount\":300,\"publisher\":{\"@id\":\"https:\/\/sanluisinforma.com\/#organization\"},\"image\":{\"@id\":\"https:\/\/sanluisinforma.com\/?p=4090#primaryimage\"},\"thumbnailUrl\":\"https:\/\/sanluisinforma.com\/wp-content\/uploads\/2024\/02\/b4c01e70-3d37-4b46-877c-fe0ee1d19f5b.jpg\",\"articleSection\":[\"Local\",\"Portada\"],\"inLanguage\":\"es\"},{\"@type\":\"WebPage\",\"@id\":\"https:\/\/sanluisinforma.com\/?p=4090\",\"url\":\"https:\/\/sanluisinforma.com\/?p=4090\",\"name\":\"DIF Estatal reconoce a Voluntariados por brindar apoyo a las Familias - sanluisinforma.com\",\"isPartOf\":{\"@id\":\"https:\/\/sanluisinforma.com\/#website\"},\"primaryImageOfPage\":{\"@id\":\"https:\/\/sanluisinforma.com\/?p=4090#primaryimage\"},\"image\":{\"@id\":\"https:\/\/sanluisinforma.com\/?p=4090#primaryimage\"},\"thumbnailUrl\":\"https:\/\/sanluisinforma.com\/wp-content\/uploads\/2024\/02\/b4c01e70-3d37-4b46-877c-fe0ee1d19f5b.jpg\",\"datePublished\":\"2024-02-27T06:55:00+00:00\",\"dateModified\":\"2024-02-27T05:18:24+00:00\",\"breadcrumb\":{\"@id\":\"https:\/\/sanluisinforma.com\/?p=4090#breadcrumb\"},\"inLanguage\":\"es\",\"potentialAction\":[{\"@type\":\"ReadAction\",\"target\":[\"https:\/\/sanluisinforma.com\/?p=4090\"]}]},{\"@type\":\"ImageObject\",\"inLanguage\":\"es\",\"@id\":\"https:\/\/sanluisinforma.com\/?p=4090#primaryimage\",\"url\":\"https:\/\/sanluisinforma.com\/wp-content\/uploads\/2024\/02\/b4c01e70-3d37-4b46-877c-fe0ee1d19f5b.jpg\",\"contentUrl\":\"https:\/\/sanluisinforma.com\/wp-content\/uploads\/2024\/02\/b4c01e70-3d37-4b46-877c-fe0ee1d19f5b.jpg\",\"width\":520,\"height\":346},{\"@type\":\"BreadcrumbList\",\"@id\":\"https:\/\/sanluisinforma.com\/?p=4090#breadcrumb\",\"itemListElement\":[{\"@type\":\"ListItem\",\"position\":1,\"name\":\"Inicio\",\"item\":\"https:\/\/sanluisinforma.com\/\"},{\"@type\":\"ListItem\",\"position\":2,\"name\":\"DIF Estatal reconoce a Voluntariados por brindar apoyo a las Familias\"}]},{\"@type\":\"WebSite\",\"@id\":\"https:\/\/sanluisinforma.com\/#website\",\"url\":\"https:\/\/sanluisinforma.com\/\",\"name\":\"sanluisinforma.com\",\"description\":\"Periodico San Luis Informa\",\"publisher\":{\"@id\":\"https:\/\/sanluisinforma.com\/#organization\"},\"potentialAction\":[{\"@type\":\"SearchAction\",\"target\":{\"@type\":\"EntryPoint\",\"urlTemplate\":\"https:\/\/sanluisinforma.com\/?s={search_term_string}\"},\"query-input\":{\"@type\":\"PropertyValueSpecification\",\"valueRequired\":true,\"valueName\":\"search_term_string\"}}],\"inLanguage\":\"es\"},{\"@type\":\"Organization\",\"@id\":\"https:\/\/sanluisinforma.com\/#organization\",\"name\":\"sanluisinforma.com\",\"url\":\"https:\/\/sanluisinforma.com\/\",\"logo\":{\"@type\":\"ImageObject\",\"inLanguage\":\"es\",\"@id\":\"https:\/\/sanluisinforma.com\/#\/schema\/logo\/image\/\",\"url\":\"https:\/\/sanluisinforma.com\/wp-content\/uploads\/2026\/03\/sanluisinforma-V.jpg\",\"contentUrl\":\"https:\/\/sanluisinforma.com\/wp-content\/uploads\/2026\/03\/sanluisinforma-V.jpg\",\"width\":500,\"height\":156,\"caption\":\"sanluisinforma.com\"},\"image\":{\"@id\":\"https:\/\/sanluisinforma.com\/#\/schema\/logo\/image\/\"}},{\"@type\":\"Person\",\"@id\":\"https:\/\/sanluisinforma.com\/#\/schema\/person\/c30648f71476be533b6f59d092905c8b\",\"name\":\"sanluisinforma.com\",\"image\":{\"@type\":\"ImageObject\",\"inLanguage\":\"es\",\"@id\":\"https:\/\/sanluisinforma.com\/#\/schema\/person\/image\/\",\"url\":\"https:\/\/secure.gravatar.com\/avatar\/86e3114e34a1eecefb963e0a02f0093f93b092dddb2fe1517596343751081a87?s=96&d=mm&r=g\",\"contentUrl\":\"https:\/\/secure.gravatar.com\/avatar\/86e3114e34a1eecefb963e0a02f0093f93b092dddb2fe1517596343751081a87?s=96&d=mm&r=g\",\"caption\":\"sanluisinforma.com\"},\"url\":\"https:\/\/sanluisinforma.com\/?author=2\"}]}<\/script>\n<!-- \/ Yoast SEO plugin. -->","yoast_head_json":{"title":"DIF Estatal reconoce a Voluntariados por brindar apoyo a las Familias - sanluisinforma.com","robots":{"index":"index","follow":"follow","max-snippet":"max-snippet:-1","max-image-preview":"max-image-preview:large","max-video-preview":"max-video-preview:-1"},"canonical":"https:\/\/sanluisinforma.com\/?p=4090","og_locale":"es_MX","og_type":"article","og_title":"DIF Estatal reconoce a Voluntariados por brindar apoyo a las Familias - sanluisinforma.com","og_description":"Refrendaron su compromiso para continuar garantizando bienestar a las familias potosinas Al reconocer a las y los integrantes de los","og_url":"https:\/\/sanluisinforma.com\/?p=4090","og_site_name":"sanluisinforma.com","article_published_time":"2024-02-27T06:55:00+00:00","article_modified_time":"2024-02-27T05:18:24+00:00","og_image":[{"width":520,"height":346,"url":"https:\/\/sanluisinforma.com\/wp-content\/uploads\/2024\/02\/b4c01e70-3d37-4b46-877c-fe0ee1d19f5b.jpg","type":"image\/jpeg"}],"author":"sanluisinforma.com","twitter_card":"summary_large_image","twitter_misc":{"Escrito por":"sanluisinforma.com","Tiempo de lectura":"2 minutos"},"schema":{"@context":"https:\/\/schema.org","@graph":[{"@type":"Article","@id":"https:\/\/sanluisinforma.com\/?p=4090#article","isPartOf":{"@id":"https:\/\/sanluisinforma.com\/?p=4090"},"author":{"name":"sanluisinforma.com","@id":"https:\/\/sanluisinforma.com\/#\/schema\/person\/c30648f71476be533b6f59d092905c8b"},"headline":"DIF Estatal reconoce a Voluntariados por brindar apoyo a las Familias","datePublished":"2024-02-27T06:55:00+00:00","dateModified":"2024-02-27T05:18:24+00:00","mainEntityOfPage":{"@id":"https:\/\/sanluisinforma.com\/?p=4090"},"wordCount":300,"publisher":{"@id":"https:\/\/sanluisinforma.com\/#organization"},"image":{"@id":"https:\/\/sanluisinforma.com\/?p=4090#primaryimage"},"thumbnailUrl":"https:\/\/sanluisinforma.com\/wp-content\/uploads\/2024\/02\/b4c01e70-3d37-4b46-877c-fe0ee1d19f5b.jpg","articleSection":["Local","Portada"],"inLanguage":"es"},{"@type":"WebPage","@id":"https:\/\/sanluisinforma.com\/?p=4090","url":"https:\/\/sanluisinforma.com\/?p=4090","name":"DIF Estatal reconoce a Voluntariados por brindar apoyo a las Familias - sanluisinforma.com","isPartOf":{"@id":"https:\/\/sanluisinforma.com\/#website"},"primaryImageOfPage":{"@id":"https:\/\/sanluisinforma.com\/?p=4090#primaryimage"},"image":{"@id":"https:\/\/sanluisinforma.com\/?p=4090#primaryimage"},"thumbnailUrl":"https:\/\/sanluisinforma.com\/wp-content\/uploads\/2024\/02\/b4c01e70-3d37-4b46-877c-fe0ee1d19f5b.jpg","datePublished":"2024-02-27T06:55:00+00:00","dateModified":"2024-02-27T05:18:24+00:00","breadcrumb":{"@id":"https:\/\/sanluisinforma.com\/?p=4090#breadcrumb"},"inLanguage":"es","potentialAction":[{"@type":"ReadAction","target":["https:\/\/sanluisinforma.com\/?p=4090"]}]},{"@type":"ImageObject","inLanguage":"es","@id":"https:\/\/sanluisinforma.com\/?p=4090#primaryimage","url":"https:\/\/sanluisinforma.com\/wp-content\/uploads\/2024\/02\/b4c01e70-3d37-4b46-877c-fe0ee1d19f5b.jpg","contentUrl":"https:\/\/sanluisinforma.com\/wp-content\/uploads\/2024\/02\/b4c01e70-3d37-4b46-877c-fe0ee1d19f5b.jpg","width":520,"height":346},{"@type":"BreadcrumbList","@id":"https:\/\/sanluisinforma.com\/?p=4090#breadcrumb","itemListElement":[{"@type":"ListItem","position":1,"name":"Inicio","item":"https:\/\/sanluisinforma.com\/"},{"@type":"ListItem","position":2,"name":"DIF Estatal reconoce a Voluntariados por brindar apoyo a las Familias"}]},{"@type":"WebSite","@id":"https:\/\/sanluisinforma.com\/#website","url":"https:\/\/sanluisinforma.com\/","name":"sanluisinforma.com","description":"Periodico San Luis Informa","publisher":{"@id":"https:\/\/sanluisinforma.com\/#organization"},"potentialAction":[{"@type":"SearchAction","target":{"@type":"EntryPoint","urlTemplate":"https:\/\/sanluisinforma.com\/?s={search_term_string}"},"query-input":{"@type":"PropertyValueSpecification","valueRequired":true,"valueName":"search_term_string"}}],"inLanguage":"es"},{"@type":"Organization","@id":"https:\/\/sanluisinforma.com\/#organization","name":"sanluisinforma.com","url":"https:\/\/sanluisinforma.com\/","logo":{"@type":"ImageObject","inLanguage":"es","@id":"https:\/\/sanluisinforma.com\/#\/schema\/logo\/image\/","url":"https:\/\/sanluisinforma.com\/wp-content\/uploads\/2026\/03\/sanluisinforma-V.jpg","contentUrl":"https:\/\/sanluisinforma.com\/wp-content\/uploads\/2026\/03\/sanluisinforma-V.jpg","width":500,"height":156,"caption":"sanluisinforma.com"},"image":{"@id":"https:\/\/sanluisinforma.com\/#\/schema\/logo\/image\/"}},{"@type":"Person","@id":"https:\/\/sanluisinforma.com\/#\/schema\/person\/c30648f71476be533b6f59d092905c8b","name":"sanluisinforma.com","image":{"@type":"ImageObject","inLanguage":"es","@id":"https:\/\/sanluisinforma.com\/#\/schema\/person\/image\/","url":"https:\/\/secure.gravatar.com\/avatar\/86e3114e34a1eecefb963e0a02f0093f93b092dddb2fe1517596343751081a87?s=96&d=mm&r=g","contentUrl":"https:\/\/secure.gravatar.com\/avatar\/86e3114e34a1eecefb963e0a02f0093f93b092dddb2fe1517596343751081a87?s=96&d=mm&r=g","caption":"sanluisinforma.com"},"url":"https:\/\/sanluisinforma.com\/?author=2"}]}},"_links":{"self":[{"href":"https:\/\/sanluisinforma.com\/index.php?rest_route=\/wp\/v2\/posts\/4090","targetHints":{"allow":["GET"]}}],"collection":[{"href":"https:\/\/sanluisinforma.com\/index.php?rest_route=\/wp\/v2\/posts"}],"about":[{"href":"https:\/\/sanluisinforma.com\/index.php?rest_route=\/wp\/v2\/types\/post"}],"author":[{"embeddable":true,"href":"https:\/\/sanluisinforma.com\/index.php?rest_route=\/wp\/v2\/users\/2"}],"replies":[{"embeddable":true,"href":"https:\/\/sanluisinforma.com\/index.php?rest_route=%2Fwp%2Fv2%2Fcomments&post=4090"}],"version-history":[{"count":1,"href":"https:\/\/sanluisinforma.com\/index.php?rest_route=\/wp\/v2\/posts\/4090\/revisions"}],"predecessor-version":[{"id":4092,"href":"https:\/\/sanluisinforma.com\/index.php?rest_route=\/wp\/v2\/posts\/4090\/revisions\/4092"}],"wp:featuredmedia":[{"embeddable":true,"href":"https:\/\/sanluisinforma.com\/index.php?rest_route=\/wp\/v2\/media\/4091"}],"wp:attachment":[{"href":"https:\/\/sanluisinforma.com\/index.php?rest_route=%2Fwp%2Fv2%2Fmedia&parent=4090"}],"wp:term":[{"taxonomy":"category","embeddable":true,"href":"https:\/\/sanluisinforma.com\/index.php?rest_route=%2Fwp%2Fv2%2Fcategories&post=4090"},{"taxonomy":"post_tag","embeddable":true,"href":"https:\/\/sanluisinforma.com\/index.php?rest_route=%2Fwp%2Fv2%2Ftags&post=4090"}],"curies":[{"name":"wp","href":"https:\/\/api.w.org\/{rel}","templated":true}]}}