{"id":4289,"date":"2024-03-08T00:50:00","date_gmt":"2024-03-08T06:50:00","guid":{"rendered":"https:\/\/sanluisinforma.com\/?p=4289"},"modified":"2024-03-07T22:31:31","modified_gmt":"2024-03-08T04:31:31","slug":"la-transformacion-lleva-rostro-de-mujer-claudia-sheinbaum-presenta-ante-militantes-de-cadereyta-estrategia-republica-de-y-para-mujeres","status":"publish","type":"post","link":"https:\/\/sanluisinforma.com\/?p=4289","title":{"rendered":"\u201cLa Transformaci\u00f3n lleva Rostro de Mujer\u201d: Claudia Sheinbaum Presenta ante militantes de Cadereyta\u00a0 \u00a0Estrategia \u201cRepublica De y Para Mujeres\u201d"},"content":{"rendered":"\n<p>\u201cHay que darles un trato especial y un reconocimiento por lo que han dado las mujeres de M\u00e9xico\u201d, asever\u00f3<\/p>\n\n\n\n<p>&nbsp;\u201cCualquier forma de discriminaci\u00f3n es algo que estamos en contra de la Cuarta Transformaci\u00f3n\u201d, agreg\u00f3<\/p>\n\n\n\n<p>Cadereyta de Montes, Quer\u00e9taro, a 07 de marzo de 2024.- \u201cLa transformaci\u00f3n, a partir del 1\u00b0 de octubre, es para todos, para todas, para ni\u00f1os, para ni\u00f1as, para j\u00f3venes, para adultos, para adultos mayores, pero en este caso lleva rostro de mujer\u201d, asegur\u00f3 la candidata de la coalici\u00f3n \u201cSigamos Haciendo Historia\u201d (Morena, PT y PVEM) a la Presidencia de M\u00e9xico, Claudia Sheinbaum Pardo, quien present\u00f3 la estrategia \u201cRep\u00fablica de y para Mujeres\u201d ante simpatizantes de Cadereyta de Montes, Quer\u00e9taro.<\/p>\n\n\n\n<p>En el marco del D\u00eda Internacional de la Mujer, Claudia Sheinbaum dio a conocer esta estrategia como uno de los ejes m\u00e1s importantes de su Proyecto de Naci\u00f3n, con el que busca garantizar seguridad, bienestar y en especial que se cumplan los derechos m\u00e1s indispensables de las mujeres mexicanas.<\/p>\n\n\n\n<p>Como una de las propuestas principales de la Estrategia \u201cRep\u00fablica de y para Mujeres\u201d , destac\u00f3 la creaci\u00f3n de un nuevo programa social dirigido a mujeres de 60 a 64 a\u00f1os para recibir un apoyo econ\u00f3mico mensual, correspondiente al 50 por ciento de la pensi\u00f3n de adultos mayores, en reconocimiento al trabajo realizado durante toda su vida y que muchas veces no fue remunerado.<\/p>\n\n\n\n<p>\u201cHay que darles un trato especial y un reconocimiento por lo que han dado las mujeres de M\u00e9xico a su familia y a su naci\u00f3n\u201d, afirm\u00f3.<\/p>\n\n\n\n<p>Agreg\u00f3 propuestas para garantizar la seguridad de las mujeres, como el programa \u201cEl agresor sale de casa\u201d, la creaci\u00f3n de Fiscal\u00edas Especializadas en Feminicidios, la construcci\u00f3n de centros de educaci\u00f3n inicial para que puedan dejar a sus hijos mientras ellas se desarrollan profesionalmente y garantizar que la igualdad sustantiva este en la Constituci\u00f3n federal.<\/p>\n\n\n\n<p>\u201cLo importante es que las mujeres seamos consideradas en nuestros derechos como personas al igual que los hombres, que no haya discriminaci\u00f3n, cualquier forma de discriminaci\u00f3n es algo que estamos en contra de la Cuarta Transformaci\u00f3n, ya sea racismo, sea clasismo o tambi\u00e9n machismo\u201d, apunt\u00f3.<\/p>\n\n\n\n<p>Tambi\u00e9n desglos\u00f3 otros ejes de su Proyecto de Naci\u00f3n, entre los que resalt\u00f3 la conservaci\u00f3n y fortalecimiento de la pensi\u00f3n de adultos mayores, las becas universales, la ampliaci\u00f3n de preparatorias y acciones para garantizar el acceso a derechos como la salud, vivienda, educaci\u00f3n y un salario digno.<\/p>\n\n\n\n<p>En ese mismo sentido se pronunci\u00f3 la candidata de la 4T al Senado de la Rep\u00fablica, Beatriz Robles Guti\u00e9rrez, quien resalt\u00f3 la lucha de las mujeres, pero sobre todo de aquellas comunidades ind\u00edgenas que fueron ignoradas por a\u00f1os.<\/p>\n\n\n\n<p>\u201cAqu\u00ed, hoy estamos las mujeres para defender a las mujeres, seguiremos protegiendo sus derechos sin estereotipos, erradicando la discriminaci\u00f3n, la segregaci\u00f3n y la desigualdad, reconociendo y respetando sus usos, sus costumbres y su identidad, reconociendo sus contribuciones a nuestro amado M\u00e9xico\u201d, expres\u00f3.<\/p>\n\n\n\n<p>Al evento tambi\u00e9n acudieron Olga S\u00e1nchez Cordero, candidata de Morena, PT y PVEM a diputada federal; Santiago Nieto, candidato a senador; Gilberto Herrera Ru\u00edz, candidato a diputado federal; Rufina Ben\u00edtez Estrada, presidenta estatal de Morena en Quer\u00e9taro; y Valeria Flores, delegada pol\u00edtica del PT.<\/p>\n","protected":false},"excerpt":{"rendered":"<p>\u201cHay que darles un trato especial y un reconocimiento por lo que han dado las mujeres de M\u00e9xico\u201d, asever\u00f3 &nbsp;\u201cCualquier<\/p>\n","protected":false},"author":2,"featured_media":4291,"comment_status":"closed","ping_status":"closed","sticky":false,"template":"","format":"standard","meta":{"footnotes":""},"categories":[25,26],"tags":[],"class_list":["post-4289","post","type-post","status-publish","format-standard","has-post-thumbnail","hentry","category-local","category-nacional"],"yoast_head":"<!-- This site is optimized with the Yoast SEO plugin v24.1 - https:\/\/yoast.com\/wordpress\/plugins\/seo\/ -->\n<title>\u201cLa Transformaci\u00f3n lleva Rostro de Mujer\u201d: Claudia Sheinbaum Presenta ante militantes de Cadereyta\u00a0 \u00a0Estrategia \u201cRepublica De y Para Mujeres\u201d - sanluisinforma.com<\/title>\n<meta name=\"robots\" content=\"index, follow, max-snippet:-1, max-image-preview:large, max-video-preview:-1\" \/>\n<link rel=\"canonical\" href=\"https:\/\/sanluisinforma.com\/?p=4289\" \/>\n<meta property=\"og:locale\" content=\"es_MX\" \/>\n<meta property=\"og:type\" content=\"article\" \/>\n<meta property=\"og:title\" content=\"\u201cLa Transformaci\u00f3n lleva Rostro de Mujer\u201d: Claudia Sheinbaum Presenta ante militantes de Cadereyta\u00a0 \u00a0Estrategia \u201cRepublica De y Para Mujeres\u201d - sanluisinforma.com\" \/>\n<meta property=\"og:description\" content=\"\u201cHay que darles un trato especial y un reconocimiento por lo que han dado las mujeres de M\u00e9xico\u201d, asever\u00f3 &nbsp;\u201cCualquier\" \/>\n<meta property=\"og:url\" content=\"https:\/\/sanluisinforma.com\/?p=4289\" \/>\n<meta property=\"og:site_name\" content=\"sanluisinforma.com\" \/>\n<meta property=\"article:published_time\" content=\"2024-03-08T06:50:00+00:00\" \/>\n<meta property=\"article:modified_time\" content=\"2024-03-08T04:31:31+00:00\" \/>\n<meta property=\"og:image\" content=\"https:\/\/sanluisinforma.com\/wp-content\/uploads\/2024\/03\/f7075b8f-30a4-44dd-bca9-c65f99c90328.jpg\" \/>\n\t<meta property=\"og:image:width\" content=\"520\" \/>\n\t<meta property=\"og:image:height\" content=\"244\" \/>\n\t<meta property=\"og:image:type\" content=\"image\/jpeg\" \/>\n<meta name=\"author\" content=\"sanluisinforma.com\" \/>\n<meta name=\"twitter:card\" content=\"summary_large_image\" \/>\n<meta name=\"twitter:label1\" content=\"Escrito por\" \/>\n\t<meta name=\"twitter:data1\" content=\"sanluisinforma.com\" \/>\n\t<meta name=\"twitter:label2\" content=\"Tiempo de lectura\" \/>\n\t<meta name=\"twitter:data2\" content=\"3 minutos\" \/>\n<script type=\"application\/ld+json\" class=\"yoast-schema-graph\">{\"@context\":\"https:\/\/schema.org\",\"@graph\":[{\"@type\":\"Article\",\"@id\":\"https:\/\/sanluisinforma.com\/?p=4289#article\",\"isPartOf\":{\"@id\":\"https:\/\/sanluisinforma.com\/?p=4289\"},\"author\":{\"name\":\"sanluisinforma.com\",\"@id\":\"https:\/\/sanluisinforma.com\/#\/schema\/person\/c30648f71476be533b6f59d092905c8b\"},\"headline\":\"\u201cLa Transformaci\u00f3n lleva Rostro de Mujer\u201d: Claudia Sheinbaum Presenta ante militantes de Cadereyta\u00a0 \u00a0Estrategia \u201cRepublica De y Para Mujeres\u201d\",\"datePublished\":\"2024-03-08T06:50:00+00:00\",\"dateModified\":\"2024-03-08T04:31:31+00:00\",\"mainEntityOfPage\":{\"@id\":\"https:\/\/sanluisinforma.com\/?p=4289\"},\"wordCount\":588,\"publisher\":{\"@id\":\"https:\/\/sanluisinforma.com\/#organization\"},\"image\":{\"@id\":\"https:\/\/sanluisinforma.com\/?p=4289#primaryimage\"},\"thumbnailUrl\":\"https:\/\/sanluisinforma.com\/wp-content\/uploads\/2024\/03\/f7075b8f-30a4-44dd-bca9-c65f99c90328.jpg\",\"articleSection\":[\"Local\",\"Nacional\"],\"inLanguage\":\"es\"},{\"@type\":\"WebPage\",\"@id\":\"https:\/\/sanluisinforma.com\/?p=4289\",\"url\":\"https:\/\/sanluisinforma.com\/?p=4289\",\"name\":\"\u201cLa Transformaci\u00f3n lleva Rostro de Mujer\u201d: Claudia Sheinbaum Presenta ante militantes de Cadereyta\u00a0 \u00a0Estrategia \u201cRepublica De y Para Mujeres\u201d - sanluisinforma.com\",\"isPartOf\":{\"@id\":\"https:\/\/sanluisinforma.com\/#website\"},\"primaryImageOfPage\":{\"@id\":\"https:\/\/sanluisinforma.com\/?p=4289#primaryimage\"},\"image\":{\"@id\":\"https:\/\/sanluisinforma.com\/?p=4289#primaryimage\"},\"thumbnailUrl\":\"https:\/\/sanluisinforma.com\/wp-content\/uploads\/2024\/03\/f7075b8f-30a4-44dd-bca9-c65f99c90328.jpg\",\"datePublished\":\"2024-03-08T06:50:00+00:00\",\"dateModified\":\"2024-03-08T04:31:31+00:00\",\"breadcrumb\":{\"@id\":\"https:\/\/sanluisinforma.com\/?p=4289#breadcrumb\"},\"inLanguage\":\"es\",\"potentialAction\":[{\"@type\":\"ReadAction\",\"target\":[\"https:\/\/sanluisinforma.com\/?p=4289\"]}]},{\"@type\":\"ImageObject\",\"inLanguage\":\"es\",\"@id\":\"https:\/\/sanluisinforma.com\/?p=4289#primaryimage\",\"url\":\"https:\/\/sanluisinforma.com\/wp-content\/uploads\/2024\/03\/f7075b8f-30a4-44dd-bca9-c65f99c90328.jpg\",\"contentUrl\":\"https:\/\/sanluisinforma.com\/wp-content\/uploads\/2024\/03\/f7075b8f-30a4-44dd-bca9-c65f99c90328.jpg\",\"width\":520,\"height\":244},{\"@type\":\"BreadcrumbList\",\"@id\":\"https:\/\/sanluisinforma.com\/?p=4289#breadcrumb\",\"itemListElement\":[{\"@type\":\"ListItem\",\"position\":1,\"name\":\"Inicio\",\"item\":\"https:\/\/sanluisinforma.com\/\"},{\"@type\":\"ListItem\",\"position\":2,\"name\":\"\u201cLa Transformaci\u00f3n lleva Rostro de Mujer\u201d: Claudia Sheinbaum Presenta ante militantes de Cadereyta\u00a0 \u00a0Estrategia \u201cRepublica De y Para Mujeres\u201d\"}]},{\"@type\":\"WebSite\",\"@id\":\"https:\/\/sanluisinforma.com\/#website\",\"url\":\"https:\/\/sanluisinforma.com\/\",\"name\":\"sanluisinforma.com\",\"description\":\"Periodico San Luis Informa\",\"publisher\":{\"@id\":\"https:\/\/sanluisinforma.com\/#organization\"},\"potentialAction\":[{\"@type\":\"SearchAction\",\"target\":{\"@type\":\"EntryPoint\",\"urlTemplate\":\"https:\/\/sanluisinforma.com\/?s={search_term_string}\"},\"query-input\":{\"@type\":\"PropertyValueSpecification\",\"valueRequired\":true,\"valueName\":\"search_term_string\"}}],\"inLanguage\":\"es\"},{\"@type\":\"Organization\",\"@id\":\"https:\/\/sanluisinforma.com\/#organization\",\"name\":\"sanluisinforma.com\",\"url\":\"https:\/\/sanluisinforma.com\/\",\"logo\":{\"@type\":\"ImageObject\",\"inLanguage\":\"es\",\"@id\":\"https:\/\/sanluisinforma.com\/#\/schema\/logo\/image\/\",\"url\":\"https:\/\/sanluisinforma.com\/wp-content\/uploads\/2026\/03\/sanluisinforma-V.jpg\",\"contentUrl\":\"https:\/\/sanluisinforma.com\/wp-content\/uploads\/2026\/03\/sanluisinforma-V.jpg\",\"width\":500,\"height\":156,\"caption\":\"sanluisinforma.com\"},\"image\":{\"@id\":\"https:\/\/sanluisinforma.com\/#\/schema\/logo\/image\/\"}},{\"@type\":\"Person\",\"@id\":\"https:\/\/sanluisinforma.com\/#\/schema\/person\/c30648f71476be533b6f59d092905c8b\",\"name\":\"sanluisinforma.com\",\"image\":{\"@type\":\"ImageObject\",\"inLanguage\":\"es\",\"@id\":\"https:\/\/sanluisinforma.com\/#\/schema\/person\/image\/\",\"url\":\"https:\/\/secure.gravatar.com\/avatar\/86e3114e34a1eecefb963e0a02f0093f93b092dddb2fe1517596343751081a87?s=96&d=mm&r=g\",\"contentUrl\":\"https:\/\/secure.gravatar.com\/avatar\/86e3114e34a1eecefb963e0a02f0093f93b092dddb2fe1517596343751081a87?s=96&d=mm&r=g\",\"caption\":\"sanluisinforma.com\"},\"url\":\"https:\/\/sanluisinforma.com\/?author=2\"}]}<\/script>\n<!-- \/ Yoast SEO plugin. -->","yoast_head_json":{"title":"\u201cLa Transformaci\u00f3n lleva Rostro de Mujer\u201d: Claudia Sheinbaum Presenta ante militantes de Cadereyta\u00a0 \u00a0Estrategia \u201cRepublica De y Para Mujeres\u201d - sanluisinforma.com","robots":{"index":"index","follow":"follow","max-snippet":"max-snippet:-1","max-image-preview":"max-image-preview:large","max-video-preview":"max-video-preview:-1"},"canonical":"https:\/\/sanluisinforma.com\/?p=4289","og_locale":"es_MX","og_type":"article","og_title":"\u201cLa Transformaci\u00f3n lleva Rostro de Mujer\u201d: Claudia Sheinbaum Presenta ante militantes de Cadereyta\u00a0 \u00a0Estrategia \u201cRepublica De y Para Mujeres\u201d - sanluisinforma.com","og_description":"\u201cHay que darles un trato especial y un reconocimiento por lo que han dado las mujeres de M\u00e9xico\u201d, asever\u00f3 &nbsp;\u201cCualquier","og_url":"https:\/\/sanluisinforma.com\/?p=4289","og_site_name":"sanluisinforma.com","article_published_time":"2024-03-08T06:50:00+00:00","article_modified_time":"2024-03-08T04:31:31+00:00","og_image":[{"width":520,"height":244,"url":"https:\/\/sanluisinforma.com\/wp-content\/uploads\/2024\/03\/f7075b8f-30a4-44dd-bca9-c65f99c90328.jpg","type":"image\/jpeg"}],"author":"sanluisinforma.com","twitter_card":"summary_large_image","twitter_misc":{"Escrito por":"sanluisinforma.com","Tiempo de lectura":"3 minutos"},"schema":{"@context":"https:\/\/schema.org","@graph":[{"@type":"Article","@id":"https:\/\/sanluisinforma.com\/?p=4289#article","isPartOf":{"@id":"https:\/\/sanluisinforma.com\/?p=4289"},"author":{"name":"sanluisinforma.com","@id":"https:\/\/sanluisinforma.com\/#\/schema\/person\/c30648f71476be533b6f59d092905c8b"},"headline":"\u201cLa Transformaci\u00f3n lleva Rostro de Mujer\u201d: Claudia Sheinbaum Presenta ante militantes de Cadereyta\u00a0 \u00a0Estrategia \u201cRepublica De y Para Mujeres\u201d","datePublished":"2024-03-08T06:50:00+00:00","dateModified":"2024-03-08T04:31:31+00:00","mainEntityOfPage":{"@id":"https:\/\/sanluisinforma.com\/?p=4289"},"wordCount":588,"publisher":{"@id":"https:\/\/sanluisinforma.com\/#organization"},"image":{"@id":"https:\/\/sanluisinforma.com\/?p=4289#primaryimage"},"thumbnailUrl":"https:\/\/sanluisinforma.com\/wp-content\/uploads\/2024\/03\/f7075b8f-30a4-44dd-bca9-c65f99c90328.jpg","articleSection":["Local","Nacional"],"inLanguage":"es"},{"@type":"WebPage","@id":"https:\/\/sanluisinforma.com\/?p=4289","url":"https:\/\/sanluisinforma.com\/?p=4289","name":"\u201cLa Transformaci\u00f3n lleva Rostro de Mujer\u201d: Claudia Sheinbaum Presenta ante militantes de Cadereyta\u00a0 \u00a0Estrategia \u201cRepublica De y Para Mujeres\u201d - sanluisinforma.com","isPartOf":{"@id":"https:\/\/sanluisinforma.com\/#website"},"primaryImageOfPage":{"@id":"https:\/\/sanluisinforma.com\/?p=4289#primaryimage"},"image":{"@id":"https:\/\/sanluisinforma.com\/?p=4289#primaryimage"},"thumbnailUrl":"https:\/\/sanluisinforma.com\/wp-content\/uploads\/2024\/03\/f7075b8f-30a4-44dd-bca9-c65f99c90328.jpg","datePublished":"2024-03-08T06:50:00+00:00","dateModified":"2024-03-08T04:31:31+00:00","breadcrumb":{"@id":"https:\/\/sanluisinforma.com\/?p=4289#breadcrumb"},"inLanguage":"es","potentialAction":[{"@type":"ReadAction","target":["https:\/\/sanluisinforma.com\/?p=4289"]}]},{"@type":"ImageObject","inLanguage":"es","@id":"https:\/\/sanluisinforma.com\/?p=4289#primaryimage","url":"https:\/\/sanluisinforma.com\/wp-content\/uploads\/2024\/03\/f7075b8f-30a4-44dd-bca9-c65f99c90328.jpg","contentUrl":"https:\/\/sanluisinforma.com\/wp-content\/uploads\/2024\/03\/f7075b8f-30a4-44dd-bca9-c65f99c90328.jpg","width":520,"height":244},{"@type":"BreadcrumbList","@id":"https:\/\/sanluisinforma.com\/?p=4289#breadcrumb","itemListElement":[{"@type":"ListItem","position":1,"name":"Inicio","item":"https:\/\/sanluisinforma.com\/"},{"@type":"ListItem","position":2,"name":"\u201cLa Transformaci\u00f3n lleva Rostro de Mujer\u201d: Claudia Sheinbaum Presenta ante militantes de Cadereyta\u00a0 \u00a0Estrategia \u201cRepublica De y Para Mujeres\u201d"}]},{"@type":"WebSite","@id":"https:\/\/sanluisinforma.com\/#website","url":"https:\/\/sanluisinforma.com\/","name":"sanluisinforma.com","description":"Periodico San Luis Informa","publisher":{"@id":"https:\/\/sanluisinforma.com\/#organization"},"potentialAction":[{"@type":"SearchAction","target":{"@type":"EntryPoint","urlTemplate":"https:\/\/sanluisinforma.com\/?s={search_term_string}"},"query-input":{"@type":"PropertyValueSpecification","valueRequired":true,"valueName":"search_term_string"}}],"inLanguage":"es"},{"@type":"Organization","@id":"https:\/\/sanluisinforma.com\/#organization","name":"sanluisinforma.com","url":"https:\/\/sanluisinforma.com\/","logo":{"@type":"ImageObject","inLanguage":"es","@id":"https:\/\/sanluisinforma.com\/#\/schema\/logo\/image\/","url":"https:\/\/sanluisinforma.com\/wp-content\/uploads\/2026\/03\/sanluisinforma-V.jpg","contentUrl":"https:\/\/sanluisinforma.com\/wp-content\/uploads\/2026\/03\/sanluisinforma-V.jpg","width":500,"height":156,"caption":"sanluisinforma.com"},"image":{"@id":"https:\/\/sanluisinforma.com\/#\/schema\/logo\/image\/"}},{"@type":"Person","@id":"https:\/\/sanluisinforma.com\/#\/schema\/person\/c30648f71476be533b6f59d092905c8b","name":"sanluisinforma.com","image":{"@type":"ImageObject","inLanguage":"es","@id":"https:\/\/sanluisinforma.com\/#\/schema\/person\/image\/","url":"https:\/\/secure.gravatar.com\/avatar\/86e3114e34a1eecefb963e0a02f0093f93b092dddb2fe1517596343751081a87?s=96&d=mm&r=g","contentUrl":"https:\/\/secure.gravatar.com\/avatar\/86e3114e34a1eecefb963e0a02f0093f93b092dddb2fe1517596343751081a87?s=96&d=mm&r=g","caption":"sanluisinforma.com"},"url":"https:\/\/sanluisinforma.com\/?author=2"}]}},"_links":{"self":[{"href":"https:\/\/sanluisinforma.com\/index.php?rest_route=\/wp\/v2\/posts\/4289","targetHints":{"allow":["GET"]}}],"collection":[{"href":"https:\/\/sanluisinforma.com\/index.php?rest_route=\/wp\/v2\/posts"}],"about":[{"href":"https:\/\/sanluisinforma.com\/index.php?rest_route=\/wp\/v2\/types\/post"}],"author":[{"embeddable":true,"href":"https:\/\/sanluisinforma.com\/index.php?rest_route=\/wp\/v2\/users\/2"}],"replies":[{"embeddable":true,"href":"https:\/\/sanluisinforma.com\/index.php?rest_route=%2Fwp%2Fv2%2Fcomments&post=4289"}],"version-history":[{"count":1,"href":"https:\/\/sanluisinforma.com\/index.php?rest_route=\/wp\/v2\/posts\/4289\/revisions"}],"predecessor-version":[{"id":4290,"href":"https:\/\/sanluisinforma.com\/index.php?rest_route=\/wp\/v2\/posts\/4289\/revisions\/4290"}],"wp:featuredmedia":[{"embeddable":true,"href":"https:\/\/sanluisinforma.com\/index.php?rest_route=\/wp\/v2\/media\/4291"}],"wp:attachment":[{"href":"https:\/\/sanluisinforma.com\/index.php?rest_route=%2Fwp%2Fv2%2Fmedia&parent=4289"}],"wp:term":[{"taxonomy":"category","embeddable":true,"href":"https:\/\/sanluisinforma.com\/index.php?rest_route=%2Fwp%2Fv2%2Fcategories&post=4289"},{"taxonomy":"post_tag","embeddable":true,"href":"https:\/\/sanluisinforma.com\/index.php?rest_route=%2Fwp%2Fv2%2Ftags&post=4289"}],"curies":[{"name":"wp","href":"https:\/\/api.w.org\/{rel}","templated":true}]}}