{"id":4755,"date":"2024-04-08T00:58:00","date_gmt":"2024-04-08T06:58:00","guid":{"rendered":"https:\/\/sanluisinforma.com\/?p=4755"},"modified":"2024-04-07T22:07:49","modified_gmt":"2024-04-08T04:07:49","slug":"magno-paquete-de-obras-garantizara-la-movilidad-en-la-region-media","status":"publish","type":"post","link":"https:\/\/sanluisinforma.com\/?p=4755","title":{"rendered":"Magno Paquete de Obras garantizar\u00e1 la Movilidad en la Regi\u00f3n Media"},"content":{"rendered":"\n<p>Se impulsar\u00e1n importantes proyectos en beneficio de municipios como Rioverde, Ciudad Fern\u00e1ndez, C\u00e1rdenas, Ray\u00f3n y Lagunillas<\/p>\n\n\n\n<p>Con una inversi\u00f3n p\u00fablica por 400 millones de pesos, el Poder Ejecutivo del Estado de San Luis Potos\u00ed invertir\u00e1 en m\u00e1s proyectos de infraestructura para incentivar la atracci\u00f3n de m\u00e1s turismo a la regi\u00f3n Media, lo que fortalecer\u00e1 el desarrollo y progreso para las familias potosinas.<\/p>\n\n\n\n<p>El Jefe del Ejecutivo Estatal, Ricardo Gallardo Cardona anunci\u00f3 que en breve arrancar\u00e1 la construcci\u00f3n de magnos proyectos que conectar\u00e1n las diferentes comunidades permitiendo aminorar los tiempos de traslado haciendolos m\u00e1s \u00e1giles, m\u00e1s c\u00f3modos y seguros.<\/p>\n\n\n\n<p>Puntualiz\u00f3 que entre las obras destaca el bulevar Bicentenario, que conectar\u00e1 a Rioverde y Ciudad Fern\u00e1ndez que junto con la v\u00eda libre conectar\u00e1 hasta Cerritos.<\/p>\n\n\n\n<p>C\u00e1rdenas, Ray\u00f3n y Lagunillas tambi\u00e9n contar\u00e1n con un monto de recursos o presupuesto adicional por 25 millones de pesos as\u00ed como 25 millones de pesos m\u00e1s para Tamasopo, adem\u00e1s de un fondo similar por 25 millones para El Naranjo.<\/p>\n\n\n\n<p>Esta informaci\u00f3n es de inter\u00e9s p\u00fablico, ajena a cualquier inter\u00e9s particular o alg\u00fan partido pol\u00edtico.<\/p>\n","protected":false},"excerpt":{"rendered":"<p>Se impulsar\u00e1n importantes proyectos en beneficio de municipios como Rioverde, Ciudad Fern\u00e1ndez, C\u00e1rdenas, Ray\u00f3n y Lagunillas Con una inversi\u00f3n p\u00fablica<\/p>\n","protected":false},"author":2,"featured_media":4756,"comment_status":"closed","ping_status":"closed","sticky":false,"template":"","format":"standard","meta":{"footnotes":""},"categories":[25,30],"tags":[],"class_list":["post-4755","post","type-post","status-publish","format-standard","has-post-thumbnail","hentry","category-local","category-portada"],"yoast_head":"<!-- This site is optimized with the Yoast SEO plugin v24.1 - https:\/\/yoast.com\/wordpress\/plugins\/seo\/ -->\n<title>Magno Paquete de Obras garantizar\u00e1 la Movilidad en la Regi\u00f3n Media - sanluisinforma.com<\/title>\n<meta name=\"robots\" content=\"index, follow, max-snippet:-1, max-image-preview:large, max-video-preview:-1\" \/>\n<link rel=\"canonical\" href=\"https:\/\/sanluisinforma.com\/?p=4755\" \/>\n<meta property=\"og:locale\" content=\"es_MX\" \/>\n<meta property=\"og:type\" content=\"article\" \/>\n<meta property=\"og:title\" content=\"Magno Paquete de Obras garantizar\u00e1 la Movilidad en la Regi\u00f3n Media - sanluisinforma.com\" \/>\n<meta property=\"og:description\" content=\"Se impulsar\u00e1n importantes proyectos en beneficio de municipios como Rioverde, Ciudad Fern\u00e1ndez, C\u00e1rdenas, Ray\u00f3n y Lagunillas Con una inversi\u00f3n p\u00fablica\" \/>\n<meta property=\"og:url\" content=\"https:\/\/sanluisinforma.com\/?p=4755\" \/>\n<meta property=\"og:site_name\" content=\"sanluisinforma.com\" \/>\n<meta property=\"article:published_time\" content=\"2024-04-08T06:58:00+00:00\" \/>\n<meta property=\"article:modified_time\" content=\"2024-04-08T04:07:49+00:00\" \/>\n<meta property=\"og:image\" content=\"https:\/\/sanluisinforma.com\/wp-content\/uploads\/2024\/04\/c0242159-cb92-40c7-8777-c348d967f5d8.jpg\" \/>\n\t<meta property=\"og:image:width\" content=\"480\" \/>\n\t<meta property=\"og:image:height\" content=\"719\" \/>\n\t<meta property=\"og:image:type\" content=\"image\/jpeg\" \/>\n<meta name=\"author\" content=\"sanluisinforma.com\" \/>\n<meta name=\"twitter:card\" content=\"summary_large_image\" \/>\n<meta name=\"twitter:label1\" content=\"Escrito por\" \/>\n\t<meta name=\"twitter:data1\" content=\"sanluisinforma.com\" \/>\n\t<meta name=\"twitter:label2\" content=\"Tiempo de lectura\" \/>\n\t<meta name=\"twitter:data2\" content=\"2 minutos\" \/>\n<script type=\"application\/ld+json\" class=\"yoast-schema-graph\">{\"@context\":\"https:\/\/schema.org\",\"@graph\":[{\"@type\":\"Article\",\"@id\":\"https:\/\/sanluisinforma.com\/?p=4755#article\",\"isPartOf\":{\"@id\":\"https:\/\/sanluisinforma.com\/?p=4755\"},\"author\":{\"name\":\"sanluisinforma.com\",\"@id\":\"https:\/\/sanluisinforma.com\/#\/schema\/person\/c30648f71476be533b6f59d092905c8b\"},\"headline\":\"Magno Paquete de Obras garantizar\u00e1 la Movilidad en la Regi\u00f3n Media\",\"datePublished\":\"2024-04-08T06:58:00+00:00\",\"dateModified\":\"2024-04-08T04:07:49+00:00\",\"mainEntityOfPage\":{\"@id\":\"https:\/\/sanluisinforma.com\/?p=4755\"},\"wordCount\":214,\"publisher\":{\"@id\":\"https:\/\/sanluisinforma.com\/#organization\"},\"image\":{\"@id\":\"https:\/\/sanluisinforma.com\/?p=4755#primaryimage\"},\"thumbnailUrl\":\"https:\/\/sanluisinforma.com\/wp-content\/uploads\/2024\/04\/c0242159-cb92-40c7-8777-c348d967f5d8.jpg\",\"articleSection\":[\"Local\",\"Portada\"],\"inLanguage\":\"es\"},{\"@type\":\"WebPage\",\"@id\":\"https:\/\/sanluisinforma.com\/?p=4755\",\"url\":\"https:\/\/sanluisinforma.com\/?p=4755\",\"name\":\"Magno Paquete de Obras garantizar\u00e1 la Movilidad en la Regi\u00f3n Media - sanluisinforma.com\",\"isPartOf\":{\"@id\":\"https:\/\/sanluisinforma.com\/#website\"},\"primaryImageOfPage\":{\"@id\":\"https:\/\/sanluisinforma.com\/?p=4755#primaryimage\"},\"image\":{\"@id\":\"https:\/\/sanluisinforma.com\/?p=4755#primaryimage\"},\"thumbnailUrl\":\"https:\/\/sanluisinforma.com\/wp-content\/uploads\/2024\/04\/c0242159-cb92-40c7-8777-c348d967f5d8.jpg\",\"datePublished\":\"2024-04-08T06:58:00+00:00\",\"dateModified\":\"2024-04-08T04:07:49+00:00\",\"breadcrumb\":{\"@id\":\"https:\/\/sanluisinforma.com\/?p=4755#breadcrumb\"},\"inLanguage\":\"es\",\"potentialAction\":[{\"@type\":\"ReadAction\",\"target\":[\"https:\/\/sanluisinforma.com\/?p=4755\"]}]},{\"@type\":\"ImageObject\",\"inLanguage\":\"es\",\"@id\":\"https:\/\/sanluisinforma.com\/?p=4755#primaryimage\",\"url\":\"https:\/\/sanluisinforma.com\/wp-content\/uploads\/2024\/04\/c0242159-cb92-40c7-8777-c348d967f5d8.jpg\",\"contentUrl\":\"https:\/\/sanluisinforma.com\/wp-content\/uploads\/2024\/04\/c0242159-cb92-40c7-8777-c348d967f5d8.jpg\",\"width\":480,\"height\":719},{\"@type\":\"BreadcrumbList\",\"@id\":\"https:\/\/sanluisinforma.com\/?p=4755#breadcrumb\",\"itemListElement\":[{\"@type\":\"ListItem\",\"position\":1,\"name\":\"Inicio\",\"item\":\"https:\/\/sanluisinforma.com\/\"},{\"@type\":\"ListItem\",\"position\":2,\"name\":\"Magno Paquete de Obras garantizar\u00e1 la Movilidad en la Regi\u00f3n Media\"}]},{\"@type\":\"WebSite\",\"@id\":\"https:\/\/sanluisinforma.com\/#website\",\"url\":\"https:\/\/sanluisinforma.com\/\",\"name\":\"sanluisinforma.com\",\"description\":\"Periodico San Luis Informa\",\"publisher\":{\"@id\":\"https:\/\/sanluisinforma.com\/#organization\"},\"potentialAction\":[{\"@type\":\"SearchAction\",\"target\":{\"@type\":\"EntryPoint\",\"urlTemplate\":\"https:\/\/sanluisinforma.com\/?s={search_term_string}\"},\"query-input\":{\"@type\":\"PropertyValueSpecification\",\"valueRequired\":true,\"valueName\":\"search_term_string\"}}],\"inLanguage\":\"es\"},{\"@type\":\"Organization\",\"@id\":\"https:\/\/sanluisinforma.com\/#organization\",\"name\":\"sanluisinforma.com\",\"url\":\"https:\/\/sanluisinforma.com\/\",\"logo\":{\"@type\":\"ImageObject\",\"inLanguage\":\"es\",\"@id\":\"https:\/\/sanluisinforma.com\/#\/schema\/logo\/image\/\",\"url\":\"https:\/\/sanluisinforma.com\/wp-content\/uploads\/2026\/03\/sanluisinforma-V.jpg\",\"contentUrl\":\"https:\/\/sanluisinforma.com\/wp-content\/uploads\/2026\/03\/sanluisinforma-V.jpg\",\"width\":500,\"height\":156,\"caption\":\"sanluisinforma.com\"},\"image\":{\"@id\":\"https:\/\/sanluisinforma.com\/#\/schema\/logo\/image\/\"}},{\"@type\":\"Person\",\"@id\":\"https:\/\/sanluisinforma.com\/#\/schema\/person\/c30648f71476be533b6f59d092905c8b\",\"name\":\"sanluisinforma.com\",\"image\":{\"@type\":\"ImageObject\",\"inLanguage\":\"es\",\"@id\":\"https:\/\/sanluisinforma.com\/#\/schema\/person\/image\/\",\"url\":\"https:\/\/secure.gravatar.com\/avatar\/86e3114e34a1eecefb963e0a02f0093f93b092dddb2fe1517596343751081a87?s=96&d=mm&r=g\",\"contentUrl\":\"https:\/\/secure.gravatar.com\/avatar\/86e3114e34a1eecefb963e0a02f0093f93b092dddb2fe1517596343751081a87?s=96&d=mm&r=g\",\"caption\":\"sanluisinforma.com\"},\"url\":\"https:\/\/sanluisinforma.com\/?author=2\"}]}<\/script>\n<!-- \/ Yoast SEO plugin. -->","yoast_head_json":{"title":"Magno Paquete de Obras garantizar\u00e1 la Movilidad en la Regi\u00f3n Media - sanluisinforma.com","robots":{"index":"index","follow":"follow","max-snippet":"max-snippet:-1","max-image-preview":"max-image-preview:large","max-video-preview":"max-video-preview:-1"},"canonical":"https:\/\/sanluisinforma.com\/?p=4755","og_locale":"es_MX","og_type":"article","og_title":"Magno Paquete de Obras garantizar\u00e1 la Movilidad en la Regi\u00f3n Media - sanluisinforma.com","og_description":"Se impulsar\u00e1n importantes proyectos en beneficio de municipios como Rioverde, Ciudad Fern\u00e1ndez, C\u00e1rdenas, Ray\u00f3n y Lagunillas Con una inversi\u00f3n p\u00fablica","og_url":"https:\/\/sanluisinforma.com\/?p=4755","og_site_name":"sanluisinforma.com","article_published_time":"2024-04-08T06:58:00+00:00","article_modified_time":"2024-04-08T04:07:49+00:00","og_image":[{"width":480,"height":719,"url":"https:\/\/sanluisinforma.com\/wp-content\/uploads\/2024\/04\/c0242159-cb92-40c7-8777-c348d967f5d8.jpg","type":"image\/jpeg"}],"author":"sanluisinforma.com","twitter_card":"summary_large_image","twitter_misc":{"Escrito por":"sanluisinforma.com","Tiempo de lectura":"2 minutos"},"schema":{"@context":"https:\/\/schema.org","@graph":[{"@type":"Article","@id":"https:\/\/sanluisinforma.com\/?p=4755#article","isPartOf":{"@id":"https:\/\/sanluisinforma.com\/?p=4755"},"author":{"name":"sanluisinforma.com","@id":"https:\/\/sanluisinforma.com\/#\/schema\/person\/c30648f71476be533b6f59d092905c8b"},"headline":"Magno Paquete de Obras garantizar\u00e1 la Movilidad en la Regi\u00f3n Media","datePublished":"2024-04-08T06:58:00+00:00","dateModified":"2024-04-08T04:07:49+00:00","mainEntityOfPage":{"@id":"https:\/\/sanluisinforma.com\/?p=4755"},"wordCount":214,"publisher":{"@id":"https:\/\/sanluisinforma.com\/#organization"},"image":{"@id":"https:\/\/sanluisinforma.com\/?p=4755#primaryimage"},"thumbnailUrl":"https:\/\/sanluisinforma.com\/wp-content\/uploads\/2024\/04\/c0242159-cb92-40c7-8777-c348d967f5d8.jpg","articleSection":["Local","Portada"],"inLanguage":"es"},{"@type":"WebPage","@id":"https:\/\/sanluisinforma.com\/?p=4755","url":"https:\/\/sanluisinforma.com\/?p=4755","name":"Magno Paquete de Obras garantizar\u00e1 la Movilidad en la Regi\u00f3n Media - sanluisinforma.com","isPartOf":{"@id":"https:\/\/sanluisinforma.com\/#website"},"primaryImageOfPage":{"@id":"https:\/\/sanluisinforma.com\/?p=4755#primaryimage"},"image":{"@id":"https:\/\/sanluisinforma.com\/?p=4755#primaryimage"},"thumbnailUrl":"https:\/\/sanluisinforma.com\/wp-content\/uploads\/2024\/04\/c0242159-cb92-40c7-8777-c348d967f5d8.jpg","datePublished":"2024-04-08T06:58:00+00:00","dateModified":"2024-04-08T04:07:49+00:00","breadcrumb":{"@id":"https:\/\/sanluisinforma.com\/?p=4755#breadcrumb"},"inLanguage":"es","potentialAction":[{"@type":"ReadAction","target":["https:\/\/sanluisinforma.com\/?p=4755"]}]},{"@type":"ImageObject","inLanguage":"es","@id":"https:\/\/sanluisinforma.com\/?p=4755#primaryimage","url":"https:\/\/sanluisinforma.com\/wp-content\/uploads\/2024\/04\/c0242159-cb92-40c7-8777-c348d967f5d8.jpg","contentUrl":"https:\/\/sanluisinforma.com\/wp-content\/uploads\/2024\/04\/c0242159-cb92-40c7-8777-c348d967f5d8.jpg","width":480,"height":719},{"@type":"BreadcrumbList","@id":"https:\/\/sanluisinforma.com\/?p=4755#breadcrumb","itemListElement":[{"@type":"ListItem","position":1,"name":"Inicio","item":"https:\/\/sanluisinforma.com\/"},{"@type":"ListItem","position":2,"name":"Magno Paquete de Obras garantizar\u00e1 la Movilidad en la Regi\u00f3n Media"}]},{"@type":"WebSite","@id":"https:\/\/sanluisinforma.com\/#website","url":"https:\/\/sanluisinforma.com\/","name":"sanluisinforma.com","description":"Periodico San Luis Informa","publisher":{"@id":"https:\/\/sanluisinforma.com\/#organization"},"potentialAction":[{"@type":"SearchAction","target":{"@type":"EntryPoint","urlTemplate":"https:\/\/sanluisinforma.com\/?s={search_term_string}"},"query-input":{"@type":"PropertyValueSpecification","valueRequired":true,"valueName":"search_term_string"}}],"inLanguage":"es"},{"@type":"Organization","@id":"https:\/\/sanluisinforma.com\/#organization","name":"sanluisinforma.com","url":"https:\/\/sanluisinforma.com\/","logo":{"@type":"ImageObject","inLanguage":"es","@id":"https:\/\/sanluisinforma.com\/#\/schema\/logo\/image\/","url":"https:\/\/sanluisinforma.com\/wp-content\/uploads\/2026\/03\/sanluisinforma-V.jpg","contentUrl":"https:\/\/sanluisinforma.com\/wp-content\/uploads\/2026\/03\/sanluisinforma-V.jpg","width":500,"height":156,"caption":"sanluisinforma.com"},"image":{"@id":"https:\/\/sanluisinforma.com\/#\/schema\/logo\/image\/"}},{"@type":"Person","@id":"https:\/\/sanluisinforma.com\/#\/schema\/person\/c30648f71476be533b6f59d092905c8b","name":"sanluisinforma.com","image":{"@type":"ImageObject","inLanguage":"es","@id":"https:\/\/sanluisinforma.com\/#\/schema\/person\/image\/","url":"https:\/\/secure.gravatar.com\/avatar\/86e3114e34a1eecefb963e0a02f0093f93b092dddb2fe1517596343751081a87?s=96&d=mm&r=g","contentUrl":"https:\/\/secure.gravatar.com\/avatar\/86e3114e34a1eecefb963e0a02f0093f93b092dddb2fe1517596343751081a87?s=96&d=mm&r=g","caption":"sanluisinforma.com"},"url":"https:\/\/sanluisinforma.com\/?author=2"}]}},"_links":{"self":[{"href":"https:\/\/sanluisinforma.com\/index.php?rest_route=\/wp\/v2\/posts\/4755","targetHints":{"allow":["GET"]}}],"collection":[{"href":"https:\/\/sanluisinforma.com\/index.php?rest_route=\/wp\/v2\/posts"}],"about":[{"href":"https:\/\/sanluisinforma.com\/index.php?rest_route=\/wp\/v2\/types\/post"}],"author":[{"embeddable":true,"href":"https:\/\/sanluisinforma.com\/index.php?rest_route=\/wp\/v2\/users\/2"}],"replies":[{"embeddable":true,"href":"https:\/\/sanluisinforma.com\/index.php?rest_route=%2Fwp%2Fv2%2Fcomments&post=4755"}],"version-history":[{"count":1,"href":"https:\/\/sanluisinforma.com\/index.php?rest_route=\/wp\/v2\/posts\/4755\/revisions"}],"predecessor-version":[{"id":4757,"href":"https:\/\/sanluisinforma.com\/index.php?rest_route=\/wp\/v2\/posts\/4755\/revisions\/4757"}],"wp:featuredmedia":[{"embeddable":true,"href":"https:\/\/sanluisinforma.com\/index.php?rest_route=\/wp\/v2\/media\/4756"}],"wp:attachment":[{"href":"https:\/\/sanluisinforma.com\/index.php?rest_route=%2Fwp%2Fv2%2Fmedia&parent=4755"}],"wp:term":[{"taxonomy":"category","embeddable":true,"href":"https:\/\/sanluisinforma.com\/index.php?rest_route=%2Fwp%2Fv2%2Fcategories&post=4755"},{"taxonomy":"post_tag","embeddable":true,"href":"https:\/\/sanluisinforma.com\/index.php?rest_route=%2Fwp%2Fv2%2Ftags&post=4755"}],"curies":[{"name":"wp","href":"https:\/\/api.w.org\/{rel}","templated":true}]}}