{"id":4841,"date":"2024-04-13T21:31:05","date_gmt":"2024-04-14T03:31:05","guid":{"rendered":"https:\/\/sanluisinforma.com\/?p=4841"},"modified":"2024-04-13T21:31:42","modified_gmt":"2024-04-14T03:31:42","slug":"iran-e-israel-inician-guerra-peligrosa-podrian-escalar-a-grave-conflicto","status":"publish","type":"post","link":"https:\/\/sanluisinforma.com\/?p=4841","title":{"rendered":"Ir\u00e1n e Israel  inician \u00a0guerra \u00a0peligrosa; \u00a0podr\u00edan escalar a grave \u00a0conflicto"},"content":{"rendered":"\n<p>Ir\u00e1n lanz\u00f3 este s\u00e1bado un ataque con drones y misiles contra Israel<\/p>\n\n\n\n<p>&#8220;Ir\u00e1n lanz\u00f3 drones desde su territorio contra el Estado de Israel&#8221;, indic\u00f3 por televisi\u00f3n el portavoz del ej\u00e9rcito, Daniel Hagari.<\/p>\n\n\n\n<p>El vocero militar, Hagari, agreg\u00f3 que los drones tardar\u00e1n varias horas en llegar. Afirm\u00f3 que Israel est\u00e1 listo.<\/p>\n\n\n\n<p>Israel ha estado en alerta desde que un ataque a\u00e9reo la semana pasada mat\u00f3 a dos generales iran\u00edes en Siria. Ir\u00e1n acus\u00f3 a Israel y jur\u00f3 venganza.<\/p>\n\n\n\n<p>\u201cLas Fuerzas de Defensa de Israel est\u00e1n en alerta con una perspectiva situacional en todo momento. El sistema de defensa antia\u00e9rea est\u00e1 en alerta y los aviones de las Fuerzas A\u00e9reas y los buques de la Armada est\u00e1n en misi\u00f3n de protecci\u00f3n de los cielos del pa\u00eds. Las FDI est\u00e1n siguiendo todos los objetivos\u201d, a\u00f1adi\u00f3 el portavoz militar.<\/p>\n\n\n\n<p>Hagari adeland\u00f3 que habr\u00e1 problemas de se\u00f1al de GPS por el uso de militar para interceptar estos drones y les&nbsp; record\u00f3 que&nbsp; sirenas de aviso solo sonar\u00e1n si los drones entran en el espacio a\u00e9reo israel\u00ed en las regiones afectadas.<\/p>\n\n\n\n<p>Israel calcula&nbsp; que son mas&nbsp; de&nbsp; 200 los drones y misiles lanzados<\/p>\n\n\n\n<p>Misiles interceptados: Israel<\/p>\n\n\n\n<p>Mas tarde, este mismo&nbsp; dia Hagari&nbsp; abundo&nbsp; que la mayor\u00eda de los misiles iran\u00edes han sido interceptados por el sistema de defensa Arrow fuera del espacio a\u00e9reo israel\u00ed.<\/p>\n\n\n\n<p>No obstante, algunos proyectiles s\u00ed han impactado en Israel, donde se han activado las alarmas en pr\u00e1cticamente todo el pa\u00eds.<\/p>\n\n\n\n<p>Por su parte&nbsp; agencias oficiales iran\u00edes han difundido v\u00eddeos que supuestamente demostrar\u00edan estos impactos y han incluido entre los objetivos alcanzados una base que habr\u00eda sido utilizada en el bombardeo contra el Consulado iran\u00ed en Damasco a principios de abril, en el que murieron efectivos de la Guardia Revolucionaria.<\/p>\n\n\n\n<p>Medio oficial iran\u00ed dice que ataque alcanz\u00f3 base a\u00e9rea en el N\u00e9guev<\/p>\n\n\n\n<p>El ataque iran\u00ed asest\u00f3 el domingo &#8220;fuertes golpes&#8221; a una base a\u00e9rea en el desierto del N\u00e9guev, inform\u00f3 un medio oficial de Teher\u00e1n.<\/p>\n\n\n\n<p>&#8220;La principal base a\u00e9rea israel\u00ed en el N\u00e9guev fue un objetivo exitoso del misil Khaibar&#8221;, indic\u00f3 la agencia estatal de noticias iran\u00ed IRNA, agregando que &#8220;im\u00e1genes y datos indican que la base fue golpeada fuertemente&#8221;.<\/p>\n\n\n\n<p>Israel asegur\u00f3 que su instalaci\u00f3n militar sufri\u00f3 &#8220;da\u00f1os menores&#8221;.<\/p>\n","protected":false},"excerpt":{"rendered":"<p>Ir\u00e1n lanz\u00f3 este s\u00e1bado un ataque con drones y misiles contra Israel &#8220;Ir\u00e1n lanz\u00f3 drones desde su territorio contra el<\/p>\n","protected":false},"author":2,"featured_media":0,"comment_status":"closed","ping_status":"closed","sticky":false,"template":"","format":"standard","meta":{"footnotes":""},"categories":[28],"tags":[],"class_list":["post-4841","post","type-post","status-publish","format-standard","hentry","category-internacional"],"yoast_head":"<!-- This site is optimized with the Yoast SEO plugin v24.1 - https:\/\/yoast.com\/wordpress\/plugins\/seo\/ -->\n<title>Ir\u00e1n e Israel inician \u00a0guerra \u00a0peligrosa; \u00a0podr\u00edan escalar a grave \u00a0conflicto - sanluisinforma.com<\/title>\n<meta name=\"robots\" content=\"index, follow, max-snippet:-1, max-image-preview:large, max-video-preview:-1\" \/>\n<link rel=\"canonical\" href=\"https:\/\/sanluisinforma.com\/?p=4841\" \/>\n<meta property=\"og:locale\" content=\"es_MX\" \/>\n<meta property=\"og:type\" content=\"article\" \/>\n<meta property=\"og:title\" content=\"Ir\u00e1n e Israel inician \u00a0guerra \u00a0peligrosa; \u00a0podr\u00edan escalar a grave \u00a0conflicto - sanluisinforma.com\" \/>\n<meta property=\"og:description\" content=\"Ir\u00e1n lanz\u00f3 este s\u00e1bado un ataque con drones y misiles contra Israel &#8220;Ir\u00e1n lanz\u00f3 drones desde su territorio contra el\" \/>\n<meta property=\"og:url\" content=\"https:\/\/sanluisinforma.com\/?p=4841\" \/>\n<meta property=\"og:site_name\" content=\"sanluisinforma.com\" \/>\n<meta property=\"article:published_time\" content=\"2024-04-14T03:31:05+00:00\" \/>\n<meta property=\"article:modified_time\" content=\"2024-04-14T03:31:42+00:00\" \/>\n<meta name=\"author\" content=\"sanluisinforma.com\" \/>\n<meta name=\"twitter:card\" content=\"summary_large_image\" \/>\n<meta name=\"twitter:label1\" content=\"Escrito por\" \/>\n\t<meta name=\"twitter:data1\" content=\"sanluisinforma.com\" \/>\n\t<meta name=\"twitter:label2\" content=\"Tiempo de lectura\" \/>\n\t<meta name=\"twitter:data2\" content=\"2 minutos\" \/>\n<script type=\"application\/ld+json\" class=\"yoast-schema-graph\">{\"@context\":\"https:\/\/schema.org\",\"@graph\":[{\"@type\":\"Article\",\"@id\":\"https:\/\/sanluisinforma.com\/?p=4841#article\",\"isPartOf\":{\"@id\":\"https:\/\/sanluisinforma.com\/?p=4841\"},\"author\":{\"name\":\"sanluisinforma.com\",\"@id\":\"https:\/\/sanluisinforma.com\/#\/schema\/person\/c30648f71476be533b6f59d092905c8b\"},\"headline\":\"Ir\u00e1n e Israel inician \u00a0guerra \u00a0peligrosa; \u00a0podr\u00edan escalar a grave \u00a0conflicto\",\"datePublished\":\"2024-04-14T03:31:05+00:00\",\"dateModified\":\"2024-04-14T03:31:42+00:00\",\"mainEntityOfPage\":{\"@id\":\"https:\/\/sanluisinforma.com\/?p=4841\"},\"wordCount\":427,\"publisher\":{\"@id\":\"https:\/\/sanluisinforma.com\/#organization\"},\"articleSection\":[\"Internacional\"],\"inLanguage\":\"es\"},{\"@type\":\"WebPage\",\"@id\":\"https:\/\/sanluisinforma.com\/?p=4841\",\"url\":\"https:\/\/sanluisinforma.com\/?p=4841\",\"name\":\"Ir\u00e1n e Israel inician \u00a0guerra \u00a0peligrosa; \u00a0podr\u00edan escalar a grave \u00a0conflicto - sanluisinforma.com\",\"isPartOf\":{\"@id\":\"https:\/\/sanluisinforma.com\/#website\"},\"datePublished\":\"2024-04-14T03:31:05+00:00\",\"dateModified\":\"2024-04-14T03:31:42+00:00\",\"breadcrumb\":{\"@id\":\"https:\/\/sanluisinforma.com\/?p=4841#breadcrumb\"},\"inLanguage\":\"es\",\"potentialAction\":[{\"@type\":\"ReadAction\",\"target\":[\"https:\/\/sanluisinforma.com\/?p=4841\"]}]},{\"@type\":\"BreadcrumbList\",\"@id\":\"https:\/\/sanluisinforma.com\/?p=4841#breadcrumb\",\"itemListElement\":[{\"@type\":\"ListItem\",\"position\":1,\"name\":\"Inicio\",\"item\":\"https:\/\/sanluisinforma.com\/\"},{\"@type\":\"ListItem\",\"position\":2,\"name\":\"Ir\u00e1n e Israel inician \u00a0guerra \u00a0peligrosa; \u00a0podr\u00edan escalar a grave \u00a0conflicto\"}]},{\"@type\":\"WebSite\",\"@id\":\"https:\/\/sanluisinforma.com\/#website\",\"url\":\"https:\/\/sanluisinforma.com\/\",\"name\":\"sanluisinforma.com\",\"description\":\"Periodico San Luis Informa\",\"publisher\":{\"@id\":\"https:\/\/sanluisinforma.com\/#organization\"},\"potentialAction\":[{\"@type\":\"SearchAction\",\"target\":{\"@type\":\"EntryPoint\",\"urlTemplate\":\"https:\/\/sanluisinforma.com\/?s={search_term_string}\"},\"query-input\":{\"@type\":\"PropertyValueSpecification\",\"valueRequired\":true,\"valueName\":\"search_term_string\"}}],\"inLanguage\":\"es\"},{\"@type\":\"Organization\",\"@id\":\"https:\/\/sanluisinforma.com\/#organization\",\"name\":\"sanluisinforma.com\",\"url\":\"https:\/\/sanluisinforma.com\/\",\"logo\":{\"@type\":\"ImageObject\",\"inLanguage\":\"es\",\"@id\":\"https:\/\/sanluisinforma.com\/#\/schema\/logo\/image\/\",\"url\":\"https:\/\/sanluisinforma.com\/wp-content\/uploads\/2026\/03\/sanluisinforma-V.jpg\",\"contentUrl\":\"https:\/\/sanluisinforma.com\/wp-content\/uploads\/2026\/03\/sanluisinforma-V.jpg\",\"width\":500,\"height\":156,\"caption\":\"sanluisinforma.com\"},\"image\":{\"@id\":\"https:\/\/sanluisinforma.com\/#\/schema\/logo\/image\/\"}},{\"@type\":\"Person\",\"@id\":\"https:\/\/sanluisinforma.com\/#\/schema\/person\/c30648f71476be533b6f59d092905c8b\",\"name\":\"sanluisinforma.com\",\"image\":{\"@type\":\"ImageObject\",\"inLanguage\":\"es\",\"@id\":\"https:\/\/sanluisinforma.com\/#\/schema\/person\/image\/\",\"url\":\"https:\/\/secure.gravatar.com\/avatar\/86e3114e34a1eecefb963e0a02f0093f93b092dddb2fe1517596343751081a87?s=96&d=mm&r=g\",\"contentUrl\":\"https:\/\/secure.gravatar.com\/avatar\/86e3114e34a1eecefb963e0a02f0093f93b092dddb2fe1517596343751081a87?s=96&d=mm&r=g\",\"caption\":\"sanluisinforma.com\"},\"url\":\"https:\/\/sanluisinforma.com\/?author=2\"}]}<\/script>\n<!-- \/ Yoast SEO plugin. -->","yoast_head_json":{"title":"Ir\u00e1n e Israel inician \u00a0guerra \u00a0peligrosa; \u00a0podr\u00edan escalar a grave \u00a0conflicto - sanluisinforma.com","robots":{"index":"index","follow":"follow","max-snippet":"max-snippet:-1","max-image-preview":"max-image-preview:large","max-video-preview":"max-video-preview:-1"},"canonical":"https:\/\/sanluisinforma.com\/?p=4841","og_locale":"es_MX","og_type":"article","og_title":"Ir\u00e1n e Israel inician \u00a0guerra \u00a0peligrosa; \u00a0podr\u00edan escalar a grave \u00a0conflicto - sanluisinforma.com","og_description":"Ir\u00e1n lanz\u00f3 este s\u00e1bado un ataque con drones y misiles contra Israel &#8220;Ir\u00e1n lanz\u00f3 drones desde su territorio contra el","og_url":"https:\/\/sanluisinforma.com\/?p=4841","og_site_name":"sanluisinforma.com","article_published_time":"2024-04-14T03:31:05+00:00","article_modified_time":"2024-04-14T03:31:42+00:00","author":"sanluisinforma.com","twitter_card":"summary_large_image","twitter_misc":{"Escrito por":"sanluisinforma.com","Tiempo de lectura":"2 minutos"},"schema":{"@context":"https:\/\/schema.org","@graph":[{"@type":"Article","@id":"https:\/\/sanluisinforma.com\/?p=4841#article","isPartOf":{"@id":"https:\/\/sanluisinforma.com\/?p=4841"},"author":{"name":"sanluisinforma.com","@id":"https:\/\/sanluisinforma.com\/#\/schema\/person\/c30648f71476be533b6f59d092905c8b"},"headline":"Ir\u00e1n e Israel inician \u00a0guerra \u00a0peligrosa; \u00a0podr\u00edan escalar a grave \u00a0conflicto","datePublished":"2024-04-14T03:31:05+00:00","dateModified":"2024-04-14T03:31:42+00:00","mainEntityOfPage":{"@id":"https:\/\/sanluisinforma.com\/?p=4841"},"wordCount":427,"publisher":{"@id":"https:\/\/sanluisinforma.com\/#organization"},"articleSection":["Internacional"],"inLanguage":"es"},{"@type":"WebPage","@id":"https:\/\/sanluisinforma.com\/?p=4841","url":"https:\/\/sanluisinforma.com\/?p=4841","name":"Ir\u00e1n e Israel inician \u00a0guerra \u00a0peligrosa; \u00a0podr\u00edan escalar a grave \u00a0conflicto - sanluisinforma.com","isPartOf":{"@id":"https:\/\/sanluisinforma.com\/#website"},"datePublished":"2024-04-14T03:31:05+00:00","dateModified":"2024-04-14T03:31:42+00:00","breadcrumb":{"@id":"https:\/\/sanluisinforma.com\/?p=4841#breadcrumb"},"inLanguage":"es","potentialAction":[{"@type":"ReadAction","target":["https:\/\/sanluisinforma.com\/?p=4841"]}]},{"@type":"BreadcrumbList","@id":"https:\/\/sanluisinforma.com\/?p=4841#breadcrumb","itemListElement":[{"@type":"ListItem","position":1,"name":"Inicio","item":"https:\/\/sanluisinforma.com\/"},{"@type":"ListItem","position":2,"name":"Ir\u00e1n e Israel inician \u00a0guerra \u00a0peligrosa; \u00a0podr\u00edan escalar a grave \u00a0conflicto"}]},{"@type":"WebSite","@id":"https:\/\/sanluisinforma.com\/#website","url":"https:\/\/sanluisinforma.com\/","name":"sanluisinforma.com","description":"Periodico San Luis Informa","publisher":{"@id":"https:\/\/sanluisinforma.com\/#organization"},"potentialAction":[{"@type":"SearchAction","target":{"@type":"EntryPoint","urlTemplate":"https:\/\/sanluisinforma.com\/?s={search_term_string}"},"query-input":{"@type":"PropertyValueSpecification","valueRequired":true,"valueName":"search_term_string"}}],"inLanguage":"es"},{"@type":"Organization","@id":"https:\/\/sanluisinforma.com\/#organization","name":"sanluisinforma.com","url":"https:\/\/sanluisinforma.com\/","logo":{"@type":"ImageObject","inLanguage":"es","@id":"https:\/\/sanluisinforma.com\/#\/schema\/logo\/image\/","url":"https:\/\/sanluisinforma.com\/wp-content\/uploads\/2026\/03\/sanluisinforma-V.jpg","contentUrl":"https:\/\/sanluisinforma.com\/wp-content\/uploads\/2026\/03\/sanluisinforma-V.jpg","width":500,"height":156,"caption":"sanluisinforma.com"},"image":{"@id":"https:\/\/sanluisinforma.com\/#\/schema\/logo\/image\/"}},{"@type":"Person","@id":"https:\/\/sanluisinforma.com\/#\/schema\/person\/c30648f71476be533b6f59d092905c8b","name":"sanluisinforma.com","image":{"@type":"ImageObject","inLanguage":"es","@id":"https:\/\/sanluisinforma.com\/#\/schema\/person\/image\/","url":"https:\/\/secure.gravatar.com\/avatar\/86e3114e34a1eecefb963e0a02f0093f93b092dddb2fe1517596343751081a87?s=96&d=mm&r=g","contentUrl":"https:\/\/secure.gravatar.com\/avatar\/86e3114e34a1eecefb963e0a02f0093f93b092dddb2fe1517596343751081a87?s=96&d=mm&r=g","caption":"sanluisinforma.com"},"url":"https:\/\/sanluisinforma.com\/?author=2"}]}},"_links":{"self":[{"href":"https:\/\/sanluisinforma.com\/index.php?rest_route=\/wp\/v2\/posts\/4841","targetHints":{"allow":["GET"]}}],"collection":[{"href":"https:\/\/sanluisinforma.com\/index.php?rest_route=\/wp\/v2\/posts"}],"about":[{"href":"https:\/\/sanluisinforma.com\/index.php?rest_route=\/wp\/v2\/types\/post"}],"author":[{"embeddable":true,"href":"https:\/\/sanluisinforma.com\/index.php?rest_route=\/wp\/v2\/users\/2"}],"replies":[{"embeddable":true,"href":"https:\/\/sanluisinforma.com\/index.php?rest_route=%2Fwp%2Fv2%2Fcomments&post=4841"}],"version-history":[{"count":1,"href":"https:\/\/sanluisinforma.com\/index.php?rest_route=\/wp\/v2\/posts\/4841\/revisions"}],"predecessor-version":[{"id":4842,"href":"https:\/\/sanluisinforma.com\/index.php?rest_route=\/wp\/v2\/posts\/4841\/revisions\/4842"}],"wp:attachment":[{"href":"https:\/\/sanluisinforma.com\/index.php?rest_route=%2Fwp%2Fv2%2Fmedia&parent=4841"}],"wp:term":[{"taxonomy":"category","embeddable":true,"href":"https:\/\/sanluisinforma.com\/index.php?rest_route=%2Fwp%2Fv2%2Fcategories&post=4841"},{"taxonomy":"post_tag","embeddable":true,"href":"https:\/\/sanluisinforma.com\/index.php?rest_route=%2Fwp%2Fv2%2Ftags&post=4841"}],"curies":[{"name":"wp","href":"https:\/\/api.w.org\/{rel}","templated":true}]}}