{"id":5015,"date":"2024-04-23T00:46:00","date_gmt":"2024-04-23T06:46:00","guid":{"rendered":"https:\/\/sanluisinforma.com\/?p=5015"},"modified":"2024-04-22T22:24:32","modified_gmt":"2024-04-23T04:24:32","slug":"el-delegado-estatal-guillermo-morales-lopez-y-la-secretaria-del-bienestar-ajenos-a-quejas-de-ex-servidora-de-la-nacion-afirmo","status":"publish","type":"post","link":"https:\/\/sanluisinforma.com\/?p=5015","title":{"rendered":"El Delegado Estatal \u00a0Guillermo Morales L\u00f3pez y \u00a0la Secretar\u00eda del Bienestar ajenos a quejas de ex servidora de la Naci\u00f3n, afirmo. \u00a0"},"content":{"rendered":"\n<p>Por lo &nbsp;que no hay nada que achacarle a la Secretar\u00eda del Bienestar, Secci\u00f3n San Luis Potos\u00ed respecto a &nbsp;las inconformidades derivado de inconformidades laborales, reitero.<\/p>\n\n\n\n<p>Morales L\u00f3pez &nbsp;titular de la delegaci\u00f3n estatal de los Programas Integrales para el Bienestar.<\/p>\n\n\n\n<p>&nbsp;Reitero, que &nbsp;las dos &nbsp;personas inconformes le achacan &nbsp;el &nbsp;supuesto despido &nbsp;de que han &nbsp;sido objeto que se han dado en la instituci\u00f3n, aclar\u00f3 que &nbsp;todas las decisiones del Partido Movimiento de Regeneraci\u00f3n Nacional (Morena) son ajenas a la Delegaci\u00f3n de Bienestar&nbsp; SLP<\/p>\n\n\n\n<p>Dijo que &#8220;Es impreciso el nombre de exservidores de la Naci\u00f3n, porque en realidad es una la que tiene una inconformidad, y hay otra Servidora de la Naci\u00f3n que no est\u00e1 dada de baja, pero est\u00e1 inconforme con los procedimientos internos del Partido pol\u00edtico de&nbsp; Morena&#8221;<\/p>\n\n\n\n<p>&#8220;Es una ex servidora que est\u00e1 inconforme porque no fue propuesta por su partido, que es Morena, a candidata a regidora de su municipio. Es algo en lo que no intervenimos nosotros&#8221;, reiter\u00f3 &nbsp;Guillermo Morales L\u00f3pez.<\/p>\n\n\n\n<p>Insisti\u00f3&nbsp; en que las inconformidades parten por un asunto de car\u00e1cter netamente &nbsp;partidista y no laboral, pues&nbsp; ambas no &nbsp;fueron consideradas por el Partido &nbsp;Pol\u00edtico de &nbsp;Morena en diferentes candidaturas a cargos de elecci\u00f3n popular en el presente proceso electoral 2023-2024.<\/p>\n","protected":false},"excerpt":{"rendered":"<p>Por lo &nbsp;que no hay nada que achacarle a la Secretar\u00eda del Bienestar, Secci\u00f3n San Luis Potos\u00ed respecto a &nbsp;las<\/p>\n","protected":false},"author":2,"featured_media":5017,"comment_status":"closed","ping_status":"closed","sticky":false,"template":"","format":"standard","meta":{"footnotes":""},"categories":[30],"tags":[],"class_list":["post-5015","post","type-post","status-publish","format-standard","has-post-thumbnail","hentry","category-portada"],"yoast_head":"<!-- This site is optimized with the Yoast SEO plugin v24.1 - https:\/\/yoast.com\/wordpress\/plugins\/seo\/ -->\n<title>El Delegado Estatal \u00a0Guillermo Morales L\u00f3pez y \u00a0la Secretar\u00eda del Bienestar ajenos a quejas de ex servidora de la Naci\u00f3n, afirmo. \u00a0 - sanluisinforma.com<\/title>\n<meta name=\"robots\" content=\"index, follow, max-snippet:-1, max-image-preview:large, max-video-preview:-1\" \/>\n<link rel=\"canonical\" href=\"https:\/\/sanluisinforma.com\/?p=5015\" \/>\n<meta property=\"og:locale\" content=\"es_MX\" \/>\n<meta property=\"og:type\" content=\"article\" \/>\n<meta property=\"og:title\" content=\"El Delegado Estatal \u00a0Guillermo Morales L\u00f3pez y \u00a0la Secretar\u00eda del Bienestar ajenos a quejas de ex servidora de la Naci\u00f3n, afirmo. \u00a0 - sanluisinforma.com\" \/>\n<meta property=\"og:description\" content=\"Por lo &nbsp;que no hay nada que achacarle a la Secretar\u00eda del Bienestar, Secci\u00f3n San Luis Potos\u00ed respecto a &nbsp;las\" \/>\n<meta property=\"og:url\" content=\"https:\/\/sanluisinforma.com\/?p=5015\" \/>\n<meta property=\"og:site_name\" content=\"sanluisinforma.com\" \/>\n<meta property=\"article:published_time\" content=\"2024-04-23T06:46:00+00:00\" \/>\n<meta property=\"article:modified_time\" content=\"2024-04-23T04:24:32+00:00\" \/>\n<meta property=\"og:image\" content=\"https:\/\/sanluisinforma.com\/wp-content\/uploads\/2024\/04\/Guillermo-Morales-Delegado-de-Bienestar-SLP.jpg\" \/>\n\t<meta property=\"og:image:width\" content=\"480\" \/>\n\t<meta property=\"og:image:height\" content=\"319\" \/>\n\t<meta property=\"og:image:type\" content=\"image\/jpeg\" \/>\n<meta name=\"author\" content=\"sanluisinforma.com\" \/>\n<meta name=\"twitter:card\" content=\"summary_large_image\" \/>\n<meta name=\"twitter:label1\" content=\"Escrito por\" \/>\n\t<meta name=\"twitter:data1\" content=\"sanluisinforma.com\" \/>\n\t<meta name=\"twitter:label2\" content=\"Tiempo de lectura\" \/>\n\t<meta name=\"twitter:data2\" content=\"2 minutos\" \/>\n<script type=\"application\/ld+json\" class=\"yoast-schema-graph\">{\"@context\":\"https:\/\/schema.org\",\"@graph\":[{\"@type\":\"Article\",\"@id\":\"https:\/\/sanluisinforma.com\/?p=5015#article\",\"isPartOf\":{\"@id\":\"https:\/\/sanluisinforma.com\/?p=5015\"},\"author\":{\"name\":\"sanluisinforma.com\",\"@id\":\"https:\/\/sanluisinforma.com\/#\/schema\/person\/c30648f71476be533b6f59d092905c8b\"},\"headline\":\"El Delegado Estatal \u00a0Guillermo Morales L\u00f3pez y \u00a0la Secretar\u00eda del Bienestar ajenos a quejas de ex servidora de la Naci\u00f3n, afirmo. \u00a0\",\"datePublished\":\"2024-04-23T06:46:00+00:00\",\"dateModified\":\"2024-04-23T04:24:32+00:00\",\"mainEntityOfPage\":{\"@id\":\"https:\/\/sanluisinforma.com\/?p=5015\"},\"wordCount\":264,\"publisher\":{\"@id\":\"https:\/\/sanluisinforma.com\/#organization\"},\"image\":{\"@id\":\"https:\/\/sanluisinforma.com\/?p=5015#primaryimage\"},\"thumbnailUrl\":\"https:\/\/sanluisinforma.com\/wp-content\/uploads\/2024\/04\/Guillermo-Morales-Delegado-de-Bienestar-SLP.jpg\",\"articleSection\":[\"Portada\"],\"inLanguage\":\"es\"},{\"@type\":\"WebPage\",\"@id\":\"https:\/\/sanluisinforma.com\/?p=5015\",\"url\":\"https:\/\/sanluisinforma.com\/?p=5015\",\"name\":\"El Delegado Estatal \u00a0Guillermo Morales L\u00f3pez y \u00a0la Secretar\u00eda del Bienestar ajenos a quejas de ex servidora de la Naci\u00f3n, afirmo. \u00a0 - sanluisinforma.com\",\"isPartOf\":{\"@id\":\"https:\/\/sanluisinforma.com\/#website\"},\"primaryImageOfPage\":{\"@id\":\"https:\/\/sanluisinforma.com\/?p=5015#primaryimage\"},\"image\":{\"@id\":\"https:\/\/sanluisinforma.com\/?p=5015#primaryimage\"},\"thumbnailUrl\":\"https:\/\/sanluisinforma.com\/wp-content\/uploads\/2024\/04\/Guillermo-Morales-Delegado-de-Bienestar-SLP.jpg\",\"datePublished\":\"2024-04-23T06:46:00+00:00\",\"dateModified\":\"2024-04-23T04:24:32+00:00\",\"breadcrumb\":{\"@id\":\"https:\/\/sanluisinforma.com\/?p=5015#breadcrumb\"},\"inLanguage\":\"es\",\"potentialAction\":[{\"@type\":\"ReadAction\",\"target\":[\"https:\/\/sanluisinforma.com\/?p=5015\"]}]},{\"@type\":\"ImageObject\",\"inLanguage\":\"es\",\"@id\":\"https:\/\/sanluisinforma.com\/?p=5015#primaryimage\",\"url\":\"https:\/\/sanluisinforma.com\/wp-content\/uploads\/2024\/04\/Guillermo-Morales-Delegado-de-Bienestar-SLP.jpg\",\"contentUrl\":\"https:\/\/sanluisinforma.com\/wp-content\/uploads\/2024\/04\/Guillermo-Morales-Delegado-de-Bienestar-SLP.jpg\",\"width\":480,\"height\":319},{\"@type\":\"BreadcrumbList\",\"@id\":\"https:\/\/sanluisinforma.com\/?p=5015#breadcrumb\",\"itemListElement\":[{\"@type\":\"ListItem\",\"position\":1,\"name\":\"Inicio\",\"item\":\"https:\/\/sanluisinforma.com\/\"},{\"@type\":\"ListItem\",\"position\":2,\"name\":\"El Delegado Estatal \u00a0Guillermo Morales L\u00f3pez y \u00a0la Secretar\u00eda del Bienestar ajenos a quejas de ex servidora de la Naci\u00f3n, afirmo. \u00a0\"}]},{\"@type\":\"WebSite\",\"@id\":\"https:\/\/sanluisinforma.com\/#website\",\"url\":\"https:\/\/sanluisinforma.com\/\",\"name\":\"sanluisinforma.com\",\"description\":\"Periodico San Luis Informa\",\"publisher\":{\"@id\":\"https:\/\/sanluisinforma.com\/#organization\"},\"potentialAction\":[{\"@type\":\"SearchAction\",\"target\":{\"@type\":\"EntryPoint\",\"urlTemplate\":\"https:\/\/sanluisinforma.com\/?s={search_term_string}\"},\"query-input\":{\"@type\":\"PropertyValueSpecification\",\"valueRequired\":true,\"valueName\":\"search_term_string\"}}],\"inLanguage\":\"es\"},{\"@type\":\"Organization\",\"@id\":\"https:\/\/sanluisinforma.com\/#organization\",\"name\":\"sanluisinforma.com\",\"url\":\"https:\/\/sanluisinforma.com\/\",\"logo\":{\"@type\":\"ImageObject\",\"inLanguage\":\"es\",\"@id\":\"https:\/\/sanluisinforma.com\/#\/schema\/logo\/image\/\",\"url\":\"https:\/\/sanluisinforma.com\/wp-content\/uploads\/2026\/03\/sanluisinforma-V.jpg\",\"contentUrl\":\"https:\/\/sanluisinforma.com\/wp-content\/uploads\/2026\/03\/sanluisinforma-V.jpg\",\"width\":500,\"height\":156,\"caption\":\"sanluisinforma.com\"},\"image\":{\"@id\":\"https:\/\/sanluisinforma.com\/#\/schema\/logo\/image\/\"}},{\"@type\":\"Person\",\"@id\":\"https:\/\/sanluisinforma.com\/#\/schema\/person\/c30648f71476be533b6f59d092905c8b\",\"name\":\"sanluisinforma.com\",\"image\":{\"@type\":\"ImageObject\",\"inLanguage\":\"es\",\"@id\":\"https:\/\/sanluisinforma.com\/#\/schema\/person\/image\/\",\"url\":\"https:\/\/secure.gravatar.com\/avatar\/86e3114e34a1eecefb963e0a02f0093f93b092dddb2fe1517596343751081a87?s=96&d=mm&r=g\",\"contentUrl\":\"https:\/\/secure.gravatar.com\/avatar\/86e3114e34a1eecefb963e0a02f0093f93b092dddb2fe1517596343751081a87?s=96&d=mm&r=g\",\"caption\":\"sanluisinforma.com\"},\"url\":\"https:\/\/sanluisinforma.com\/?author=2\"}]}<\/script>\n<!-- \/ Yoast SEO plugin. -->","yoast_head_json":{"title":"El Delegado Estatal \u00a0Guillermo Morales L\u00f3pez y \u00a0la Secretar\u00eda del Bienestar ajenos a quejas de ex servidora de la Naci\u00f3n, afirmo. \u00a0 - sanluisinforma.com","robots":{"index":"index","follow":"follow","max-snippet":"max-snippet:-1","max-image-preview":"max-image-preview:large","max-video-preview":"max-video-preview:-1"},"canonical":"https:\/\/sanluisinforma.com\/?p=5015","og_locale":"es_MX","og_type":"article","og_title":"El Delegado Estatal \u00a0Guillermo Morales L\u00f3pez y \u00a0la Secretar\u00eda del Bienestar ajenos a quejas de ex servidora de la Naci\u00f3n, afirmo. \u00a0 - sanluisinforma.com","og_description":"Por lo &nbsp;que no hay nada que achacarle a la Secretar\u00eda del Bienestar, Secci\u00f3n San Luis Potos\u00ed respecto a &nbsp;las","og_url":"https:\/\/sanluisinforma.com\/?p=5015","og_site_name":"sanluisinforma.com","article_published_time":"2024-04-23T06:46:00+00:00","article_modified_time":"2024-04-23T04:24:32+00:00","og_image":[{"width":480,"height":319,"url":"https:\/\/sanluisinforma.com\/wp-content\/uploads\/2024\/04\/Guillermo-Morales-Delegado-de-Bienestar-SLP.jpg","type":"image\/jpeg"}],"author":"sanluisinforma.com","twitter_card":"summary_large_image","twitter_misc":{"Escrito por":"sanluisinforma.com","Tiempo de lectura":"2 minutos"},"schema":{"@context":"https:\/\/schema.org","@graph":[{"@type":"Article","@id":"https:\/\/sanluisinforma.com\/?p=5015#article","isPartOf":{"@id":"https:\/\/sanluisinforma.com\/?p=5015"},"author":{"name":"sanluisinforma.com","@id":"https:\/\/sanluisinforma.com\/#\/schema\/person\/c30648f71476be533b6f59d092905c8b"},"headline":"El Delegado Estatal \u00a0Guillermo Morales L\u00f3pez y \u00a0la Secretar\u00eda del Bienestar ajenos a quejas de ex servidora de la Naci\u00f3n, afirmo. \u00a0","datePublished":"2024-04-23T06:46:00+00:00","dateModified":"2024-04-23T04:24:32+00:00","mainEntityOfPage":{"@id":"https:\/\/sanluisinforma.com\/?p=5015"},"wordCount":264,"publisher":{"@id":"https:\/\/sanluisinforma.com\/#organization"},"image":{"@id":"https:\/\/sanluisinforma.com\/?p=5015#primaryimage"},"thumbnailUrl":"https:\/\/sanluisinforma.com\/wp-content\/uploads\/2024\/04\/Guillermo-Morales-Delegado-de-Bienestar-SLP.jpg","articleSection":["Portada"],"inLanguage":"es"},{"@type":"WebPage","@id":"https:\/\/sanluisinforma.com\/?p=5015","url":"https:\/\/sanluisinforma.com\/?p=5015","name":"El Delegado Estatal \u00a0Guillermo Morales L\u00f3pez y \u00a0la Secretar\u00eda del Bienestar ajenos a quejas de ex servidora de la Naci\u00f3n, afirmo. \u00a0 - sanluisinforma.com","isPartOf":{"@id":"https:\/\/sanluisinforma.com\/#website"},"primaryImageOfPage":{"@id":"https:\/\/sanluisinforma.com\/?p=5015#primaryimage"},"image":{"@id":"https:\/\/sanluisinforma.com\/?p=5015#primaryimage"},"thumbnailUrl":"https:\/\/sanluisinforma.com\/wp-content\/uploads\/2024\/04\/Guillermo-Morales-Delegado-de-Bienestar-SLP.jpg","datePublished":"2024-04-23T06:46:00+00:00","dateModified":"2024-04-23T04:24:32+00:00","breadcrumb":{"@id":"https:\/\/sanluisinforma.com\/?p=5015#breadcrumb"},"inLanguage":"es","potentialAction":[{"@type":"ReadAction","target":["https:\/\/sanluisinforma.com\/?p=5015"]}]},{"@type":"ImageObject","inLanguage":"es","@id":"https:\/\/sanluisinforma.com\/?p=5015#primaryimage","url":"https:\/\/sanluisinforma.com\/wp-content\/uploads\/2024\/04\/Guillermo-Morales-Delegado-de-Bienestar-SLP.jpg","contentUrl":"https:\/\/sanluisinforma.com\/wp-content\/uploads\/2024\/04\/Guillermo-Morales-Delegado-de-Bienestar-SLP.jpg","width":480,"height":319},{"@type":"BreadcrumbList","@id":"https:\/\/sanluisinforma.com\/?p=5015#breadcrumb","itemListElement":[{"@type":"ListItem","position":1,"name":"Inicio","item":"https:\/\/sanluisinforma.com\/"},{"@type":"ListItem","position":2,"name":"El Delegado Estatal \u00a0Guillermo Morales L\u00f3pez y \u00a0la Secretar\u00eda del Bienestar ajenos a quejas de ex servidora de la Naci\u00f3n, afirmo. \u00a0"}]},{"@type":"WebSite","@id":"https:\/\/sanluisinforma.com\/#website","url":"https:\/\/sanluisinforma.com\/","name":"sanluisinforma.com","description":"Periodico San Luis Informa","publisher":{"@id":"https:\/\/sanluisinforma.com\/#organization"},"potentialAction":[{"@type":"SearchAction","target":{"@type":"EntryPoint","urlTemplate":"https:\/\/sanluisinforma.com\/?s={search_term_string}"},"query-input":{"@type":"PropertyValueSpecification","valueRequired":true,"valueName":"search_term_string"}}],"inLanguage":"es"},{"@type":"Organization","@id":"https:\/\/sanluisinforma.com\/#organization","name":"sanluisinforma.com","url":"https:\/\/sanluisinforma.com\/","logo":{"@type":"ImageObject","inLanguage":"es","@id":"https:\/\/sanluisinforma.com\/#\/schema\/logo\/image\/","url":"https:\/\/sanluisinforma.com\/wp-content\/uploads\/2026\/03\/sanluisinforma-V.jpg","contentUrl":"https:\/\/sanluisinforma.com\/wp-content\/uploads\/2026\/03\/sanluisinforma-V.jpg","width":500,"height":156,"caption":"sanluisinforma.com"},"image":{"@id":"https:\/\/sanluisinforma.com\/#\/schema\/logo\/image\/"}},{"@type":"Person","@id":"https:\/\/sanluisinforma.com\/#\/schema\/person\/c30648f71476be533b6f59d092905c8b","name":"sanluisinforma.com","image":{"@type":"ImageObject","inLanguage":"es","@id":"https:\/\/sanluisinforma.com\/#\/schema\/person\/image\/","url":"https:\/\/secure.gravatar.com\/avatar\/86e3114e34a1eecefb963e0a02f0093f93b092dddb2fe1517596343751081a87?s=96&d=mm&r=g","contentUrl":"https:\/\/secure.gravatar.com\/avatar\/86e3114e34a1eecefb963e0a02f0093f93b092dddb2fe1517596343751081a87?s=96&d=mm&r=g","caption":"sanluisinforma.com"},"url":"https:\/\/sanluisinforma.com\/?author=2"}]}},"_links":{"self":[{"href":"https:\/\/sanluisinforma.com\/index.php?rest_route=\/wp\/v2\/posts\/5015","targetHints":{"allow":["GET"]}}],"collection":[{"href":"https:\/\/sanluisinforma.com\/index.php?rest_route=\/wp\/v2\/posts"}],"about":[{"href":"https:\/\/sanluisinforma.com\/index.php?rest_route=\/wp\/v2\/types\/post"}],"author":[{"embeddable":true,"href":"https:\/\/sanluisinforma.com\/index.php?rest_route=\/wp\/v2\/users\/2"}],"replies":[{"embeddable":true,"href":"https:\/\/sanluisinforma.com\/index.php?rest_route=%2Fwp%2Fv2%2Fcomments&post=5015"}],"version-history":[{"count":1,"href":"https:\/\/sanluisinforma.com\/index.php?rest_route=\/wp\/v2\/posts\/5015\/revisions"}],"predecessor-version":[{"id":5018,"href":"https:\/\/sanluisinforma.com\/index.php?rest_route=\/wp\/v2\/posts\/5015\/revisions\/5018"}],"wp:featuredmedia":[{"embeddable":true,"href":"https:\/\/sanluisinforma.com\/index.php?rest_route=\/wp\/v2\/media\/5017"}],"wp:attachment":[{"href":"https:\/\/sanluisinforma.com\/index.php?rest_route=%2Fwp%2Fv2%2Fmedia&parent=5015"}],"wp:term":[{"taxonomy":"category","embeddable":true,"href":"https:\/\/sanluisinforma.com\/index.php?rest_route=%2Fwp%2Fv2%2Fcategories&post=5015"},{"taxonomy":"post_tag","embeddable":true,"href":"https:\/\/sanluisinforma.com\/index.php?rest_route=%2Fwp%2Fv2%2Ftags&post=5015"}],"curies":[{"name":"wp","href":"https:\/\/api.w.org\/{rel}","templated":true}]}}