{"id":5041,"date":"2024-04-24T00:46:00","date_gmt":"2024-04-24T06:46:00","guid":{"rendered":"https:\/\/sanluisinforma.com\/?p=5041"},"modified":"2024-04-24T22:44:37","modified_gmt":"2024-04-25T04:44:37","slug":"el-agua-es-nacional-claudia-sheinbaum-garantiza-la-reduccion-de-privatizaciones-con-el-plan-nacional-hidrico","status":"publish","type":"post","link":"https:\/\/sanluisinforma.com\/?p=5041","title":{"rendered":"\u2019\u2019El Agua es Nacional \u201c:Claudia Sheinbaum Garantiza la reducci\u00f3n de privatizaciones con el Plan Nacional H\u00eddrico"},"content":{"rendered":"\n<p>Ciudad Valles, San Luis Potos\u00ed. &nbsp;La candidata a la Presidencia de M\u00e9xico por la Coalici\u00f3n \u201cSigamos Haciendo Historia\u201d (Morena-PT-PVEM), Claudia Sheinbaum Pardo, inform\u00f3 que trabaja en un Plan Nacional H\u00eddrico con perspectiva cient\u00edfica y social, que implicar\u00e1 realizar una revisi\u00f3n de concesiones y modificar la Ley de Aguas para erradicar en gran medida la privatizaci\u00f3n de este recurso nacional, as\u00ed lo asegur\u00f3 en conferencia de prensa en San Luis Potos\u00ed.<\/p>\n\n\n\n<p>\u2019\u2019Una vez que ganamos vamos a hacer una mesa de trabajo con los usuarios del agua, queremos en la medida de lo posible hacerlo por consenso, la Ley Nacional de Aguas fue modificada por Salinas de Gortari con una visi\u00f3n, que es la privatizaci\u00f3n del agua, de lo que habla es de c\u00f3mo transferir concesiones y permisos (&#8230;) El agua es nacional, es un recurso natural de bienes nacionales, este esquema de privatizaci\u00f3n tiene que limitarse.<\/p>\n\n\n\n<p>\u2019\u2019M\u00e9xico requiere agua para su desarrollo pero necesitamos ordenar las concesiones y evitar que haya esta venta de los permisos\u2019\u2019, puntualiz\u00f3.<\/p>\n\n\n\n<p>Expuso que el Plan Nacional H\u00eddrico buscar\u00e1 darle un ordenamiento a este recurso a trav\u00e9s de la tecnificaci\u00f3n del uso de agua; la inversi\u00f3n en infraestructura en pozos y de red hidr\u00e1ulica para que de esta manera llegue a todos los hogares de San Luis Potos\u00ed y de todo M\u00e9xico.<\/p>\n\n\n\n<p>\u2019\u2019En la Huasteca hay agua, \u00bfqu\u00e9 tenemos que hacer? Pues dos temas. Uno, es el ordenamiento de las concesiones, que tiene que ver con la modificaci\u00f3n de la Ley Nacional de Aguas, de la que hemos estado hablando. Y por otro lado, la infraestructura, tanto la infraestructura de pozos que pueden ser en esta zona y la infraestructura hidr\u00e1ulica que pueda llegar a todas las poblaciones\u2019\u2019, asever\u00f3.<\/p>\n\n\n\n<p>Por otra parte, Claudia Sheinbaum tambi\u00e9n asegur\u00f3 que como parte de una pol\u00edtica en contra de la privatizaci\u00f3n de los recursos naturales de M\u00e9xico, se buscar\u00e1 impulsar el turismo en zonas como San Luis Potos\u00ed, pero desde una perspectiva en el que el acceso a bosques o cascadas sea un derecho.<\/p>\n\n\n\n<p>\u2019\u2019La gente debe tener acceso a sus recursos, a la belleza natural, nosotros no tenemos esta idea de privatizaci\u00f3n, por supuesto un desarrollo ecotur\u00edstico que permita generar m\u00e1s empleos, pero tambi\u00e9n permitiendo que no haya afectaciones al medio ambiente\u2019\u2019, asever\u00f3.<\/p>\n\n\n\n<p>En otras grandes iniciativas para San Luis Potos\u00ed, Claudia Sheinbaum anunci\u00f3 que en esta regi\u00f3n tambi\u00e9n se buscar\u00e1 la implementaci\u00f3n de paneles solares en las viviendas, con la finalidad de reducir las tarifas de luz, pero adem\u00e1s con la misi\u00f3n de impulsar una transici\u00f3n energ\u00e9tica nacional.<\/p>\n\n\n\n<p>\u2018\u2019Estamos planteando, \u2013 lo dije en Mexicali, Tijuana, Sonora, Sinaloa \u2013 que m\u00e1s all\u00e1 del subsidio de las tarifas, tenemos que dar una soluci\u00f3n de m\u00e1s largo plazo, y eso tiene que ver con facilitar la incorporaci\u00f3n de paneles fotovoltaicos en las viviendas y equipos de aire acondicionado m\u00e1s eficientes\u2019\u2019, asegur\u00f3.<\/p>\n\n\n\n<p>Ante la prensa, Claudia Sheinbaum tambi\u00e9n anunci\u00f3 algunos de los proyectos con los que se le dar\u00e1 continuidad a la 4T en San Luis Potos\u00ed, tales como el mejoramiento y ampliaci\u00f3n de la carretera Tampico-Valles; llevar hasta Huejutla, Hidalgo, la carretera que construy\u00f3 el Presidente Andr\u00e9s Manuel L\u00f3pez Obrador que recorre de Ciudad Valles a Tamazunchale; la construcci\u00f3n del aeropuerto en Tamu\u00edn; as\u00ed como la creaci\u00f3n de la ruta Ciudad de M\u00e9xico &#8211; San Luis Potos\u00ed &#8211; Monterrey &#8211; Nuevo Laredo del tren de pasajeros.<\/p>\n\n\n\n<p>Asimismo, Sheinbaum Pardo celebr\u00f3 que en San Luis Potos\u00ed la 4T est\u00e1 m\u00e1s fuerte que nunca y asegur\u00f3 que el 2 de junio habr\u00e1 una gran celebraci\u00f3n de la victoria del Plan C.<\/p>\n\n\n\n<p>\u2019\u2019Vamos a ganar el Plan C en San Luis Potos\u00ed (&#8230;) Ese es el resultado de la elecci\u00f3n en San Luis , lo estoy pronosticando, el Plan C es decir tres senadores, nos vamos a llevar todas las diputaciones federales, y es m\u00e1s, nos vamos a llevar la capital, ese es el resultado del Plan C del d\u00eda 2 de junio en San Luis Potos\u00ed\u2019\u2019, expres\u00f3.<\/p>\n\n\n\n<p>Por otra parte, destac\u00f3 que a nivel nacional se implementar\u00e1 una estrategia de atenci\u00f3n a las causas para garantizar m\u00e1s seguridad; sin embargo, puntualiz\u00f3 que para lograrlo es vital reformar el Poder Judicial, cuyos ministros y jueces son parte fundamental en la construcci\u00f3n de la paz y la justicia.<\/p>\n\n\n\n<p>\u2019\u2019Ahora lo que quiere hacer la Suprema Corte de Justicia de la prisi\u00f3n preventiva oficiosa. Si sancionan en este sentido, si aprueban en el sentido en donde quieren ir, ser\u00eda la liberaci\u00f3n de m\u00e1s de 60 mil delincuentes en el pa\u00eds\u2019\u2019, conden\u00f3.<\/p>\n\n\n\n<p>Entre otros temas nacionales, la candidata de la Cuarta Transformaci\u00f3n celebr\u00f3 la posici\u00f3n del movimiento en las encuestas y asegur\u00f3 que el pr\u00f3ximo debate donde los temas ser\u00e1n crecimiento econ\u00f3mico, empleo e inflaci\u00f3n, infraestructura y desarrollo, pobreza y desigualdad, cambio clim\u00e1tico y desarrollo sustentable, ser\u00e1 una demostraci\u00f3n de lo mucho que ha avanzado M\u00e9xico con la pol\u00edtica humanista de la 4T.<\/p>\n\n\n\n<p>\u2019\u2019La pol\u00edtica del Humanismo Mexicano de la Cuarta Transformaci\u00f3n ha dado resultados, particularmente en un nuevo modelo econ\u00f3mico, econom\u00eda moral, el Humanismo Mexicano, que quiere decir: \u00b4por el bien de todos primero los pobres\u00b4, prosperidad compartida, que si no hay desarrollo compartido, no es crecimiento; es desarrollo con bienestar y sustentabilidad (&#8230;) Se ha demostrado que el modelo es tan exitoso, que todo el mundo est\u00e1 viendo el modelo de M\u00e9xico\u2019\u2019, concluy\u00f3.<\/p>\n","protected":false},"excerpt":{"rendered":"<p>Ciudad Valles, San Luis Potos\u00ed. &nbsp;La candidata a la Presidencia de M\u00e9xico por la Coalici\u00f3n \u201cSigamos Haciendo Historia\u201d (Morena-PT-PVEM), Claudia<\/p>\n","protected":false},"author":2,"featured_media":5043,"comment_status":"closed","ping_status":"closed","sticky":false,"template":"","format":"standard","meta":{"footnotes":""},"categories":[26,30],"tags":[],"class_list":["post-5041","post","type-post","status-publish","format-standard","has-post-thumbnail","hentry","category-nacional","category-portada"],"yoast_head":"<!-- This site is optimized with the Yoast SEO plugin v24.1 - https:\/\/yoast.com\/wordpress\/plugins\/seo\/ -->\n<title>\u2019\u2019El Agua es Nacional \u201c:Claudia Sheinbaum Garantiza la reducci\u00f3n de privatizaciones con el Plan Nacional H\u00eddrico - sanluisinforma.com<\/title>\n<meta name=\"robots\" content=\"index, follow, max-snippet:-1, max-image-preview:large, max-video-preview:-1\" \/>\n<link rel=\"canonical\" href=\"https:\/\/sanluisinforma.com\/?p=5041\" \/>\n<meta property=\"og:locale\" content=\"es_MX\" \/>\n<meta property=\"og:type\" content=\"article\" \/>\n<meta property=\"og:title\" content=\"\u2019\u2019El Agua es Nacional \u201c:Claudia Sheinbaum Garantiza la reducci\u00f3n de privatizaciones con el Plan Nacional H\u00eddrico - sanluisinforma.com\" \/>\n<meta property=\"og:description\" content=\"Ciudad Valles, San Luis Potos\u00ed. &nbsp;La candidata a la Presidencia de M\u00e9xico por la Coalici\u00f3n \u201cSigamos Haciendo Historia\u201d (Morena-PT-PVEM), Claudia\" \/>\n<meta property=\"og:url\" content=\"https:\/\/sanluisinforma.com\/?p=5041\" \/>\n<meta property=\"og:site_name\" content=\"sanluisinforma.com\" \/>\n<meta property=\"article:published_time\" content=\"2024-04-24T06:46:00+00:00\" \/>\n<meta property=\"article:modified_time\" content=\"2024-04-25T04:44:37+00:00\" \/>\n<meta property=\"og:image\" content=\"https:\/\/sanluisinforma.com\/wp-content\/uploads\/2024\/04\/Claudia-en-Ciuda-Valles.jpg\" \/>\n\t<meta property=\"og:image:width\" content=\"480\" \/>\n\t<meta property=\"og:image:height\" content=\"319\" \/>\n\t<meta property=\"og:image:type\" content=\"image\/jpeg\" \/>\n<meta name=\"author\" content=\"sanluisinforma.com\" \/>\n<meta name=\"twitter:card\" content=\"summary_large_image\" \/>\n<meta name=\"twitter:label1\" content=\"Escrito por\" \/>\n\t<meta name=\"twitter:data1\" content=\"sanluisinforma.com\" \/>\n\t<meta name=\"twitter:label2\" content=\"Tiempo de lectura\" \/>\n\t<meta name=\"twitter:data2\" content=\"5 minutos\" \/>\n<script type=\"application\/ld+json\" class=\"yoast-schema-graph\">{\"@context\":\"https:\/\/schema.org\",\"@graph\":[{\"@type\":\"Article\",\"@id\":\"https:\/\/sanluisinforma.com\/?p=5041#article\",\"isPartOf\":{\"@id\":\"https:\/\/sanluisinforma.com\/?p=5041\"},\"author\":{\"name\":\"sanluisinforma.com\",\"@id\":\"https:\/\/sanluisinforma.com\/#\/schema\/person\/c30648f71476be533b6f59d092905c8b\"},\"headline\":\"\u2019\u2019El Agua es Nacional \u201c:Claudia Sheinbaum Garantiza la reducci\u00f3n de privatizaciones con el Plan Nacional H\u00eddrico\",\"datePublished\":\"2024-04-24T06:46:00+00:00\",\"dateModified\":\"2024-04-25T04:44:37+00:00\",\"mainEntityOfPage\":{\"@id\":\"https:\/\/sanluisinforma.com\/?p=5041\"},\"wordCount\":965,\"publisher\":{\"@id\":\"https:\/\/sanluisinforma.com\/#organization\"},\"image\":{\"@id\":\"https:\/\/sanluisinforma.com\/?p=5041#primaryimage\"},\"thumbnailUrl\":\"https:\/\/sanluisinforma.com\/wp-content\/uploads\/2024\/04\/Claudia-en-Ciuda-Valles.jpg\",\"articleSection\":[\"Nacional\",\"Portada\"],\"inLanguage\":\"es\"},{\"@type\":\"WebPage\",\"@id\":\"https:\/\/sanluisinforma.com\/?p=5041\",\"url\":\"https:\/\/sanluisinforma.com\/?p=5041\",\"name\":\"\u2019\u2019El Agua es Nacional \u201c:Claudia Sheinbaum Garantiza la reducci\u00f3n de privatizaciones con el Plan Nacional H\u00eddrico - sanluisinforma.com\",\"isPartOf\":{\"@id\":\"https:\/\/sanluisinforma.com\/#website\"},\"primaryImageOfPage\":{\"@id\":\"https:\/\/sanluisinforma.com\/?p=5041#primaryimage\"},\"image\":{\"@id\":\"https:\/\/sanluisinforma.com\/?p=5041#primaryimage\"},\"thumbnailUrl\":\"https:\/\/sanluisinforma.com\/wp-content\/uploads\/2024\/04\/Claudia-en-Ciuda-Valles.jpg\",\"datePublished\":\"2024-04-24T06:46:00+00:00\",\"dateModified\":\"2024-04-25T04:44:37+00:00\",\"breadcrumb\":{\"@id\":\"https:\/\/sanluisinforma.com\/?p=5041#breadcrumb\"},\"inLanguage\":\"es\",\"potentialAction\":[{\"@type\":\"ReadAction\",\"target\":[\"https:\/\/sanluisinforma.com\/?p=5041\"]}]},{\"@type\":\"ImageObject\",\"inLanguage\":\"es\",\"@id\":\"https:\/\/sanluisinforma.com\/?p=5041#primaryimage\",\"url\":\"https:\/\/sanluisinforma.com\/wp-content\/uploads\/2024\/04\/Claudia-en-Ciuda-Valles.jpg\",\"contentUrl\":\"https:\/\/sanluisinforma.com\/wp-content\/uploads\/2024\/04\/Claudia-en-Ciuda-Valles.jpg\",\"width\":480,\"height\":319},{\"@type\":\"BreadcrumbList\",\"@id\":\"https:\/\/sanluisinforma.com\/?p=5041#breadcrumb\",\"itemListElement\":[{\"@type\":\"ListItem\",\"position\":1,\"name\":\"Inicio\",\"item\":\"https:\/\/sanluisinforma.com\/\"},{\"@type\":\"ListItem\",\"position\":2,\"name\":\"\u2019\u2019El Agua es Nacional \u201c:Claudia Sheinbaum Garantiza la reducci\u00f3n de privatizaciones con el Plan Nacional H\u00eddrico\"}]},{\"@type\":\"WebSite\",\"@id\":\"https:\/\/sanluisinforma.com\/#website\",\"url\":\"https:\/\/sanluisinforma.com\/\",\"name\":\"sanluisinforma.com\",\"description\":\"Periodico San Luis Informa\",\"publisher\":{\"@id\":\"https:\/\/sanluisinforma.com\/#organization\"},\"potentialAction\":[{\"@type\":\"SearchAction\",\"target\":{\"@type\":\"EntryPoint\",\"urlTemplate\":\"https:\/\/sanluisinforma.com\/?s={search_term_string}\"},\"query-input\":{\"@type\":\"PropertyValueSpecification\",\"valueRequired\":true,\"valueName\":\"search_term_string\"}}],\"inLanguage\":\"es\"},{\"@type\":\"Organization\",\"@id\":\"https:\/\/sanluisinforma.com\/#organization\",\"name\":\"sanluisinforma.com\",\"url\":\"https:\/\/sanluisinforma.com\/\",\"logo\":{\"@type\":\"ImageObject\",\"inLanguage\":\"es\",\"@id\":\"https:\/\/sanluisinforma.com\/#\/schema\/logo\/image\/\",\"url\":\"https:\/\/sanluisinforma.com\/wp-content\/uploads\/2026\/03\/sanluisinforma-V.jpg\",\"contentUrl\":\"https:\/\/sanluisinforma.com\/wp-content\/uploads\/2026\/03\/sanluisinforma-V.jpg\",\"width\":500,\"height\":156,\"caption\":\"sanluisinforma.com\"},\"image\":{\"@id\":\"https:\/\/sanluisinforma.com\/#\/schema\/logo\/image\/\"}},{\"@type\":\"Person\",\"@id\":\"https:\/\/sanluisinforma.com\/#\/schema\/person\/c30648f71476be533b6f59d092905c8b\",\"name\":\"sanluisinforma.com\",\"image\":{\"@type\":\"ImageObject\",\"inLanguage\":\"es\",\"@id\":\"https:\/\/sanluisinforma.com\/#\/schema\/person\/image\/\",\"url\":\"https:\/\/secure.gravatar.com\/avatar\/86e3114e34a1eecefb963e0a02f0093f93b092dddb2fe1517596343751081a87?s=96&d=mm&r=g\",\"contentUrl\":\"https:\/\/secure.gravatar.com\/avatar\/86e3114e34a1eecefb963e0a02f0093f93b092dddb2fe1517596343751081a87?s=96&d=mm&r=g\",\"caption\":\"sanluisinforma.com\"},\"url\":\"https:\/\/sanluisinforma.com\/?author=2\"}]}<\/script>\n<!-- \/ Yoast SEO plugin. -->","yoast_head_json":{"title":"\u2019\u2019El Agua es Nacional \u201c:Claudia Sheinbaum Garantiza la reducci\u00f3n de privatizaciones con el Plan Nacional H\u00eddrico - sanluisinforma.com","robots":{"index":"index","follow":"follow","max-snippet":"max-snippet:-1","max-image-preview":"max-image-preview:large","max-video-preview":"max-video-preview:-1"},"canonical":"https:\/\/sanluisinforma.com\/?p=5041","og_locale":"es_MX","og_type":"article","og_title":"\u2019\u2019El Agua es Nacional \u201c:Claudia Sheinbaum Garantiza la reducci\u00f3n de privatizaciones con el Plan Nacional H\u00eddrico - sanluisinforma.com","og_description":"Ciudad Valles, San Luis Potos\u00ed. &nbsp;La candidata a la Presidencia de M\u00e9xico por la Coalici\u00f3n \u201cSigamos Haciendo Historia\u201d (Morena-PT-PVEM), Claudia","og_url":"https:\/\/sanluisinforma.com\/?p=5041","og_site_name":"sanluisinforma.com","article_published_time":"2024-04-24T06:46:00+00:00","article_modified_time":"2024-04-25T04:44:37+00:00","og_image":[{"width":480,"height":319,"url":"https:\/\/sanluisinforma.com\/wp-content\/uploads\/2024\/04\/Claudia-en-Ciuda-Valles.jpg","type":"image\/jpeg"}],"author":"sanluisinforma.com","twitter_card":"summary_large_image","twitter_misc":{"Escrito por":"sanluisinforma.com","Tiempo de lectura":"5 minutos"},"schema":{"@context":"https:\/\/schema.org","@graph":[{"@type":"Article","@id":"https:\/\/sanluisinforma.com\/?p=5041#article","isPartOf":{"@id":"https:\/\/sanluisinforma.com\/?p=5041"},"author":{"name":"sanluisinforma.com","@id":"https:\/\/sanluisinforma.com\/#\/schema\/person\/c30648f71476be533b6f59d092905c8b"},"headline":"\u2019\u2019El Agua es Nacional \u201c:Claudia Sheinbaum Garantiza la reducci\u00f3n de privatizaciones con el Plan Nacional H\u00eddrico","datePublished":"2024-04-24T06:46:00+00:00","dateModified":"2024-04-25T04:44:37+00:00","mainEntityOfPage":{"@id":"https:\/\/sanluisinforma.com\/?p=5041"},"wordCount":965,"publisher":{"@id":"https:\/\/sanluisinforma.com\/#organization"},"image":{"@id":"https:\/\/sanluisinforma.com\/?p=5041#primaryimage"},"thumbnailUrl":"https:\/\/sanluisinforma.com\/wp-content\/uploads\/2024\/04\/Claudia-en-Ciuda-Valles.jpg","articleSection":["Nacional","Portada"],"inLanguage":"es"},{"@type":"WebPage","@id":"https:\/\/sanluisinforma.com\/?p=5041","url":"https:\/\/sanluisinforma.com\/?p=5041","name":"\u2019\u2019El Agua es Nacional \u201c:Claudia Sheinbaum Garantiza la reducci\u00f3n de privatizaciones con el Plan Nacional H\u00eddrico - sanluisinforma.com","isPartOf":{"@id":"https:\/\/sanluisinforma.com\/#website"},"primaryImageOfPage":{"@id":"https:\/\/sanluisinforma.com\/?p=5041#primaryimage"},"image":{"@id":"https:\/\/sanluisinforma.com\/?p=5041#primaryimage"},"thumbnailUrl":"https:\/\/sanluisinforma.com\/wp-content\/uploads\/2024\/04\/Claudia-en-Ciuda-Valles.jpg","datePublished":"2024-04-24T06:46:00+00:00","dateModified":"2024-04-25T04:44:37+00:00","breadcrumb":{"@id":"https:\/\/sanluisinforma.com\/?p=5041#breadcrumb"},"inLanguage":"es","potentialAction":[{"@type":"ReadAction","target":["https:\/\/sanluisinforma.com\/?p=5041"]}]},{"@type":"ImageObject","inLanguage":"es","@id":"https:\/\/sanluisinforma.com\/?p=5041#primaryimage","url":"https:\/\/sanluisinforma.com\/wp-content\/uploads\/2024\/04\/Claudia-en-Ciuda-Valles.jpg","contentUrl":"https:\/\/sanluisinforma.com\/wp-content\/uploads\/2024\/04\/Claudia-en-Ciuda-Valles.jpg","width":480,"height":319},{"@type":"BreadcrumbList","@id":"https:\/\/sanluisinforma.com\/?p=5041#breadcrumb","itemListElement":[{"@type":"ListItem","position":1,"name":"Inicio","item":"https:\/\/sanluisinforma.com\/"},{"@type":"ListItem","position":2,"name":"\u2019\u2019El Agua es Nacional \u201c:Claudia Sheinbaum Garantiza la reducci\u00f3n de privatizaciones con el Plan Nacional H\u00eddrico"}]},{"@type":"WebSite","@id":"https:\/\/sanluisinforma.com\/#website","url":"https:\/\/sanluisinforma.com\/","name":"sanluisinforma.com","description":"Periodico San Luis Informa","publisher":{"@id":"https:\/\/sanluisinforma.com\/#organization"},"potentialAction":[{"@type":"SearchAction","target":{"@type":"EntryPoint","urlTemplate":"https:\/\/sanluisinforma.com\/?s={search_term_string}"},"query-input":{"@type":"PropertyValueSpecification","valueRequired":true,"valueName":"search_term_string"}}],"inLanguage":"es"},{"@type":"Organization","@id":"https:\/\/sanluisinforma.com\/#organization","name":"sanluisinforma.com","url":"https:\/\/sanluisinforma.com\/","logo":{"@type":"ImageObject","inLanguage":"es","@id":"https:\/\/sanluisinforma.com\/#\/schema\/logo\/image\/","url":"https:\/\/sanluisinforma.com\/wp-content\/uploads\/2026\/03\/sanluisinforma-V.jpg","contentUrl":"https:\/\/sanluisinforma.com\/wp-content\/uploads\/2026\/03\/sanluisinforma-V.jpg","width":500,"height":156,"caption":"sanluisinforma.com"},"image":{"@id":"https:\/\/sanluisinforma.com\/#\/schema\/logo\/image\/"}},{"@type":"Person","@id":"https:\/\/sanluisinforma.com\/#\/schema\/person\/c30648f71476be533b6f59d092905c8b","name":"sanluisinforma.com","image":{"@type":"ImageObject","inLanguage":"es","@id":"https:\/\/sanluisinforma.com\/#\/schema\/person\/image\/","url":"https:\/\/secure.gravatar.com\/avatar\/86e3114e34a1eecefb963e0a02f0093f93b092dddb2fe1517596343751081a87?s=96&d=mm&r=g","contentUrl":"https:\/\/secure.gravatar.com\/avatar\/86e3114e34a1eecefb963e0a02f0093f93b092dddb2fe1517596343751081a87?s=96&d=mm&r=g","caption":"sanluisinforma.com"},"url":"https:\/\/sanluisinforma.com\/?author=2"}]}},"_links":{"self":[{"href":"https:\/\/sanluisinforma.com\/index.php?rest_route=\/wp\/v2\/posts\/5041","targetHints":{"allow":["GET"]}}],"collection":[{"href":"https:\/\/sanluisinforma.com\/index.php?rest_route=\/wp\/v2\/posts"}],"about":[{"href":"https:\/\/sanluisinforma.com\/index.php?rest_route=\/wp\/v2\/types\/post"}],"author":[{"embeddable":true,"href":"https:\/\/sanluisinforma.com\/index.php?rest_route=\/wp\/v2\/users\/2"}],"replies":[{"embeddable":true,"href":"https:\/\/sanluisinforma.com\/index.php?rest_route=%2Fwp%2Fv2%2Fcomments&post=5041"}],"version-history":[{"count":1,"href":"https:\/\/sanluisinforma.com\/index.php?rest_route=\/wp\/v2\/posts\/5041\/revisions"}],"predecessor-version":[{"id":5044,"href":"https:\/\/sanluisinforma.com\/index.php?rest_route=\/wp\/v2\/posts\/5041\/revisions\/5044"}],"wp:featuredmedia":[{"embeddable":true,"href":"https:\/\/sanluisinforma.com\/index.php?rest_route=\/wp\/v2\/media\/5043"}],"wp:attachment":[{"href":"https:\/\/sanluisinforma.com\/index.php?rest_route=%2Fwp%2Fv2%2Fmedia&parent=5041"}],"wp:term":[{"taxonomy":"category","embeddable":true,"href":"https:\/\/sanluisinforma.com\/index.php?rest_route=%2Fwp%2Fv2%2Fcategories&post=5041"},{"taxonomy":"post_tag","embeddable":true,"href":"https:\/\/sanluisinforma.com\/index.php?rest_route=%2Fwp%2Fv2%2Ftags&post=5041"}],"curies":[{"name":"wp","href":"https:\/\/api.w.org\/{rel}","templated":true}]}}