{"id":5303,"date":"2024-05-09T00:15:00","date_gmt":"2024-05-09T06:15:00","guid":{"rendered":"https:\/\/sanluisinforma.com\/?p=5303"},"modified":"2024-05-08T22:55:50","modified_gmt":"2024-05-09T04:55:50","slug":"dos-policias-municipales-probaron-el-filo-del-machete-de-blas-fue-detenido","status":"publish","type":"post","link":"https:\/\/sanluisinforma.com\/?p=5303","title":{"rendered":"Dos polic\u00edas municipales probaron el fil\u00f3 del machete de Blas; fue detenido\u00a0"},"content":{"rendered":"\n<p>El desalmado &nbsp;sujeto fue detenido en Aquismon &nbsp;de la huasteca potosina .<\/p>\n\n\n\n<p>La Polic\u00eda de Investigaci\u00f3n (PDI) detuvo a un sujeto, quien habr\u00eda lesionado a dos polic\u00edas municipales de Aquism\u00f3n, inform\u00f3 la Fiscal\u00eda General del Estado de San Luis Potos\u00ed (FGESLP).<\/p>\n\n\n\n<p>Los hechos ocurrieron el 18 de abril de 2024, cuando el se\u00f1alado se encontr\u00f3 con los oficiales en la comunidad Mina de Belemont, donde atac\u00f3 con un machete a uno de ellos.<\/p>\n\n\n\n<p>El compa\u00f1ero del afectado trat\u00f3 de detener Blas \u201cN\u201d; sin embargo, tambi\u00e9n fue agredido por el individuo en cuesti\u00f3n y result\u00f3 con una herida en el brazo.<\/p>\n\n\n\n<p>Estos actos quedaron registrados en una carpeta de investigaci\u00f3n que fue integrada por un agente fiscal, quien logr\u00f3 recabar indicios y solicitar a la autoridad la orden de aprehensi\u00f3n.<\/p>\n\n\n\n<p>De esta forma, un Juez de control emiti\u00f3 un mandato por el delito de lesiones calificadas, mismo que fue cumplimentado por la PDI en la Zona Centro de Aquism\u00f3n.<\/p>\n\n\n\n<p>Dicho individuo fue ingresado a las celdas del centro penitenciario de Ciudad Valles, donde estar\u00e1 a disposici\u00f3n del Poder Judicial con quien enfrentar\u00e1 el proceso penal de este asunto.<\/p>\n","protected":false},"excerpt":{"rendered":"<p>El desalmado &nbsp;sujeto fue detenido en Aquismon &nbsp;de la huasteca potosina . La Polic\u00eda de Investigaci\u00f3n (PDI) detuvo a un<\/p>\n","protected":false},"author":2,"featured_media":0,"comment_status":"closed","ping_status":"closed","sticky":false,"template":"","format":"standard","meta":{"footnotes":""},"categories":[25],"tags":[],"class_list":["post-5303","post","type-post","status-publish","format-standard","hentry","category-local"],"yoast_head":"<!-- This site is optimized with the Yoast SEO plugin v24.1 - https:\/\/yoast.com\/wordpress\/plugins\/seo\/ -->\n<title>Dos polic\u00edas municipales probaron el fil\u00f3 del machete de Blas; fue detenido\u00a0 - sanluisinforma.com<\/title>\n<meta name=\"robots\" content=\"index, follow, max-snippet:-1, max-image-preview:large, max-video-preview:-1\" \/>\n<link rel=\"canonical\" href=\"https:\/\/sanluisinforma.com\/?p=5303\" \/>\n<meta property=\"og:locale\" content=\"es_MX\" \/>\n<meta property=\"og:type\" content=\"article\" \/>\n<meta property=\"og:title\" content=\"Dos polic\u00edas municipales probaron el fil\u00f3 del machete de Blas; fue detenido\u00a0 - sanluisinforma.com\" \/>\n<meta property=\"og:description\" content=\"El desalmado &nbsp;sujeto fue detenido en Aquismon &nbsp;de la huasteca potosina . La Polic\u00eda de Investigaci\u00f3n (PDI) detuvo a un\" \/>\n<meta property=\"og:url\" content=\"https:\/\/sanluisinforma.com\/?p=5303\" \/>\n<meta property=\"og:site_name\" content=\"sanluisinforma.com\" \/>\n<meta property=\"article:published_time\" content=\"2024-05-09T06:15:00+00:00\" \/>\n<meta property=\"article:modified_time\" content=\"2024-05-09T04:55:50+00:00\" \/>\n<meta name=\"author\" content=\"sanluisinforma.com\" \/>\n<meta name=\"twitter:card\" content=\"summary_large_image\" \/>\n<meta name=\"twitter:label1\" content=\"Escrito por\" \/>\n\t<meta name=\"twitter:data1\" content=\"sanluisinforma.com\" \/>\n\t<meta name=\"twitter:label2\" content=\"Tiempo de lectura\" \/>\n\t<meta name=\"twitter:data2\" content=\"1 minuto\" \/>\n<script type=\"application\/ld+json\" class=\"yoast-schema-graph\">{\"@context\":\"https:\/\/schema.org\",\"@graph\":[{\"@type\":\"Article\",\"@id\":\"https:\/\/sanluisinforma.com\/?p=5303#article\",\"isPartOf\":{\"@id\":\"https:\/\/sanluisinforma.com\/?p=5303\"},\"author\":{\"name\":\"sanluisinforma.com\",\"@id\":\"https:\/\/sanluisinforma.com\/#\/schema\/person\/c30648f71476be533b6f59d092905c8b\"},\"headline\":\"Dos polic\u00edas municipales probaron el fil\u00f3 del machete de Blas; fue detenido\u00a0\",\"datePublished\":\"2024-05-09T06:15:00+00:00\",\"dateModified\":\"2024-05-09T04:55:50+00:00\",\"mainEntityOfPage\":{\"@id\":\"https:\/\/sanluisinforma.com\/?p=5303\"},\"wordCount\":213,\"publisher\":{\"@id\":\"https:\/\/sanluisinforma.com\/#organization\"},\"articleSection\":[\"Local\"],\"inLanguage\":\"es\"},{\"@type\":\"WebPage\",\"@id\":\"https:\/\/sanluisinforma.com\/?p=5303\",\"url\":\"https:\/\/sanluisinforma.com\/?p=5303\",\"name\":\"Dos polic\u00edas municipales probaron el fil\u00f3 del machete de Blas; fue detenido\u00a0 - sanluisinforma.com\",\"isPartOf\":{\"@id\":\"https:\/\/sanluisinforma.com\/#website\"},\"datePublished\":\"2024-05-09T06:15:00+00:00\",\"dateModified\":\"2024-05-09T04:55:50+00:00\",\"breadcrumb\":{\"@id\":\"https:\/\/sanluisinforma.com\/?p=5303#breadcrumb\"},\"inLanguage\":\"es\",\"potentialAction\":[{\"@type\":\"ReadAction\",\"target\":[\"https:\/\/sanluisinforma.com\/?p=5303\"]}]},{\"@type\":\"BreadcrumbList\",\"@id\":\"https:\/\/sanluisinforma.com\/?p=5303#breadcrumb\",\"itemListElement\":[{\"@type\":\"ListItem\",\"position\":1,\"name\":\"Inicio\",\"item\":\"https:\/\/sanluisinforma.com\/\"},{\"@type\":\"ListItem\",\"position\":2,\"name\":\"Dos polic\u00edas municipales probaron el fil\u00f3 del machete de Blas; fue detenido\u00a0\"}]},{\"@type\":\"WebSite\",\"@id\":\"https:\/\/sanluisinforma.com\/#website\",\"url\":\"https:\/\/sanluisinforma.com\/\",\"name\":\"sanluisinforma.com\",\"description\":\"Periodico San Luis Informa\",\"publisher\":{\"@id\":\"https:\/\/sanluisinforma.com\/#organization\"},\"potentialAction\":[{\"@type\":\"SearchAction\",\"target\":{\"@type\":\"EntryPoint\",\"urlTemplate\":\"https:\/\/sanluisinforma.com\/?s={search_term_string}\"},\"query-input\":{\"@type\":\"PropertyValueSpecification\",\"valueRequired\":true,\"valueName\":\"search_term_string\"}}],\"inLanguage\":\"es\"},{\"@type\":\"Organization\",\"@id\":\"https:\/\/sanluisinforma.com\/#organization\",\"name\":\"sanluisinforma.com\",\"url\":\"https:\/\/sanluisinforma.com\/\",\"logo\":{\"@type\":\"ImageObject\",\"inLanguage\":\"es\",\"@id\":\"https:\/\/sanluisinforma.com\/#\/schema\/logo\/image\/\",\"url\":\"https:\/\/sanluisinforma.com\/wp-content\/uploads\/2026\/03\/sanluisinforma-V.jpg\",\"contentUrl\":\"https:\/\/sanluisinforma.com\/wp-content\/uploads\/2026\/03\/sanluisinforma-V.jpg\",\"width\":500,\"height\":156,\"caption\":\"sanluisinforma.com\"},\"image\":{\"@id\":\"https:\/\/sanluisinforma.com\/#\/schema\/logo\/image\/\"}},{\"@type\":\"Person\",\"@id\":\"https:\/\/sanluisinforma.com\/#\/schema\/person\/c30648f71476be533b6f59d092905c8b\",\"name\":\"sanluisinforma.com\",\"image\":{\"@type\":\"ImageObject\",\"inLanguage\":\"es\",\"@id\":\"https:\/\/sanluisinforma.com\/#\/schema\/person\/image\/\",\"url\":\"https:\/\/secure.gravatar.com\/avatar\/86e3114e34a1eecefb963e0a02f0093f93b092dddb2fe1517596343751081a87?s=96&d=mm&r=g\",\"contentUrl\":\"https:\/\/secure.gravatar.com\/avatar\/86e3114e34a1eecefb963e0a02f0093f93b092dddb2fe1517596343751081a87?s=96&d=mm&r=g\",\"caption\":\"sanluisinforma.com\"},\"url\":\"https:\/\/sanluisinforma.com\/?author=2\"}]}<\/script>\n<!-- \/ Yoast SEO plugin. -->","yoast_head_json":{"title":"Dos polic\u00edas municipales probaron el fil\u00f3 del machete de Blas; fue detenido\u00a0 - sanluisinforma.com","robots":{"index":"index","follow":"follow","max-snippet":"max-snippet:-1","max-image-preview":"max-image-preview:large","max-video-preview":"max-video-preview:-1"},"canonical":"https:\/\/sanluisinforma.com\/?p=5303","og_locale":"es_MX","og_type":"article","og_title":"Dos polic\u00edas municipales probaron el fil\u00f3 del machete de Blas; fue detenido\u00a0 - sanluisinforma.com","og_description":"El desalmado &nbsp;sujeto fue detenido en Aquismon &nbsp;de la huasteca potosina . La Polic\u00eda de Investigaci\u00f3n (PDI) detuvo a un","og_url":"https:\/\/sanluisinforma.com\/?p=5303","og_site_name":"sanluisinforma.com","article_published_time":"2024-05-09T06:15:00+00:00","article_modified_time":"2024-05-09T04:55:50+00:00","author":"sanluisinforma.com","twitter_card":"summary_large_image","twitter_misc":{"Escrito por":"sanluisinforma.com","Tiempo de lectura":"1 minuto"},"schema":{"@context":"https:\/\/schema.org","@graph":[{"@type":"Article","@id":"https:\/\/sanluisinforma.com\/?p=5303#article","isPartOf":{"@id":"https:\/\/sanluisinforma.com\/?p=5303"},"author":{"name":"sanluisinforma.com","@id":"https:\/\/sanluisinforma.com\/#\/schema\/person\/c30648f71476be533b6f59d092905c8b"},"headline":"Dos polic\u00edas municipales probaron el fil\u00f3 del machete de Blas; fue detenido\u00a0","datePublished":"2024-05-09T06:15:00+00:00","dateModified":"2024-05-09T04:55:50+00:00","mainEntityOfPage":{"@id":"https:\/\/sanluisinforma.com\/?p=5303"},"wordCount":213,"publisher":{"@id":"https:\/\/sanluisinforma.com\/#organization"},"articleSection":["Local"],"inLanguage":"es"},{"@type":"WebPage","@id":"https:\/\/sanluisinforma.com\/?p=5303","url":"https:\/\/sanluisinforma.com\/?p=5303","name":"Dos polic\u00edas municipales probaron el fil\u00f3 del machete de Blas; fue detenido\u00a0 - sanluisinforma.com","isPartOf":{"@id":"https:\/\/sanluisinforma.com\/#website"},"datePublished":"2024-05-09T06:15:00+00:00","dateModified":"2024-05-09T04:55:50+00:00","breadcrumb":{"@id":"https:\/\/sanluisinforma.com\/?p=5303#breadcrumb"},"inLanguage":"es","potentialAction":[{"@type":"ReadAction","target":["https:\/\/sanluisinforma.com\/?p=5303"]}]},{"@type":"BreadcrumbList","@id":"https:\/\/sanluisinforma.com\/?p=5303#breadcrumb","itemListElement":[{"@type":"ListItem","position":1,"name":"Inicio","item":"https:\/\/sanluisinforma.com\/"},{"@type":"ListItem","position":2,"name":"Dos polic\u00edas municipales probaron el fil\u00f3 del machete de Blas; fue detenido\u00a0"}]},{"@type":"WebSite","@id":"https:\/\/sanluisinforma.com\/#website","url":"https:\/\/sanluisinforma.com\/","name":"sanluisinforma.com","description":"Periodico San Luis Informa","publisher":{"@id":"https:\/\/sanluisinforma.com\/#organization"},"potentialAction":[{"@type":"SearchAction","target":{"@type":"EntryPoint","urlTemplate":"https:\/\/sanluisinforma.com\/?s={search_term_string}"},"query-input":{"@type":"PropertyValueSpecification","valueRequired":true,"valueName":"search_term_string"}}],"inLanguage":"es"},{"@type":"Organization","@id":"https:\/\/sanluisinforma.com\/#organization","name":"sanluisinforma.com","url":"https:\/\/sanluisinforma.com\/","logo":{"@type":"ImageObject","inLanguage":"es","@id":"https:\/\/sanluisinforma.com\/#\/schema\/logo\/image\/","url":"https:\/\/sanluisinforma.com\/wp-content\/uploads\/2026\/03\/sanluisinforma-V.jpg","contentUrl":"https:\/\/sanluisinforma.com\/wp-content\/uploads\/2026\/03\/sanluisinforma-V.jpg","width":500,"height":156,"caption":"sanluisinforma.com"},"image":{"@id":"https:\/\/sanluisinforma.com\/#\/schema\/logo\/image\/"}},{"@type":"Person","@id":"https:\/\/sanluisinforma.com\/#\/schema\/person\/c30648f71476be533b6f59d092905c8b","name":"sanluisinforma.com","image":{"@type":"ImageObject","inLanguage":"es","@id":"https:\/\/sanluisinforma.com\/#\/schema\/person\/image\/","url":"https:\/\/secure.gravatar.com\/avatar\/86e3114e34a1eecefb963e0a02f0093f93b092dddb2fe1517596343751081a87?s=96&d=mm&r=g","contentUrl":"https:\/\/secure.gravatar.com\/avatar\/86e3114e34a1eecefb963e0a02f0093f93b092dddb2fe1517596343751081a87?s=96&d=mm&r=g","caption":"sanluisinforma.com"},"url":"https:\/\/sanluisinforma.com\/?author=2"}]}},"_links":{"self":[{"href":"https:\/\/sanluisinforma.com\/index.php?rest_route=\/wp\/v2\/posts\/5303","targetHints":{"allow":["GET"]}}],"collection":[{"href":"https:\/\/sanluisinforma.com\/index.php?rest_route=\/wp\/v2\/posts"}],"about":[{"href":"https:\/\/sanluisinforma.com\/index.php?rest_route=\/wp\/v2\/types\/post"}],"author":[{"embeddable":true,"href":"https:\/\/sanluisinforma.com\/index.php?rest_route=\/wp\/v2\/users\/2"}],"replies":[{"embeddable":true,"href":"https:\/\/sanluisinforma.com\/index.php?rest_route=%2Fwp%2Fv2%2Fcomments&post=5303"}],"version-history":[{"count":1,"href":"https:\/\/sanluisinforma.com\/index.php?rest_route=\/wp\/v2\/posts\/5303\/revisions"}],"predecessor-version":[{"id":5304,"href":"https:\/\/sanluisinforma.com\/index.php?rest_route=\/wp\/v2\/posts\/5303\/revisions\/5304"}],"wp:attachment":[{"href":"https:\/\/sanluisinforma.com\/index.php?rest_route=%2Fwp%2Fv2%2Fmedia&parent=5303"}],"wp:term":[{"taxonomy":"category","embeddable":true,"href":"https:\/\/sanluisinforma.com\/index.php?rest_route=%2Fwp%2Fv2%2Fcategories&post=5303"},{"taxonomy":"post_tag","embeddable":true,"href":"https:\/\/sanluisinforma.com\/index.php?rest_route=%2Fwp%2Fv2%2Ftags&post=5303"}],"curies":[{"name":"wp","href":"https:\/\/api.w.org\/{rel}","templated":true}]}}