{"id":5346,"date":"2024-05-13T01:53:11","date_gmt":"2024-05-13T07:53:11","guid":{"rendered":"https:\/\/sanluisinforma.com\/?p=5346"},"modified":"2024-05-13T01:53:12","modified_gmt":"2024-05-13T07:53:12","slug":"habilitan-baldios-de-grandes-dimensiones-en-arboladas-de-jacarandas","status":"publish","type":"post","link":"https:\/\/sanluisinforma.com\/?p=5346","title":{"rendered":"Habilitan Bald\u00edos de Grandes Dimensiones en Arboladas de Jacarandas"},"content":{"rendered":"\n<p>Autoridades del Gobierno Municipal de San Luis Potos\u00ed y vecinos de la zona participan en limpieza y reforestaci\u00f3n de terreno abandonado<\/p>\n\n\n\n<p>Adem\u00e1s, cami\u00f3n tipo Vector realiza desazolve de drenaje<\/p>\n\n\n\n<p>La jornada n\u00famero 128 de limpieza de espacios p\u00fablicos que ejecuta el gobierno municipal de San Luis Potos\u00ed, se instal\u00f3 este d\u00eda en el lote bald\u00edo ubicado en las calles Camino Viejo al Desierto y Santa Felicitas del fraccionamiento Arboledas de Jacarandas.<\/p>\n\n\n\n<p>Personal del ayuntamiento en colaboraci\u00f3n con vecinos de la zona participaron en la tarea de remozamiento de la superficie de unos 5 mil metros cuadrados, con poda y tala de \u00e1rboles, deshierbe, retiro de basura, pintura en guarniciones, y diagn\u00f3stico del alumbrado p\u00fablico. Tambi\u00e9n se reforest\u00f3 la zona con 30 pinos.<\/p>\n\n\n\n<p>Asimismo, el cami\u00f3n tipo Vector hizo el trabajo de desazolve de drenaje, y la empresa IZZI realiz\u00f3 el retiro de cableado que ya perdi\u00f3 su utilidad.<\/p>\n\n\n\n<p>La alcaldesa de la capital potosina, junto con directivos municipales y miembros de la Junta de Participaci\u00f3n Ciudadana, dialogaron y llegaron a acuerdos para atender las necesidades y mejorar los servicios p\u00fablicos que ofrece la municipalidad en esa demarcaci\u00f3n.<\/p>\n","protected":false},"excerpt":{"rendered":"<p>Autoridades del Gobierno Municipal de San Luis Potos\u00ed y vecinos de la zona participan en limpieza y reforestaci\u00f3n de terreno<\/p>\n","protected":false},"author":2,"featured_media":5347,"comment_status":"closed","ping_status":"closed","sticky":false,"template":"","format":"standard","meta":{"footnotes":""},"categories":[25,30],"tags":[],"class_list":["post-5346","post","type-post","status-publish","format-standard","has-post-thumbnail","hentry","category-local","category-portada"],"yoast_head":"<!-- This site is optimized with the Yoast SEO plugin v24.1 - https:\/\/yoast.com\/wordpress\/plugins\/seo\/ -->\n<title>Habilitan Bald\u00edos de Grandes Dimensiones en Arboladas de Jacarandas - sanluisinforma.com<\/title>\n<meta name=\"robots\" content=\"index, follow, max-snippet:-1, max-image-preview:large, max-video-preview:-1\" \/>\n<link rel=\"canonical\" href=\"https:\/\/sanluisinforma.com\/?p=5346\" \/>\n<meta property=\"og:locale\" content=\"es_MX\" \/>\n<meta property=\"og:type\" content=\"article\" \/>\n<meta property=\"og:title\" content=\"Habilitan Bald\u00edos de Grandes Dimensiones en Arboladas de Jacarandas - sanluisinforma.com\" \/>\n<meta property=\"og:description\" content=\"Autoridades del Gobierno Municipal de San Luis Potos\u00ed y vecinos de la zona participan en limpieza y reforestaci\u00f3n de terreno\" \/>\n<meta property=\"og:url\" content=\"https:\/\/sanluisinforma.com\/?p=5346\" \/>\n<meta property=\"og:site_name\" content=\"sanluisinforma.com\" \/>\n<meta property=\"article:published_time\" content=\"2024-05-13T07:53:11+00:00\" \/>\n<meta property=\"article:modified_time\" content=\"2024-05-13T07:53:12+00:00\" \/>\n<meta property=\"og:image\" content=\"https:\/\/sanluisinforma.com\/wp-content\/uploads\/2024\/05\/718b9d2b-197b-43ce-a0ea-0838e256555a.jpg\" \/>\n\t<meta property=\"og:image:width\" content=\"480\" \/>\n\t<meta property=\"og:image:height\" content=\"319\" \/>\n\t<meta property=\"og:image:type\" content=\"image\/jpeg\" \/>\n<meta name=\"author\" content=\"sanluisinforma.com\" \/>\n<meta name=\"twitter:card\" content=\"summary_large_image\" \/>\n<meta name=\"twitter:label1\" content=\"Escrito por\" \/>\n\t<meta name=\"twitter:data1\" content=\"sanluisinforma.com\" \/>\n\t<meta name=\"twitter:label2\" content=\"Tiempo de lectura\" \/>\n\t<meta name=\"twitter:data2\" content=\"2 minutos\" \/>\n<script type=\"application\/ld+json\" class=\"yoast-schema-graph\">{\"@context\":\"https:\/\/schema.org\",\"@graph\":[{\"@type\":\"Article\",\"@id\":\"https:\/\/sanluisinforma.com\/?p=5346#article\",\"isPartOf\":{\"@id\":\"https:\/\/sanluisinforma.com\/?p=5346\"},\"author\":{\"name\":\"sanluisinforma.com\",\"@id\":\"https:\/\/sanluisinforma.com\/#\/schema\/person\/c30648f71476be533b6f59d092905c8b\"},\"headline\":\"Habilitan Bald\u00edos de Grandes Dimensiones en Arboladas de Jacarandas\",\"datePublished\":\"2024-05-13T07:53:11+00:00\",\"dateModified\":\"2024-05-13T07:53:12+00:00\",\"mainEntityOfPage\":{\"@id\":\"https:\/\/sanluisinforma.com\/?p=5346\"},\"wordCount\":209,\"publisher\":{\"@id\":\"https:\/\/sanluisinforma.com\/#organization\"},\"image\":{\"@id\":\"https:\/\/sanluisinforma.com\/?p=5346#primaryimage\"},\"thumbnailUrl\":\"https:\/\/sanluisinforma.com\/wp-content\/uploads\/2024\/05\/718b9d2b-197b-43ce-a0ea-0838e256555a.jpg\",\"articleSection\":[\"Local\",\"Portada\"],\"inLanguage\":\"es\"},{\"@type\":\"WebPage\",\"@id\":\"https:\/\/sanluisinforma.com\/?p=5346\",\"url\":\"https:\/\/sanluisinforma.com\/?p=5346\",\"name\":\"Habilitan Bald\u00edos de Grandes Dimensiones en Arboladas de Jacarandas - sanluisinforma.com\",\"isPartOf\":{\"@id\":\"https:\/\/sanluisinforma.com\/#website\"},\"primaryImageOfPage\":{\"@id\":\"https:\/\/sanluisinforma.com\/?p=5346#primaryimage\"},\"image\":{\"@id\":\"https:\/\/sanluisinforma.com\/?p=5346#primaryimage\"},\"thumbnailUrl\":\"https:\/\/sanluisinforma.com\/wp-content\/uploads\/2024\/05\/718b9d2b-197b-43ce-a0ea-0838e256555a.jpg\",\"datePublished\":\"2024-05-13T07:53:11+00:00\",\"dateModified\":\"2024-05-13T07:53:12+00:00\",\"breadcrumb\":{\"@id\":\"https:\/\/sanluisinforma.com\/?p=5346#breadcrumb\"},\"inLanguage\":\"es\",\"potentialAction\":[{\"@type\":\"ReadAction\",\"target\":[\"https:\/\/sanluisinforma.com\/?p=5346\"]}]},{\"@type\":\"ImageObject\",\"inLanguage\":\"es\",\"@id\":\"https:\/\/sanluisinforma.com\/?p=5346#primaryimage\",\"url\":\"https:\/\/sanluisinforma.com\/wp-content\/uploads\/2024\/05\/718b9d2b-197b-43ce-a0ea-0838e256555a.jpg\",\"contentUrl\":\"https:\/\/sanluisinforma.com\/wp-content\/uploads\/2024\/05\/718b9d2b-197b-43ce-a0ea-0838e256555a.jpg\",\"width\":480,\"height\":319},{\"@type\":\"BreadcrumbList\",\"@id\":\"https:\/\/sanluisinforma.com\/?p=5346#breadcrumb\",\"itemListElement\":[{\"@type\":\"ListItem\",\"position\":1,\"name\":\"Inicio\",\"item\":\"https:\/\/sanluisinforma.com\/\"},{\"@type\":\"ListItem\",\"position\":2,\"name\":\"Habilitan Bald\u00edos de Grandes Dimensiones en Arboladas de Jacarandas\"}]},{\"@type\":\"WebSite\",\"@id\":\"https:\/\/sanluisinforma.com\/#website\",\"url\":\"https:\/\/sanluisinforma.com\/\",\"name\":\"sanluisinforma.com\",\"description\":\"Periodico San Luis Informa\",\"publisher\":{\"@id\":\"https:\/\/sanluisinforma.com\/#organization\"},\"potentialAction\":[{\"@type\":\"SearchAction\",\"target\":{\"@type\":\"EntryPoint\",\"urlTemplate\":\"https:\/\/sanluisinforma.com\/?s={search_term_string}\"},\"query-input\":{\"@type\":\"PropertyValueSpecification\",\"valueRequired\":true,\"valueName\":\"search_term_string\"}}],\"inLanguage\":\"es\"},{\"@type\":\"Organization\",\"@id\":\"https:\/\/sanluisinforma.com\/#organization\",\"name\":\"sanluisinforma.com\",\"url\":\"https:\/\/sanluisinforma.com\/\",\"logo\":{\"@type\":\"ImageObject\",\"inLanguage\":\"es\",\"@id\":\"https:\/\/sanluisinforma.com\/#\/schema\/logo\/image\/\",\"url\":\"https:\/\/sanluisinforma.com\/wp-content\/uploads\/2026\/03\/sanluisinforma-V.jpg\",\"contentUrl\":\"https:\/\/sanluisinforma.com\/wp-content\/uploads\/2026\/03\/sanluisinforma-V.jpg\",\"width\":500,\"height\":156,\"caption\":\"sanluisinforma.com\"},\"image\":{\"@id\":\"https:\/\/sanluisinforma.com\/#\/schema\/logo\/image\/\"}},{\"@type\":\"Person\",\"@id\":\"https:\/\/sanluisinforma.com\/#\/schema\/person\/c30648f71476be533b6f59d092905c8b\",\"name\":\"sanluisinforma.com\",\"image\":{\"@type\":\"ImageObject\",\"inLanguage\":\"es\",\"@id\":\"https:\/\/sanluisinforma.com\/#\/schema\/person\/image\/\",\"url\":\"https:\/\/secure.gravatar.com\/avatar\/86e3114e34a1eecefb963e0a02f0093f93b092dddb2fe1517596343751081a87?s=96&d=mm&r=g\",\"contentUrl\":\"https:\/\/secure.gravatar.com\/avatar\/86e3114e34a1eecefb963e0a02f0093f93b092dddb2fe1517596343751081a87?s=96&d=mm&r=g\",\"caption\":\"sanluisinforma.com\"},\"url\":\"https:\/\/sanluisinforma.com\/?author=2\"}]}<\/script>\n<!-- \/ Yoast SEO plugin. -->","yoast_head_json":{"title":"Habilitan Bald\u00edos de Grandes Dimensiones en Arboladas de Jacarandas - sanluisinforma.com","robots":{"index":"index","follow":"follow","max-snippet":"max-snippet:-1","max-image-preview":"max-image-preview:large","max-video-preview":"max-video-preview:-1"},"canonical":"https:\/\/sanluisinforma.com\/?p=5346","og_locale":"es_MX","og_type":"article","og_title":"Habilitan Bald\u00edos de Grandes Dimensiones en Arboladas de Jacarandas - sanluisinforma.com","og_description":"Autoridades del Gobierno Municipal de San Luis Potos\u00ed y vecinos de la zona participan en limpieza y reforestaci\u00f3n de terreno","og_url":"https:\/\/sanluisinforma.com\/?p=5346","og_site_name":"sanluisinforma.com","article_published_time":"2024-05-13T07:53:11+00:00","article_modified_time":"2024-05-13T07:53:12+00:00","og_image":[{"width":480,"height":319,"url":"https:\/\/sanluisinforma.com\/wp-content\/uploads\/2024\/05\/718b9d2b-197b-43ce-a0ea-0838e256555a.jpg","type":"image\/jpeg"}],"author":"sanluisinforma.com","twitter_card":"summary_large_image","twitter_misc":{"Escrito por":"sanluisinforma.com","Tiempo de lectura":"2 minutos"},"schema":{"@context":"https:\/\/schema.org","@graph":[{"@type":"Article","@id":"https:\/\/sanluisinforma.com\/?p=5346#article","isPartOf":{"@id":"https:\/\/sanluisinforma.com\/?p=5346"},"author":{"name":"sanluisinforma.com","@id":"https:\/\/sanluisinforma.com\/#\/schema\/person\/c30648f71476be533b6f59d092905c8b"},"headline":"Habilitan Bald\u00edos de Grandes Dimensiones en Arboladas de Jacarandas","datePublished":"2024-05-13T07:53:11+00:00","dateModified":"2024-05-13T07:53:12+00:00","mainEntityOfPage":{"@id":"https:\/\/sanluisinforma.com\/?p=5346"},"wordCount":209,"publisher":{"@id":"https:\/\/sanluisinforma.com\/#organization"},"image":{"@id":"https:\/\/sanluisinforma.com\/?p=5346#primaryimage"},"thumbnailUrl":"https:\/\/sanluisinforma.com\/wp-content\/uploads\/2024\/05\/718b9d2b-197b-43ce-a0ea-0838e256555a.jpg","articleSection":["Local","Portada"],"inLanguage":"es"},{"@type":"WebPage","@id":"https:\/\/sanluisinforma.com\/?p=5346","url":"https:\/\/sanluisinforma.com\/?p=5346","name":"Habilitan Bald\u00edos de Grandes Dimensiones en Arboladas de Jacarandas - sanluisinforma.com","isPartOf":{"@id":"https:\/\/sanluisinforma.com\/#website"},"primaryImageOfPage":{"@id":"https:\/\/sanluisinforma.com\/?p=5346#primaryimage"},"image":{"@id":"https:\/\/sanluisinforma.com\/?p=5346#primaryimage"},"thumbnailUrl":"https:\/\/sanluisinforma.com\/wp-content\/uploads\/2024\/05\/718b9d2b-197b-43ce-a0ea-0838e256555a.jpg","datePublished":"2024-05-13T07:53:11+00:00","dateModified":"2024-05-13T07:53:12+00:00","breadcrumb":{"@id":"https:\/\/sanluisinforma.com\/?p=5346#breadcrumb"},"inLanguage":"es","potentialAction":[{"@type":"ReadAction","target":["https:\/\/sanluisinforma.com\/?p=5346"]}]},{"@type":"ImageObject","inLanguage":"es","@id":"https:\/\/sanluisinforma.com\/?p=5346#primaryimage","url":"https:\/\/sanluisinforma.com\/wp-content\/uploads\/2024\/05\/718b9d2b-197b-43ce-a0ea-0838e256555a.jpg","contentUrl":"https:\/\/sanluisinforma.com\/wp-content\/uploads\/2024\/05\/718b9d2b-197b-43ce-a0ea-0838e256555a.jpg","width":480,"height":319},{"@type":"BreadcrumbList","@id":"https:\/\/sanluisinforma.com\/?p=5346#breadcrumb","itemListElement":[{"@type":"ListItem","position":1,"name":"Inicio","item":"https:\/\/sanluisinforma.com\/"},{"@type":"ListItem","position":2,"name":"Habilitan Bald\u00edos de Grandes Dimensiones en Arboladas de Jacarandas"}]},{"@type":"WebSite","@id":"https:\/\/sanluisinforma.com\/#website","url":"https:\/\/sanluisinforma.com\/","name":"sanluisinforma.com","description":"Periodico San Luis Informa","publisher":{"@id":"https:\/\/sanluisinforma.com\/#organization"},"potentialAction":[{"@type":"SearchAction","target":{"@type":"EntryPoint","urlTemplate":"https:\/\/sanluisinforma.com\/?s={search_term_string}"},"query-input":{"@type":"PropertyValueSpecification","valueRequired":true,"valueName":"search_term_string"}}],"inLanguage":"es"},{"@type":"Organization","@id":"https:\/\/sanluisinforma.com\/#organization","name":"sanluisinforma.com","url":"https:\/\/sanluisinforma.com\/","logo":{"@type":"ImageObject","inLanguage":"es","@id":"https:\/\/sanluisinforma.com\/#\/schema\/logo\/image\/","url":"https:\/\/sanluisinforma.com\/wp-content\/uploads\/2026\/03\/sanluisinforma-V.jpg","contentUrl":"https:\/\/sanluisinforma.com\/wp-content\/uploads\/2026\/03\/sanluisinforma-V.jpg","width":500,"height":156,"caption":"sanluisinforma.com"},"image":{"@id":"https:\/\/sanluisinforma.com\/#\/schema\/logo\/image\/"}},{"@type":"Person","@id":"https:\/\/sanluisinforma.com\/#\/schema\/person\/c30648f71476be533b6f59d092905c8b","name":"sanluisinforma.com","image":{"@type":"ImageObject","inLanguage":"es","@id":"https:\/\/sanluisinforma.com\/#\/schema\/person\/image\/","url":"https:\/\/secure.gravatar.com\/avatar\/86e3114e34a1eecefb963e0a02f0093f93b092dddb2fe1517596343751081a87?s=96&d=mm&r=g","contentUrl":"https:\/\/secure.gravatar.com\/avatar\/86e3114e34a1eecefb963e0a02f0093f93b092dddb2fe1517596343751081a87?s=96&d=mm&r=g","caption":"sanluisinforma.com"},"url":"https:\/\/sanluisinforma.com\/?author=2"}]}},"_links":{"self":[{"href":"https:\/\/sanluisinforma.com\/index.php?rest_route=\/wp\/v2\/posts\/5346","targetHints":{"allow":["GET"]}}],"collection":[{"href":"https:\/\/sanluisinforma.com\/index.php?rest_route=\/wp\/v2\/posts"}],"about":[{"href":"https:\/\/sanluisinforma.com\/index.php?rest_route=\/wp\/v2\/types\/post"}],"author":[{"embeddable":true,"href":"https:\/\/sanluisinforma.com\/index.php?rest_route=\/wp\/v2\/users\/2"}],"replies":[{"embeddable":true,"href":"https:\/\/sanluisinforma.com\/index.php?rest_route=%2Fwp%2Fv2%2Fcomments&post=5346"}],"version-history":[{"count":1,"href":"https:\/\/sanluisinforma.com\/index.php?rest_route=\/wp\/v2\/posts\/5346\/revisions"}],"predecessor-version":[{"id":5348,"href":"https:\/\/sanluisinforma.com\/index.php?rest_route=\/wp\/v2\/posts\/5346\/revisions\/5348"}],"wp:featuredmedia":[{"embeddable":true,"href":"https:\/\/sanluisinforma.com\/index.php?rest_route=\/wp\/v2\/media\/5347"}],"wp:attachment":[{"href":"https:\/\/sanluisinforma.com\/index.php?rest_route=%2Fwp%2Fv2%2Fmedia&parent=5346"}],"wp:term":[{"taxonomy":"category","embeddable":true,"href":"https:\/\/sanluisinforma.com\/index.php?rest_route=%2Fwp%2Fv2%2Fcategories&post=5346"},{"taxonomy":"post_tag","embeddable":true,"href":"https:\/\/sanluisinforma.com\/index.php?rest_route=%2Fwp%2Fv2%2Ftags&post=5346"}],"curies":[{"name":"wp","href":"https:\/\/api.w.org\/{rel}","templated":true}]}}