{"id":5473,"date":"2024-05-20T16:58:05","date_gmt":"2024-05-20T22:58:05","guid":{"rendered":"https:\/\/sanluisinforma.com\/?p=5473"},"modified":"2024-05-20T16:58:06","modified_gmt":"2024-05-20T22:58:06","slug":"en-iran-cinco-dias-de-luto-por-la-muerte-de-su-presidente-ibrahim-raisi","status":"publish","type":"post","link":"https:\/\/sanluisinforma.com\/?p=5473","title":{"rendered":"En Ir\u00e1n cinco d\u00edas de luto por la muerte de su \u00a0presidente Ibrahim Raisi"},"content":{"rendered":"\n<p>Ir\u00e1n declar\u00f3 el lunes cinco d\u00edas de luto por la muerte, en un accidente a\u00e9reo de su presidente Ibrahim Raisi, quien estuvo &nbsp;en el poder desde hac\u00eda tres a\u00f1os y que era considerado uno de los favoritos para suceder al ayatol\u00e1 Ali Jamenei, l\u00edder supremo.<\/p>\n\n\n\n<p>Jamenei design\u00f3 como presidente interino al primer vicepresidente, Mohammad Mokhber, a la espera de la celebraci\u00f3n de elecciones en un plazo m\u00e1ximo de 50 d\u00edas.<\/p>\n\n\n\n<p>Este martes comenzar\u00e1n los funerales del presidente electo en 2021, y cuya muerte a los 63 a\u00f1os abre un periodo de incertidumbre pol\u00edtica en Ir\u00e1n, en un momento en el que la regi\u00f3n est\u00e1 sacudida por la guerra en la franja de Gaza entre Israel y Hamas, un aliado de la Rep\u00fablica Isl\u00e1mica.<\/p>\n\n\n\n<p>El helic\u00f3ptero Bell 212, de fabricaci\u00f3n estadunidense, en el que viajaba Raisi desapareci\u00f3 el domingo por la tarde cuando sobrevolaba una regi\u00f3n monta\u00f1osa de Ir\u00e1n con condiciones meteorol\u00f3gicas dif\u00edciles, con lluvia y una densa niebla, horas mas tarde encontraron el aparato volador en pedazos&nbsp; en una zona monta\u00f1osa y de dif\u00edcil acceso.<\/p>\n","protected":false},"excerpt":{"rendered":"<p>Ir\u00e1n declar\u00f3 el lunes cinco d\u00edas de luto por la muerte, en un accidente a\u00e9reo de su presidente Ibrahim Raisi,<\/p>\n","protected":false},"author":2,"featured_media":0,"comment_status":"closed","ping_status":"closed","sticky":false,"template":"","format":"standard","meta":{"footnotes":""},"categories":[28],"tags":[],"class_list":["post-5473","post","type-post","status-publish","format-standard","hentry","category-internacional"],"yoast_head":"<!-- This site is optimized with the Yoast SEO plugin v24.1 - https:\/\/yoast.com\/wordpress\/plugins\/seo\/ -->\n<title>En Ir\u00e1n cinco d\u00edas de luto por la muerte de su \u00a0presidente Ibrahim Raisi - sanluisinforma.com<\/title>\n<meta name=\"robots\" content=\"index, follow, max-snippet:-1, max-image-preview:large, max-video-preview:-1\" \/>\n<link rel=\"canonical\" href=\"https:\/\/sanluisinforma.com\/?p=5473\" \/>\n<meta property=\"og:locale\" content=\"es_MX\" \/>\n<meta property=\"og:type\" content=\"article\" \/>\n<meta property=\"og:title\" content=\"En Ir\u00e1n cinco d\u00edas de luto por la muerte de su \u00a0presidente Ibrahim Raisi - sanluisinforma.com\" \/>\n<meta property=\"og:description\" content=\"Ir\u00e1n declar\u00f3 el lunes cinco d\u00edas de luto por la muerte, en un accidente a\u00e9reo de su presidente Ibrahim Raisi,\" \/>\n<meta property=\"og:url\" content=\"https:\/\/sanluisinforma.com\/?p=5473\" \/>\n<meta property=\"og:site_name\" content=\"sanluisinforma.com\" \/>\n<meta property=\"article:published_time\" content=\"2024-05-20T22:58:05+00:00\" \/>\n<meta property=\"article:modified_time\" content=\"2024-05-20T22:58:06+00:00\" \/>\n<meta name=\"author\" content=\"sanluisinforma.com\" \/>\n<meta name=\"twitter:card\" content=\"summary_large_image\" \/>\n<meta name=\"twitter:label1\" content=\"Escrito por\" \/>\n\t<meta name=\"twitter:data1\" content=\"sanluisinforma.com\" \/>\n\t<meta name=\"twitter:label2\" content=\"Tiempo de lectura\" \/>\n\t<meta name=\"twitter:data2\" content=\"1 minuto\" \/>\n<script type=\"application\/ld+json\" class=\"yoast-schema-graph\">{\"@context\":\"https:\/\/schema.org\",\"@graph\":[{\"@type\":\"Article\",\"@id\":\"https:\/\/sanluisinforma.com\/?p=5473#article\",\"isPartOf\":{\"@id\":\"https:\/\/sanluisinforma.com\/?p=5473\"},\"author\":{\"name\":\"sanluisinforma.com\",\"@id\":\"https:\/\/sanluisinforma.com\/#\/schema\/person\/c30648f71476be533b6f59d092905c8b\"},\"headline\":\"En Ir\u00e1n cinco d\u00edas de luto por la muerte de su \u00a0presidente Ibrahim Raisi\",\"datePublished\":\"2024-05-20T22:58:05+00:00\",\"dateModified\":\"2024-05-20T22:58:06+00:00\",\"mainEntityOfPage\":{\"@id\":\"https:\/\/sanluisinforma.com\/?p=5473\"},\"wordCount\":214,\"publisher\":{\"@id\":\"https:\/\/sanluisinforma.com\/#organization\"},\"articleSection\":[\"Internacional\"],\"inLanguage\":\"es\"},{\"@type\":\"WebPage\",\"@id\":\"https:\/\/sanluisinforma.com\/?p=5473\",\"url\":\"https:\/\/sanluisinforma.com\/?p=5473\",\"name\":\"En Ir\u00e1n cinco d\u00edas de luto por la muerte de su \u00a0presidente Ibrahim Raisi - sanluisinforma.com\",\"isPartOf\":{\"@id\":\"https:\/\/sanluisinforma.com\/#website\"},\"datePublished\":\"2024-05-20T22:58:05+00:00\",\"dateModified\":\"2024-05-20T22:58:06+00:00\",\"breadcrumb\":{\"@id\":\"https:\/\/sanluisinforma.com\/?p=5473#breadcrumb\"},\"inLanguage\":\"es\",\"potentialAction\":[{\"@type\":\"ReadAction\",\"target\":[\"https:\/\/sanluisinforma.com\/?p=5473\"]}]},{\"@type\":\"BreadcrumbList\",\"@id\":\"https:\/\/sanluisinforma.com\/?p=5473#breadcrumb\",\"itemListElement\":[{\"@type\":\"ListItem\",\"position\":1,\"name\":\"Inicio\",\"item\":\"https:\/\/sanluisinforma.com\/\"},{\"@type\":\"ListItem\",\"position\":2,\"name\":\"En Ir\u00e1n cinco d\u00edas de luto por la muerte de su \u00a0presidente Ibrahim Raisi\"}]},{\"@type\":\"WebSite\",\"@id\":\"https:\/\/sanluisinforma.com\/#website\",\"url\":\"https:\/\/sanluisinforma.com\/\",\"name\":\"sanluisinforma.com\",\"description\":\"Periodico San Luis Informa\",\"publisher\":{\"@id\":\"https:\/\/sanluisinforma.com\/#organization\"},\"potentialAction\":[{\"@type\":\"SearchAction\",\"target\":{\"@type\":\"EntryPoint\",\"urlTemplate\":\"https:\/\/sanluisinforma.com\/?s={search_term_string}\"},\"query-input\":{\"@type\":\"PropertyValueSpecification\",\"valueRequired\":true,\"valueName\":\"search_term_string\"}}],\"inLanguage\":\"es\"},{\"@type\":\"Organization\",\"@id\":\"https:\/\/sanluisinforma.com\/#organization\",\"name\":\"sanluisinforma.com\",\"url\":\"https:\/\/sanluisinforma.com\/\",\"logo\":{\"@type\":\"ImageObject\",\"inLanguage\":\"es\",\"@id\":\"https:\/\/sanluisinforma.com\/#\/schema\/logo\/image\/\",\"url\":\"https:\/\/sanluisinforma.com\/wp-content\/uploads\/2026\/03\/sanluisinforma-V.jpg\",\"contentUrl\":\"https:\/\/sanluisinforma.com\/wp-content\/uploads\/2026\/03\/sanluisinforma-V.jpg\",\"width\":500,\"height\":156,\"caption\":\"sanluisinforma.com\"},\"image\":{\"@id\":\"https:\/\/sanluisinforma.com\/#\/schema\/logo\/image\/\"}},{\"@type\":\"Person\",\"@id\":\"https:\/\/sanluisinforma.com\/#\/schema\/person\/c30648f71476be533b6f59d092905c8b\",\"name\":\"sanluisinforma.com\",\"image\":{\"@type\":\"ImageObject\",\"inLanguage\":\"es\",\"@id\":\"https:\/\/sanluisinforma.com\/#\/schema\/person\/image\/\",\"url\":\"https:\/\/secure.gravatar.com\/avatar\/86e3114e34a1eecefb963e0a02f0093f93b092dddb2fe1517596343751081a87?s=96&d=mm&r=g\",\"contentUrl\":\"https:\/\/secure.gravatar.com\/avatar\/86e3114e34a1eecefb963e0a02f0093f93b092dddb2fe1517596343751081a87?s=96&d=mm&r=g\",\"caption\":\"sanluisinforma.com\"},\"url\":\"https:\/\/sanluisinforma.com\/?author=2\"}]}<\/script>\n<!-- \/ Yoast SEO plugin. -->","yoast_head_json":{"title":"En Ir\u00e1n cinco d\u00edas de luto por la muerte de su \u00a0presidente Ibrahim Raisi - sanluisinforma.com","robots":{"index":"index","follow":"follow","max-snippet":"max-snippet:-1","max-image-preview":"max-image-preview:large","max-video-preview":"max-video-preview:-1"},"canonical":"https:\/\/sanluisinforma.com\/?p=5473","og_locale":"es_MX","og_type":"article","og_title":"En Ir\u00e1n cinco d\u00edas de luto por la muerte de su \u00a0presidente Ibrahim Raisi - sanluisinforma.com","og_description":"Ir\u00e1n declar\u00f3 el lunes cinco d\u00edas de luto por la muerte, en un accidente a\u00e9reo de su presidente Ibrahim Raisi,","og_url":"https:\/\/sanluisinforma.com\/?p=5473","og_site_name":"sanluisinforma.com","article_published_time":"2024-05-20T22:58:05+00:00","article_modified_time":"2024-05-20T22:58:06+00:00","author":"sanluisinforma.com","twitter_card":"summary_large_image","twitter_misc":{"Escrito por":"sanluisinforma.com","Tiempo de lectura":"1 minuto"},"schema":{"@context":"https:\/\/schema.org","@graph":[{"@type":"Article","@id":"https:\/\/sanluisinforma.com\/?p=5473#article","isPartOf":{"@id":"https:\/\/sanluisinforma.com\/?p=5473"},"author":{"name":"sanluisinforma.com","@id":"https:\/\/sanluisinforma.com\/#\/schema\/person\/c30648f71476be533b6f59d092905c8b"},"headline":"En Ir\u00e1n cinco d\u00edas de luto por la muerte de su \u00a0presidente Ibrahim Raisi","datePublished":"2024-05-20T22:58:05+00:00","dateModified":"2024-05-20T22:58:06+00:00","mainEntityOfPage":{"@id":"https:\/\/sanluisinforma.com\/?p=5473"},"wordCount":214,"publisher":{"@id":"https:\/\/sanluisinforma.com\/#organization"},"articleSection":["Internacional"],"inLanguage":"es"},{"@type":"WebPage","@id":"https:\/\/sanluisinforma.com\/?p=5473","url":"https:\/\/sanluisinforma.com\/?p=5473","name":"En Ir\u00e1n cinco d\u00edas de luto por la muerte de su \u00a0presidente Ibrahim Raisi - sanluisinforma.com","isPartOf":{"@id":"https:\/\/sanluisinforma.com\/#website"},"datePublished":"2024-05-20T22:58:05+00:00","dateModified":"2024-05-20T22:58:06+00:00","breadcrumb":{"@id":"https:\/\/sanluisinforma.com\/?p=5473#breadcrumb"},"inLanguage":"es","potentialAction":[{"@type":"ReadAction","target":["https:\/\/sanluisinforma.com\/?p=5473"]}]},{"@type":"BreadcrumbList","@id":"https:\/\/sanluisinforma.com\/?p=5473#breadcrumb","itemListElement":[{"@type":"ListItem","position":1,"name":"Inicio","item":"https:\/\/sanluisinforma.com\/"},{"@type":"ListItem","position":2,"name":"En Ir\u00e1n cinco d\u00edas de luto por la muerte de su \u00a0presidente Ibrahim Raisi"}]},{"@type":"WebSite","@id":"https:\/\/sanluisinforma.com\/#website","url":"https:\/\/sanluisinforma.com\/","name":"sanluisinforma.com","description":"Periodico San Luis Informa","publisher":{"@id":"https:\/\/sanluisinforma.com\/#organization"},"potentialAction":[{"@type":"SearchAction","target":{"@type":"EntryPoint","urlTemplate":"https:\/\/sanluisinforma.com\/?s={search_term_string}"},"query-input":{"@type":"PropertyValueSpecification","valueRequired":true,"valueName":"search_term_string"}}],"inLanguage":"es"},{"@type":"Organization","@id":"https:\/\/sanluisinforma.com\/#organization","name":"sanluisinforma.com","url":"https:\/\/sanluisinforma.com\/","logo":{"@type":"ImageObject","inLanguage":"es","@id":"https:\/\/sanluisinforma.com\/#\/schema\/logo\/image\/","url":"https:\/\/sanluisinforma.com\/wp-content\/uploads\/2026\/03\/sanluisinforma-V.jpg","contentUrl":"https:\/\/sanluisinforma.com\/wp-content\/uploads\/2026\/03\/sanluisinforma-V.jpg","width":500,"height":156,"caption":"sanluisinforma.com"},"image":{"@id":"https:\/\/sanluisinforma.com\/#\/schema\/logo\/image\/"}},{"@type":"Person","@id":"https:\/\/sanluisinforma.com\/#\/schema\/person\/c30648f71476be533b6f59d092905c8b","name":"sanluisinforma.com","image":{"@type":"ImageObject","inLanguage":"es","@id":"https:\/\/sanluisinforma.com\/#\/schema\/person\/image\/","url":"https:\/\/secure.gravatar.com\/avatar\/86e3114e34a1eecefb963e0a02f0093f93b092dddb2fe1517596343751081a87?s=96&d=mm&r=g","contentUrl":"https:\/\/secure.gravatar.com\/avatar\/86e3114e34a1eecefb963e0a02f0093f93b092dddb2fe1517596343751081a87?s=96&d=mm&r=g","caption":"sanluisinforma.com"},"url":"https:\/\/sanluisinforma.com\/?author=2"}]}},"_links":{"self":[{"href":"https:\/\/sanluisinforma.com\/index.php?rest_route=\/wp\/v2\/posts\/5473","targetHints":{"allow":["GET"]}}],"collection":[{"href":"https:\/\/sanluisinforma.com\/index.php?rest_route=\/wp\/v2\/posts"}],"about":[{"href":"https:\/\/sanluisinforma.com\/index.php?rest_route=\/wp\/v2\/types\/post"}],"author":[{"embeddable":true,"href":"https:\/\/sanluisinforma.com\/index.php?rest_route=\/wp\/v2\/users\/2"}],"replies":[{"embeddable":true,"href":"https:\/\/sanluisinforma.com\/index.php?rest_route=%2Fwp%2Fv2%2Fcomments&post=5473"}],"version-history":[{"count":1,"href":"https:\/\/sanluisinforma.com\/index.php?rest_route=\/wp\/v2\/posts\/5473\/revisions"}],"predecessor-version":[{"id":5474,"href":"https:\/\/sanluisinforma.com\/index.php?rest_route=\/wp\/v2\/posts\/5473\/revisions\/5474"}],"wp:attachment":[{"href":"https:\/\/sanluisinforma.com\/index.php?rest_route=%2Fwp%2Fv2%2Fmedia&parent=5473"}],"wp:term":[{"taxonomy":"category","embeddable":true,"href":"https:\/\/sanluisinforma.com\/index.php?rest_route=%2Fwp%2Fv2%2Fcategories&post=5473"},{"taxonomy":"post_tag","embeddable":true,"href":"https:\/\/sanluisinforma.com\/index.php?rest_route=%2Fwp%2Fv2%2Ftags&post=5473"}],"curies":[{"name":"wp","href":"https:\/\/api.w.org\/{rel}","templated":true}]}}