{"id":5495,"date":"2024-05-22T00:45:00","date_gmt":"2024-05-22T06:45:00","guid":{"rendered":"https:\/\/sanluisinforma.com\/?p=5495"},"modified":"2024-05-21T22:41:14","modified_gmt":"2024-05-22T04:41:14","slug":"claudia-sheinbaum-va-por-la-consolidacion-del-litio-e-instalacion-de-paneles-solares-para-fortalecer-el-desarrollo-de-sonora","status":"publish","type":"post","link":"https:\/\/sanluisinforma.com\/?p=5495","title":{"rendered":"Claudia Sheinbaum va por la consolidaci\u00f3n del litio e Instalaci\u00f3n de Paneles Solares para fortalecer el Desarrollo de Sonora"},"content":{"rendered":"\n<p>\u2019\u2019Vamos a seguir trabajando en el Plan Sonora (&#8230;) Para que Sonora sea una vanguardia en el veh\u00edculo el\u00e9ctrico y el desarrollo de bater\u00edas no solo en nuestro pa\u00eds, sino en el mundo entero\u2019\u2019, puntualiz\u00f3<\/p>\n\n\n\n<p>\u2019\u2019El objetivo es que avancemos para que todas las viviendas de Sonora puedan tener paneles fotovoltaicos que les permita tener su propia electricidad\u2019\u2019, agreg\u00f3<\/p>\n\n\n\n<p>&nbsp;Ante el pueblo de Hermosillo, Claudia Sheinbaum mostr\u00f3 apoyo al Plan H\u00eddrico de Sonora, impulsado por el gobierno del estado para garantizar el abasto de agua en toda la entidad<\/p>\n\n\n\n<p>Hermosillo, Sonora. Avanzar en la consolidaci\u00f3n del Plan Sonora para hacer de este estado una vanguardia en el mundo en el uso del litio; as\u00ed como apostar por la transici\u00f3n energ\u00e9tica con el uso de paneles solares en las viviendas de todo el estado, son parte de los proyectos que Claudia Sheinbaum Pardo, candidata a la Presidencia de M\u00e9xico por la Coalici\u00f3n \u201cSigamos Haciendo Historia\u201d (Morena-PT-PVEM) anunci\u00f3 durante su encuentro con las y los habitantes de Hermosillo donde asever\u00f3 que en el pr\u00f3ximo sexenio el desarrollo sonorense continuar\u00e1.<\/p>\n\n\n\n<p>\u2019\u2019Vamos a seguir trabajando en el Plan Sonora que va permitir la explotaci\u00f3n del litio atracci\u00f3n de empresas que fabriquen veh\u00edculos el\u00e9ctricos, universidades que investiguen sobre los veh\u00edculos el\u00e9ctricos para que Sonora sea una vanguardia en el veh\u00edculo el\u00e9ctrico y el desarrollo de bater\u00edas no solo en nuestro pa\u00eds, sino en el mundo entero\u2019\u2019, puntualiz\u00f3.<\/p>\n\n\n\n<p>Asimismo, anunci\u00f3 que la instalaci\u00f3n de los tambi\u00e9n conocidos como paneles fotovoltaicos en todos los hogares del estado se lograr\u00e1 a trav\u00e9s de un apoyo del gobierno de la Rep\u00fablica, esto con la misi\u00f3n de apoyar a la econom\u00eda familiar y evitar las tarifas de luz costosas.<\/p>\n\n\n\n<p>\u2019\u2019El objetivo es que avancemos para que todas las viviendas de Sonora puedan tener paneles fotovoltaicos que les permita tener su propia electricidad, que paguen menos por la electricidad (&#8230;.) Necesitamos disminuir el consumo, que sea un consumo de las propias viviendas y eso va a bajar todav\u00eda m\u00e1s la tarifa, estos sistemas van a ser pagados en parte por el Gobierno de la Rep\u00fablica\u2019\u2019, agreg\u00f3.<\/p>\n\n\n\n<p>Ante las y los sonorenses de los 72 municipios del estado, Claudia Sheinbaum tambi\u00e9n asever\u00f3 que durante su gobierno apoyar\u00e1 al Plan H\u00eddrico planteado por la administraci\u00f3n estatal para garantizar el abastecimiento y el uso eficiente del agua.<\/p>\n\n\n\n<p>\u2019\u2019Vamos a apoyar a Sonora para que haya acceso al agua potable para las viviendas y para la producci\u00f3n de alimentos\u2019\u2019, subray\u00f3.<\/p>\n\n\n\n<p>Entre otros de los proyectos que Claudia Sheinbaum anunci\u00f3 para Sonora, destac\u00f3 el impulso al Puerto Guaymas; la ampliaci\u00f3n a cuatro carriles de la carretera de Guaymas a Chihuahua; as\u00ed como continuar con las siguientes cuatro etapas de la Planta Solar en Puerto Pe\u00f1asco.<\/p>\n\n\n\n<p>Por lo anterior, Claudia Sheinbaum hizo un llamado a no olvidar que la Cuarta Transformaci\u00f3n es un equipo, que trabaja codo a codo para lograr la consolidaci\u00f3n de proyectos a favor de Sonora y de todo el pa\u00eds, por lo que convoc\u00f3 a que el pr\u00f3ximo 2 de junio se vote por la continuidad de la 4T.<\/p>\n\n\n\n<p>\u2019\u2019Somos un equipo que no vamos a permitir regresiones en el pa\u00eds, que vamos a seguir trabajando por el bienestar del pueblo de Sonora, que vamos a seguir defendiendo nuestra soberan\u00eda, nuestros recursos naturales\u2019\u2019, manifest\u00f3.<\/p>\n\n\n\n<p>Por su parte, Mar\u00eda Dolores Del R\u00edo, candidata a la Presidencia Municipal, destac\u00f3 que Hermosillo ser\u00e1 parte de la Cuarta Transformaci\u00f3n, siendo parte del logr\u00f3 de que llegue la primera mujer presidenta de M\u00e9xico.<\/p>\n\n\n\n<p>\u2019\u2019Hermosillo no se quedar\u00e1 atr\u00e1s y recuperar\u00e1 el rumbo de la esperanza que ya se mantiene en otros municipios y en el estado (&#8230;) Adem\u00e1s no puedo negar la alegr\u00eda que me da ser parte del proyecto de naci\u00f3n que hoy&nbsp; llevar\u00e1 a una mujer por primera vez en la historia a la presidencia de nuestro pa\u00eds, una mujer de la transformaci\u00f3n, ser\u00e1 un honor trabajar de tu mano por los siguientes a\u00f1os&#8221;, asever\u00f3.<\/p>\n","protected":false},"excerpt":{"rendered":"<p>\u2019\u2019Vamos a seguir trabajando en el Plan Sonora (&#8230;) Para que Sonora sea una vanguardia en el veh\u00edculo el\u00e9ctrico y<\/p>\n","protected":false},"author":2,"featured_media":5496,"comment_status":"closed","ping_status":"closed","sticky":false,"template":"","format":"standard","meta":{"footnotes":""},"categories":[25,26,30],"tags":[],"class_list":["post-5495","post","type-post","status-publish","format-standard","has-post-thumbnail","hentry","category-local","category-nacional","category-portada"],"yoast_head":"<!-- This site is optimized with the Yoast SEO plugin v24.1 - https:\/\/yoast.com\/wordpress\/plugins\/seo\/ -->\n<title>Claudia Sheinbaum va por la consolidaci\u00f3n del litio e Instalaci\u00f3n de Paneles Solares para fortalecer el Desarrollo de Sonora - sanluisinforma.com<\/title>\n<meta name=\"robots\" content=\"index, follow, max-snippet:-1, max-image-preview:large, max-video-preview:-1\" \/>\n<link rel=\"canonical\" href=\"https:\/\/sanluisinforma.com\/?p=5495\" \/>\n<meta property=\"og:locale\" content=\"es_MX\" \/>\n<meta property=\"og:type\" content=\"article\" \/>\n<meta property=\"og:title\" content=\"Claudia Sheinbaum va por la consolidaci\u00f3n del litio e Instalaci\u00f3n de Paneles Solares para fortalecer el Desarrollo de Sonora - sanluisinforma.com\" \/>\n<meta property=\"og:description\" content=\"\u2019\u2019Vamos a seguir trabajando en el Plan Sonora (&#8230;) Para que Sonora sea una vanguardia en el veh\u00edculo el\u00e9ctrico y\" \/>\n<meta property=\"og:url\" content=\"https:\/\/sanluisinforma.com\/?p=5495\" \/>\n<meta property=\"og:site_name\" content=\"sanluisinforma.com\" \/>\n<meta property=\"article:published_time\" content=\"2024-05-22T06:45:00+00:00\" \/>\n<meta property=\"article:modified_time\" content=\"2024-05-22T04:41:14+00:00\" \/>\n<meta property=\"og:image\" content=\"https:\/\/sanluisinforma.com\/wp-content\/uploads\/2024\/05\/16f97ab9-c971-455d-a06f-50f736b2709f.jpg\" \/>\n\t<meta property=\"og:image:width\" content=\"480\" \/>\n\t<meta property=\"og:image:height\" content=\"270\" \/>\n\t<meta property=\"og:image:type\" content=\"image\/jpeg\" \/>\n<meta name=\"author\" content=\"sanluisinforma.com\" \/>\n<meta name=\"twitter:card\" content=\"summary_large_image\" \/>\n<meta name=\"twitter:label1\" content=\"Escrito por\" \/>\n\t<meta name=\"twitter:data1\" content=\"sanluisinforma.com\" \/>\n\t<meta name=\"twitter:label2\" content=\"Tiempo de lectura\" \/>\n\t<meta name=\"twitter:data2\" content=\"4 minutos\" \/>\n<script type=\"application\/ld+json\" class=\"yoast-schema-graph\">{\"@context\":\"https:\/\/schema.org\",\"@graph\":[{\"@type\":\"Article\",\"@id\":\"https:\/\/sanluisinforma.com\/?p=5495#article\",\"isPartOf\":{\"@id\":\"https:\/\/sanluisinforma.com\/?p=5495\"},\"author\":{\"name\":\"sanluisinforma.com\",\"@id\":\"https:\/\/sanluisinforma.com\/#\/schema\/person\/c30648f71476be533b6f59d092905c8b\"},\"headline\":\"Claudia Sheinbaum va por la consolidaci\u00f3n del litio e Instalaci\u00f3n de Paneles Solares para fortalecer el Desarrollo de Sonora\",\"datePublished\":\"2024-05-22T06:45:00+00:00\",\"dateModified\":\"2024-05-22T04:41:14+00:00\",\"mainEntityOfPage\":{\"@id\":\"https:\/\/sanluisinforma.com\/?p=5495\"},\"wordCount\":720,\"publisher\":{\"@id\":\"https:\/\/sanluisinforma.com\/#organization\"},\"image\":{\"@id\":\"https:\/\/sanluisinforma.com\/?p=5495#primaryimage\"},\"thumbnailUrl\":\"https:\/\/sanluisinforma.com\/wp-content\/uploads\/2024\/05\/16f97ab9-c971-455d-a06f-50f736b2709f.jpg\",\"articleSection\":[\"Local\",\"Nacional\",\"Portada\"],\"inLanguage\":\"es\"},{\"@type\":\"WebPage\",\"@id\":\"https:\/\/sanluisinforma.com\/?p=5495\",\"url\":\"https:\/\/sanluisinforma.com\/?p=5495\",\"name\":\"Claudia Sheinbaum va por la consolidaci\u00f3n del litio e Instalaci\u00f3n de Paneles Solares para fortalecer el Desarrollo de Sonora - sanluisinforma.com\",\"isPartOf\":{\"@id\":\"https:\/\/sanluisinforma.com\/#website\"},\"primaryImageOfPage\":{\"@id\":\"https:\/\/sanluisinforma.com\/?p=5495#primaryimage\"},\"image\":{\"@id\":\"https:\/\/sanluisinforma.com\/?p=5495#primaryimage\"},\"thumbnailUrl\":\"https:\/\/sanluisinforma.com\/wp-content\/uploads\/2024\/05\/16f97ab9-c971-455d-a06f-50f736b2709f.jpg\",\"datePublished\":\"2024-05-22T06:45:00+00:00\",\"dateModified\":\"2024-05-22T04:41:14+00:00\",\"breadcrumb\":{\"@id\":\"https:\/\/sanluisinforma.com\/?p=5495#breadcrumb\"},\"inLanguage\":\"es\",\"potentialAction\":[{\"@type\":\"ReadAction\",\"target\":[\"https:\/\/sanluisinforma.com\/?p=5495\"]}]},{\"@type\":\"ImageObject\",\"inLanguage\":\"es\",\"@id\":\"https:\/\/sanluisinforma.com\/?p=5495#primaryimage\",\"url\":\"https:\/\/sanluisinforma.com\/wp-content\/uploads\/2024\/05\/16f97ab9-c971-455d-a06f-50f736b2709f.jpg\",\"contentUrl\":\"https:\/\/sanluisinforma.com\/wp-content\/uploads\/2024\/05\/16f97ab9-c971-455d-a06f-50f736b2709f.jpg\",\"width\":480,\"height\":270},{\"@type\":\"BreadcrumbList\",\"@id\":\"https:\/\/sanluisinforma.com\/?p=5495#breadcrumb\",\"itemListElement\":[{\"@type\":\"ListItem\",\"position\":1,\"name\":\"Inicio\",\"item\":\"https:\/\/sanluisinforma.com\/\"},{\"@type\":\"ListItem\",\"position\":2,\"name\":\"Claudia Sheinbaum va por la consolidaci\u00f3n del litio e Instalaci\u00f3n de Paneles Solares para fortalecer el Desarrollo de Sonora\"}]},{\"@type\":\"WebSite\",\"@id\":\"https:\/\/sanluisinforma.com\/#website\",\"url\":\"https:\/\/sanluisinforma.com\/\",\"name\":\"sanluisinforma.com\",\"description\":\"Periodico San Luis Informa\",\"publisher\":{\"@id\":\"https:\/\/sanluisinforma.com\/#organization\"},\"potentialAction\":[{\"@type\":\"SearchAction\",\"target\":{\"@type\":\"EntryPoint\",\"urlTemplate\":\"https:\/\/sanluisinforma.com\/?s={search_term_string}\"},\"query-input\":{\"@type\":\"PropertyValueSpecification\",\"valueRequired\":true,\"valueName\":\"search_term_string\"}}],\"inLanguage\":\"es\"},{\"@type\":\"Organization\",\"@id\":\"https:\/\/sanluisinforma.com\/#organization\",\"name\":\"sanluisinforma.com\",\"url\":\"https:\/\/sanluisinforma.com\/\",\"logo\":{\"@type\":\"ImageObject\",\"inLanguage\":\"es\",\"@id\":\"https:\/\/sanluisinforma.com\/#\/schema\/logo\/image\/\",\"url\":\"https:\/\/sanluisinforma.com\/wp-content\/uploads\/2026\/03\/sanluisinforma-V.jpg\",\"contentUrl\":\"https:\/\/sanluisinforma.com\/wp-content\/uploads\/2026\/03\/sanluisinforma-V.jpg\",\"width\":500,\"height\":156,\"caption\":\"sanluisinforma.com\"},\"image\":{\"@id\":\"https:\/\/sanluisinforma.com\/#\/schema\/logo\/image\/\"}},{\"@type\":\"Person\",\"@id\":\"https:\/\/sanluisinforma.com\/#\/schema\/person\/c30648f71476be533b6f59d092905c8b\",\"name\":\"sanluisinforma.com\",\"image\":{\"@type\":\"ImageObject\",\"inLanguage\":\"es\",\"@id\":\"https:\/\/sanluisinforma.com\/#\/schema\/person\/image\/\",\"url\":\"https:\/\/secure.gravatar.com\/avatar\/86e3114e34a1eecefb963e0a02f0093f93b092dddb2fe1517596343751081a87?s=96&d=mm&r=g\",\"contentUrl\":\"https:\/\/secure.gravatar.com\/avatar\/86e3114e34a1eecefb963e0a02f0093f93b092dddb2fe1517596343751081a87?s=96&d=mm&r=g\",\"caption\":\"sanluisinforma.com\"},\"url\":\"https:\/\/sanluisinforma.com\/?author=2\"}]}<\/script>\n<!-- \/ Yoast SEO plugin. -->","yoast_head_json":{"title":"Claudia Sheinbaum va por la consolidaci\u00f3n del litio e Instalaci\u00f3n de Paneles Solares para fortalecer el Desarrollo de Sonora - sanluisinforma.com","robots":{"index":"index","follow":"follow","max-snippet":"max-snippet:-1","max-image-preview":"max-image-preview:large","max-video-preview":"max-video-preview:-1"},"canonical":"https:\/\/sanluisinforma.com\/?p=5495","og_locale":"es_MX","og_type":"article","og_title":"Claudia Sheinbaum va por la consolidaci\u00f3n del litio e Instalaci\u00f3n de Paneles Solares para fortalecer el Desarrollo de Sonora - sanluisinforma.com","og_description":"\u2019\u2019Vamos a seguir trabajando en el Plan Sonora (&#8230;) Para que Sonora sea una vanguardia en el veh\u00edculo el\u00e9ctrico y","og_url":"https:\/\/sanluisinforma.com\/?p=5495","og_site_name":"sanluisinforma.com","article_published_time":"2024-05-22T06:45:00+00:00","article_modified_time":"2024-05-22T04:41:14+00:00","og_image":[{"width":480,"height":270,"url":"https:\/\/sanluisinforma.com\/wp-content\/uploads\/2024\/05\/16f97ab9-c971-455d-a06f-50f736b2709f.jpg","type":"image\/jpeg"}],"author":"sanluisinforma.com","twitter_card":"summary_large_image","twitter_misc":{"Escrito por":"sanluisinforma.com","Tiempo de lectura":"4 minutos"},"schema":{"@context":"https:\/\/schema.org","@graph":[{"@type":"Article","@id":"https:\/\/sanluisinforma.com\/?p=5495#article","isPartOf":{"@id":"https:\/\/sanluisinforma.com\/?p=5495"},"author":{"name":"sanluisinforma.com","@id":"https:\/\/sanluisinforma.com\/#\/schema\/person\/c30648f71476be533b6f59d092905c8b"},"headline":"Claudia Sheinbaum va por la consolidaci\u00f3n del litio e Instalaci\u00f3n de Paneles Solares para fortalecer el Desarrollo de Sonora","datePublished":"2024-05-22T06:45:00+00:00","dateModified":"2024-05-22T04:41:14+00:00","mainEntityOfPage":{"@id":"https:\/\/sanluisinforma.com\/?p=5495"},"wordCount":720,"publisher":{"@id":"https:\/\/sanluisinforma.com\/#organization"},"image":{"@id":"https:\/\/sanluisinforma.com\/?p=5495#primaryimage"},"thumbnailUrl":"https:\/\/sanluisinforma.com\/wp-content\/uploads\/2024\/05\/16f97ab9-c971-455d-a06f-50f736b2709f.jpg","articleSection":["Local","Nacional","Portada"],"inLanguage":"es"},{"@type":"WebPage","@id":"https:\/\/sanluisinforma.com\/?p=5495","url":"https:\/\/sanluisinforma.com\/?p=5495","name":"Claudia Sheinbaum va por la consolidaci\u00f3n del litio e Instalaci\u00f3n de Paneles Solares para fortalecer el Desarrollo de Sonora - sanluisinforma.com","isPartOf":{"@id":"https:\/\/sanluisinforma.com\/#website"},"primaryImageOfPage":{"@id":"https:\/\/sanluisinforma.com\/?p=5495#primaryimage"},"image":{"@id":"https:\/\/sanluisinforma.com\/?p=5495#primaryimage"},"thumbnailUrl":"https:\/\/sanluisinforma.com\/wp-content\/uploads\/2024\/05\/16f97ab9-c971-455d-a06f-50f736b2709f.jpg","datePublished":"2024-05-22T06:45:00+00:00","dateModified":"2024-05-22T04:41:14+00:00","breadcrumb":{"@id":"https:\/\/sanluisinforma.com\/?p=5495#breadcrumb"},"inLanguage":"es","potentialAction":[{"@type":"ReadAction","target":["https:\/\/sanluisinforma.com\/?p=5495"]}]},{"@type":"ImageObject","inLanguage":"es","@id":"https:\/\/sanluisinforma.com\/?p=5495#primaryimage","url":"https:\/\/sanluisinforma.com\/wp-content\/uploads\/2024\/05\/16f97ab9-c971-455d-a06f-50f736b2709f.jpg","contentUrl":"https:\/\/sanluisinforma.com\/wp-content\/uploads\/2024\/05\/16f97ab9-c971-455d-a06f-50f736b2709f.jpg","width":480,"height":270},{"@type":"BreadcrumbList","@id":"https:\/\/sanluisinforma.com\/?p=5495#breadcrumb","itemListElement":[{"@type":"ListItem","position":1,"name":"Inicio","item":"https:\/\/sanluisinforma.com\/"},{"@type":"ListItem","position":2,"name":"Claudia Sheinbaum va por la consolidaci\u00f3n del litio e Instalaci\u00f3n de Paneles Solares para fortalecer el Desarrollo de Sonora"}]},{"@type":"WebSite","@id":"https:\/\/sanluisinforma.com\/#website","url":"https:\/\/sanluisinforma.com\/","name":"sanluisinforma.com","description":"Periodico San Luis Informa","publisher":{"@id":"https:\/\/sanluisinforma.com\/#organization"},"potentialAction":[{"@type":"SearchAction","target":{"@type":"EntryPoint","urlTemplate":"https:\/\/sanluisinforma.com\/?s={search_term_string}"},"query-input":{"@type":"PropertyValueSpecification","valueRequired":true,"valueName":"search_term_string"}}],"inLanguage":"es"},{"@type":"Organization","@id":"https:\/\/sanluisinforma.com\/#organization","name":"sanluisinforma.com","url":"https:\/\/sanluisinforma.com\/","logo":{"@type":"ImageObject","inLanguage":"es","@id":"https:\/\/sanluisinforma.com\/#\/schema\/logo\/image\/","url":"https:\/\/sanluisinforma.com\/wp-content\/uploads\/2026\/03\/sanluisinforma-V.jpg","contentUrl":"https:\/\/sanluisinforma.com\/wp-content\/uploads\/2026\/03\/sanluisinforma-V.jpg","width":500,"height":156,"caption":"sanluisinforma.com"},"image":{"@id":"https:\/\/sanluisinforma.com\/#\/schema\/logo\/image\/"}},{"@type":"Person","@id":"https:\/\/sanluisinforma.com\/#\/schema\/person\/c30648f71476be533b6f59d092905c8b","name":"sanluisinforma.com","image":{"@type":"ImageObject","inLanguage":"es","@id":"https:\/\/sanluisinforma.com\/#\/schema\/person\/image\/","url":"https:\/\/secure.gravatar.com\/avatar\/86e3114e34a1eecefb963e0a02f0093f93b092dddb2fe1517596343751081a87?s=96&d=mm&r=g","contentUrl":"https:\/\/secure.gravatar.com\/avatar\/86e3114e34a1eecefb963e0a02f0093f93b092dddb2fe1517596343751081a87?s=96&d=mm&r=g","caption":"sanluisinforma.com"},"url":"https:\/\/sanluisinforma.com\/?author=2"}]}},"_links":{"self":[{"href":"https:\/\/sanluisinforma.com\/index.php?rest_route=\/wp\/v2\/posts\/5495","targetHints":{"allow":["GET"]}}],"collection":[{"href":"https:\/\/sanluisinforma.com\/index.php?rest_route=\/wp\/v2\/posts"}],"about":[{"href":"https:\/\/sanluisinforma.com\/index.php?rest_route=\/wp\/v2\/types\/post"}],"author":[{"embeddable":true,"href":"https:\/\/sanluisinforma.com\/index.php?rest_route=\/wp\/v2\/users\/2"}],"replies":[{"embeddable":true,"href":"https:\/\/sanluisinforma.com\/index.php?rest_route=%2Fwp%2Fv2%2Fcomments&post=5495"}],"version-history":[{"count":1,"href":"https:\/\/sanluisinforma.com\/index.php?rest_route=\/wp\/v2\/posts\/5495\/revisions"}],"predecessor-version":[{"id":5497,"href":"https:\/\/sanluisinforma.com\/index.php?rest_route=\/wp\/v2\/posts\/5495\/revisions\/5497"}],"wp:featuredmedia":[{"embeddable":true,"href":"https:\/\/sanluisinforma.com\/index.php?rest_route=\/wp\/v2\/media\/5496"}],"wp:attachment":[{"href":"https:\/\/sanluisinforma.com\/index.php?rest_route=%2Fwp%2Fv2%2Fmedia&parent=5495"}],"wp:term":[{"taxonomy":"category","embeddable":true,"href":"https:\/\/sanluisinforma.com\/index.php?rest_route=%2Fwp%2Fv2%2Fcategories&post=5495"},{"taxonomy":"post_tag","embeddable":true,"href":"https:\/\/sanluisinforma.com\/index.php?rest_route=%2Fwp%2Fv2%2Ftags&post=5495"}],"curies":[{"name":"wp","href":"https:\/\/api.w.org\/{rel}","templated":true}]}}