{"id":5559,"date":"2024-05-27T00:50:00","date_gmt":"2024-05-27T06:50:00","guid":{"rendered":"https:\/\/sanluisinforma.com\/?p=5559"},"modified":"2024-05-26T18:02:13","modified_gmt":"2024-05-27T00:02:13","slug":"gobierno-municipal-inicia-la-rehabilitacion-de-calles-en-la-delegacion-de-la-pila","status":"publish","type":"post","link":"https:\/\/sanluisinforma.com\/?p=5559","title":{"rendered":"Gobierno Municipal inicia la Rehabilitaci\u00f3n de calles en la Delegaci\u00f3n de la Pila"},"content":{"rendered":"\n<p>&nbsp;Comenzaron ya los trabajos en la 3\u00aa Privada de Carranza, los que fueron supervisados por la alcaldesa de San Luis Potos\u00ed<\/p>\n\n\n\n<p>-En la calle 16 de septiembre, igualmente se renovar\u00e1 la superficie de rodamiento, adem\u00e1s de que se har\u00e1n diversas labores complementarias e integrales<\/p>\n\n\n\n<p>El Gobierno Municipal de San Luis Potos\u00ed informa acerca del cierre en vialidades que se ubican en la Delegaci\u00f3n de La Pila, debido a trabajos para su rehabilitaci\u00f3n integral, por lo que la Presidenta Municipal Interina pidi\u00f3 a habitantes de esta zona tomar sus debidas precauciones, adem\u00e1s de solicitarles paciencias por el tiempo que duren las obras.<\/p>\n\n\n\n<p>Asimismo, aprovech\u00f3 su gira por esta demarcaci\u00f3n, para constatar el arranque en la calle 16 de septiembre en el tramo que va de Francisco Villa a \u00c1lvaro Obreg\u00f3n, en donde adem\u00e1s de renovar toda la superficie de rodamiento, con obras complementarias que incluyen la modernizaci\u00f3n del sistema de drenaje, agua potable y otros servicios municipales, se mejorar\u00e1 el entorno y se facilitar\u00e1 la movilidad en este sector de la capital potosina.<\/p>\n\n\n\n<p>En otro punto, la Alcaldesa de San Luis Potos\u00ed verific\u00f3 igualmente el inicio de los trabajos en la 3\u00aa Privada de Carranza, en el tramo que comprende de Venustiano Carranza a fin de calle en la colonia Emiliano Zapata. Aqu\u00ed tambi\u00e9n la intervenci\u00f3n por parte de la direcci\u00f3n de Obras P\u00fablicas ser\u00e1 integral para no s\u00f3lo atender las solicitudes de habitantes de dicha privada, sino de peatones en general, as\u00ed como de automovilistas.<\/p>\n\n\n\n<p>Agreg\u00f3 que se continuar\u00e1 con el trabajo conjunto entre la autoridad municipal y la Delegaci\u00f3n, con la ciudadan\u00eda unida para atender sus solicitudes en cuanto a infraestructura y equipamiento urbano en esta zona de San Luis Potos\u00ed.<\/p>\n\n\n\n<p>Datos de car\u00e1cter informativo para conocimiento de la ciudadan\u00eda por ser de inter\u00e9s p\u00fablico.<\/p>\n","protected":false},"excerpt":{"rendered":"<p>&nbsp;Comenzaron ya los trabajos en la 3\u00aa Privada de Carranza, los que fueron supervisados por la alcaldesa de San Luis<\/p>\n","protected":false},"author":2,"featured_media":5560,"comment_status":"closed","ping_status":"closed","sticky":false,"template":"","format":"standard","meta":{"footnotes":""},"categories":[25,30],"tags":[],"class_list":["post-5559","post","type-post","status-publish","format-standard","has-post-thumbnail","hentry","category-local","category-portada"],"yoast_head":"<!-- This site is optimized with the Yoast SEO plugin v24.1 - https:\/\/yoast.com\/wordpress\/plugins\/seo\/ -->\n<title>Gobierno Municipal inicia la Rehabilitaci\u00f3n de calles en la Delegaci\u00f3n de la Pila - sanluisinforma.com<\/title>\n<meta name=\"robots\" content=\"index, follow, max-snippet:-1, max-image-preview:large, max-video-preview:-1\" \/>\n<link rel=\"canonical\" href=\"https:\/\/sanluisinforma.com\/?p=5559\" \/>\n<meta property=\"og:locale\" content=\"es_MX\" \/>\n<meta property=\"og:type\" content=\"article\" \/>\n<meta property=\"og:title\" content=\"Gobierno Municipal inicia la Rehabilitaci\u00f3n de calles en la Delegaci\u00f3n de la Pila - sanluisinforma.com\" \/>\n<meta property=\"og:description\" content=\"&nbsp;Comenzaron ya los trabajos en la 3\u00aa Privada de Carranza, los que fueron supervisados por la alcaldesa de San Luis\" \/>\n<meta property=\"og:url\" content=\"https:\/\/sanluisinforma.com\/?p=5559\" \/>\n<meta property=\"og:site_name\" content=\"sanluisinforma.com\" \/>\n<meta property=\"article:published_time\" content=\"2024-05-27T06:50:00+00:00\" \/>\n<meta property=\"article:modified_time\" content=\"2024-05-27T00:02:13+00:00\" \/>\n<meta property=\"og:image\" content=\"https:\/\/sanluisinforma.com\/wp-content\/uploads\/2024\/05\/5f7d849a-54ef-4411-84de-931c349057da.jpg\" \/>\n\t<meta property=\"og:image:width\" content=\"480\" \/>\n\t<meta property=\"og:image:height\" content=\"319\" \/>\n\t<meta property=\"og:image:type\" content=\"image\/jpeg\" \/>\n<meta name=\"author\" content=\"sanluisinforma.com\" \/>\n<meta name=\"twitter:card\" content=\"summary_large_image\" \/>\n<meta name=\"twitter:label1\" content=\"Escrito por\" \/>\n\t<meta name=\"twitter:data1\" content=\"sanluisinforma.com\" \/>\n\t<meta name=\"twitter:label2\" content=\"Tiempo de lectura\" \/>\n\t<meta name=\"twitter:data2\" content=\"2 minutos\" \/>\n<script type=\"application\/ld+json\" class=\"yoast-schema-graph\">{\"@context\":\"https:\/\/schema.org\",\"@graph\":[{\"@type\":\"Article\",\"@id\":\"https:\/\/sanluisinforma.com\/?p=5559#article\",\"isPartOf\":{\"@id\":\"https:\/\/sanluisinforma.com\/?p=5559\"},\"author\":{\"name\":\"sanluisinforma.com\",\"@id\":\"https:\/\/sanluisinforma.com\/#\/schema\/person\/c30648f71476be533b6f59d092905c8b\"},\"headline\":\"Gobierno Municipal inicia la Rehabilitaci\u00f3n de calles en la Delegaci\u00f3n de la Pila\",\"datePublished\":\"2024-05-27T06:50:00+00:00\",\"dateModified\":\"2024-05-27T00:02:13+00:00\",\"mainEntityOfPage\":{\"@id\":\"https:\/\/sanluisinforma.com\/?p=5559\"},\"wordCount\":328,\"publisher\":{\"@id\":\"https:\/\/sanluisinforma.com\/#organization\"},\"image\":{\"@id\":\"https:\/\/sanluisinforma.com\/?p=5559#primaryimage\"},\"thumbnailUrl\":\"https:\/\/sanluisinforma.com\/wp-content\/uploads\/2024\/05\/5f7d849a-54ef-4411-84de-931c349057da.jpg\",\"articleSection\":[\"Local\",\"Portada\"],\"inLanguage\":\"es\"},{\"@type\":\"WebPage\",\"@id\":\"https:\/\/sanluisinforma.com\/?p=5559\",\"url\":\"https:\/\/sanluisinforma.com\/?p=5559\",\"name\":\"Gobierno Municipal inicia la Rehabilitaci\u00f3n de calles en la Delegaci\u00f3n de la Pila - sanluisinforma.com\",\"isPartOf\":{\"@id\":\"https:\/\/sanluisinforma.com\/#website\"},\"primaryImageOfPage\":{\"@id\":\"https:\/\/sanluisinforma.com\/?p=5559#primaryimage\"},\"image\":{\"@id\":\"https:\/\/sanluisinforma.com\/?p=5559#primaryimage\"},\"thumbnailUrl\":\"https:\/\/sanluisinforma.com\/wp-content\/uploads\/2024\/05\/5f7d849a-54ef-4411-84de-931c349057da.jpg\",\"datePublished\":\"2024-05-27T06:50:00+00:00\",\"dateModified\":\"2024-05-27T00:02:13+00:00\",\"breadcrumb\":{\"@id\":\"https:\/\/sanluisinforma.com\/?p=5559#breadcrumb\"},\"inLanguage\":\"es\",\"potentialAction\":[{\"@type\":\"ReadAction\",\"target\":[\"https:\/\/sanluisinforma.com\/?p=5559\"]}]},{\"@type\":\"ImageObject\",\"inLanguage\":\"es\",\"@id\":\"https:\/\/sanluisinforma.com\/?p=5559#primaryimage\",\"url\":\"https:\/\/sanluisinforma.com\/wp-content\/uploads\/2024\/05\/5f7d849a-54ef-4411-84de-931c349057da.jpg\",\"contentUrl\":\"https:\/\/sanluisinforma.com\/wp-content\/uploads\/2024\/05\/5f7d849a-54ef-4411-84de-931c349057da.jpg\",\"width\":480,\"height\":319},{\"@type\":\"BreadcrumbList\",\"@id\":\"https:\/\/sanluisinforma.com\/?p=5559#breadcrumb\",\"itemListElement\":[{\"@type\":\"ListItem\",\"position\":1,\"name\":\"Inicio\",\"item\":\"https:\/\/sanluisinforma.com\/\"},{\"@type\":\"ListItem\",\"position\":2,\"name\":\"Gobierno Municipal inicia la Rehabilitaci\u00f3n de calles en la Delegaci\u00f3n de la Pila\"}]},{\"@type\":\"WebSite\",\"@id\":\"https:\/\/sanluisinforma.com\/#website\",\"url\":\"https:\/\/sanluisinforma.com\/\",\"name\":\"sanluisinforma.com\",\"description\":\"Periodico San Luis Informa\",\"publisher\":{\"@id\":\"https:\/\/sanluisinforma.com\/#organization\"},\"potentialAction\":[{\"@type\":\"SearchAction\",\"target\":{\"@type\":\"EntryPoint\",\"urlTemplate\":\"https:\/\/sanluisinforma.com\/?s={search_term_string}\"},\"query-input\":{\"@type\":\"PropertyValueSpecification\",\"valueRequired\":true,\"valueName\":\"search_term_string\"}}],\"inLanguage\":\"es\"},{\"@type\":\"Organization\",\"@id\":\"https:\/\/sanluisinforma.com\/#organization\",\"name\":\"sanluisinforma.com\",\"url\":\"https:\/\/sanluisinforma.com\/\",\"logo\":{\"@type\":\"ImageObject\",\"inLanguage\":\"es\",\"@id\":\"https:\/\/sanluisinforma.com\/#\/schema\/logo\/image\/\",\"url\":\"https:\/\/sanluisinforma.com\/wp-content\/uploads\/2026\/03\/sanluisinforma-V.jpg\",\"contentUrl\":\"https:\/\/sanluisinforma.com\/wp-content\/uploads\/2026\/03\/sanluisinforma-V.jpg\",\"width\":500,\"height\":156,\"caption\":\"sanluisinforma.com\"},\"image\":{\"@id\":\"https:\/\/sanluisinforma.com\/#\/schema\/logo\/image\/\"}},{\"@type\":\"Person\",\"@id\":\"https:\/\/sanluisinforma.com\/#\/schema\/person\/c30648f71476be533b6f59d092905c8b\",\"name\":\"sanluisinforma.com\",\"image\":{\"@type\":\"ImageObject\",\"inLanguage\":\"es\",\"@id\":\"https:\/\/sanluisinforma.com\/#\/schema\/person\/image\/\",\"url\":\"https:\/\/secure.gravatar.com\/avatar\/86e3114e34a1eecefb963e0a02f0093f93b092dddb2fe1517596343751081a87?s=96&d=mm&r=g\",\"contentUrl\":\"https:\/\/secure.gravatar.com\/avatar\/86e3114e34a1eecefb963e0a02f0093f93b092dddb2fe1517596343751081a87?s=96&d=mm&r=g\",\"caption\":\"sanluisinforma.com\"},\"url\":\"https:\/\/sanluisinforma.com\/?author=2\"}]}<\/script>\n<!-- \/ Yoast SEO plugin. -->","yoast_head_json":{"title":"Gobierno Municipal inicia la Rehabilitaci\u00f3n de calles en la Delegaci\u00f3n de la Pila - sanluisinforma.com","robots":{"index":"index","follow":"follow","max-snippet":"max-snippet:-1","max-image-preview":"max-image-preview:large","max-video-preview":"max-video-preview:-1"},"canonical":"https:\/\/sanluisinforma.com\/?p=5559","og_locale":"es_MX","og_type":"article","og_title":"Gobierno Municipal inicia la Rehabilitaci\u00f3n de calles en la Delegaci\u00f3n de la Pila - sanluisinforma.com","og_description":"&nbsp;Comenzaron ya los trabajos en la 3\u00aa Privada de Carranza, los que fueron supervisados por la alcaldesa de San Luis","og_url":"https:\/\/sanluisinforma.com\/?p=5559","og_site_name":"sanluisinforma.com","article_published_time":"2024-05-27T06:50:00+00:00","article_modified_time":"2024-05-27T00:02:13+00:00","og_image":[{"width":480,"height":319,"url":"https:\/\/sanluisinforma.com\/wp-content\/uploads\/2024\/05\/5f7d849a-54ef-4411-84de-931c349057da.jpg","type":"image\/jpeg"}],"author":"sanluisinforma.com","twitter_card":"summary_large_image","twitter_misc":{"Escrito por":"sanluisinforma.com","Tiempo de lectura":"2 minutos"},"schema":{"@context":"https:\/\/schema.org","@graph":[{"@type":"Article","@id":"https:\/\/sanluisinforma.com\/?p=5559#article","isPartOf":{"@id":"https:\/\/sanluisinforma.com\/?p=5559"},"author":{"name":"sanluisinforma.com","@id":"https:\/\/sanluisinforma.com\/#\/schema\/person\/c30648f71476be533b6f59d092905c8b"},"headline":"Gobierno Municipal inicia la Rehabilitaci\u00f3n de calles en la Delegaci\u00f3n de la Pila","datePublished":"2024-05-27T06:50:00+00:00","dateModified":"2024-05-27T00:02:13+00:00","mainEntityOfPage":{"@id":"https:\/\/sanluisinforma.com\/?p=5559"},"wordCount":328,"publisher":{"@id":"https:\/\/sanluisinforma.com\/#organization"},"image":{"@id":"https:\/\/sanluisinforma.com\/?p=5559#primaryimage"},"thumbnailUrl":"https:\/\/sanluisinforma.com\/wp-content\/uploads\/2024\/05\/5f7d849a-54ef-4411-84de-931c349057da.jpg","articleSection":["Local","Portada"],"inLanguage":"es"},{"@type":"WebPage","@id":"https:\/\/sanluisinforma.com\/?p=5559","url":"https:\/\/sanluisinforma.com\/?p=5559","name":"Gobierno Municipal inicia la Rehabilitaci\u00f3n de calles en la Delegaci\u00f3n de la Pila - sanluisinforma.com","isPartOf":{"@id":"https:\/\/sanluisinforma.com\/#website"},"primaryImageOfPage":{"@id":"https:\/\/sanluisinforma.com\/?p=5559#primaryimage"},"image":{"@id":"https:\/\/sanluisinforma.com\/?p=5559#primaryimage"},"thumbnailUrl":"https:\/\/sanluisinforma.com\/wp-content\/uploads\/2024\/05\/5f7d849a-54ef-4411-84de-931c349057da.jpg","datePublished":"2024-05-27T06:50:00+00:00","dateModified":"2024-05-27T00:02:13+00:00","breadcrumb":{"@id":"https:\/\/sanluisinforma.com\/?p=5559#breadcrumb"},"inLanguage":"es","potentialAction":[{"@type":"ReadAction","target":["https:\/\/sanluisinforma.com\/?p=5559"]}]},{"@type":"ImageObject","inLanguage":"es","@id":"https:\/\/sanluisinforma.com\/?p=5559#primaryimage","url":"https:\/\/sanluisinforma.com\/wp-content\/uploads\/2024\/05\/5f7d849a-54ef-4411-84de-931c349057da.jpg","contentUrl":"https:\/\/sanluisinforma.com\/wp-content\/uploads\/2024\/05\/5f7d849a-54ef-4411-84de-931c349057da.jpg","width":480,"height":319},{"@type":"BreadcrumbList","@id":"https:\/\/sanluisinforma.com\/?p=5559#breadcrumb","itemListElement":[{"@type":"ListItem","position":1,"name":"Inicio","item":"https:\/\/sanluisinforma.com\/"},{"@type":"ListItem","position":2,"name":"Gobierno Municipal inicia la Rehabilitaci\u00f3n de calles en la Delegaci\u00f3n de la Pila"}]},{"@type":"WebSite","@id":"https:\/\/sanluisinforma.com\/#website","url":"https:\/\/sanluisinforma.com\/","name":"sanluisinforma.com","description":"Periodico San Luis Informa","publisher":{"@id":"https:\/\/sanluisinforma.com\/#organization"},"potentialAction":[{"@type":"SearchAction","target":{"@type":"EntryPoint","urlTemplate":"https:\/\/sanluisinforma.com\/?s={search_term_string}"},"query-input":{"@type":"PropertyValueSpecification","valueRequired":true,"valueName":"search_term_string"}}],"inLanguage":"es"},{"@type":"Organization","@id":"https:\/\/sanluisinforma.com\/#organization","name":"sanluisinforma.com","url":"https:\/\/sanluisinforma.com\/","logo":{"@type":"ImageObject","inLanguage":"es","@id":"https:\/\/sanluisinforma.com\/#\/schema\/logo\/image\/","url":"https:\/\/sanluisinforma.com\/wp-content\/uploads\/2026\/03\/sanluisinforma-V.jpg","contentUrl":"https:\/\/sanluisinforma.com\/wp-content\/uploads\/2026\/03\/sanluisinforma-V.jpg","width":500,"height":156,"caption":"sanluisinforma.com"},"image":{"@id":"https:\/\/sanluisinforma.com\/#\/schema\/logo\/image\/"}},{"@type":"Person","@id":"https:\/\/sanluisinforma.com\/#\/schema\/person\/c30648f71476be533b6f59d092905c8b","name":"sanluisinforma.com","image":{"@type":"ImageObject","inLanguage":"es","@id":"https:\/\/sanluisinforma.com\/#\/schema\/person\/image\/","url":"https:\/\/secure.gravatar.com\/avatar\/86e3114e34a1eecefb963e0a02f0093f93b092dddb2fe1517596343751081a87?s=96&d=mm&r=g","contentUrl":"https:\/\/secure.gravatar.com\/avatar\/86e3114e34a1eecefb963e0a02f0093f93b092dddb2fe1517596343751081a87?s=96&d=mm&r=g","caption":"sanluisinforma.com"},"url":"https:\/\/sanluisinforma.com\/?author=2"}]}},"_links":{"self":[{"href":"https:\/\/sanluisinforma.com\/index.php?rest_route=\/wp\/v2\/posts\/5559","targetHints":{"allow":["GET"]}}],"collection":[{"href":"https:\/\/sanluisinforma.com\/index.php?rest_route=\/wp\/v2\/posts"}],"about":[{"href":"https:\/\/sanluisinforma.com\/index.php?rest_route=\/wp\/v2\/types\/post"}],"author":[{"embeddable":true,"href":"https:\/\/sanluisinforma.com\/index.php?rest_route=\/wp\/v2\/users\/2"}],"replies":[{"embeddable":true,"href":"https:\/\/sanluisinforma.com\/index.php?rest_route=%2Fwp%2Fv2%2Fcomments&post=5559"}],"version-history":[{"count":1,"href":"https:\/\/sanluisinforma.com\/index.php?rest_route=\/wp\/v2\/posts\/5559\/revisions"}],"predecessor-version":[{"id":5561,"href":"https:\/\/sanluisinforma.com\/index.php?rest_route=\/wp\/v2\/posts\/5559\/revisions\/5561"}],"wp:featuredmedia":[{"embeddable":true,"href":"https:\/\/sanluisinforma.com\/index.php?rest_route=\/wp\/v2\/media\/5560"}],"wp:attachment":[{"href":"https:\/\/sanluisinforma.com\/index.php?rest_route=%2Fwp%2Fv2%2Fmedia&parent=5559"}],"wp:term":[{"taxonomy":"category","embeddable":true,"href":"https:\/\/sanluisinforma.com\/index.php?rest_route=%2Fwp%2Fv2%2Fcategories&post=5559"},{"taxonomy":"post_tag","embeddable":true,"href":"https:\/\/sanluisinforma.com\/index.php?rest_route=%2Fwp%2Fv2%2Ftags&post=5559"}],"curies":[{"name":"wp","href":"https:\/\/api.w.org\/{rel}","templated":true}]}}