{"id":5696,"date":"2024-06-05T00:50:00","date_gmt":"2024-06-05T06:50:00","guid":{"rendered":"https:\/\/sanluisinforma.com\/?p=5696"},"modified":"2024-06-04T23:18:41","modified_gmt":"2024-06-05T05:18:41","slug":"gobierno-de-la-capital-llevo-el-martes-de-talacha-a-la-colonia-lomas-de-san-luis","status":"publish","type":"post","link":"https:\/\/sanluisinforma.com\/?p=5696","title":{"rendered":"Gobierno de la Capital llev\u00f3 el Martes de Talacha a la colonia Lomas de San Luis"},"content":{"rendered":"\n<p>Al igual que en otras zonas de la ciudad, vecinos unen esfuerzos con trabajadores del Ayuntamiento para el rescate y mejoramiento de los espacios p\u00fablicos.<\/p>\n\n\n\n<p>La alcaldesa interina Daniel Cid Gonz\u00e1lez encabez\u00f3 el Martes de Talacha, en el que, junto con personal de las direcciones de Servicios Municipales, as\u00ed como de Gesti\u00f3n Ecol\u00f3gica y Manejo de Residuos y con el apoyo de vecinos de la zona, realizaron trabajos de limpieza, arreglo de \u00e1reas verdes y rehabilitaci\u00f3n del alumbrado p\u00fablico en la colonia Lomas de San Luis.<\/p>\n\n\n\n<p>La presidenta municipal de la Capital agradeci\u00f3 a los habitantes de la zona y a los trabajadores del Ayuntamiento por su disposici\u00f3n para mejorar cada una de las zonas donde se han realizado trabajos de mantenimiento, pues se\u00f1al\u00f3 que con ello se sigue avanzando en tener un San Luis Potos\u00ed cada vez m\u00e1s limpio, con jardines m\u00e1s bonitos y con mejor alumbrado.<\/p>\n\n\n\n<p>Por su parte, el director de Servicios Municipales, Christian Azuara, inform\u00f3 que muchos de los trabajos se iniciaron este martes, pero continuar\u00e1n toda la semana sobre la calle R\u00edo Kennedy, desde la calle Tanqui\u00e1n hasta la Avenida Sierra Leona. Se continuar\u00e1 con el arreglo del camell\u00f3n central en la poda de \u00e1rboles, retiro de maleza y plantas secas; por el momento no se podr\u00e1n atender las solicitudes para reforestar con plantas de ornato, ya que por el excesivo calor las plantas podr\u00edan morir en poco tiempo.<\/p>\n\n\n\n<p>Christian Azuara mencion\u00f3 que trabajan de manera conjunta diversas \u00e1reas del Ayuntamiento, entre ellas la Secretar\u00eda del Bienestar, Obras P\u00fablicas, Ecolog\u00eda, Alumbrado y la Unidad de Gesti\u00f3n del Centro Hist\u00f3rico, entre otras.<\/p>\n","protected":false},"excerpt":{"rendered":"<p>Al igual que en otras zonas de la ciudad, vecinos unen esfuerzos con trabajadores del Ayuntamiento para el rescate y<\/p>\n","protected":false},"author":2,"featured_media":5697,"comment_status":"closed","ping_status":"closed","sticky":false,"template":"","format":"standard","meta":{"footnotes":""},"categories":[25,30],"tags":[],"class_list":["post-5696","post","type-post","status-publish","format-standard","has-post-thumbnail","hentry","category-local","category-portada"],"yoast_head":"<!-- This site is optimized with the Yoast SEO plugin v24.1 - https:\/\/yoast.com\/wordpress\/plugins\/seo\/ -->\n<title>Gobierno de la Capital llev\u00f3 el Martes de Talacha a la colonia Lomas de San Luis - sanluisinforma.com<\/title>\n<meta name=\"robots\" content=\"index, follow, max-snippet:-1, max-image-preview:large, max-video-preview:-1\" \/>\n<link rel=\"canonical\" href=\"https:\/\/sanluisinforma.com\/?p=5696\" \/>\n<meta property=\"og:locale\" content=\"es_MX\" \/>\n<meta property=\"og:type\" content=\"article\" \/>\n<meta property=\"og:title\" content=\"Gobierno de la Capital llev\u00f3 el Martes de Talacha a la colonia Lomas de San Luis - sanluisinforma.com\" \/>\n<meta property=\"og:description\" content=\"Al igual que en otras zonas de la ciudad, vecinos unen esfuerzos con trabajadores del Ayuntamiento para el rescate y\" \/>\n<meta property=\"og:url\" content=\"https:\/\/sanluisinforma.com\/?p=5696\" \/>\n<meta property=\"og:site_name\" content=\"sanluisinforma.com\" \/>\n<meta property=\"article:published_time\" content=\"2024-06-05T06:50:00+00:00\" \/>\n<meta property=\"article:modified_time\" content=\"2024-06-05T05:18:41+00:00\" \/>\n<meta property=\"og:image\" content=\"https:\/\/sanluisinforma.com\/wp-content\/uploads\/2024\/06\/06e5d9a2-bc06-4d28-bc83-ae42a079dcbc.jpg\" \/>\n\t<meta property=\"og:image:width\" content=\"480\" \/>\n\t<meta property=\"og:image:height\" content=\"319\" \/>\n\t<meta property=\"og:image:type\" content=\"image\/jpeg\" \/>\n<meta name=\"author\" content=\"sanluisinforma.com\" \/>\n<meta name=\"twitter:card\" content=\"summary_large_image\" \/>\n<meta name=\"twitter:label1\" content=\"Escrito por\" \/>\n\t<meta name=\"twitter:data1\" content=\"sanluisinforma.com\" \/>\n\t<meta name=\"twitter:label2\" content=\"Tiempo de lectura\" \/>\n\t<meta name=\"twitter:data2\" content=\"2 minutos\" \/>\n<script type=\"application\/ld+json\" class=\"yoast-schema-graph\">{\"@context\":\"https:\/\/schema.org\",\"@graph\":[{\"@type\":\"Article\",\"@id\":\"https:\/\/sanluisinforma.com\/?p=5696#article\",\"isPartOf\":{\"@id\":\"https:\/\/sanluisinforma.com\/?p=5696\"},\"author\":{\"name\":\"sanluisinforma.com\",\"@id\":\"https:\/\/sanluisinforma.com\/#\/schema\/person\/c30648f71476be533b6f59d092905c8b\"},\"headline\":\"Gobierno de la Capital llev\u00f3 el Martes de Talacha a la colonia Lomas de San Luis\",\"datePublished\":\"2024-06-05T06:50:00+00:00\",\"dateModified\":\"2024-06-05T05:18:41+00:00\",\"mainEntityOfPage\":{\"@id\":\"https:\/\/sanluisinforma.com\/?p=5696\"},\"wordCount\":303,\"publisher\":{\"@id\":\"https:\/\/sanluisinforma.com\/#organization\"},\"image\":{\"@id\":\"https:\/\/sanluisinforma.com\/?p=5696#primaryimage\"},\"thumbnailUrl\":\"https:\/\/sanluisinforma.com\/wp-content\/uploads\/2024\/06\/06e5d9a2-bc06-4d28-bc83-ae42a079dcbc.jpg\",\"articleSection\":[\"Local\",\"Portada\"],\"inLanguage\":\"es\"},{\"@type\":\"WebPage\",\"@id\":\"https:\/\/sanluisinforma.com\/?p=5696\",\"url\":\"https:\/\/sanluisinforma.com\/?p=5696\",\"name\":\"Gobierno de la Capital llev\u00f3 el Martes de Talacha a la colonia Lomas de San Luis - sanluisinforma.com\",\"isPartOf\":{\"@id\":\"https:\/\/sanluisinforma.com\/#website\"},\"primaryImageOfPage\":{\"@id\":\"https:\/\/sanluisinforma.com\/?p=5696#primaryimage\"},\"image\":{\"@id\":\"https:\/\/sanluisinforma.com\/?p=5696#primaryimage\"},\"thumbnailUrl\":\"https:\/\/sanluisinforma.com\/wp-content\/uploads\/2024\/06\/06e5d9a2-bc06-4d28-bc83-ae42a079dcbc.jpg\",\"datePublished\":\"2024-06-05T06:50:00+00:00\",\"dateModified\":\"2024-06-05T05:18:41+00:00\",\"breadcrumb\":{\"@id\":\"https:\/\/sanluisinforma.com\/?p=5696#breadcrumb\"},\"inLanguage\":\"es\",\"potentialAction\":[{\"@type\":\"ReadAction\",\"target\":[\"https:\/\/sanluisinforma.com\/?p=5696\"]}]},{\"@type\":\"ImageObject\",\"inLanguage\":\"es\",\"@id\":\"https:\/\/sanluisinforma.com\/?p=5696#primaryimage\",\"url\":\"https:\/\/sanluisinforma.com\/wp-content\/uploads\/2024\/06\/06e5d9a2-bc06-4d28-bc83-ae42a079dcbc.jpg\",\"contentUrl\":\"https:\/\/sanluisinforma.com\/wp-content\/uploads\/2024\/06\/06e5d9a2-bc06-4d28-bc83-ae42a079dcbc.jpg\",\"width\":480,\"height\":319},{\"@type\":\"BreadcrumbList\",\"@id\":\"https:\/\/sanluisinforma.com\/?p=5696#breadcrumb\",\"itemListElement\":[{\"@type\":\"ListItem\",\"position\":1,\"name\":\"Inicio\",\"item\":\"https:\/\/sanluisinforma.com\/\"},{\"@type\":\"ListItem\",\"position\":2,\"name\":\"Gobierno de la Capital llev\u00f3 el Martes de Talacha a la colonia Lomas de San Luis\"}]},{\"@type\":\"WebSite\",\"@id\":\"https:\/\/sanluisinforma.com\/#website\",\"url\":\"https:\/\/sanluisinforma.com\/\",\"name\":\"sanluisinforma.com\",\"description\":\"Periodico San Luis Informa\",\"publisher\":{\"@id\":\"https:\/\/sanluisinforma.com\/#organization\"},\"potentialAction\":[{\"@type\":\"SearchAction\",\"target\":{\"@type\":\"EntryPoint\",\"urlTemplate\":\"https:\/\/sanluisinforma.com\/?s={search_term_string}\"},\"query-input\":{\"@type\":\"PropertyValueSpecification\",\"valueRequired\":true,\"valueName\":\"search_term_string\"}}],\"inLanguage\":\"es\"},{\"@type\":\"Organization\",\"@id\":\"https:\/\/sanluisinforma.com\/#organization\",\"name\":\"sanluisinforma.com\",\"url\":\"https:\/\/sanluisinforma.com\/\",\"logo\":{\"@type\":\"ImageObject\",\"inLanguage\":\"es\",\"@id\":\"https:\/\/sanluisinforma.com\/#\/schema\/logo\/image\/\",\"url\":\"https:\/\/sanluisinforma.com\/wp-content\/uploads\/2026\/03\/sanluisinforma-V.jpg\",\"contentUrl\":\"https:\/\/sanluisinforma.com\/wp-content\/uploads\/2026\/03\/sanluisinforma-V.jpg\",\"width\":500,\"height\":156,\"caption\":\"sanluisinforma.com\"},\"image\":{\"@id\":\"https:\/\/sanluisinforma.com\/#\/schema\/logo\/image\/\"}},{\"@type\":\"Person\",\"@id\":\"https:\/\/sanluisinforma.com\/#\/schema\/person\/c30648f71476be533b6f59d092905c8b\",\"name\":\"sanluisinforma.com\",\"image\":{\"@type\":\"ImageObject\",\"inLanguage\":\"es\",\"@id\":\"https:\/\/sanluisinforma.com\/#\/schema\/person\/image\/\",\"url\":\"https:\/\/secure.gravatar.com\/avatar\/86e3114e34a1eecefb963e0a02f0093f93b092dddb2fe1517596343751081a87?s=96&d=mm&r=g\",\"contentUrl\":\"https:\/\/secure.gravatar.com\/avatar\/86e3114e34a1eecefb963e0a02f0093f93b092dddb2fe1517596343751081a87?s=96&d=mm&r=g\",\"caption\":\"sanluisinforma.com\"},\"url\":\"https:\/\/sanluisinforma.com\/?author=2\"}]}<\/script>\n<!-- \/ Yoast SEO plugin. -->","yoast_head_json":{"title":"Gobierno de la Capital llev\u00f3 el Martes de Talacha a la colonia Lomas de San Luis - sanluisinforma.com","robots":{"index":"index","follow":"follow","max-snippet":"max-snippet:-1","max-image-preview":"max-image-preview:large","max-video-preview":"max-video-preview:-1"},"canonical":"https:\/\/sanluisinforma.com\/?p=5696","og_locale":"es_MX","og_type":"article","og_title":"Gobierno de la Capital llev\u00f3 el Martes de Talacha a la colonia Lomas de San Luis - sanluisinforma.com","og_description":"Al igual que en otras zonas de la ciudad, vecinos unen esfuerzos con trabajadores del Ayuntamiento para el rescate y","og_url":"https:\/\/sanluisinforma.com\/?p=5696","og_site_name":"sanluisinforma.com","article_published_time":"2024-06-05T06:50:00+00:00","article_modified_time":"2024-06-05T05:18:41+00:00","og_image":[{"width":480,"height":319,"url":"https:\/\/sanluisinforma.com\/wp-content\/uploads\/2024\/06\/06e5d9a2-bc06-4d28-bc83-ae42a079dcbc.jpg","type":"image\/jpeg"}],"author":"sanluisinforma.com","twitter_card":"summary_large_image","twitter_misc":{"Escrito por":"sanluisinforma.com","Tiempo de lectura":"2 minutos"},"schema":{"@context":"https:\/\/schema.org","@graph":[{"@type":"Article","@id":"https:\/\/sanluisinforma.com\/?p=5696#article","isPartOf":{"@id":"https:\/\/sanluisinforma.com\/?p=5696"},"author":{"name":"sanluisinforma.com","@id":"https:\/\/sanluisinforma.com\/#\/schema\/person\/c30648f71476be533b6f59d092905c8b"},"headline":"Gobierno de la Capital llev\u00f3 el Martes de Talacha a la colonia Lomas de San Luis","datePublished":"2024-06-05T06:50:00+00:00","dateModified":"2024-06-05T05:18:41+00:00","mainEntityOfPage":{"@id":"https:\/\/sanluisinforma.com\/?p=5696"},"wordCount":303,"publisher":{"@id":"https:\/\/sanluisinforma.com\/#organization"},"image":{"@id":"https:\/\/sanluisinforma.com\/?p=5696#primaryimage"},"thumbnailUrl":"https:\/\/sanluisinforma.com\/wp-content\/uploads\/2024\/06\/06e5d9a2-bc06-4d28-bc83-ae42a079dcbc.jpg","articleSection":["Local","Portada"],"inLanguage":"es"},{"@type":"WebPage","@id":"https:\/\/sanluisinforma.com\/?p=5696","url":"https:\/\/sanluisinforma.com\/?p=5696","name":"Gobierno de la Capital llev\u00f3 el Martes de Talacha a la colonia Lomas de San Luis - sanluisinforma.com","isPartOf":{"@id":"https:\/\/sanluisinforma.com\/#website"},"primaryImageOfPage":{"@id":"https:\/\/sanluisinforma.com\/?p=5696#primaryimage"},"image":{"@id":"https:\/\/sanluisinforma.com\/?p=5696#primaryimage"},"thumbnailUrl":"https:\/\/sanluisinforma.com\/wp-content\/uploads\/2024\/06\/06e5d9a2-bc06-4d28-bc83-ae42a079dcbc.jpg","datePublished":"2024-06-05T06:50:00+00:00","dateModified":"2024-06-05T05:18:41+00:00","breadcrumb":{"@id":"https:\/\/sanluisinforma.com\/?p=5696#breadcrumb"},"inLanguage":"es","potentialAction":[{"@type":"ReadAction","target":["https:\/\/sanluisinforma.com\/?p=5696"]}]},{"@type":"ImageObject","inLanguage":"es","@id":"https:\/\/sanluisinforma.com\/?p=5696#primaryimage","url":"https:\/\/sanluisinforma.com\/wp-content\/uploads\/2024\/06\/06e5d9a2-bc06-4d28-bc83-ae42a079dcbc.jpg","contentUrl":"https:\/\/sanluisinforma.com\/wp-content\/uploads\/2024\/06\/06e5d9a2-bc06-4d28-bc83-ae42a079dcbc.jpg","width":480,"height":319},{"@type":"BreadcrumbList","@id":"https:\/\/sanluisinforma.com\/?p=5696#breadcrumb","itemListElement":[{"@type":"ListItem","position":1,"name":"Inicio","item":"https:\/\/sanluisinforma.com\/"},{"@type":"ListItem","position":2,"name":"Gobierno de la Capital llev\u00f3 el Martes de Talacha a la colonia Lomas de San Luis"}]},{"@type":"WebSite","@id":"https:\/\/sanluisinforma.com\/#website","url":"https:\/\/sanluisinforma.com\/","name":"sanluisinforma.com","description":"Periodico San Luis Informa","publisher":{"@id":"https:\/\/sanluisinforma.com\/#organization"},"potentialAction":[{"@type":"SearchAction","target":{"@type":"EntryPoint","urlTemplate":"https:\/\/sanluisinforma.com\/?s={search_term_string}"},"query-input":{"@type":"PropertyValueSpecification","valueRequired":true,"valueName":"search_term_string"}}],"inLanguage":"es"},{"@type":"Organization","@id":"https:\/\/sanluisinforma.com\/#organization","name":"sanluisinforma.com","url":"https:\/\/sanluisinforma.com\/","logo":{"@type":"ImageObject","inLanguage":"es","@id":"https:\/\/sanluisinforma.com\/#\/schema\/logo\/image\/","url":"https:\/\/sanluisinforma.com\/wp-content\/uploads\/2026\/03\/sanluisinforma-V.jpg","contentUrl":"https:\/\/sanluisinforma.com\/wp-content\/uploads\/2026\/03\/sanluisinforma-V.jpg","width":500,"height":156,"caption":"sanluisinforma.com"},"image":{"@id":"https:\/\/sanluisinforma.com\/#\/schema\/logo\/image\/"}},{"@type":"Person","@id":"https:\/\/sanluisinforma.com\/#\/schema\/person\/c30648f71476be533b6f59d092905c8b","name":"sanluisinforma.com","image":{"@type":"ImageObject","inLanguage":"es","@id":"https:\/\/sanluisinforma.com\/#\/schema\/person\/image\/","url":"https:\/\/secure.gravatar.com\/avatar\/86e3114e34a1eecefb963e0a02f0093f93b092dddb2fe1517596343751081a87?s=96&d=mm&r=g","contentUrl":"https:\/\/secure.gravatar.com\/avatar\/86e3114e34a1eecefb963e0a02f0093f93b092dddb2fe1517596343751081a87?s=96&d=mm&r=g","caption":"sanluisinforma.com"},"url":"https:\/\/sanluisinforma.com\/?author=2"}]}},"_links":{"self":[{"href":"https:\/\/sanluisinforma.com\/index.php?rest_route=\/wp\/v2\/posts\/5696","targetHints":{"allow":["GET"]}}],"collection":[{"href":"https:\/\/sanluisinforma.com\/index.php?rest_route=\/wp\/v2\/posts"}],"about":[{"href":"https:\/\/sanluisinforma.com\/index.php?rest_route=\/wp\/v2\/types\/post"}],"author":[{"embeddable":true,"href":"https:\/\/sanluisinforma.com\/index.php?rest_route=\/wp\/v2\/users\/2"}],"replies":[{"embeddable":true,"href":"https:\/\/sanluisinforma.com\/index.php?rest_route=%2Fwp%2Fv2%2Fcomments&post=5696"}],"version-history":[{"count":1,"href":"https:\/\/sanluisinforma.com\/index.php?rest_route=\/wp\/v2\/posts\/5696\/revisions"}],"predecessor-version":[{"id":5698,"href":"https:\/\/sanluisinforma.com\/index.php?rest_route=\/wp\/v2\/posts\/5696\/revisions\/5698"}],"wp:featuredmedia":[{"embeddable":true,"href":"https:\/\/sanluisinforma.com\/index.php?rest_route=\/wp\/v2\/media\/5697"}],"wp:attachment":[{"href":"https:\/\/sanluisinforma.com\/index.php?rest_route=%2Fwp%2Fv2%2Fmedia&parent=5696"}],"wp:term":[{"taxonomy":"category","embeddable":true,"href":"https:\/\/sanluisinforma.com\/index.php?rest_route=%2Fwp%2Fv2%2Fcategories&post=5696"},{"taxonomy":"post_tag","embeddable":true,"href":"https:\/\/sanluisinforma.com\/index.php?rest_route=%2Fwp%2Fv2%2Ftags&post=5696"}],"curies":[{"name":"wp","href":"https:\/\/api.w.org\/{rel}","templated":true}]}}