{"id":6631,"date":"2024-08-01T00:45:00","date_gmt":"2024-08-01T06:45:00","guid":{"rendered":"https:\/\/sanluisinforma.com\/?p=6631"},"modified":"2024-07-31T22:13:15","modified_gmt":"2024-08-01T04:13:15","slug":"como-ciudad-del-aprendizaje-de-la-unesco-san-luis-capital-fomenta-los-talentos-de-tu-comunidad","status":"publish","type":"post","link":"https:\/\/sanluisinforma.com\/?p=6631","title":{"rendered":"Como Ciudad del Aprendizaje de la Unesco, San Luis Capital fomenta los \u201cTalentos de tu Comunidad\u201d"},"content":{"rendered":"\n<p>Para seguir consolidando la Ciudad del Aprendizaje, como fue declarada San Luis Capital por la Unesco, el Alcalde Enrique Galindo Ceballos y el coordinador ejecutivo de la Red de Ciudades del Aprendizaje de M\u00e9xico, Luis Gonz\u00e1lez Arenal, encabezaron el banderazo de arranque de la unidad motora que recorrer\u00e1 la ciudad en busca de talentos de potosinas y potosinos, desde infantes hasta la adultez: \u201cVamos a buscar el aprendizaje en los barrios, en las comunidades, porque hay una gran cantidad de talento que est\u00e1 a flor de piel para compartirlo\u201d, expres\u00f3 el Presidente Municipal.<\/p>\n\n\n\n<p>Afirm\u00f3 el Alcalde que se comprometer\u00e1 a\u00fan m\u00e1s con la Unesco, creando un cat\u00e1logo de los talentos que se vayan encontrando en San Luis Capital, como el que ya existe en Cultura que enlista a los artistas potosinos, el CAPO. \u201cEl esp\u00edritu del programa es compartirlo entre nosotros, pero yo quisiera que se compartiera a nivel internacional como una aportaci\u00f3n a las Ciudades del Aprendizaje\u201d, manifest\u00f3 Galindo Ceballos.<\/p>\n\n\n\n<p>El Presidente Municipal mencion\u00f3 que, desde el Gobierno de la Capital, ser\u00e1 un ejercicio transversal de pol\u00edtica p\u00fablica para convertir a San Luis Potos\u00ed en el mejor modelo. \u201cDe las trece Ciudades del Aprendizaje del pa\u00eds, San Luis tiene que destacar. Vamos a tomar el reto con mucha seriedad\u201d, afirm\u00f3 Enrique Galindo.<\/p>\n\n\n\n<p>En su intervenci\u00f3n, Luis Gonz\u00e1lez Arenal, explic\u00f3 que la funci\u00f3n del motocarro es instalarse afuera de lugares en los que haya multitud, mercados, plazas p\u00fablicas, para fomentar por ejemplo la lectura, o el aprendizaje a trav\u00e9s del juego, como la loter\u00eda. \u201cPara que la comunidad adquiera conocimientos que pueden iniciar con datos curiosos, porque lo que sorprende se aprende\u201d, coment\u00f3 el coordinador de la Red en M\u00e9xico. Expres\u00f3 Gonz\u00e1lez Arenal el agradecimiento al ayuntamiento que encabeza el alcalde Enrique Galindo, y augur\u00f3 el \u00e9xito del programa, \u201cva a ser sensacional\u201d, acot\u00f3.<\/p>\n\n\n\n<p>Por su parte, la Directora de Educaci\u00f3n, Dulce Karina Benavides \u00c1vila, dijo que Talentos de tu Comunidad es para dar a conocer lo que ya existe a la poblaci\u00f3n, y al mismo tiempo ser la plataforma para exponerlos, porque a menudo pasan desapercibidos: \u201cpor ejemplo, la se\u00f1ora que sabe tejer, el se\u00f1or que sabe cocinar, el joven que dibuja. Estamos ansiosos por descubrir cu\u00e1nto talento hay en nuestra ciudad\u201d, dijo la funcionaria municipal.<\/p>\n","protected":false},"excerpt":{"rendered":"<p>Para seguir consolidando la Ciudad del Aprendizaje, como fue declarada San Luis Capital por la Unesco, el Alcalde Enrique Galindo<\/p>\n","protected":false},"author":2,"featured_media":6632,"comment_status":"closed","ping_status":"closed","sticky":false,"template":"","format":"standard","meta":{"footnotes":""},"categories":[25,30],"tags":[],"class_list":["post-6631","post","type-post","status-publish","format-standard","has-post-thumbnail","hentry","category-local","category-portada"],"yoast_head":"<!-- This site is optimized with the Yoast SEO plugin v24.1 - https:\/\/yoast.com\/wordpress\/plugins\/seo\/ -->\n<title>Como Ciudad del Aprendizaje de la Unesco, San Luis Capital fomenta los \u201cTalentos de tu Comunidad\u201d - sanluisinforma.com<\/title>\n<meta name=\"robots\" content=\"index, follow, max-snippet:-1, max-image-preview:large, max-video-preview:-1\" \/>\n<link rel=\"canonical\" href=\"https:\/\/sanluisinforma.com\/?p=6631\" \/>\n<meta property=\"og:locale\" content=\"es_MX\" \/>\n<meta property=\"og:type\" content=\"article\" \/>\n<meta property=\"og:title\" content=\"Como Ciudad del Aprendizaje de la Unesco, San Luis Capital fomenta los \u201cTalentos de tu Comunidad\u201d - sanluisinforma.com\" \/>\n<meta property=\"og:description\" content=\"Para seguir consolidando la Ciudad del Aprendizaje, como fue declarada San Luis Capital por la Unesco, el Alcalde Enrique Galindo\" \/>\n<meta property=\"og:url\" content=\"https:\/\/sanluisinforma.com\/?p=6631\" \/>\n<meta property=\"og:site_name\" content=\"sanluisinforma.com\" \/>\n<meta property=\"article:published_time\" content=\"2024-08-01T06:45:00+00:00\" \/>\n<meta property=\"article:modified_time\" content=\"2024-08-01T04:13:15+00:00\" \/>\n<meta property=\"og:image\" content=\"https:\/\/sanluisinforma.com\/wp-content\/uploads\/2024\/07\/5b2f63d1-fd02-4cf3-a068-c30503fd28a0.jpg\" \/>\n\t<meta property=\"og:image:width\" content=\"480\" \/>\n\t<meta property=\"og:image:height\" content=\"319\" \/>\n\t<meta property=\"og:image:type\" content=\"image\/jpeg\" \/>\n<meta name=\"author\" content=\"sanluisinforma.com\" \/>\n<meta name=\"twitter:card\" content=\"summary_large_image\" \/>\n<meta name=\"twitter:label1\" content=\"Escrito por\" \/>\n\t<meta name=\"twitter:data1\" content=\"sanluisinforma.com\" \/>\n\t<meta name=\"twitter:label2\" content=\"Tiempo de lectura\" \/>\n\t<meta name=\"twitter:data2\" content=\"2 minutos\" \/>\n<script type=\"application\/ld+json\" class=\"yoast-schema-graph\">{\"@context\":\"https:\/\/schema.org\",\"@graph\":[{\"@type\":\"Article\",\"@id\":\"https:\/\/sanluisinforma.com\/?p=6631#article\",\"isPartOf\":{\"@id\":\"https:\/\/sanluisinforma.com\/?p=6631\"},\"author\":{\"name\":\"sanluisinforma.com\",\"@id\":\"https:\/\/sanluisinforma.com\/#\/schema\/person\/c30648f71476be533b6f59d092905c8b\"},\"headline\":\"Como Ciudad del Aprendizaje de la Unesco, San Luis Capital fomenta los \u201cTalentos de tu Comunidad\u201d\",\"datePublished\":\"2024-08-01T06:45:00+00:00\",\"dateModified\":\"2024-08-01T04:13:15+00:00\",\"mainEntityOfPage\":{\"@id\":\"https:\/\/sanluisinforma.com\/?p=6631\"},\"wordCount\":416,\"publisher\":{\"@id\":\"https:\/\/sanluisinforma.com\/#organization\"},\"image\":{\"@id\":\"https:\/\/sanluisinforma.com\/?p=6631#primaryimage\"},\"thumbnailUrl\":\"https:\/\/sanluisinforma.com\/wp-content\/uploads\/2024\/07\/5b2f63d1-fd02-4cf3-a068-c30503fd28a0.jpg\",\"articleSection\":[\"Local\",\"Portada\"],\"inLanguage\":\"es\"},{\"@type\":\"WebPage\",\"@id\":\"https:\/\/sanluisinforma.com\/?p=6631\",\"url\":\"https:\/\/sanluisinforma.com\/?p=6631\",\"name\":\"Como Ciudad del Aprendizaje de la Unesco, San Luis Capital fomenta los \u201cTalentos de tu Comunidad\u201d - sanluisinforma.com\",\"isPartOf\":{\"@id\":\"https:\/\/sanluisinforma.com\/#website\"},\"primaryImageOfPage\":{\"@id\":\"https:\/\/sanluisinforma.com\/?p=6631#primaryimage\"},\"image\":{\"@id\":\"https:\/\/sanluisinforma.com\/?p=6631#primaryimage\"},\"thumbnailUrl\":\"https:\/\/sanluisinforma.com\/wp-content\/uploads\/2024\/07\/5b2f63d1-fd02-4cf3-a068-c30503fd28a0.jpg\",\"datePublished\":\"2024-08-01T06:45:00+00:00\",\"dateModified\":\"2024-08-01T04:13:15+00:00\",\"breadcrumb\":{\"@id\":\"https:\/\/sanluisinforma.com\/?p=6631#breadcrumb\"},\"inLanguage\":\"es\",\"potentialAction\":[{\"@type\":\"ReadAction\",\"target\":[\"https:\/\/sanluisinforma.com\/?p=6631\"]}]},{\"@type\":\"ImageObject\",\"inLanguage\":\"es\",\"@id\":\"https:\/\/sanluisinforma.com\/?p=6631#primaryimage\",\"url\":\"https:\/\/sanluisinforma.com\/wp-content\/uploads\/2024\/07\/5b2f63d1-fd02-4cf3-a068-c30503fd28a0.jpg\",\"contentUrl\":\"https:\/\/sanluisinforma.com\/wp-content\/uploads\/2024\/07\/5b2f63d1-fd02-4cf3-a068-c30503fd28a0.jpg\",\"width\":480,\"height\":319},{\"@type\":\"BreadcrumbList\",\"@id\":\"https:\/\/sanluisinforma.com\/?p=6631#breadcrumb\",\"itemListElement\":[{\"@type\":\"ListItem\",\"position\":1,\"name\":\"Inicio\",\"item\":\"https:\/\/sanluisinforma.com\/\"},{\"@type\":\"ListItem\",\"position\":2,\"name\":\"Como Ciudad del Aprendizaje de la Unesco, San Luis Capital fomenta los \u201cTalentos de tu Comunidad\u201d\"}]},{\"@type\":\"WebSite\",\"@id\":\"https:\/\/sanluisinforma.com\/#website\",\"url\":\"https:\/\/sanluisinforma.com\/\",\"name\":\"sanluisinforma.com\",\"description\":\"Periodico San Luis Informa\",\"publisher\":{\"@id\":\"https:\/\/sanluisinforma.com\/#organization\"},\"potentialAction\":[{\"@type\":\"SearchAction\",\"target\":{\"@type\":\"EntryPoint\",\"urlTemplate\":\"https:\/\/sanluisinforma.com\/?s={search_term_string}\"},\"query-input\":{\"@type\":\"PropertyValueSpecification\",\"valueRequired\":true,\"valueName\":\"search_term_string\"}}],\"inLanguage\":\"es\"},{\"@type\":\"Organization\",\"@id\":\"https:\/\/sanluisinforma.com\/#organization\",\"name\":\"sanluisinforma.com\",\"url\":\"https:\/\/sanluisinforma.com\/\",\"logo\":{\"@type\":\"ImageObject\",\"inLanguage\":\"es\",\"@id\":\"https:\/\/sanluisinforma.com\/#\/schema\/logo\/image\/\",\"url\":\"https:\/\/sanluisinforma.com\/wp-content\/uploads\/2026\/03\/sanluisinforma-V.jpg\",\"contentUrl\":\"https:\/\/sanluisinforma.com\/wp-content\/uploads\/2026\/03\/sanluisinforma-V.jpg\",\"width\":500,\"height\":156,\"caption\":\"sanluisinforma.com\"},\"image\":{\"@id\":\"https:\/\/sanluisinforma.com\/#\/schema\/logo\/image\/\"}},{\"@type\":\"Person\",\"@id\":\"https:\/\/sanluisinforma.com\/#\/schema\/person\/c30648f71476be533b6f59d092905c8b\",\"name\":\"sanluisinforma.com\",\"image\":{\"@type\":\"ImageObject\",\"inLanguage\":\"es\",\"@id\":\"https:\/\/sanluisinforma.com\/#\/schema\/person\/image\/\",\"url\":\"https:\/\/secure.gravatar.com\/avatar\/86e3114e34a1eecefb963e0a02f0093f93b092dddb2fe1517596343751081a87?s=96&d=mm&r=g\",\"contentUrl\":\"https:\/\/secure.gravatar.com\/avatar\/86e3114e34a1eecefb963e0a02f0093f93b092dddb2fe1517596343751081a87?s=96&d=mm&r=g\",\"caption\":\"sanluisinforma.com\"},\"url\":\"https:\/\/sanluisinforma.com\/?author=2\"}]}<\/script>\n<!-- \/ Yoast SEO plugin. -->","yoast_head_json":{"title":"Como Ciudad del Aprendizaje de la Unesco, San Luis Capital fomenta los \u201cTalentos de tu Comunidad\u201d - sanluisinforma.com","robots":{"index":"index","follow":"follow","max-snippet":"max-snippet:-1","max-image-preview":"max-image-preview:large","max-video-preview":"max-video-preview:-1"},"canonical":"https:\/\/sanluisinforma.com\/?p=6631","og_locale":"es_MX","og_type":"article","og_title":"Como Ciudad del Aprendizaje de la Unesco, San Luis Capital fomenta los \u201cTalentos de tu Comunidad\u201d - sanluisinforma.com","og_description":"Para seguir consolidando la Ciudad del Aprendizaje, como fue declarada San Luis Capital por la Unesco, el Alcalde Enrique Galindo","og_url":"https:\/\/sanluisinforma.com\/?p=6631","og_site_name":"sanluisinforma.com","article_published_time":"2024-08-01T06:45:00+00:00","article_modified_time":"2024-08-01T04:13:15+00:00","og_image":[{"width":480,"height":319,"url":"https:\/\/sanluisinforma.com\/wp-content\/uploads\/2024\/07\/5b2f63d1-fd02-4cf3-a068-c30503fd28a0.jpg","type":"image\/jpeg"}],"author":"sanluisinforma.com","twitter_card":"summary_large_image","twitter_misc":{"Escrito por":"sanluisinforma.com","Tiempo de lectura":"2 minutos"},"schema":{"@context":"https:\/\/schema.org","@graph":[{"@type":"Article","@id":"https:\/\/sanluisinforma.com\/?p=6631#article","isPartOf":{"@id":"https:\/\/sanluisinforma.com\/?p=6631"},"author":{"name":"sanluisinforma.com","@id":"https:\/\/sanluisinforma.com\/#\/schema\/person\/c30648f71476be533b6f59d092905c8b"},"headline":"Como Ciudad del Aprendizaje de la Unesco, San Luis Capital fomenta los \u201cTalentos de tu Comunidad\u201d","datePublished":"2024-08-01T06:45:00+00:00","dateModified":"2024-08-01T04:13:15+00:00","mainEntityOfPage":{"@id":"https:\/\/sanluisinforma.com\/?p=6631"},"wordCount":416,"publisher":{"@id":"https:\/\/sanluisinforma.com\/#organization"},"image":{"@id":"https:\/\/sanluisinforma.com\/?p=6631#primaryimage"},"thumbnailUrl":"https:\/\/sanluisinforma.com\/wp-content\/uploads\/2024\/07\/5b2f63d1-fd02-4cf3-a068-c30503fd28a0.jpg","articleSection":["Local","Portada"],"inLanguage":"es"},{"@type":"WebPage","@id":"https:\/\/sanluisinforma.com\/?p=6631","url":"https:\/\/sanluisinforma.com\/?p=6631","name":"Como Ciudad del Aprendizaje de la Unesco, San Luis Capital fomenta los \u201cTalentos de tu Comunidad\u201d - sanluisinforma.com","isPartOf":{"@id":"https:\/\/sanluisinforma.com\/#website"},"primaryImageOfPage":{"@id":"https:\/\/sanluisinforma.com\/?p=6631#primaryimage"},"image":{"@id":"https:\/\/sanluisinforma.com\/?p=6631#primaryimage"},"thumbnailUrl":"https:\/\/sanluisinforma.com\/wp-content\/uploads\/2024\/07\/5b2f63d1-fd02-4cf3-a068-c30503fd28a0.jpg","datePublished":"2024-08-01T06:45:00+00:00","dateModified":"2024-08-01T04:13:15+00:00","breadcrumb":{"@id":"https:\/\/sanluisinforma.com\/?p=6631#breadcrumb"},"inLanguage":"es","potentialAction":[{"@type":"ReadAction","target":["https:\/\/sanluisinforma.com\/?p=6631"]}]},{"@type":"ImageObject","inLanguage":"es","@id":"https:\/\/sanluisinforma.com\/?p=6631#primaryimage","url":"https:\/\/sanluisinforma.com\/wp-content\/uploads\/2024\/07\/5b2f63d1-fd02-4cf3-a068-c30503fd28a0.jpg","contentUrl":"https:\/\/sanluisinforma.com\/wp-content\/uploads\/2024\/07\/5b2f63d1-fd02-4cf3-a068-c30503fd28a0.jpg","width":480,"height":319},{"@type":"BreadcrumbList","@id":"https:\/\/sanluisinforma.com\/?p=6631#breadcrumb","itemListElement":[{"@type":"ListItem","position":1,"name":"Inicio","item":"https:\/\/sanluisinforma.com\/"},{"@type":"ListItem","position":2,"name":"Como Ciudad del Aprendizaje de la Unesco, San Luis Capital fomenta los \u201cTalentos de tu Comunidad\u201d"}]},{"@type":"WebSite","@id":"https:\/\/sanluisinforma.com\/#website","url":"https:\/\/sanluisinforma.com\/","name":"sanluisinforma.com","description":"Periodico San Luis Informa","publisher":{"@id":"https:\/\/sanluisinforma.com\/#organization"},"potentialAction":[{"@type":"SearchAction","target":{"@type":"EntryPoint","urlTemplate":"https:\/\/sanluisinforma.com\/?s={search_term_string}"},"query-input":{"@type":"PropertyValueSpecification","valueRequired":true,"valueName":"search_term_string"}}],"inLanguage":"es"},{"@type":"Organization","@id":"https:\/\/sanluisinforma.com\/#organization","name":"sanluisinforma.com","url":"https:\/\/sanluisinforma.com\/","logo":{"@type":"ImageObject","inLanguage":"es","@id":"https:\/\/sanluisinforma.com\/#\/schema\/logo\/image\/","url":"https:\/\/sanluisinforma.com\/wp-content\/uploads\/2026\/03\/sanluisinforma-V.jpg","contentUrl":"https:\/\/sanluisinforma.com\/wp-content\/uploads\/2026\/03\/sanluisinforma-V.jpg","width":500,"height":156,"caption":"sanluisinforma.com"},"image":{"@id":"https:\/\/sanluisinforma.com\/#\/schema\/logo\/image\/"}},{"@type":"Person","@id":"https:\/\/sanluisinforma.com\/#\/schema\/person\/c30648f71476be533b6f59d092905c8b","name":"sanluisinforma.com","image":{"@type":"ImageObject","inLanguage":"es","@id":"https:\/\/sanluisinforma.com\/#\/schema\/person\/image\/","url":"https:\/\/secure.gravatar.com\/avatar\/86e3114e34a1eecefb963e0a02f0093f93b092dddb2fe1517596343751081a87?s=96&d=mm&r=g","contentUrl":"https:\/\/secure.gravatar.com\/avatar\/86e3114e34a1eecefb963e0a02f0093f93b092dddb2fe1517596343751081a87?s=96&d=mm&r=g","caption":"sanluisinforma.com"},"url":"https:\/\/sanluisinforma.com\/?author=2"}]}},"_links":{"self":[{"href":"https:\/\/sanluisinforma.com\/index.php?rest_route=\/wp\/v2\/posts\/6631","targetHints":{"allow":["GET"]}}],"collection":[{"href":"https:\/\/sanluisinforma.com\/index.php?rest_route=\/wp\/v2\/posts"}],"about":[{"href":"https:\/\/sanluisinforma.com\/index.php?rest_route=\/wp\/v2\/types\/post"}],"author":[{"embeddable":true,"href":"https:\/\/sanluisinforma.com\/index.php?rest_route=\/wp\/v2\/users\/2"}],"replies":[{"embeddable":true,"href":"https:\/\/sanluisinforma.com\/index.php?rest_route=%2Fwp%2Fv2%2Fcomments&post=6631"}],"version-history":[{"count":1,"href":"https:\/\/sanluisinforma.com\/index.php?rest_route=\/wp\/v2\/posts\/6631\/revisions"}],"predecessor-version":[{"id":6633,"href":"https:\/\/sanluisinforma.com\/index.php?rest_route=\/wp\/v2\/posts\/6631\/revisions\/6633"}],"wp:featuredmedia":[{"embeddable":true,"href":"https:\/\/sanluisinforma.com\/index.php?rest_route=\/wp\/v2\/media\/6632"}],"wp:attachment":[{"href":"https:\/\/sanluisinforma.com\/index.php?rest_route=%2Fwp%2Fv2%2Fmedia&parent=6631"}],"wp:term":[{"taxonomy":"category","embeddable":true,"href":"https:\/\/sanluisinforma.com\/index.php?rest_route=%2Fwp%2Fv2%2Fcategories&post=6631"},{"taxonomy":"post_tag","embeddable":true,"href":"https:\/\/sanluisinforma.com\/index.php?rest_route=%2Fwp%2Fv2%2Ftags&post=6631"}],"curies":[{"name":"wp","href":"https:\/\/api.w.org\/{rel}","templated":true}]}}