{"id":6789,"date":"2024-08-10T00:58:00","date_gmt":"2024-08-10T06:58:00","guid":{"rendered":"https:\/\/sanluisinforma.com\/?p=6789"},"modified":"2024-08-10T20:52:03","modified_gmt":"2024-08-11T02:52:03","slug":"ricardo-gallardo-refrenda-cuidados-a-parajes-naturales-de-la-huasteca","status":"publish","type":"post","link":"https:\/\/sanluisinforma.com\/?p=6789","title":{"rendered":"Ricardo Gallardo Refrenda cuidados a Parajes Naturales de la Huasteca\u00a0\u00a0\u00a0\u00a0\u00a0\u00a0\u00a0\u00a0"},"content":{"rendered":"\n<p>San Luis Potos\u00ed se mantiene firme en privilegiar el medioambiente de la Huasteca potosina y con di\u00e1logo para proyectos de infraestructura h\u00eddrica<\/p>\n\n\n\n<p>Como parte de la reuni\u00f3n que sostuvo el Gobernador de San Luis Potos\u00ed Ricardo Gallardo Cardona, con la Presidenta electa de M\u00e9xico Claudia Sheinbaum Pardo y mandatarios de Veracruz, Nuevo Le\u00f3n y Tamaulipas, para avanzar en la transformaci\u00f3n de M\u00e9xico, uno de los principales temas abordados fue la revisi\u00f3n y mejora de la gesti\u00f3n del suministro de agua para las familias, por lo que la Entidad potosina reafirm\u00f3 su compromiso de cuidar las \u00e1reas naturales y parajes tur\u00edsticos de la Huasteca.<\/p>\n\n\n\n<p>El Mandatario resalt\u00f3 la importancia del cuidado al medio ambiente, para llevar m\u00e1s apoyo a las familias potosinas, con desarrollo sostenible, por lo que explic\u00f3 que, dentro de las pl\u00e1ticas para generar proyectos de infraestructura prioritaria h\u00eddrica para Nuevo Le\u00f3n, que apoyar\u00e1 el Gobierno Federal, la Presidenta electa Claudia Sheinbaum se posicion\u00f3 a favor de cuidar la parte medioambiental y natural de cada uno de los Estados que podr\u00edan contribuir con agua.<\/p>\n\n\n\n<p>Ricardo Gallardo Cardona destac\u00f3 que San Luis Potos\u00ed podr\u00eda apoyar al proyecto \u00fanicamente si el plan contempla retomar una parte del canal que no pasa por r\u00edos de la Huasteca potosina, de lo contrario no podr\u00edan apoyar el convenio, pues correr\u00edan riesgo las y los potosinos, los parajes y espacios naturales de la regi\u00f3n.<\/p>\n\n\n\n<p>Finalmente, expres\u00f3 que el Gobierno del Estado se mantiene abierto al di\u00e1logo y en buena coordinaci\u00f3n con los Gobiernos Federal y de Nuevo Le\u00f3n, encabezado por Samuel Garc\u00eda, qui\u00e9n mostr\u00f3 apertura y entendimiento en la conservaci\u00f3n de la biosfera y \u00e1reas naturales de San Luis Potos\u00ed.<\/p>\n","protected":false},"excerpt":{"rendered":"<p>San Luis Potos\u00ed se mantiene firme en privilegiar el medioambiente de la Huasteca potosina y con di\u00e1logo para proyectos de<\/p>\n","protected":false},"author":2,"featured_media":6790,"comment_status":"closed","ping_status":"closed","sticky":false,"template":"","format":"standard","meta":{"footnotes":""},"categories":[25,30],"tags":[],"class_list":["post-6789","post","type-post","status-publish","format-standard","has-post-thumbnail","hentry","category-local","category-portada"],"yoast_head":"<!-- This site is optimized with the Yoast SEO plugin v24.1 - https:\/\/yoast.com\/wordpress\/plugins\/seo\/ -->\n<title>Ricardo Gallardo Refrenda cuidados a Parajes Naturales de la Huasteca\u00a0\u00a0\u00a0\u00a0\u00a0\u00a0\u00a0\u00a0 - sanluisinforma.com<\/title>\n<meta name=\"robots\" content=\"index, follow, max-snippet:-1, max-image-preview:large, max-video-preview:-1\" \/>\n<link rel=\"canonical\" href=\"https:\/\/sanluisinforma.com\/?p=6789\" \/>\n<meta property=\"og:locale\" content=\"es_MX\" \/>\n<meta property=\"og:type\" content=\"article\" \/>\n<meta property=\"og:title\" content=\"Ricardo Gallardo Refrenda cuidados a Parajes Naturales de la Huasteca\u00a0\u00a0\u00a0\u00a0\u00a0\u00a0\u00a0\u00a0 - sanluisinforma.com\" \/>\n<meta property=\"og:description\" content=\"San Luis Potos\u00ed se mantiene firme en privilegiar el medioambiente de la Huasteca potosina y con di\u00e1logo para proyectos de\" \/>\n<meta property=\"og:url\" content=\"https:\/\/sanluisinforma.com\/?p=6789\" \/>\n<meta property=\"og:site_name\" content=\"sanluisinforma.com\" \/>\n<meta property=\"article:published_time\" content=\"2024-08-10T06:58:00+00:00\" \/>\n<meta property=\"article:modified_time\" content=\"2024-08-11T02:52:03+00:00\" \/>\n<meta property=\"og:image\" content=\"https:\/\/sanluisinforma.com\/wp-content\/uploads\/2024\/08\/ed03091f-0acf-4d93-82ac-23054a6873b6.jpg\" \/>\n\t<meta property=\"og:image:width\" content=\"480\" \/>\n\t<meta property=\"og:image:height\" content=\"360\" \/>\n\t<meta property=\"og:image:type\" content=\"image\/jpeg\" \/>\n<meta name=\"author\" content=\"sanluisinforma.com\" \/>\n<meta name=\"twitter:card\" content=\"summary_large_image\" \/>\n<meta name=\"twitter:label1\" content=\"Escrito por\" \/>\n\t<meta name=\"twitter:data1\" content=\"sanluisinforma.com\" \/>\n\t<meta name=\"twitter:label2\" content=\"Tiempo de lectura\" \/>\n\t<meta name=\"twitter:data2\" content=\"2 minutos\" \/>\n<script type=\"application\/ld+json\" class=\"yoast-schema-graph\">{\"@context\":\"https:\/\/schema.org\",\"@graph\":[{\"@type\":\"Article\",\"@id\":\"https:\/\/sanluisinforma.com\/?p=6789#article\",\"isPartOf\":{\"@id\":\"https:\/\/sanluisinforma.com\/?p=6789\"},\"author\":{\"name\":\"sanluisinforma.com\",\"@id\":\"https:\/\/sanluisinforma.com\/#\/schema\/person\/c30648f71476be533b6f59d092905c8b\"},\"headline\":\"Ricardo Gallardo Refrenda cuidados a Parajes Naturales de la Huasteca\u00a0\u00a0\u00a0\u00a0\u00a0\u00a0\u00a0\u00a0\",\"datePublished\":\"2024-08-10T06:58:00+00:00\",\"dateModified\":\"2024-08-11T02:52:03+00:00\",\"mainEntityOfPage\":{\"@id\":\"https:\/\/sanluisinforma.com\/?p=6789\"},\"wordCount\":311,\"publisher\":{\"@id\":\"https:\/\/sanluisinforma.com\/#organization\"},\"image\":{\"@id\":\"https:\/\/sanluisinforma.com\/?p=6789#primaryimage\"},\"thumbnailUrl\":\"https:\/\/sanluisinforma.com\/wp-content\/uploads\/2024\/08\/ed03091f-0acf-4d93-82ac-23054a6873b6.jpg\",\"articleSection\":[\"Local\",\"Portada\"],\"inLanguage\":\"es\"},{\"@type\":\"WebPage\",\"@id\":\"https:\/\/sanluisinforma.com\/?p=6789\",\"url\":\"https:\/\/sanluisinforma.com\/?p=6789\",\"name\":\"Ricardo Gallardo Refrenda cuidados a Parajes Naturales de la Huasteca\u00a0\u00a0\u00a0\u00a0\u00a0\u00a0\u00a0\u00a0 - sanluisinforma.com\",\"isPartOf\":{\"@id\":\"https:\/\/sanluisinforma.com\/#website\"},\"primaryImageOfPage\":{\"@id\":\"https:\/\/sanluisinforma.com\/?p=6789#primaryimage\"},\"image\":{\"@id\":\"https:\/\/sanluisinforma.com\/?p=6789#primaryimage\"},\"thumbnailUrl\":\"https:\/\/sanluisinforma.com\/wp-content\/uploads\/2024\/08\/ed03091f-0acf-4d93-82ac-23054a6873b6.jpg\",\"datePublished\":\"2024-08-10T06:58:00+00:00\",\"dateModified\":\"2024-08-11T02:52:03+00:00\",\"breadcrumb\":{\"@id\":\"https:\/\/sanluisinforma.com\/?p=6789#breadcrumb\"},\"inLanguage\":\"es\",\"potentialAction\":[{\"@type\":\"ReadAction\",\"target\":[\"https:\/\/sanluisinforma.com\/?p=6789\"]}]},{\"@type\":\"ImageObject\",\"inLanguage\":\"es\",\"@id\":\"https:\/\/sanluisinforma.com\/?p=6789#primaryimage\",\"url\":\"https:\/\/sanluisinforma.com\/wp-content\/uploads\/2024\/08\/ed03091f-0acf-4d93-82ac-23054a6873b6.jpg\",\"contentUrl\":\"https:\/\/sanluisinforma.com\/wp-content\/uploads\/2024\/08\/ed03091f-0acf-4d93-82ac-23054a6873b6.jpg\",\"width\":480,\"height\":360},{\"@type\":\"BreadcrumbList\",\"@id\":\"https:\/\/sanluisinforma.com\/?p=6789#breadcrumb\",\"itemListElement\":[{\"@type\":\"ListItem\",\"position\":1,\"name\":\"Inicio\",\"item\":\"https:\/\/sanluisinforma.com\/\"},{\"@type\":\"ListItem\",\"position\":2,\"name\":\"Ricardo Gallardo Refrenda cuidados a Parajes Naturales de la Huasteca\u00a0\u00a0\u00a0\u00a0\u00a0\u00a0\u00a0\u00a0\"}]},{\"@type\":\"WebSite\",\"@id\":\"https:\/\/sanluisinforma.com\/#website\",\"url\":\"https:\/\/sanluisinforma.com\/\",\"name\":\"sanluisinforma.com\",\"description\":\"Periodico San Luis Informa\",\"publisher\":{\"@id\":\"https:\/\/sanluisinforma.com\/#organization\"},\"potentialAction\":[{\"@type\":\"SearchAction\",\"target\":{\"@type\":\"EntryPoint\",\"urlTemplate\":\"https:\/\/sanluisinforma.com\/?s={search_term_string}\"},\"query-input\":{\"@type\":\"PropertyValueSpecification\",\"valueRequired\":true,\"valueName\":\"search_term_string\"}}],\"inLanguage\":\"es\"},{\"@type\":\"Organization\",\"@id\":\"https:\/\/sanluisinforma.com\/#organization\",\"name\":\"sanluisinforma.com\",\"url\":\"https:\/\/sanluisinforma.com\/\",\"logo\":{\"@type\":\"ImageObject\",\"inLanguage\":\"es\",\"@id\":\"https:\/\/sanluisinforma.com\/#\/schema\/logo\/image\/\",\"url\":\"https:\/\/sanluisinforma.com\/wp-content\/uploads\/2026\/03\/sanluisinforma-V.jpg\",\"contentUrl\":\"https:\/\/sanluisinforma.com\/wp-content\/uploads\/2026\/03\/sanluisinforma-V.jpg\",\"width\":500,\"height\":156,\"caption\":\"sanluisinforma.com\"},\"image\":{\"@id\":\"https:\/\/sanluisinforma.com\/#\/schema\/logo\/image\/\"}},{\"@type\":\"Person\",\"@id\":\"https:\/\/sanluisinforma.com\/#\/schema\/person\/c30648f71476be533b6f59d092905c8b\",\"name\":\"sanluisinforma.com\",\"image\":{\"@type\":\"ImageObject\",\"inLanguage\":\"es\",\"@id\":\"https:\/\/sanluisinforma.com\/#\/schema\/person\/image\/\",\"url\":\"https:\/\/secure.gravatar.com\/avatar\/86e3114e34a1eecefb963e0a02f0093f93b092dddb2fe1517596343751081a87?s=96&d=mm&r=g\",\"contentUrl\":\"https:\/\/secure.gravatar.com\/avatar\/86e3114e34a1eecefb963e0a02f0093f93b092dddb2fe1517596343751081a87?s=96&d=mm&r=g\",\"caption\":\"sanluisinforma.com\"},\"url\":\"https:\/\/sanluisinforma.com\/?author=2\"}]}<\/script>\n<!-- \/ Yoast SEO plugin. -->","yoast_head_json":{"title":"Ricardo Gallardo Refrenda cuidados a Parajes Naturales de la Huasteca\u00a0\u00a0\u00a0\u00a0\u00a0\u00a0\u00a0\u00a0 - sanluisinforma.com","robots":{"index":"index","follow":"follow","max-snippet":"max-snippet:-1","max-image-preview":"max-image-preview:large","max-video-preview":"max-video-preview:-1"},"canonical":"https:\/\/sanluisinforma.com\/?p=6789","og_locale":"es_MX","og_type":"article","og_title":"Ricardo Gallardo Refrenda cuidados a Parajes Naturales de la Huasteca\u00a0\u00a0\u00a0\u00a0\u00a0\u00a0\u00a0\u00a0 - sanluisinforma.com","og_description":"San Luis Potos\u00ed se mantiene firme en privilegiar el medioambiente de la Huasteca potosina y con di\u00e1logo para proyectos de","og_url":"https:\/\/sanluisinforma.com\/?p=6789","og_site_name":"sanluisinforma.com","article_published_time":"2024-08-10T06:58:00+00:00","article_modified_time":"2024-08-11T02:52:03+00:00","og_image":[{"width":480,"height":360,"url":"https:\/\/sanluisinforma.com\/wp-content\/uploads\/2024\/08\/ed03091f-0acf-4d93-82ac-23054a6873b6.jpg","type":"image\/jpeg"}],"author":"sanluisinforma.com","twitter_card":"summary_large_image","twitter_misc":{"Escrito por":"sanluisinforma.com","Tiempo de lectura":"2 minutos"},"schema":{"@context":"https:\/\/schema.org","@graph":[{"@type":"Article","@id":"https:\/\/sanluisinforma.com\/?p=6789#article","isPartOf":{"@id":"https:\/\/sanluisinforma.com\/?p=6789"},"author":{"name":"sanluisinforma.com","@id":"https:\/\/sanluisinforma.com\/#\/schema\/person\/c30648f71476be533b6f59d092905c8b"},"headline":"Ricardo Gallardo Refrenda cuidados a Parajes Naturales de la Huasteca\u00a0\u00a0\u00a0\u00a0\u00a0\u00a0\u00a0\u00a0","datePublished":"2024-08-10T06:58:00+00:00","dateModified":"2024-08-11T02:52:03+00:00","mainEntityOfPage":{"@id":"https:\/\/sanluisinforma.com\/?p=6789"},"wordCount":311,"publisher":{"@id":"https:\/\/sanluisinforma.com\/#organization"},"image":{"@id":"https:\/\/sanluisinforma.com\/?p=6789#primaryimage"},"thumbnailUrl":"https:\/\/sanluisinforma.com\/wp-content\/uploads\/2024\/08\/ed03091f-0acf-4d93-82ac-23054a6873b6.jpg","articleSection":["Local","Portada"],"inLanguage":"es"},{"@type":"WebPage","@id":"https:\/\/sanluisinforma.com\/?p=6789","url":"https:\/\/sanluisinforma.com\/?p=6789","name":"Ricardo Gallardo Refrenda cuidados a Parajes Naturales de la Huasteca\u00a0\u00a0\u00a0\u00a0\u00a0\u00a0\u00a0\u00a0 - sanluisinforma.com","isPartOf":{"@id":"https:\/\/sanluisinforma.com\/#website"},"primaryImageOfPage":{"@id":"https:\/\/sanluisinforma.com\/?p=6789#primaryimage"},"image":{"@id":"https:\/\/sanluisinforma.com\/?p=6789#primaryimage"},"thumbnailUrl":"https:\/\/sanluisinforma.com\/wp-content\/uploads\/2024\/08\/ed03091f-0acf-4d93-82ac-23054a6873b6.jpg","datePublished":"2024-08-10T06:58:00+00:00","dateModified":"2024-08-11T02:52:03+00:00","breadcrumb":{"@id":"https:\/\/sanluisinforma.com\/?p=6789#breadcrumb"},"inLanguage":"es","potentialAction":[{"@type":"ReadAction","target":["https:\/\/sanluisinforma.com\/?p=6789"]}]},{"@type":"ImageObject","inLanguage":"es","@id":"https:\/\/sanluisinforma.com\/?p=6789#primaryimage","url":"https:\/\/sanluisinforma.com\/wp-content\/uploads\/2024\/08\/ed03091f-0acf-4d93-82ac-23054a6873b6.jpg","contentUrl":"https:\/\/sanluisinforma.com\/wp-content\/uploads\/2024\/08\/ed03091f-0acf-4d93-82ac-23054a6873b6.jpg","width":480,"height":360},{"@type":"BreadcrumbList","@id":"https:\/\/sanluisinforma.com\/?p=6789#breadcrumb","itemListElement":[{"@type":"ListItem","position":1,"name":"Inicio","item":"https:\/\/sanluisinforma.com\/"},{"@type":"ListItem","position":2,"name":"Ricardo Gallardo Refrenda cuidados a Parajes Naturales de la Huasteca\u00a0\u00a0\u00a0\u00a0\u00a0\u00a0\u00a0\u00a0"}]},{"@type":"WebSite","@id":"https:\/\/sanluisinforma.com\/#website","url":"https:\/\/sanluisinforma.com\/","name":"sanluisinforma.com","description":"Periodico San Luis Informa","publisher":{"@id":"https:\/\/sanluisinforma.com\/#organization"},"potentialAction":[{"@type":"SearchAction","target":{"@type":"EntryPoint","urlTemplate":"https:\/\/sanluisinforma.com\/?s={search_term_string}"},"query-input":{"@type":"PropertyValueSpecification","valueRequired":true,"valueName":"search_term_string"}}],"inLanguage":"es"},{"@type":"Organization","@id":"https:\/\/sanluisinforma.com\/#organization","name":"sanluisinforma.com","url":"https:\/\/sanluisinforma.com\/","logo":{"@type":"ImageObject","inLanguage":"es","@id":"https:\/\/sanluisinforma.com\/#\/schema\/logo\/image\/","url":"https:\/\/sanluisinforma.com\/wp-content\/uploads\/2026\/03\/sanluisinforma-V.jpg","contentUrl":"https:\/\/sanluisinforma.com\/wp-content\/uploads\/2026\/03\/sanluisinforma-V.jpg","width":500,"height":156,"caption":"sanluisinforma.com"},"image":{"@id":"https:\/\/sanluisinforma.com\/#\/schema\/logo\/image\/"}},{"@type":"Person","@id":"https:\/\/sanluisinforma.com\/#\/schema\/person\/c30648f71476be533b6f59d092905c8b","name":"sanluisinforma.com","image":{"@type":"ImageObject","inLanguage":"es","@id":"https:\/\/sanluisinforma.com\/#\/schema\/person\/image\/","url":"https:\/\/secure.gravatar.com\/avatar\/86e3114e34a1eecefb963e0a02f0093f93b092dddb2fe1517596343751081a87?s=96&d=mm&r=g","contentUrl":"https:\/\/secure.gravatar.com\/avatar\/86e3114e34a1eecefb963e0a02f0093f93b092dddb2fe1517596343751081a87?s=96&d=mm&r=g","caption":"sanluisinforma.com"},"url":"https:\/\/sanluisinforma.com\/?author=2"}]}},"_links":{"self":[{"href":"https:\/\/sanluisinforma.com\/index.php?rest_route=\/wp\/v2\/posts\/6789","targetHints":{"allow":["GET"]}}],"collection":[{"href":"https:\/\/sanluisinforma.com\/index.php?rest_route=\/wp\/v2\/posts"}],"about":[{"href":"https:\/\/sanluisinforma.com\/index.php?rest_route=\/wp\/v2\/types\/post"}],"author":[{"embeddable":true,"href":"https:\/\/sanluisinforma.com\/index.php?rest_route=\/wp\/v2\/users\/2"}],"replies":[{"embeddable":true,"href":"https:\/\/sanluisinforma.com\/index.php?rest_route=%2Fwp%2Fv2%2Fcomments&post=6789"}],"version-history":[{"count":1,"href":"https:\/\/sanluisinforma.com\/index.php?rest_route=\/wp\/v2\/posts\/6789\/revisions"}],"predecessor-version":[{"id":6791,"href":"https:\/\/sanluisinforma.com\/index.php?rest_route=\/wp\/v2\/posts\/6789\/revisions\/6791"}],"wp:featuredmedia":[{"embeddable":true,"href":"https:\/\/sanluisinforma.com\/index.php?rest_route=\/wp\/v2\/media\/6790"}],"wp:attachment":[{"href":"https:\/\/sanluisinforma.com\/index.php?rest_route=%2Fwp%2Fv2%2Fmedia&parent=6789"}],"wp:term":[{"taxonomy":"category","embeddable":true,"href":"https:\/\/sanluisinforma.com\/index.php?rest_route=%2Fwp%2Fv2%2Fcategories&post=6789"},{"taxonomy":"post_tag","embeddable":true,"href":"https:\/\/sanluisinforma.com\/index.php?rest_route=%2Fwp%2Fv2%2Ftags&post=6789"}],"curies":[{"name":"wp","href":"https:\/\/api.w.org\/{rel}","templated":true}]}}