{"id":7365,"date":"2024-09-09T00:35:00","date_gmt":"2024-09-09T06:35:00","guid":{"rendered":"https:\/\/sanluisinforma.com\/?p=7365"},"modified":"2024-09-08T19:43:56","modified_gmt":"2024-09-09T01:43:56","slug":"llegamos-las-mujeres-mexicanas-a-la-presidencia-para-seguir-la-lucha-por-justicia-igualdad-y-por-el-pueblo-claudia-sheinbaum","status":"publish","type":"post","link":"https:\/\/sanluisinforma.com\/?p=7365","title":{"rendered":"Llegamos las mujeres Mexicanas a la Presidencia para seguir La Lucha por Justicia,  Igualdad y\u00a0 por el  Pueblo: Claudia Sheinbaum"},"content":{"rendered":"\n<p> \u2018\u2019Este gobierno, el de la Cuarta Transformaci\u00f3n tiene esa palabra justicia, justicia social; tambi\u00e9n justicia ambiental; justicia para las mujeres; justicia para los pueblos ind\u00edgenas\u2019\u2019, destac\u00f3 al anunciar que el reconocimiento a la autonom\u00eda de los pueblos originarios ser\u00e1 la siguiente reforma en decidirse en el Congreso<\/p>\n\n\n\n<p>\u2018\u2019Es un hombre que ama a su pueblo y un pueblo que ama a su Presidente\u2019\u2019, reconoci\u00f3 Claudia Sheinbaum sobre el gobierno de Andr\u00e9s Manuel L\u00f3pez Obrador<\/p>\n\n\n\n<p> \u2019\u2019Representas la nueva era, representas el tiempo de las mujeres (&#8230;) Y es prueba de que si se puede, de que las mujeres podemos ser todo lo que nos propongamos\u2019\u2019, celebr\u00f3 Mara Lezama a cerca de lo que significa la llegada de una mujer a la Presidencia Bacalar, Quintana Roo, 08 de septiembre de 2024.- La continuidad de la Cuarta Transformaci\u00f3n es un logro de todos los mexicanos, pero particularmente de las mujeres con la llegada de la Primera mujer a la Presidencia de la Rep\u00fablica, as\u00ed lo destac\u00f3 Claudia Sheinbaum Pardo, Presidenta electa de M\u00e9xico, durante la supervisi\u00f3n de obra de la zona arqueol\u00f3gica Ichkabal, encabezada por el Presidente Andr\u00e9s Manuel L\u00f3pez Obrador.<\/p>\n\n\n\n<p>&#8221;Aqu\u00ed los mayas, seg\u00fan Diego y los antrop\u00f3logos, antrop\u00f3logas, s\u00ed hubo mujeres gobernantes, pero por lo menos hablemos de la \u00e9poca de la Independencia, 200 a\u00f1os de la Rep\u00fablica que no hab\u00eda habido una mujer gobernante en nuestro pa\u00eds. Y como bien dijo Mara, para m\u00ed, no es que llegue sola al gobierno, no es que llega una sola mujer, llegamos todas las mujeres mexicanas a la Presidencia de la Rep\u00fablica, para seguir luchando por la justicia, por la igualdad y por nuestro pueblo\u2019\u2019, celebr\u00f3.<\/p>\n\n\n\n<p>Por lo anterior, reiter\u00f3 que su gobierno continuar\u00e1 luchando a favor de la justicia social para todos y todas, en especial para quienes por a\u00f1os fueron abandonados por los gobiernos neoliberales, como es el caso de las mujeres y de los pueblos originarios que por mucho tiempo fueron relegados y quienes ahora tendr\u00e1 su autonom\u00eda reconocida por la Constituci\u00f3n.<\/p>\n\n\n\n<p>\u2018\u2019El d\u00eda de hoy, frente a este hermoso sitio arqueol\u00f3gico de los antiguos mayas, es el mejor lugar para nombrar la palabra \u201cjusticia\u201d, porque es justicia social; porque es justicia con nuestra historia, con nuestros antepasados, con nuestra cultura. Esta grandeza que vemos el d\u00eda de hoy, que nos hace sentir hasta peque\u00f1os con lo que fue la gran cultura Maya y con lo que es la gran cultura Maya\u2019\u2019.<\/p>\n\n\n\n<p>\u2019\u2019Y por eso, este gobierno, el de la Cuarta Transformaci\u00f3n tiene esa palabra justicia, justicia social; tambi\u00e9n justicia ambiental; justicia para las mujeres; justicia para los pueblos ind\u00edgenas, porque de una vez les digo que la siguiente reforma constitucional que va a pasar por el Congreso es la que le da autonom\u00eda, reconocimiento a los pueblos ind\u00edgenas de M\u00e9xico; y tambi\u00e9n un verdadero Sistema de Justicia que funcione en nuestro pa\u00eds\u2019\u2019, puntualiz\u00f3.<\/p>\n\n\n\n<p>Asimismo, la Presidenta electa puntualiz\u00f3 que la justicia social seguir\u00e1 llegando a todos los hogares a trav\u00e9s de la continuidad y la consolidaci\u00f3n de los Programas del Bienestar creados en la administraci\u00f3n del Presidente Andr\u00e9s Manuel L\u00f3pez Obrador, como es el caso de \u201cJ\u00f3venes Construyendo el futuro\u201d, la pensi\u00f3n para adultos y adultas mayores; \u201cSembrando Vida\u201d, entre otros, que ser\u00e1n convertidos en derechos al incluirse en la Constituci\u00f3n.<\/p>\n\n\n\n<p>\u2019\u2019Vamos a seguir con todos los Programas de Bienestar: Vamos a seguir con la pensi\u00f3n universal a adulto mayor; vamos a seguir con el apoyo a personas con discapacidad, con el apoyo a los j\u00f3venes de preparatoria, con el \u2018Sembrando Vida\u2019, con todos los Programas de Bienestar que adem\u00e1s, van a ser constitucionales porque se van a aprobar muy pronto en la Constituci\u00f3n de la Rep\u00fablica para hacerlos derechos\u2019\u2019, agreg\u00f3.<\/p>\n\n\n\n<p>Adem\u00e1s, inform\u00f3 a las y los quintanarroenses de Bacalar que ser\u00e1n agregados tres nuevos programas sociales: Un apoyo a mujeres de 60 a 64 a\u00f1os; una beca para todos los ni\u00f1os y ni\u00f1as de preescolar a secundaria de escuelas p\u00fablicas y un programa de salud casa por casa para adultos mayores.<\/p>\n\n\n\n<p>\u2019\u2019Vamos a impulsar, ya lo saben porque me han o\u00eddo varias veces, tres nuevos Programas del Bienestar. El primero, apoyo a todas las mujeres de 60 a 64 a\u00f1os de edad (&#8230;) Vamos a dar becas a todos los ni\u00f1os y ni\u00f1as que van a escuela p\u00fablica en preescolar, primaria y secundaria (&#8230;) Y tambi\u00e9n vamos a llevar el programa de salud casa por casa, a todas y todos los adultos mayores. Vamos a complementar la pensi\u00f3n universal, vamos a contratar como 20 mil m\u00e9dicos, m\u00e9dicas, enfermeros, enfermeras, para que vayan casa por casa a visitar a todas y todos los adultos mayores en todo el pa\u00eds y si es necesario, a llevarle sus medicamentos\u2019\u2019, anunci\u00f3.<\/p>\n\n\n\n<p>En la supervisi\u00f3n de obra de la zona arqueol\u00f3gica Ichkabal, la Presidenta electa, celebr\u00f3 lo logrado por el Presidente Andr\u00e9s Manuel L\u00f3pez Obrador, a quien describi\u00f3 como uno de los mejores Presidentes de M\u00e9xico, quien forj\u00f3 una hermandad con el pueblo de M\u00e9xico.<\/p>\n\n\n\n<p>\u2019\u2019La hermandad m\u00e1s importante es la que se ha construido entre el pueblo de M\u00e9xico y el gobierno del Presidente Andr\u00e9s Manuel L\u00f3pez Obrador. Es un hombre que ama a su pueblo y un pueblo que ama a su Presidente, \u00fanico en la historia de M\u00e9xico\u2019\u2019, asever\u00f3.<\/p>\n\n\n\n<p>Por lo anterior, refrend\u00f3 su compromiso en continuar con el legado del Presidente Andr\u00e9s Manuel L\u00f3pez Obrador, lo que significa seguir con un gobierno que luche por el bienestar de los mexicanos y mexicanas.<\/p>\n\n\n\n<p>\u2019\u2019Este pasado 2 de junio, el pueblo de M\u00e9xico dijo: queremos que siga la Transformaci\u00f3n de la Vida P\u00fablica de M\u00e9xico. Y hoy vengo a comprometerme con ustedes, a decirles que no va a haber regresiones, que no va a haber vuelta al pasado, que no va a regresar la corrupci\u00f3n y no van a regresar los privilegios y que vamos a seguir luchando como siempre por la justicia y la democracia en nuestro pa\u00eds\u2019\u2019, puntualiz\u00f3.<\/p>\n\n\n\n<p>Por su parte, el Presidente Andr\u00e9s Manuel L\u00f3pez Obrador, festej\u00f3 que con Claudia Sheinbaum se le dar\u00e1 continuidad a los Programas del Bienestar, lo que puntualiz\u00f3 es muestra de que la Presidenta electa es una mujer inteligente, honesta y con buen coraz\u00f3n.<\/p>\n\n\n\n<p>\u2019\u2019Como no voy a estar contento, si le voy a entregar la banda presidencial a una mujer inteligente, experimentada, honesta y lo m\u00e1s importante, de buenos sentimientos, por eso estoy muy contento (&#8230;) Ya cerramos un ciclo, pero hay relevo generacional, una mujer es la que va a ser Presidenta de M\u00e9xico y es algo hist\u00f3rico que estamos viendo para contarlo\u2019\u2019, reconoci\u00f3.<\/p>\n\n\n\n<p><\/p>\n","protected":false},"excerpt":{"rendered":"<p>\u2018\u2019Este gobierno, el de la Cuarta Transformaci\u00f3n tiene esa palabra justicia, justicia social; tambi\u00e9n justicia ambiental; justicia para las mujeres;<\/p>\n","protected":false},"author":2,"featured_media":7366,"comment_status":"closed","ping_status":"closed","sticky":false,"template":"","format":"standard","meta":{"footnotes":""},"categories":[26],"tags":[],"class_list":["post-7365","post","type-post","status-publish","format-standard","has-post-thumbnail","hentry","category-nacional"],"yoast_head":"<!-- This site is optimized with the Yoast SEO plugin v24.1 - https:\/\/yoast.com\/wordpress\/plugins\/seo\/ -->\n<title>Llegamos las mujeres Mexicanas a la Presidencia para seguir La Lucha por Justicia, Igualdad y\u00a0 por el Pueblo: Claudia Sheinbaum - sanluisinforma.com<\/title>\n<meta name=\"robots\" content=\"index, follow, max-snippet:-1, max-image-preview:large, max-video-preview:-1\" \/>\n<link rel=\"canonical\" href=\"https:\/\/sanluisinforma.com\/?p=7365\" \/>\n<meta property=\"og:locale\" content=\"es_MX\" \/>\n<meta property=\"og:type\" content=\"article\" \/>\n<meta property=\"og:title\" content=\"Llegamos las mujeres Mexicanas a la Presidencia para seguir La Lucha por Justicia, Igualdad y\u00a0 por el Pueblo: Claudia Sheinbaum - sanluisinforma.com\" \/>\n<meta property=\"og:description\" content=\"\u2018\u2019Este gobierno, el de la Cuarta Transformaci\u00f3n tiene esa palabra justicia, justicia social; tambi\u00e9n justicia ambiental; justicia para las mujeres;\" \/>\n<meta property=\"og:url\" content=\"https:\/\/sanluisinforma.com\/?p=7365\" \/>\n<meta property=\"og:site_name\" content=\"sanluisinforma.com\" \/>\n<meta property=\"article:published_time\" content=\"2024-09-09T06:35:00+00:00\" \/>\n<meta property=\"article:modified_time\" content=\"2024-09-09T01:43:56+00:00\" \/>\n<meta property=\"og:image\" content=\"https:\/\/sanluisinforma.com\/wp-content\/uploads\/2024\/09\/3f3b9e66-e415-4c0a-8fb4-f9f1cee4d96f.jpg\" \/>\n\t<meta property=\"og:image:width\" content=\"480\" \/>\n\t<meta property=\"og:image:height\" content=\"319\" \/>\n\t<meta property=\"og:image:type\" content=\"image\/jpeg\" \/>\n<meta name=\"author\" content=\"sanluisinforma.com\" \/>\n<meta name=\"twitter:card\" content=\"summary_large_image\" \/>\n<meta name=\"twitter:label1\" content=\"Escrito por\" \/>\n\t<meta name=\"twitter:data1\" content=\"sanluisinforma.com\" \/>\n\t<meta name=\"twitter:label2\" content=\"Tiempo de lectura\" \/>\n\t<meta name=\"twitter:data2\" content=\"6 minutos\" \/>\n<script type=\"application\/ld+json\" class=\"yoast-schema-graph\">{\"@context\":\"https:\/\/schema.org\",\"@graph\":[{\"@type\":\"Article\",\"@id\":\"https:\/\/sanluisinforma.com\/?p=7365#article\",\"isPartOf\":{\"@id\":\"https:\/\/sanluisinforma.com\/?p=7365\"},\"author\":{\"name\":\"sanluisinforma.com\",\"@id\":\"https:\/\/sanluisinforma.com\/#\/schema\/person\/c30648f71476be533b6f59d092905c8b\"},\"headline\":\"Llegamos las mujeres Mexicanas a la Presidencia para seguir La Lucha por Justicia, Igualdad y\u00a0 por el Pueblo: Claudia Sheinbaum\",\"datePublished\":\"2024-09-09T06:35:00+00:00\",\"dateModified\":\"2024-09-09T01:43:56+00:00\",\"mainEntityOfPage\":{\"@id\":\"https:\/\/sanluisinforma.com\/?p=7365\"},\"wordCount\":1182,\"publisher\":{\"@id\":\"https:\/\/sanluisinforma.com\/#organization\"},\"image\":{\"@id\":\"https:\/\/sanluisinforma.com\/?p=7365#primaryimage\"},\"thumbnailUrl\":\"https:\/\/sanluisinforma.com\/wp-content\/uploads\/2024\/09\/3f3b9e66-e415-4c0a-8fb4-f9f1cee4d96f.jpg\",\"articleSection\":[\"Nacional\"],\"inLanguage\":\"es\"},{\"@type\":\"WebPage\",\"@id\":\"https:\/\/sanluisinforma.com\/?p=7365\",\"url\":\"https:\/\/sanluisinforma.com\/?p=7365\",\"name\":\"Llegamos las mujeres Mexicanas a la Presidencia para seguir La Lucha por Justicia, Igualdad y\u00a0 por el Pueblo: Claudia Sheinbaum - sanluisinforma.com\",\"isPartOf\":{\"@id\":\"https:\/\/sanluisinforma.com\/#website\"},\"primaryImageOfPage\":{\"@id\":\"https:\/\/sanluisinforma.com\/?p=7365#primaryimage\"},\"image\":{\"@id\":\"https:\/\/sanluisinforma.com\/?p=7365#primaryimage\"},\"thumbnailUrl\":\"https:\/\/sanluisinforma.com\/wp-content\/uploads\/2024\/09\/3f3b9e66-e415-4c0a-8fb4-f9f1cee4d96f.jpg\",\"datePublished\":\"2024-09-09T06:35:00+00:00\",\"dateModified\":\"2024-09-09T01:43:56+00:00\",\"breadcrumb\":{\"@id\":\"https:\/\/sanluisinforma.com\/?p=7365#breadcrumb\"},\"inLanguage\":\"es\",\"potentialAction\":[{\"@type\":\"ReadAction\",\"target\":[\"https:\/\/sanluisinforma.com\/?p=7365\"]}]},{\"@type\":\"ImageObject\",\"inLanguage\":\"es\",\"@id\":\"https:\/\/sanluisinforma.com\/?p=7365#primaryimage\",\"url\":\"https:\/\/sanluisinforma.com\/wp-content\/uploads\/2024\/09\/3f3b9e66-e415-4c0a-8fb4-f9f1cee4d96f.jpg\",\"contentUrl\":\"https:\/\/sanluisinforma.com\/wp-content\/uploads\/2024\/09\/3f3b9e66-e415-4c0a-8fb4-f9f1cee4d96f.jpg\",\"width\":480,\"height\":319},{\"@type\":\"BreadcrumbList\",\"@id\":\"https:\/\/sanluisinforma.com\/?p=7365#breadcrumb\",\"itemListElement\":[{\"@type\":\"ListItem\",\"position\":1,\"name\":\"Inicio\",\"item\":\"https:\/\/sanluisinforma.com\/\"},{\"@type\":\"ListItem\",\"position\":2,\"name\":\"Llegamos las mujeres Mexicanas a la Presidencia para seguir La Lucha por Justicia, Igualdad y\u00a0 por el Pueblo: Claudia Sheinbaum\"}]},{\"@type\":\"WebSite\",\"@id\":\"https:\/\/sanluisinforma.com\/#website\",\"url\":\"https:\/\/sanluisinforma.com\/\",\"name\":\"sanluisinforma.com\",\"description\":\"Periodico San Luis Informa\",\"publisher\":{\"@id\":\"https:\/\/sanluisinforma.com\/#organization\"},\"potentialAction\":[{\"@type\":\"SearchAction\",\"target\":{\"@type\":\"EntryPoint\",\"urlTemplate\":\"https:\/\/sanluisinforma.com\/?s={search_term_string}\"},\"query-input\":{\"@type\":\"PropertyValueSpecification\",\"valueRequired\":true,\"valueName\":\"search_term_string\"}}],\"inLanguage\":\"es\"},{\"@type\":\"Organization\",\"@id\":\"https:\/\/sanluisinforma.com\/#organization\",\"name\":\"sanluisinforma.com\",\"url\":\"https:\/\/sanluisinforma.com\/\",\"logo\":{\"@type\":\"ImageObject\",\"inLanguage\":\"es\",\"@id\":\"https:\/\/sanluisinforma.com\/#\/schema\/logo\/image\/\",\"url\":\"https:\/\/sanluisinforma.com\/wp-content\/uploads\/2026\/03\/sanluisinforma-V.jpg\",\"contentUrl\":\"https:\/\/sanluisinforma.com\/wp-content\/uploads\/2026\/03\/sanluisinforma-V.jpg\",\"width\":500,\"height\":156,\"caption\":\"sanluisinforma.com\"},\"image\":{\"@id\":\"https:\/\/sanluisinforma.com\/#\/schema\/logo\/image\/\"}},{\"@type\":\"Person\",\"@id\":\"https:\/\/sanluisinforma.com\/#\/schema\/person\/c30648f71476be533b6f59d092905c8b\",\"name\":\"sanluisinforma.com\",\"image\":{\"@type\":\"ImageObject\",\"inLanguage\":\"es\",\"@id\":\"https:\/\/sanluisinforma.com\/#\/schema\/person\/image\/\",\"url\":\"https:\/\/secure.gravatar.com\/avatar\/86e3114e34a1eecefb963e0a02f0093f93b092dddb2fe1517596343751081a87?s=96&d=mm&r=g\",\"contentUrl\":\"https:\/\/secure.gravatar.com\/avatar\/86e3114e34a1eecefb963e0a02f0093f93b092dddb2fe1517596343751081a87?s=96&d=mm&r=g\",\"caption\":\"sanluisinforma.com\"},\"url\":\"https:\/\/sanluisinforma.com\/?author=2\"}]}<\/script>\n<!-- \/ Yoast SEO plugin. -->","yoast_head_json":{"title":"Llegamos las mujeres Mexicanas a la Presidencia para seguir La Lucha por Justicia, Igualdad y\u00a0 por el Pueblo: Claudia Sheinbaum - sanluisinforma.com","robots":{"index":"index","follow":"follow","max-snippet":"max-snippet:-1","max-image-preview":"max-image-preview:large","max-video-preview":"max-video-preview:-1"},"canonical":"https:\/\/sanluisinforma.com\/?p=7365","og_locale":"es_MX","og_type":"article","og_title":"Llegamos las mujeres Mexicanas a la Presidencia para seguir La Lucha por Justicia, Igualdad y\u00a0 por el Pueblo: Claudia Sheinbaum - sanluisinforma.com","og_description":"\u2018\u2019Este gobierno, el de la Cuarta Transformaci\u00f3n tiene esa palabra justicia, justicia social; tambi\u00e9n justicia ambiental; justicia para las mujeres;","og_url":"https:\/\/sanluisinforma.com\/?p=7365","og_site_name":"sanluisinforma.com","article_published_time":"2024-09-09T06:35:00+00:00","article_modified_time":"2024-09-09T01:43:56+00:00","og_image":[{"width":480,"height":319,"url":"https:\/\/sanluisinforma.com\/wp-content\/uploads\/2024\/09\/3f3b9e66-e415-4c0a-8fb4-f9f1cee4d96f.jpg","type":"image\/jpeg"}],"author":"sanluisinforma.com","twitter_card":"summary_large_image","twitter_misc":{"Escrito por":"sanluisinforma.com","Tiempo de lectura":"6 minutos"},"schema":{"@context":"https:\/\/schema.org","@graph":[{"@type":"Article","@id":"https:\/\/sanluisinforma.com\/?p=7365#article","isPartOf":{"@id":"https:\/\/sanluisinforma.com\/?p=7365"},"author":{"name":"sanluisinforma.com","@id":"https:\/\/sanluisinforma.com\/#\/schema\/person\/c30648f71476be533b6f59d092905c8b"},"headline":"Llegamos las mujeres Mexicanas a la Presidencia para seguir La Lucha por Justicia, Igualdad y\u00a0 por el Pueblo: Claudia Sheinbaum","datePublished":"2024-09-09T06:35:00+00:00","dateModified":"2024-09-09T01:43:56+00:00","mainEntityOfPage":{"@id":"https:\/\/sanluisinforma.com\/?p=7365"},"wordCount":1182,"publisher":{"@id":"https:\/\/sanluisinforma.com\/#organization"},"image":{"@id":"https:\/\/sanluisinforma.com\/?p=7365#primaryimage"},"thumbnailUrl":"https:\/\/sanluisinforma.com\/wp-content\/uploads\/2024\/09\/3f3b9e66-e415-4c0a-8fb4-f9f1cee4d96f.jpg","articleSection":["Nacional"],"inLanguage":"es"},{"@type":"WebPage","@id":"https:\/\/sanluisinforma.com\/?p=7365","url":"https:\/\/sanluisinforma.com\/?p=7365","name":"Llegamos las mujeres Mexicanas a la Presidencia para seguir La Lucha por Justicia, Igualdad y\u00a0 por el Pueblo: Claudia Sheinbaum - sanluisinforma.com","isPartOf":{"@id":"https:\/\/sanluisinforma.com\/#website"},"primaryImageOfPage":{"@id":"https:\/\/sanluisinforma.com\/?p=7365#primaryimage"},"image":{"@id":"https:\/\/sanluisinforma.com\/?p=7365#primaryimage"},"thumbnailUrl":"https:\/\/sanluisinforma.com\/wp-content\/uploads\/2024\/09\/3f3b9e66-e415-4c0a-8fb4-f9f1cee4d96f.jpg","datePublished":"2024-09-09T06:35:00+00:00","dateModified":"2024-09-09T01:43:56+00:00","breadcrumb":{"@id":"https:\/\/sanluisinforma.com\/?p=7365#breadcrumb"},"inLanguage":"es","potentialAction":[{"@type":"ReadAction","target":["https:\/\/sanluisinforma.com\/?p=7365"]}]},{"@type":"ImageObject","inLanguage":"es","@id":"https:\/\/sanluisinforma.com\/?p=7365#primaryimage","url":"https:\/\/sanluisinforma.com\/wp-content\/uploads\/2024\/09\/3f3b9e66-e415-4c0a-8fb4-f9f1cee4d96f.jpg","contentUrl":"https:\/\/sanluisinforma.com\/wp-content\/uploads\/2024\/09\/3f3b9e66-e415-4c0a-8fb4-f9f1cee4d96f.jpg","width":480,"height":319},{"@type":"BreadcrumbList","@id":"https:\/\/sanluisinforma.com\/?p=7365#breadcrumb","itemListElement":[{"@type":"ListItem","position":1,"name":"Inicio","item":"https:\/\/sanluisinforma.com\/"},{"@type":"ListItem","position":2,"name":"Llegamos las mujeres Mexicanas a la Presidencia para seguir La Lucha por Justicia, Igualdad y\u00a0 por el Pueblo: Claudia Sheinbaum"}]},{"@type":"WebSite","@id":"https:\/\/sanluisinforma.com\/#website","url":"https:\/\/sanluisinforma.com\/","name":"sanluisinforma.com","description":"Periodico San Luis Informa","publisher":{"@id":"https:\/\/sanluisinforma.com\/#organization"},"potentialAction":[{"@type":"SearchAction","target":{"@type":"EntryPoint","urlTemplate":"https:\/\/sanluisinforma.com\/?s={search_term_string}"},"query-input":{"@type":"PropertyValueSpecification","valueRequired":true,"valueName":"search_term_string"}}],"inLanguage":"es"},{"@type":"Organization","@id":"https:\/\/sanluisinforma.com\/#organization","name":"sanluisinforma.com","url":"https:\/\/sanluisinforma.com\/","logo":{"@type":"ImageObject","inLanguage":"es","@id":"https:\/\/sanluisinforma.com\/#\/schema\/logo\/image\/","url":"https:\/\/sanluisinforma.com\/wp-content\/uploads\/2026\/03\/sanluisinforma-V.jpg","contentUrl":"https:\/\/sanluisinforma.com\/wp-content\/uploads\/2026\/03\/sanluisinforma-V.jpg","width":500,"height":156,"caption":"sanluisinforma.com"},"image":{"@id":"https:\/\/sanluisinforma.com\/#\/schema\/logo\/image\/"}},{"@type":"Person","@id":"https:\/\/sanluisinforma.com\/#\/schema\/person\/c30648f71476be533b6f59d092905c8b","name":"sanluisinforma.com","image":{"@type":"ImageObject","inLanguage":"es","@id":"https:\/\/sanluisinforma.com\/#\/schema\/person\/image\/","url":"https:\/\/secure.gravatar.com\/avatar\/86e3114e34a1eecefb963e0a02f0093f93b092dddb2fe1517596343751081a87?s=96&d=mm&r=g","contentUrl":"https:\/\/secure.gravatar.com\/avatar\/86e3114e34a1eecefb963e0a02f0093f93b092dddb2fe1517596343751081a87?s=96&d=mm&r=g","caption":"sanluisinforma.com"},"url":"https:\/\/sanluisinforma.com\/?author=2"}]}},"_links":{"self":[{"href":"https:\/\/sanluisinforma.com\/index.php?rest_route=\/wp\/v2\/posts\/7365","targetHints":{"allow":["GET"]}}],"collection":[{"href":"https:\/\/sanluisinforma.com\/index.php?rest_route=\/wp\/v2\/posts"}],"about":[{"href":"https:\/\/sanluisinforma.com\/index.php?rest_route=\/wp\/v2\/types\/post"}],"author":[{"embeddable":true,"href":"https:\/\/sanluisinforma.com\/index.php?rest_route=\/wp\/v2\/users\/2"}],"replies":[{"embeddable":true,"href":"https:\/\/sanluisinforma.com\/index.php?rest_route=%2Fwp%2Fv2%2Fcomments&post=7365"}],"version-history":[{"count":1,"href":"https:\/\/sanluisinforma.com\/index.php?rest_route=\/wp\/v2\/posts\/7365\/revisions"}],"predecessor-version":[{"id":7367,"href":"https:\/\/sanluisinforma.com\/index.php?rest_route=\/wp\/v2\/posts\/7365\/revisions\/7367"}],"wp:featuredmedia":[{"embeddable":true,"href":"https:\/\/sanluisinforma.com\/index.php?rest_route=\/wp\/v2\/media\/7366"}],"wp:attachment":[{"href":"https:\/\/sanluisinforma.com\/index.php?rest_route=%2Fwp%2Fv2%2Fmedia&parent=7365"}],"wp:term":[{"taxonomy":"category","embeddable":true,"href":"https:\/\/sanluisinforma.com\/index.php?rest_route=%2Fwp%2Fv2%2Fcategories&post=7365"},{"taxonomy":"post_tag","embeddable":true,"href":"https:\/\/sanluisinforma.com\/index.php?rest_route=%2Fwp%2Fv2%2Ftags&post=7365"}],"curies":[{"name":"wp","href":"https:\/\/api.w.org\/{rel}","templated":true}]}}