{"id":7371,"date":"2024-09-11T00:58:00","date_gmt":"2024-09-11T06:58:00","guid":{"rendered":"https:\/\/sanluisinforma.com\/?p=7371"},"modified":"2024-09-10T00:05:37","modified_gmt":"2024-09-10T06:05:37","slug":"san-luis-potosi-y-mcallen-fortalecen-lazos-comerciales-con-firma-de-convenio","status":"publish","type":"post","link":"https:\/\/sanluisinforma.com\/?p=7371","title":{"rendered":"San Luis Potos\u00ed y Mcallen Fortalecen lazos comerciales con firma de Convenio"},"content":{"rendered":"\n<p>Autoridades estadunidenses visitar\u00e1n SLP en el marco de las celebraciones patrias&nbsp;&nbsp;&nbsp;&nbsp;&nbsp;<\/p>\n\n\n\n<p>En un esfuerzo por fortalecer los lazos econ\u00f3micos y comerciales entre M\u00e9xico y Estados Unidos, el Gobierno de San Luis Potos\u00ed firmar\u00e1 un Memorando de Entendimiento con el Puente Internacional Anzalduas. Este acuerdo busca impulsar el desarrollo econ\u00f3mico, el comercio internacional y la seguridad en la infraestructura fronteriza que conecta a San Luis Potos\u00ed con Mission, Hidalgo y McAllen, Texas.<\/p>\n\n\n\n<p>La firma del memorando es el resultado de una gira internacional encabezada por el Gobernador de San Luis Potos\u00ed, Ricardo Gallardo Cardona, realizada el pasado 31 de julio en Mission, Texas. Durante dicha visita, el Mandatario Estatal tuvo la oportunidad de conocer las instalaciones del Puente Internacional Anzalduas y dialogar con los representantes de las ciudades fronterizas para establecer una colaboraci\u00f3n estrat\u00e9gica.<\/p>\n\n\n\n<p>El acuerdo, que ser\u00e1 firmado por el Gobernador Ricardo Gallardo y el alcalde de McAllen, Javier Villalobos, en presencia de autoridades estadounidenses y mexicanas, tiene como objetivo principal fomentar el crecimiento econ\u00f3mico bilateral y facilitar el comercio a trav\u00e9s de una frontera segura y moderna. Entre los testigos de honor estar\u00e1 el superintendente de Anzalduas, Juan Olaguibel.<\/p>\n\n\n\n<p>\u201cEl Puente Internacional Anzalduas es un punto clave para el comercio entre M\u00e9xico y Estados Unidos, y este acuerdo representa una oportunidad hist\u00f3rica para San Luis Potos\u00ed. Estamos seguros de que fortaleceremos nuestros lazos con Texas y abriremos nuevas oportunidades para nuestros empresarios y comerciantes\u201d, mencion\u00f3 Gallardo.<\/p>\n\n\n\n<p>Adem\u00e1s, el memorando no solo abordar\u00e1 el desarrollo econ\u00f3mico, sino tambi\u00e9n temas de seguridad en la frontera y la promoci\u00f3n del desarrollo de negocios internacionales.<\/p>\n\n\n\n<p>Este memorando es parte de una serie de iniciativas del Gobierno potosino para establecer relaciones estrat\u00e9gicas con estados y ciudades fronterizas de Estados Unidos, con el objetivo de explorar nuevas oportunidades de inversi\u00f3n y fortalecer la infraestructura que conecta a ambas regiones.<\/p>\n\n\n\n<p><\/p>\n","protected":false},"excerpt":{"rendered":"<p>Autoridades estadunidenses visitar\u00e1n SLP en el marco de las celebraciones patrias&nbsp;&nbsp;&nbsp;&nbsp;&nbsp; En un esfuerzo por fortalecer los lazos econ\u00f3micos y<\/p>\n","protected":false},"author":2,"featured_media":7372,"comment_status":"closed","ping_status":"closed","sticky":false,"template":"","format":"standard","meta":{"footnotes":""},"categories":[25,30],"tags":[],"class_list":["post-7371","post","type-post","status-publish","format-standard","has-post-thumbnail","hentry","category-local","category-portada"],"yoast_head":"<!-- This site is optimized with the Yoast SEO plugin v24.1 - https:\/\/yoast.com\/wordpress\/plugins\/seo\/ -->\n<title>San Luis Potos\u00ed y Mcallen Fortalecen lazos comerciales con firma de Convenio - sanluisinforma.com<\/title>\n<meta name=\"robots\" content=\"index, follow, max-snippet:-1, max-image-preview:large, max-video-preview:-1\" \/>\n<link rel=\"canonical\" href=\"https:\/\/sanluisinforma.com\/?p=7371\" \/>\n<meta property=\"og:locale\" content=\"es_MX\" \/>\n<meta property=\"og:type\" content=\"article\" \/>\n<meta property=\"og:title\" content=\"San Luis Potos\u00ed y Mcallen Fortalecen lazos comerciales con firma de Convenio - sanluisinforma.com\" \/>\n<meta property=\"og:description\" content=\"Autoridades estadunidenses visitar\u00e1n SLP en el marco de las celebraciones patrias&nbsp;&nbsp;&nbsp;&nbsp;&nbsp; En un esfuerzo por fortalecer los lazos econ\u00f3micos y\" \/>\n<meta property=\"og:url\" content=\"https:\/\/sanluisinforma.com\/?p=7371\" \/>\n<meta property=\"og:site_name\" content=\"sanluisinforma.com\" \/>\n<meta property=\"article:published_time\" content=\"2024-09-11T06:58:00+00:00\" \/>\n<meta property=\"article:modified_time\" content=\"2024-09-10T06:05:37+00:00\" \/>\n<meta property=\"og:image\" content=\"https:\/\/sanluisinforma.com\/wp-content\/uploads\/2024\/09\/3778d293-5aae-44f0-ac15-9e773e841883.jpg\" \/>\n\t<meta property=\"og:image:width\" content=\"480\" \/>\n\t<meta property=\"og:image:height\" content=\"360\" \/>\n\t<meta property=\"og:image:type\" content=\"image\/jpeg\" \/>\n<meta name=\"author\" content=\"sanluisinforma.com\" \/>\n<meta name=\"twitter:card\" content=\"summary_large_image\" \/>\n<meta name=\"twitter:label1\" content=\"Escrito por\" \/>\n\t<meta name=\"twitter:data1\" content=\"sanluisinforma.com\" \/>\n\t<meta name=\"twitter:label2\" content=\"Tiempo de lectura\" \/>\n\t<meta name=\"twitter:data2\" content=\"2 minutos\" \/>\n<script type=\"application\/ld+json\" class=\"yoast-schema-graph\">{\"@context\":\"https:\/\/schema.org\",\"@graph\":[{\"@type\":\"Article\",\"@id\":\"https:\/\/sanluisinforma.com\/?p=7371#article\",\"isPartOf\":{\"@id\":\"https:\/\/sanluisinforma.com\/?p=7371\"},\"author\":{\"name\":\"sanluisinforma.com\",\"@id\":\"https:\/\/sanluisinforma.com\/#\/schema\/person\/c30648f71476be533b6f59d092905c8b\"},\"headline\":\"San Luis Potos\u00ed y Mcallen Fortalecen lazos comerciales con firma de Convenio\",\"datePublished\":\"2024-09-11T06:58:00+00:00\",\"dateModified\":\"2024-09-10T06:05:37+00:00\",\"mainEntityOfPage\":{\"@id\":\"https:\/\/sanluisinforma.com\/?p=7371\"},\"wordCount\":336,\"publisher\":{\"@id\":\"https:\/\/sanluisinforma.com\/#organization\"},\"image\":{\"@id\":\"https:\/\/sanluisinforma.com\/?p=7371#primaryimage\"},\"thumbnailUrl\":\"https:\/\/sanluisinforma.com\/wp-content\/uploads\/2024\/09\/3778d293-5aae-44f0-ac15-9e773e841883.jpg\",\"articleSection\":[\"Local\",\"Portada\"],\"inLanguage\":\"es\"},{\"@type\":\"WebPage\",\"@id\":\"https:\/\/sanluisinforma.com\/?p=7371\",\"url\":\"https:\/\/sanluisinforma.com\/?p=7371\",\"name\":\"San Luis Potos\u00ed y Mcallen Fortalecen lazos comerciales con firma de Convenio - sanluisinforma.com\",\"isPartOf\":{\"@id\":\"https:\/\/sanluisinforma.com\/#website\"},\"primaryImageOfPage\":{\"@id\":\"https:\/\/sanluisinforma.com\/?p=7371#primaryimage\"},\"image\":{\"@id\":\"https:\/\/sanluisinforma.com\/?p=7371#primaryimage\"},\"thumbnailUrl\":\"https:\/\/sanluisinforma.com\/wp-content\/uploads\/2024\/09\/3778d293-5aae-44f0-ac15-9e773e841883.jpg\",\"datePublished\":\"2024-09-11T06:58:00+00:00\",\"dateModified\":\"2024-09-10T06:05:37+00:00\",\"breadcrumb\":{\"@id\":\"https:\/\/sanluisinforma.com\/?p=7371#breadcrumb\"},\"inLanguage\":\"es\",\"potentialAction\":[{\"@type\":\"ReadAction\",\"target\":[\"https:\/\/sanluisinforma.com\/?p=7371\"]}]},{\"@type\":\"ImageObject\",\"inLanguage\":\"es\",\"@id\":\"https:\/\/sanluisinforma.com\/?p=7371#primaryimage\",\"url\":\"https:\/\/sanluisinforma.com\/wp-content\/uploads\/2024\/09\/3778d293-5aae-44f0-ac15-9e773e841883.jpg\",\"contentUrl\":\"https:\/\/sanluisinforma.com\/wp-content\/uploads\/2024\/09\/3778d293-5aae-44f0-ac15-9e773e841883.jpg\",\"width\":480,\"height\":360},{\"@type\":\"BreadcrumbList\",\"@id\":\"https:\/\/sanluisinforma.com\/?p=7371#breadcrumb\",\"itemListElement\":[{\"@type\":\"ListItem\",\"position\":1,\"name\":\"Inicio\",\"item\":\"https:\/\/sanluisinforma.com\/\"},{\"@type\":\"ListItem\",\"position\":2,\"name\":\"San Luis Potos\u00ed y Mcallen Fortalecen lazos comerciales con firma de Convenio\"}]},{\"@type\":\"WebSite\",\"@id\":\"https:\/\/sanluisinforma.com\/#website\",\"url\":\"https:\/\/sanluisinforma.com\/\",\"name\":\"sanluisinforma.com\",\"description\":\"Periodico San Luis Informa\",\"publisher\":{\"@id\":\"https:\/\/sanluisinforma.com\/#organization\"},\"potentialAction\":[{\"@type\":\"SearchAction\",\"target\":{\"@type\":\"EntryPoint\",\"urlTemplate\":\"https:\/\/sanluisinforma.com\/?s={search_term_string}\"},\"query-input\":{\"@type\":\"PropertyValueSpecification\",\"valueRequired\":true,\"valueName\":\"search_term_string\"}}],\"inLanguage\":\"es\"},{\"@type\":\"Organization\",\"@id\":\"https:\/\/sanluisinforma.com\/#organization\",\"name\":\"sanluisinforma.com\",\"url\":\"https:\/\/sanluisinforma.com\/\",\"logo\":{\"@type\":\"ImageObject\",\"inLanguage\":\"es\",\"@id\":\"https:\/\/sanluisinforma.com\/#\/schema\/logo\/image\/\",\"url\":\"https:\/\/sanluisinforma.com\/wp-content\/uploads\/2026\/03\/sanluisinforma-V.jpg\",\"contentUrl\":\"https:\/\/sanluisinforma.com\/wp-content\/uploads\/2026\/03\/sanluisinforma-V.jpg\",\"width\":500,\"height\":156,\"caption\":\"sanluisinforma.com\"},\"image\":{\"@id\":\"https:\/\/sanluisinforma.com\/#\/schema\/logo\/image\/\"}},{\"@type\":\"Person\",\"@id\":\"https:\/\/sanluisinforma.com\/#\/schema\/person\/c30648f71476be533b6f59d092905c8b\",\"name\":\"sanluisinforma.com\",\"image\":{\"@type\":\"ImageObject\",\"inLanguage\":\"es\",\"@id\":\"https:\/\/sanluisinforma.com\/#\/schema\/person\/image\/\",\"url\":\"https:\/\/secure.gravatar.com\/avatar\/86e3114e34a1eecefb963e0a02f0093f93b092dddb2fe1517596343751081a87?s=96&d=mm&r=g\",\"contentUrl\":\"https:\/\/secure.gravatar.com\/avatar\/86e3114e34a1eecefb963e0a02f0093f93b092dddb2fe1517596343751081a87?s=96&d=mm&r=g\",\"caption\":\"sanluisinforma.com\"},\"url\":\"https:\/\/sanluisinforma.com\/?author=2\"}]}<\/script>\n<!-- \/ Yoast SEO plugin. -->","yoast_head_json":{"title":"San Luis Potos\u00ed y Mcallen Fortalecen lazos comerciales con firma de Convenio - sanluisinforma.com","robots":{"index":"index","follow":"follow","max-snippet":"max-snippet:-1","max-image-preview":"max-image-preview:large","max-video-preview":"max-video-preview:-1"},"canonical":"https:\/\/sanluisinforma.com\/?p=7371","og_locale":"es_MX","og_type":"article","og_title":"San Luis Potos\u00ed y Mcallen Fortalecen lazos comerciales con firma de Convenio - sanluisinforma.com","og_description":"Autoridades estadunidenses visitar\u00e1n SLP en el marco de las celebraciones patrias&nbsp;&nbsp;&nbsp;&nbsp;&nbsp; En un esfuerzo por fortalecer los lazos econ\u00f3micos y","og_url":"https:\/\/sanluisinforma.com\/?p=7371","og_site_name":"sanluisinforma.com","article_published_time":"2024-09-11T06:58:00+00:00","article_modified_time":"2024-09-10T06:05:37+00:00","og_image":[{"width":480,"height":360,"url":"https:\/\/sanluisinforma.com\/wp-content\/uploads\/2024\/09\/3778d293-5aae-44f0-ac15-9e773e841883.jpg","type":"image\/jpeg"}],"author":"sanluisinforma.com","twitter_card":"summary_large_image","twitter_misc":{"Escrito por":"sanluisinforma.com","Tiempo de lectura":"2 minutos"},"schema":{"@context":"https:\/\/schema.org","@graph":[{"@type":"Article","@id":"https:\/\/sanluisinforma.com\/?p=7371#article","isPartOf":{"@id":"https:\/\/sanluisinforma.com\/?p=7371"},"author":{"name":"sanluisinforma.com","@id":"https:\/\/sanluisinforma.com\/#\/schema\/person\/c30648f71476be533b6f59d092905c8b"},"headline":"San Luis Potos\u00ed y Mcallen Fortalecen lazos comerciales con firma de Convenio","datePublished":"2024-09-11T06:58:00+00:00","dateModified":"2024-09-10T06:05:37+00:00","mainEntityOfPage":{"@id":"https:\/\/sanluisinforma.com\/?p=7371"},"wordCount":336,"publisher":{"@id":"https:\/\/sanluisinforma.com\/#organization"},"image":{"@id":"https:\/\/sanluisinforma.com\/?p=7371#primaryimage"},"thumbnailUrl":"https:\/\/sanluisinforma.com\/wp-content\/uploads\/2024\/09\/3778d293-5aae-44f0-ac15-9e773e841883.jpg","articleSection":["Local","Portada"],"inLanguage":"es"},{"@type":"WebPage","@id":"https:\/\/sanluisinforma.com\/?p=7371","url":"https:\/\/sanluisinforma.com\/?p=7371","name":"San Luis Potos\u00ed y Mcallen Fortalecen lazos comerciales con firma de Convenio - sanluisinforma.com","isPartOf":{"@id":"https:\/\/sanluisinforma.com\/#website"},"primaryImageOfPage":{"@id":"https:\/\/sanluisinforma.com\/?p=7371#primaryimage"},"image":{"@id":"https:\/\/sanluisinforma.com\/?p=7371#primaryimage"},"thumbnailUrl":"https:\/\/sanluisinforma.com\/wp-content\/uploads\/2024\/09\/3778d293-5aae-44f0-ac15-9e773e841883.jpg","datePublished":"2024-09-11T06:58:00+00:00","dateModified":"2024-09-10T06:05:37+00:00","breadcrumb":{"@id":"https:\/\/sanluisinforma.com\/?p=7371#breadcrumb"},"inLanguage":"es","potentialAction":[{"@type":"ReadAction","target":["https:\/\/sanluisinforma.com\/?p=7371"]}]},{"@type":"ImageObject","inLanguage":"es","@id":"https:\/\/sanluisinforma.com\/?p=7371#primaryimage","url":"https:\/\/sanluisinforma.com\/wp-content\/uploads\/2024\/09\/3778d293-5aae-44f0-ac15-9e773e841883.jpg","contentUrl":"https:\/\/sanluisinforma.com\/wp-content\/uploads\/2024\/09\/3778d293-5aae-44f0-ac15-9e773e841883.jpg","width":480,"height":360},{"@type":"BreadcrumbList","@id":"https:\/\/sanluisinforma.com\/?p=7371#breadcrumb","itemListElement":[{"@type":"ListItem","position":1,"name":"Inicio","item":"https:\/\/sanluisinforma.com\/"},{"@type":"ListItem","position":2,"name":"San Luis Potos\u00ed y Mcallen Fortalecen lazos comerciales con firma de Convenio"}]},{"@type":"WebSite","@id":"https:\/\/sanluisinforma.com\/#website","url":"https:\/\/sanluisinforma.com\/","name":"sanluisinforma.com","description":"Periodico San Luis Informa","publisher":{"@id":"https:\/\/sanluisinforma.com\/#organization"},"potentialAction":[{"@type":"SearchAction","target":{"@type":"EntryPoint","urlTemplate":"https:\/\/sanluisinforma.com\/?s={search_term_string}"},"query-input":{"@type":"PropertyValueSpecification","valueRequired":true,"valueName":"search_term_string"}}],"inLanguage":"es"},{"@type":"Organization","@id":"https:\/\/sanluisinforma.com\/#organization","name":"sanluisinforma.com","url":"https:\/\/sanluisinforma.com\/","logo":{"@type":"ImageObject","inLanguage":"es","@id":"https:\/\/sanluisinforma.com\/#\/schema\/logo\/image\/","url":"https:\/\/sanluisinforma.com\/wp-content\/uploads\/2026\/03\/sanluisinforma-V.jpg","contentUrl":"https:\/\/sanluisinforma.com\/wp-content\/uploads\/2026\/03\/sanluisinforma-V.jpg","width":500,"height":156,"caption":"sanluisinforma.com"},"image":{"@id":"https:\/\/sanluisinforma.com\/#\/schema\/logo\/image\/"}},{"@type":"Person","@id":"https:\/\/sanluisinforma.com\/#\/schema\/person\/c30648f71476be533b6f59d092905c8b","name":"sanluisinforma.com","image":{"@type":"ImageObject","inLanguage":"es","@id":"https:\/\/sanluisinforma.com\/#\/schema\/person\/image\/","url":"https:\/\/secure.gravatar.com\/avatar\/86e3114e34a1eecefb963e0a02f0093f93b092dddb2fe1517596343751081a87?s=96&d=mm&r=g","contentUrl":"https:\/\/secure.gravatar.com\/avatar\/86e3114e34a1eecefb963e0a02f0093f93b092dddb2fe1517596343751081a87?s=96&d=mm&r=g","caption":"sanluisinforma.com"},"url":"https:\/\/sanluisinforma.com\/?author=2"}]}},"_links":{"self":[{"href":"https:\/\/sanluisinforma.com\/index.php?rest_route=\/wp\/v2\/posts\/7371","targetHints":{"allow":["GET"]}}],"collection":[{"href":"https:\/\/sanluisinforma.com\/index.php?rest_route=\/wp\/v2\/posts"}],"about":[{"href":"https:\/\/sanluisinforma.com\/index.php?rest_route=\/wp\/v2\/types\/post"}],"author":[{"embeddable":true,"href":"https:\/\/sanluisinforma.com\/index.php?rest_route=\/wp\/v2\/users\/2"}],"replies":[{"embeddable":true,"href":"https:\/\/sanluisinforma.com\/index.php?rest_route=%2Fwp%2Fv2%2Fcomments&post=7371"}],"version-history":[{"count":1,"href":"https:\/\/sanluisinforma.com\/index.php?rest_route=\/wp\/v2\/posts\/7371\/revisions"}],"predecessor-version":[{"id":7373,"href":"https:\/\/sanluisinforma.com\/index.php?rest_route=\/wp\/v2\/posts\/7371\/revisions\/7373"}],"wp:featuredmedia":[{"embeddable":true,"href":"https:\/\/sanluisinforma.com\/index.php?rest_route=\/wp\/v2\/media\/7372"}],"wp:attachment":[{"href":"https:\/\/sanluisinforma.com\/index.php?rest_route=%2Fwp%2Fv2%2Fmedia&parent=7371"}],"wp:term":[{"taxonomy":"category","embeddable":true,"href":"https:\/\/sanluisinforma.com\/index.php?rest_route=%2Fwp%2Fv2%2Fcategories&post=7371"},{"taxonomy":"post_tag","embeddable":true,"href":"https:\/\/sanluisinforma.com\/index.php?rest_route=%2Fwp%2Fv2%2Ftags&post=7371"}],"curies":[{"name":"wp","href":"https:\/\/api.w.org\/{rel}","templated":true}]}}