{"id":7378,"date":"2024-09-11T00:50:19","date_gmt":"2024-09-11T06:50:19","guid":{"rendered":"https:\/\/sanluisinforma.com\/?p=7378"},"modified":"2024-09-10T00:26:54","modified_gmt":"2024-09-10T06:26:54","slug":"alcalde-galindo-firma-acuerdo-con-ipicyt-para-poner-solucion-al-lirio-en-la-presa-san-jose","status":"publish","type":"post","link":"https:\/\/sanluisinforma.com\/?p=7378","title":{"rendered":"Alcalde Galindo firma acuerdo con Ipicyt para poner soluci\u00f3n al lirio en la Presa San Jos\u00e9"},"content":{"rendered":"\n<p><\/p>\n\n\n\n<p>En las instalaciones del Ipicyt, se acord\u00f3 la colaboraci\u00f3n entre el Ayuntamiento y la instituci\u00f3n cient\u00edfica para retirar esta planta de la Presa, con el fin de mejorar la calidad del agua; \u201catenderemos de fondo la problem\u00e1tica\u201d, se\u00f1al\u00f3 el Edil.<\/p>\n\n\n\n<p>\u201cHoy es un gran d\u00eda para la ciudad y sus habitantes por la construcci\u00f3n de una alianza del Gobierno Municipal con el Instituto Potosino de Investigaci\u00f3n Cient\u00edfica y Tecnol\u00f3gica (Ipicyt), centro generador del conocimiento que abre sus puertas para solucionar juntos grandes problemas\u201d, afirm\u00f3 el Alcalde Enrique Galindo Ceballos en el acto de la firma del \u201cAcuerdo de Colaboraci\u00f3n para el Manejo Integral del Lirio en la Presa San Jos\u00e9\u201d.<\/p>\n\n\n\n<p>Este convenio entre el Ayuntamiento de San Luis Potos\u00ed y el Ipicyt permite asegurar que se est\u00e1 en el umbral de la soluci\u00f3n para proceder a la limpieza de la Presa San Jos\u00e9: \u201cEsta primera firma es una ventana de oportunidad para la ciudad. Juntos, la comunidad cient\u00edfica del Ipicyt y los t\u00e9cnicos del Ayuntamiento, vamos a poder atender de fondo la problem\u00e1tica\u201d, enfatiz\u00f3 el Presidente Municipal.<\/p>\n\n\n\n<p>En el marco de la ceremonia se firm\u00f3 tambi\u00e9n un Manifiesto por la Aplicaci\u00f3n de la Ciencia y la Tecnolog\u00eda en la Asistencia a la Sociedad. El Director del Ipicyt, Luis Antonio Salazar Olivo, mencion\u00f3 que ambos acuerdos resaltan lo importante que es el trabajo colaborativo entre autoridades y centros acad\u00e9micos, que debe emprenderse para la soluci\u00f3n de los m\u00faltiples problemas que aquejan a las sociedades modernas y complejas.<\/p>\n\n\n\n<p>Salazar Olivo, a nombre de la comunidad cient\u00edfica, manifest\u00f3 el agradecimiento al Gobierno de la Capital que encabeza Enrique Galindo, por atender responsablemente un tema tan relevante como el agua, que -agreg\u00f3- \u201ces indispensable para el desarrollo de la vida, por eso estamos prestos a colaborar con cualquier nivel de gobierno que nos permita asegurar un uso socialmente responsable de todos nuestros recursos naturales\u201d.<\/p>\n\n\n\n<p><\/p>\n\n\n\n<p><\/p>\n","protected":false},"excerpt":{"rendered":"<p>En las instalaciones del Ipicyt, se acord\u00f3 la colaboraci\u00f3n entre el Ayuntamiento y la instituci\u00f3n cient\u00edfica para retirar esta planta<\/p>\n","protected":false},"author":2,"featured_media":7379,"comment_status":"closed","ping_status":"closed","sticky":false,"template":"","format":"standard","meta":{"footnotes":""},"categories":[25,30],"tags":[],"class_list":["post-7378","post","type-post","status-publish","format-standard","has-post-thumbnail","hentry","category-local","category-portada"],"yoast_head":"<!-- This site is optimized with the Yoast SEO plugin v24.1 - https:\/\/yoast.com\/wordpress\/plugins\/seo\/ -->\n<title>Alcalde Galindo firma acuerdo con Ipicyt para poner soluci\u00f3n al lirio en la Presa San Jos\u00e9 - sanluisinforma.com<\/title>\n<meta name=\"robots\" content=\"index, follow, max-snippet:-1, max-image-preview:large, max-video-preview:-1\" \/>\n<link rel=\"canonical\" href=\"https:\/\/sanluisinforma.com\/?p=7378\" \/>\n<meta property=\"og:locale\" content=\"es_MX\" \/>\n<meta property=\"og:type\" content=\"article\" \/>\n<meta property=\"og:title\" content=\"Alcalde Galindo firma acuerdo con Ipicyt para poner soluci\u00f3n al lirio en la Presa San Jos\u00e9 - sanluisinforma.com\" \/>\n<meta property=\"og:description\" content=\"En las instalaciones del Ipicyt, se acord\u00f3 la colaboraci\u00f3n entre el Ayuntamiento y la instituci\u00f3n cient\u00edfica para retirar esta planta\" \/>\n<meta property=\"og:url\" content=\"https:\/\/sanluisinforma.com\/?p=7378\" \/>\n<meta property=\"og:site_name\" content=\"sanluisinforma.com\" \/>\n<meta property=\"article:published_time\" content=\"2024-09-11T06:50:19+00:00\" \/>\n<meta property=\"article:modified_time\" content=\"2024-09-10T06:26:54+00:00\" \/>\n<meta property=\"og:image\" content=\"https:\/\/sanluisinforma.com\/wp-content\/uploads\/2024\/09\/7433f76b-d031-4cf4-8b8f-a7ab8dc8c483.jpg\" \/>\n\t<meta property=\"og:image:width\" content=\"480\" \/>\n\t<meta property=\"og:image:height\" content=\"319\" \/>\n\t<meta property=\"og:image:type\" content=\"image\/jpeg\" \/>\n<meta name=\"author\" content=\"sanluisinforma.com\" \/>\n<meta name=\"twitter:card\" content=\"summary_large_image\" \/>\n<meta name=\"twitter:label1\" content=\"Escrito por\" \/>\n\t<meta name=\"twitter:data1\" content=\"sanluisinforma.com\" \/>\n\t<meta name=\"twitter:label2\" content=\"Tiempo de lectura\" \/>\n\t<meta name=\"twitter:data2\" content=\"2 minutos\" \/>\n<script type=\"application\/ld+json\" class=\"yoast-schema-graph\">{\"@context\":\"https:\/\/schema.org\",\"@graph\":[{\"@type\":\"Article\",\"@id\":\"https:\/\/sanluisinforma.com\/?p=7378#article\",\"isPartOf\":{\"@id\":\"https:\/\/sanluisinforma.com\/?p=7378\"},\"author\":{\"name\":\"sanluisinforma.com\",\"@id\":\"https:\/\/sanluisinforma.com\/#\/schema\/person\/c30648f71476be533b6f59d092905c8b\"},\"headline\":\"Alcalde Galindo firma acuerdo con Ipicyt para poner soluci\u00f3n al lirio en la Presa San Jos\u00e9\",\"datePublished\":\"2024-09-11T06:50:19+00:00\",\"dateModified\":\"2024-09-10T06:26:54+00:00\",\"mainEntityOfPage\":{\"@id\":\"https:\/\/sanluisinforma.com\/?p=7378\"},\"wordCount\":350,\"publisher\":{\"@id\":\"https:\/\/sanluisinforma.com\/#organization\"},\"image\":{\"@id\":\"https:\/\/sanluisinforma.com\/?p=7378#primaryimage\"},\"thumbnailUrl\":\"https:\/\/sanluisinforma.com\/wp-content\/uploads\/2024\/09\/7433f76b-d031-4cf4-8b8f-a7ab8dc8c483.jpg\",\"articleSection\":[\"Local\",\"Portada\"],\"inLanguage\":\"es\"},{\"@type\":\"WebPage\",\"@id\":\"https:\/\/sanluisinforma.com\/?p=7378\",\"url\":\"https:\/\/sanluisinforma.com\/?p=7378\",\"name\":\"Alcalde Galindo firma acuerdo con Ipicyt para poner soluci\u00f3n al lirio en la Presa San Jos\u00e9 - sanluisinforma.com\",\"isPartOf\":{\"@id\":\"https:\/\/sanluisinforma.com\/#website\"},\"primaryImageOfPage\":{\"@id\":\"https:\/\/sanluisinforma.com\/?p=7378#primaryimage\"},\"image\":{\"@id\":\"https:\/\/sanluisinforma.com\/?p=7378#primaryimage\"},\"thumbnailUrl\":\"https:\/\/sanluisinforma.com\/wp-content\/uploads\/2024\/09\/7433f76b-d031-4cf4-8b8f-a7ab8dc8c483.jpg\",\"datePublished\":\"2024-09-11T06:50:19+00:00\",\"dateModified\":\"2024-09-10T06:26:54+00:00\",\"breadcrumb\":{\"@id\":\"https:\/\/sanluisinforma.com\/?p=7378#breadcrumb\"},\"inLanguage\":\"es\",\"potentialAction\":[{\"@type\":\"ReadAction\",\"target\":[\"https:\/\/sanluisinforma.com\/?p=7378\"]}]},{\"@type\":\"ImageObject\",\"inLanguage\":\"es\",\"@id\":\"https:\/\/sanluisinforma.com\/?p=7378#primaryimage\",\"url\":\"https:\/\/sanluisinforma.com\/wp-content\/uploads\/2024\/09\/7433f76b-d031-4cf4-8b8f-a7ab8dc8c483.jpg\",\"contentUrl\":\"https:\/\/sanluisinforma.com\/wp-content\/uploads\/2024\/09\/7433f76b-d031-4cf4-8b8f-a7ab8dc8c483.jpg\",\"width\":480,\"height\":319},{\"@type\":\"BreadcrumbList\",\"@id\":\"https:\/\/sanluisinforma.com\/?p=7378#breadcrumb\",\"itemListElement\":[{\"@type\":\"ListItem\",\"position\":1,\"name\":\"Inicio\",\"item\":\"https:\/\/sanluisinforma.com\/\"},{\"@type\":\"ListItem\",\"position\":2,\"name\":\"Alcalde Galindo firma acuerdo con Ipicyt para poner soluci\u00f3n al lirio en la Presa San Jos\u00e9\"}]},{\"@type\":\"WebSite\",\"@id\":\"https:\/\/sanluisinforma.com\/#website\",\"url\":\"https:\/\/sanluisinforma.com\/\",\"name\":\"sanluisinforma.com\",\"description\":\"Periodico San Luis Informa\",\"publisher\":{\"@id\":\"https:\/\/sanluisinforma.com\/#organization\"},\"potentialAction\":[{\"@type\":\"SearchAction\",\"target\":{\"@type\":\"EntryPoint\",\"urlTemplate\":\"https:\/\/sanluisinforma.com\/?s={search_term_string}\"},\"query-input\":{\"@type\":\"PropertyValueSpecification\",\"valueRequired\":true,\"valueName\":\"search_term_string\"}}],\"inLanguage\":\"es\"},{\"@type\":\"Organization\",\"@id\":\"https:\/\/sanluisinforma.com\/#organization\",\"name\":\"sanluisinforma.com\",\"url\":\"https:\/\/sanluisinforma.com\/\",\"logo\":{\"@type\":\"ImageObject\",\"inLanguage\":\"es\",\"@id\":\"https:\/\/sanluisinforma.com\/#\/schema\/logo\/image\/\",\"url\":\"https:\/\/sanluisinforma.com\/wp-content\/uploads\/2026\/03\/sanluisinforma-V.jpg\",\"contentUrl\":\"https:\/\/sanluisinforma.com\/wp-content\/uploads\/2026\/03\/sanluisinforma-V.jpg\",\"width\":500,\"height\":156,\"caption\":\"sanluisinforma.com\"},\"image\":{\"@id\":\"https:\/\/sanluisinforma.com\/#\/schema\/logo\/image\/\"}},{\"@type\":\"Person\",\"@id\":\"https:\/\/sanluisinforma.com\/#\/schema\/person\/c30648f71476be533b6f59d092905c8b\",\"name\":\"sanluisinforma.com\",\"image\":{\"@type\":\"ImageObject\",\"inLanguage\":\"es\",\"@id\":\"https:\/\/sanluisinforma.com\/#\/schema\/person\/image\/\",\"url\":\"https:\/\/secure.gravatar.com\/avatar\/86e3114e34a1eecefb963e0a02f0093f93b092dddb2fe1517596343751081a87?s=96&d=mm&r=g\",\"contentUrl\":\"https:\/\/secure.gravatar.com\/avatar\/86e3114e34a1eecefb963e0a02f0093f93b092dddb2fe1517596343751081a87?s=96&d=mm&r=g\",\"caption\":\"sanluisinforma.com\"},\"url\":\"https:\/\/sanluisinforma.com\/?author=2\"}]}<\/script>\n<!-- \/ Yoast SEO plugin. -->","yoast_head_json":{"title":"Alcalde Galindo firma acuerdo con Ipicyt para poner soluci\u00f3n al lirio en la Presa San Jos\u00e9 - sanluisinforma.com","robots":{"index":"index","follow":"follow","max-snippet":"max-snippet:-1","max-image-preview":"max-image-preview:large","max-video-preview":"max-video-preview:-1"},"canonical":"https:\/\/sanluisinforma.com\/?p=7378","og_locale":"es_MX","og_type":"article","og_title":"Alcalde Galindo firma acuerdo con Ipicyt para poner soluci\u00f3n al lirio en la Presa San Jos\u00e9 - sanluisinforma.com","og_description":"En las instalaciones del Ipicyt, se acord\u00f3 la colaboraci\u00f3n entre el Ayuntamiento y la instituci\u00f3n cient\u00edfica para retirar esta planta","og_url":"https:\/\/sanluisinforma.com\/?p=7378","og_site_name":"sanluisinforma.com","article_published_time":"2024-09-11T06:50:19+00:00","article_modified_time":"2024-09-10T06:26:54+00:00","og_image":[{"width":480,"height":319,"url":"https:\/\/sanluisinforma.com\/wp-content\/uploads\/2024\/09\/7433f76b-d031-4cf4-8b8f-a7ab8dc8c483.jpg","type":"image\/jpeg"}],"author":"sanluisinforma.com","twitter_card":"summary_large_image","twitter_misc":{"Escrito por":"sanluisinforma.com","Tiempo de lectura":"2 minutos"},"schema":{"@context":"https:\/\/schema.org","@graph":[{"@type":"Article","@id":"https:\/\/sanluisinforma.com\/?p=7378#article","isPartOf":{"@id":"https:\/\/sanluisinforma.com\/?p=7378"},"author":{"name":"sanluisinforma.com","@id":"https:\/\/sanluisinforma.com\/#\/schema\/person\/c30648f71476be533b6f59d092905c8b"},"headline":"Alcalde Galindo firma acuerdo con Ipicyt para poner soluci\u00f3n al lirio en la Presa San Jos\u00e9","datePublished":"2024-09-11T06:50:19+00:00","dateModified":"2024-09-10T06:26:54+00:00","mainEntityOfPage":{"@id":"https:\/\/sanluisinforma.com\/?p=7378"},"wordCount":350,"publisher":{"@id":"https:\/\/sanluisinforma.com\/#organization"},"image":{"@id":"https:\/\/sanluisinforma.com\/?p=7378#primaryimage"},"thumbnailUrl":"https:\/\/sanluisinforma.com\/wp-content\/uploads\/2024\/09\/7433f76b-d031-4cf4-8b8f-a7ab8dc8c483.jpg","articleSection":["Local","Portada"],"inLanguage":"es"},{"@type":"WebPage","@id":"https:\/\/sanluisinforma.com\/?p=7378","url":"https:\/\/sanluisinforma.com\/?p=7378","name":"Alcalde Galindo firma acuerdo con Ipicyt para poner soluci\u00f3n al lirio en la Presa San Jos\u00e9 - sanluisinforma.com","isPartOf":{"@id":"https:\/\/sanluisinforma.com\/#website"},"primaryImageOfPage":{"@id":"https:\/\/sanluisinforma.com\/?p=7378#primaryimage"},"image":{"@id":"https:\/\/sanluisinforma.com\/?p=7378#primaryimage"},"thumbnailUrl":"https:\/\/sanluisinforma.com\/wp-content\/uploads\/2024\/09\/7433f76b-d031-4cf4-8b8f-a7ab8dc8c483.jpg","datePublished":"2024-09-11T06:50:19+00:00","dateModified":"2024-09-10T06:26:54+00:00","breadcrumb":{"@id":"https:\/\/sanluisinforma.com\/?p=7378#breadcrumb"},"inLanguage":"es","potentialAction":[{"@type":"ReadAction","target":["https:\/\/sanluisinforma.com\/?p=7378"]}]},{"@type":"ImageObject","inLanguage":"es","@id":"https:\/\/sanluisinforma.com\/?p=7378#primaryimage","url":"https:\/\/sanluisinforma.com\/wp-content\/uploads\/2024\/09\/7433f76b-d031-4cf4-8b8f-a7ab8dc8c483.jpg","contentUrl":"https:\/\/sanluisinforma.com\/wp-content\/uploads\/2024\/09\/7433f76b-d031-4cf4-8b8f-a7ab8dc8c483.jpg","width":480,"height":319},{"@type":"BreadcrumbList","@id":"https:\/\/sanluisinforma.com\/?p=7378#breadcrumb","itemListElement":[{"@type":"ListItem","position":1,"name":"Inicio","item":"https:\/\/sanluisinforma.com\/"},{"@type":"ListItem","position":2,"name":"Alcalde Galindo firma acuerdo con Ipicyt para poner soluci\u00f3n al lirio en la Presa San Jos\u00e9"}]},{"@type":"WebSite","@id":"https:\/\/sanluisinforma.com\/#website","url":"https:\/\/sanluisinforma.com\/","name":"sanluisinforma.com","description":"Periodico San Luis Informa","publisher":{"@id":"https:\/\/sanluisinforma.com\/#organization"},"potentialAction":[{"@type":"SearchAction","target":{"@type":"EntryPoint","urlTemplate":"https:\/\/sanluisinforma.com\/?s={search_term_string}"},"query-input":{"@type":"PropertyValueSpecification","valueRequired":true,"valueName":"search_term_string"}}],"inLanguage":"es"},{"@type":"Organization","@id":"https:\/\/sanluisinforma.com\/#organization","name":"sanluisinforma.com","url":"https:\/\/sanluisinforma.com\/","logo":{"@type":"ImageObject","inLanguage":"es","@id":"https:\/\/sanluisinforma.com\/#\/schema\/logo\/image\/","url":"https:\/\/sanluisinforma.com\/wp-content\/uploads\/2026\/03\/sanluisinforma-V.jpg","contentUrl":"https:\/\/sanluisinforma.com\/wp-content\/uploads\/2026\/03\/sanluisinforma-V.jpg","width":500,"height":156,"caption":"sanluisinforma.com"},"image":{"@id":"https:\/\/sanluisinforma.com\/#\/schema\/logo\/image\/"}},{"@type":"Person","@id":"https:\/\/sanluisinforma.com\/#\/schema\/person\/c30648f71476be533b6f59d092905c8b","name":"sanluisinforma.com","image":{"@type":"ImageObject","inLanguage":"es","@id":"https:\/\/sanluisinforma.com\/#\/schema\/person\/image\/","url":"https:\/\/secure.gravatar.com\/avatar\/86e3114e34a1eecefb963e0a02f0093f93b092dddb2fe1517596343751081a87?s=96&d=mm&r=g","contentUrl":"https:\/\/secure.gravatar.com\/avatar\/86e3114e34a1eecefb963e0a02f0093f93b092dddb2fe1517596343751081a87?s=96&d=mm&r=g","caption":"sanluisinforma.com"},"url":"https:\/\/sanluisinforma.com\/?author=2"}]}},"_links":{"self":[{"href":"https:\/\/sanluisinforma.com\/index.php?rest_route=\/wp\/v2\/posts\/7378","targetHints":{"allow":["GET"]}}],"collection":[{"href":"https:\/\/sanluisinforma.com\/index.php?rest_route=\/wp\/v2\/posts"}],"about":[{"href":"https:\/\/sanluisinforma.com\/index.php?rest_route=\/wp\/v2\/types\/post"}],"author":[{"embeddable":true,"href":"https:\/\/sanluisinforma.com\/index.php?rest_route=\/wp\/v2\/users\/2"}],"replies":[{"embeddable":true,"href":"https:\/\/sanluisinforma.com\/index.php?rest_route=%2Fwp%2Fv2%2Fcomments&post=7378"}],"version-history":[{"count":1,"href":"https:\/\/sanluisinforma.com\/index.php?rest_route=\/wp\/v2\/posts\/7378\/revisions"}],"predecessor-version":[{"id":7380,"href":"https:\/\/sanluisinforma.com\/index.php?rest_route=\/wp\/v2\/posts\/7378\/revisions\/7380"}],"wp:featuredmedia":[{"embeddable":true,"href":"https:\/\/sanluisinforma.com\/index.php?rest_route=\/wp\/v2\/media\/7379"}],"wp:attachment":[{"href":"https:\/\/sanluisinforma.com\/index.php?rest_route=%2Fwp%2Fv2%2Fmedia&parent=7378"}],"wp:term":[{"taxonomy":"category","embeddable":true,"href":"https:\/\/sanluisinforma.com\/index.php?rest_route=%2Fwp%2Fv2%2Fcategories&post=7378"},{"taxonomy":"post_tag","embeddable":true,"href":"https:\/\/sanluisinforma.com\/index.php?rest_route=%2Fwp%2Fv2%2Ftags&post=7378"}],"curies":[{"name":"wp","href":"https:\/\/api.w.org\/{rel}","templated":true}]}}