{"id":7387,"date":"2024-09-11T00:58:00","date_gmt":"2024-09-11T06:58:00","guid":{"rendered":"https:\/\/sanluisinforma.com\/?p=7387"},"modified":"2024-09-10T20:55:57","modified_gmt":"2024-09-11T02:55:57","slug":"ricardo-gallardo-presenta-proyectos-al-proximo-titular-de-la-sict","status":"publish","type":"post","link":"https:\/\/sanluisinforma.com\/?p=7387","title":{"rendered":"Ricardo\u00a0 Gallardo presenta Proyectos al pr\u00f3ximo titular de la SICT"},"content":{"rendered":"\n<p>Con las obras que ejecutar\u00e1 el Gobierno Federal y Estatal, San Luis Potos\u00ed avanza en la modernizaci\u00f3n de la infraestructura para acercar m\u00e1s apoyo a las familias potosinas<\/p>\n\n\n\n<p>Para seguir brindando m\u00e1s apoyo a las y los potosinos en las cuatro regiones, con mejores accesos carreteros, conectividad y movilidad, el Gobernador de San Luis Potos\u00ed Ricardo Gallardo Cardona, sostuvo una reuni\u00f3n con el pr\u00f3ximo titular de la Secretar\u00eda de Infraestructura, Comunicaciones y Transportes (SICT), Jes\u00fas Antonio Esteva Medina, para consolidar los proyectos presentados a la Presidenta Electa de M\u00e9xico, Claudia Sheinbaum Pardo.<\/p>\n\n\n\n<p>Durante el encuentro, que fortalece la coordinaci\u00f3n de la Administraci\u00f3n Estatal con el Gobierno de M\u00e9xico, el Mandatario Estatal explic\u00f3 que las obras proyectadas en San Luis Potos\u00ed, contribuir\u00e1n a la atracci\u00f3n de m\u00e1s empresas extranjeras, as\u00ed como detonar\u00e1n el turismo en las cuatro regiones lo que impulsar\u00e1n el desarrollo econ\u00f3mico y mejorar\u00e1 el bienestar de las familias, en los municipios con amplio potencial tur\u00edstico.<\/p>\n\n\n\n<p>Entre las obras, que tendr\u00e1n inversi\u00f3n bipartita, destacan la autopista a cuatro carriles de Ciudad Valles a Tampico, la reactivaci\u00f3n del tren M\u00e9xico-San Luis-Nuevo Laredo, la construcci\u00f3n del segundo piso de la carretera 57, que despresurizar\u00e1 el tr\u00e1fico desde el Distribuidor Ju\u00e1rez hasta Villa de Pozos; el arranque del aeropuerto Tamu\u00edn, que permitir\u00e1 mejorar la econom\u00eda de la regi\u00f3n Huasteca y de las familias potosinas, entre otras.<\/p>\n","protected":false},"excerpt":{"rendered":"<p>Con las obras que ejecutar\u00e1 el Gobierno Federal y Estatal, San Luis Potos\u00ed avanza en la modernizaci\u00f3n de la infraestructura<\/p>\n","protected":false},"author":2,"featured_media":7388,"comment_status":"closed","ping_status":"closed","sticky":false,"template":"","format":"standard","meta":{"footnotes":""},"categories":[1],"tags":[],"class_list":["post-7387","post","type-post","status-publish","format-standard","has-post-thumbnail","hentry","category-uncategorized"],"yoast_head":"<!-- This site is optimized with the Yoast SEO plugin v24.1 - https:\/\/yoast.com\/wordpress\/plugins\/seo\/ -->\n<title>Ricardo\u00a0 Gallardo presenta Proyectos al pr\u00f3ximo titular de la SICT - sanluisinforma.com<\/title>\n<meta name=\"robots\" content=\"index, follow, max-snippet:-1, max-image-preview:large, max-video-preview:-1\" \/>\n<link rel=\"canonical\" href=\"https:\/\/sanluisinforma.com\/?p=7387\" \/>\n<meta property=\"og:locale\" content=\"es_MX\" \/>\n<meta property=\"og:type\" content=\"article\" \/>\n<meta property=\"og:title\" content=\"Ricardo\u00a0 Gallardo presenta Proyectos al pr\u00f3ximo titular de la SICT - sanluisinforma.com\" \/>\n<meta property=\"og:description\" content=\"Con las obras que ejecutar\u00e1 el Gobierno Federal y Estatal, San Luis Potos\u00ed avanza en la modernizaci\u00f3n de la infraestructura\" \/>\n<meta property=\"og:url\" content=\"https:\/\/sanluisinforma.com\/?p=7387\" \/>\n<meta property=\"og:site_name\" content=\"sanluisinforma.com\" \/>\n<meta property=\"article:published_time\" content=\"2024-09-11T06:58:00+00:00\" \/>\n<meta property=\"article:modified_time\" content=\"2024-09-11T02:55:57+00:00\" \/>\n<meta property=\"og:image\" content=\"https:\/\/sanluisinforma.com\/wp-content\/uploads\/2024\/09\/cbd05678-cade-455e-b842-5d92b380bdf9-1.jpg\" \/>\n\t<meta property=\"og:image:width\" content=\"480\" \/>\n\t<meta property=\"og:image:height\" content=\"545\" \/>\n\t<meta property=\"og:image:type\" content=\"image\/jpeg\" \/>\n<meta name=\"author\" content=\"sanluisinforma.com\" \/>\n<meta name=\"twitter:card\" content=\"summary_large_image\" \/>\n<meta name=\"twitter:label1\" content=\"Escrito por\" \/>\n\t<meta name=\"twitter:data1\" content=\"sanluisinforma.com\" \/>\n\t<meta name=\"twitter:label2\" content=\"Tiempo de lectura\" \/>\n\t<meta name=\"twitter:data2\" content=\"2 minutos\" \/>\n<script type=\"application\/ld+json\" class=\"yoast-schema-graph\">{\"@context\":\"https:\/\/schema.org\",\"@graph\":[{\"@type\":\"Article\",\"@id\":\"https:\/\/sanluisinforma.com\/?p=7387#article\",\"isPartOf\":{\"@id\":\"https:\/\/sanluisinforma.com\/?p=7387\"},\"author\":{\"name\":\"sanluisinforma.com\",\"@id\":\"https:\/\/sanluisinforma.com\/#\/schema\/person\/c30648f71476be533b6f59d092905c8b\"},\"headline\":\"Ricardo\u00a0 Gallardo presenta Proyectos al pr\u00f3ximo titular de la SICT\",\"datePublished\":\"2024-09-11T06:58:00+00:00\",\"dateModified\":\"2024-09-11T02:55:57+00:00\",\"mainEntityOfPage\":{\"@id\":\"https:\/\/sanluisinforma.com\/?p=7387\"},\"wordCount\":262,\"publisher\":{\"@id\":\"https:\/\/sanluisinforma.com\/#organization\"},\"image\":{\"@id\":\"https:\/\/sanluisinforma.com\/?p=7387#primaryimage\"},\"thumbnailUrl\":\"https:\/\/sanluisinforma.com\/wp-content\/uploads\/2024\/09\/cbd05678-cade-455e-b842-5d92b380bdf9-1.jpg\",\"articleSection\":[\"Uncategorized\"],\"inLanguage\":\"es\"},{\"@type\":\"WebPage\",\"@id\":\"https:\/\/sanluisinforma.com\/?p=7387\",\"url\":\"https:\/\/sanluisinforma.com\/?p=7387\",\"name\":\"Ricardo\u00a0 Gallardo presenta Proyectos al pr\u00f3ximo titular de la SICT - sanluisinforma.com\",\"isPartOf\":{\"@id\":\"https:\/\/sanluisinforma.com\/#website\"},\"primaryImageOfPage\":{\"@id\":\"https:\/\/sanluisinforma.com\/?p=7387#primaryimage\"},\"image\":{\"@id\":\"https:\/\/sanluisinforma.com\/?p=7387#primaryimage\"},\"thumbnailUrl\":\"https:\/\/sanluisinforma.com\/wp-content\/uploads\/2024\/09\/cbd05678-cade-455e-b842-5d92b380bdf9-1.jpg\",\"datePublished\":\"2024-09-11T06:58:00+00:00\",\"dateModified\":\"2024-09-11T02:55:57+00:00\",\"breadcrumb\":{\"@id\":\"https:\/\/sanluisinforma.com\/?p=7387#breadcrumb\"},\"inLanguage\":\"es\",\"potentialAction\":[{\"@type\":\"ReadAction\",\"target\":[\"https:\/\/sanluisinforma.com\/?p=7387\"]}]},{\"@type\":\"ImageObject\",\"inLanguage\":\"es\",\"@id\":\"https:\/\/sanluisinforma.com\/?p=7387#primaryimage\",\"url\":\"https:\/\/sanluisinforma.com\/wp-content\/uploads\/2024\/09\/cbd05678-cade-455e-b842-5d92b380bdf9-1.jpg\",\"contentUrl\":\"https:\/\/sanluisinforma.com\/wp-content\/uploads\/2024\/09\/cbd05678-cade-455e-b842-5d92b380bdf9-1.jpg\",\"width\":480,\"height\":545},{\"@type\":\"BreadcrumbList\",\"@id\":\"https:\/\/sanluisinforma.com\/?p=7387#breadcrumb\",\"itemListElement\":[{\"@type\":\"ListItem\",\"position\":1,\"name\":\"Inicio\",\"item\":\"https:\/\/sanluisinforma.com\/\"},{\"@type\":\"ListItem\",\"position\":2,\"name\":\"Ricardo\u00a0 Gallardo presenta Proyectos al pr\u00f3ximo titular de la SICT\"}]},{\"@type\":\"WebSite\",\"@id\":\"https:\/\/sanluisinforma.com\/#website\",\"url\":\"https:\/\/sanluisinforma.com\/\",\"name\":\"sanluisinforma.com\",\"description\":\"Periodico San Luis Informa\",\"publisher\":{\"@id\":\"https:\/\/sanluisinforma.com\/#organization\"},\"potentialAction\":[{\"@type\":\"SearchAction\",\"target\":{\"@type\":\"EntryPoint\",\"urlTemplate\":\"https:\/\/sanluisinforma.com\/?s={search_term_string}\"},\"query-input\":{\"@type\":\"PropertyValueSpecification\",\"valueRequired\":true,\"valueName\":\"search_term_string\"}}],\"inLanguage\":\"es\"},{\"@type\":\"Organization\",\"@id\":\"https:\/\/sanluisinforma.com\/#organization\",\"name\":\"sanluisinforma.com\",\"url\":\"https:\/\/sanluisinforma.com\/\",\"logo\":{\"@type\":\"ImageObject\",\"inLanguage\":\"es\",\"@id\":\"https:\/\/sanluisinforma.com\/#\/schema\/logo\/image\/\",\"url\":\"https:\/\/sanluisinforma.com\/wp-content\/uploads\/2026\/03\/sanluisinforma-V.jpg\",\"contentUrl\":\"https:\/\/sanluisinforma.com\/wp-content\/uploads\/2026\/03\/sanluisinforma-V.jpg\",\"width\":500,\"height\":156,\"caption\":\"sanluisinforma.com\"},\"image\":{\"@id\":\"https:\/\/sanluisinforma.com\/#\/schema\/logo\/image\/\"}},{\"@type\":\"Person\",\"@id\":\"https:\/\/sanluisinforma.com\/#\/schema\/person\/c30648f71476be533b6f59d092905c8b\",\"name\":\"sanluisinforma.com\",\"image\":{\"@type\":\"ImageObject\",\"inLanguage\":\"es\",\"@id\":\"https:\/\/sanluisinforma.com\/#\/schema\/person\/image\/\",\"url\":\"https:\/\/secure.gravatar.com\/avatar\/86e3114e34a1eecefb963e0a02f0093f93b092dddb2fe1517596343751081a87?s=96&d=mm&r=g\",\"contentUrl\":\"https:\/\/secure.gravatar.com\/avatar\/86e3114e34a1eecefb963e0a02f0093f93b092dddb2fe1517596343751081a87?s=96&d=mm&r=g\",\"caption\":\"sanluisinforma.com\"},\"url\":\"https:\/\/sanluisinforma.com\/?author=2\"}]}<\/script>\n<!-- \/ Yoast SEO plugin. -->","yoast_head_json":{"title":"Ricardo\u00a0 Gallardo presenta Proyectos al pr\u00f3ximo titular de la SICT - sanluisinforma.com","robots":{"index":"index","follow":"follow","max-snippet":"max-snippet:-1","max-image-preview":"max-image-preview:large","max-video-preview":"max-video-preview:-1"},"canonical":"https:\/\/sanluisinforma.com\/?p=7387","og_locale":"es_MX","og_type":"article","og_title":"Ricardo\u00a0 Gallardo presenta Proyectos al pr\u00f3ximo titular de la SICT - sanluisinforma.com","og_description":"Con las obras que ejecutar\u00e1 el Gobierno Federal y Estatal, San Luis Potos\u00ed avanza en la modernizaci\u00f3n de la infraestructura","og_url":"https:\/\/sanluisinforma.com\/?p=7387","og_site_name":"sanluisinforma.com","article_published_time":"2024-09-11T06:58:00+00:00","article_modified_time":"2024-09-11T02:55:57+00:00","og_image":[{"width":480,"height":545,"url":"https:\/\/sanluisinforma.com\/wp-content\/uploads\/2024\/09\/cbd05678-cade-455e-b842-5d92b380bdf9-1.jpg","type":"image\/jpeg"}],"author":"sanluisinforma.com","twitter_card":"summary_large_image","twitter_misc":{"Escrito por":"sanluisinforma.com","Tiempo de lectura":"2 minutos"},"schema":{"@context":"https:\/\/schema.org","@graph":[{"@type":"Article","@id":"https:\/\/sanluisinforma.com\/?p=7387#article","isPartOf":{"@id":"https:\/\/sanluisinforma.com\/?p=7387"},"author":{"name":"sanluisinforma.com","@id":"https:\/\/sanluisinforma.com\/#\/schema\/person\/c30648f71476be533b6f59d092905c8b"},"headline":"Ricardo\u00a0 Gallardo presenta Proyectos al pr\u00f3ximo titular de la SICT","datePublished":"2024-09-11T06:58:00+00:00","dateModified":"2024-09-11T02:55:57+00:00","mainEntityOfPage":{"@id":"https:\/\/sanluisinforma.com\/?p=7387"},"wordCount":262,"publisher":{"@id":"https:\/\/sanluisinforma.com\/#organization"},"image":{"@id":"https:\/\/sanluisinforma.com\/?p=7387#primaryimage"},"thumbnailUrl":"https:\/\/sanluisinforma.com\/wp-content\/uploads\/2024\/09\/cbd05678-cade-455e-b842-5d92b380bdf9-1.jpg","articleSection":["Uncategorized"],"inLanguage":"es"},{"@type":"WebPage","@id":"https:\/\/sanluisinforma.com\/?p=7387","url":"https:\/\/sanluisinforma.com\/?p=7387","name":"Ricardo\u00a0 Gallardo presenta Proyectos al pr\u00f3ximo titular de la SICT - sanluisinforma.com","isPartOf":{"@id":"https:\/\/sanluisinforma.com\/#website"},"primaryImageOfPage":{"@id":"https:\/\/sanluisinforma.com\/?p=7387#primaryimage"},"image":{"@id":"https:\/\/sanluisinforma.com\/?p=7387#primaryimage"},"thumbnailUrl":"https:\/\/sanluisinforma.com\/wp-content\/uploads\/2024\/09\/cbd05678-cade-455e-b842-5d92b380bdf9-1.jpg","datePublished":"2024-09-11T06:58:00+00:00","dateModified":"2024-09-11T02:55:57+00:00","breadcrumb":{"@id":"https:\/\/sanluisinforma.com\/?p=7387#breadcrumb"},"inLanguage":"es","potentialAction":[{"@type":"ReadAction","target":["https:\/\/sanluisinforma.com\/?p=7387"]}]},{"@type":"ImageObject","inLanguage":"es","@id":"https:\/\/sanluisinforma.com\/?p=7387#primaryimage","url":"https:\/\/sanluisinforma.com\/wp-content\/uploads\/2024\/09\/cbd05678-cade-455e-b842-5d92b380bdf9-1.jpg","contentUrl":"https:\/\/sanluisinforma.com\/wp-content\/uploads\/2024\/09\/cbd05678-cade-455e-b842-5d92b380bdf9-1.jpg","width":480,"height":545},{"@type":"BreadcrumbList","@id":"https:\/\/sanluisinforma.com\/?p=7387#breadcrumb","itemListElement":[{"@type":"ListItem","position":1,"name":"Inicio","item":"https:\/\/sanluisinforma.com\/"},{"@type":"ListItem","position":2,"name":"Ricardo\u00a0 Gallardo presenta Proyectos al pr\u00f3ximo titular de la SICT"}]},{"@type":"WebSite","@id":"https:\/\/sanluisinforma.com\/#website","url":"https:\/\/sanluisinforma.com\/","name":"sanluisinforma.com","description":"Periodico San Luis Informa","publisher":{"@id":"https:\/\/sanluisinforma.com\/#organization"},"potentialAction":[{"@type":"SearchAction","target":{"@type":"EntryPoint","urlTemplate":"https:\/\/sanluisinforma.com\/?s={search_term_string}"},"query-input":{"@type":"PropertyValueSpecification","valueRequired":true,"valueName":"search_term_string"}}],"inLanguage":"es"},{"@type":"Organization","@id":"https:\/\/sanluisinforma.com\/#organization","name":"sanluisinforma.com","url":"https:\/\/sanluisinforma.com\/","logo":{"@type":"ImageObject","inLanguage":"es","@id":"https:\/\/sanluisinforma.com\/#\/schema\/logo\/image\/","url":"https:\/\/sanluisinforma.com\/wp-content\/uploads\/2026\/03\/sanluisinforma-V.jpg","contentUrl":"https:\/\/sanluisinforma.com\/wp-content\/uploads\/2026\/03\/sanluisinforma-V.jpg","width":500,"height":156,"caption":"sanluisinforma.com"},"image":{"@id":"https:\/\/sanluisinforma.com\/#\/schema\/logo\/image\/"}},{"@type":"Person","@id":"https:\/\/sanluisinforma.com\/#\/schema\/person\/c30648f71476be533b6f59d092905c8b","name":"sanluisinforma.com","image":{"@type":"ImageObject","inLanguage":"es","@id":"https:\/\/sanluisinforma.com\/#\/schema\/person\/image\/","url":"https:\/\/secure.gravatar.com\/avatar\/86e3114e34a1eecefb963e0a02f0093f93b092dddb2fe1517596343751081a87?s=96&d=mm&r=g","contentUrl":"https:\/\/secure.gravatar.com\/avatar\/86e3114e34a1eecefb963e0a02f0093f93b092dddb2fe1517596343751081a87?s=96&d=mm&r=g","caption":"sanluisinforma.com"},"url":"https:\/\/sanluisinforma.com\/?author=2"}]}},"_links":{"self":[{"href":"https:\/\/sanluisinforma.com\/index.php?rest_route=\/wp\/v2\/posts\/7387","targetHints":{"allow":["GET"]}}],"collection":[{"href":"https:\/\/sanluisinforma.com\/index.php?rest_route=\/wp\/v2\/posts"}],"about":[{"href":"https:\/\/sanluisinforma.com\/index.php?rest_route=\/wp\/v2\/types\/post"}],"author":[{"embeddable":true,"href":"https:\/\/sanluisinforma.com\/index.php?rest_route=\/wp\/v2\/users\/2"}],"replies":[{"embeddable":true,"href":"https:\/\/sanluisinforma.com\/index.php?rest_route=%2Fwp%2Fv2%2Fcomments&post=7387"}],"version-history":[{"count":1,"href":"https:\/\/sanluisinforma.com\/index.php?rest_route=\/wp\/v2\/posts\/7387\/revisions"}],"predecessor-version":[{"id":7389,"href":"https:\/\/sanluisinforma.com\/index.php?rest_route=\/wp\/v2\/posts\/7387\/revisions\/7389"}],"wp:featuredmedia":[{"embeddable":true,"href":"https:\/\/sanluisinforma.com\/index.php?rest_route=\/wp\/v2\/media\/7388"}],"wp:attachment":[{"href":"https:\/\/sanluisinforma.com\/index.php?rest_route=%2Fwp%2Fv2%2Fmedia&parent=7387"}],"wp:term":[{"taxonomy":"category","embeddable":true,"href":"https:\/\/sanluisinforma.com\/index.php?rest_route=%2Fwp%2Fv2%2Fcategories&post=7387"},{"taxonomy":"post_tag","embeddable":true,"href":"https:\/\/sanluisinforma.com\/index.php?rest_route=%2Fwp%2Fv2%2Ftags&post=7387"}],"curies":[{"name":"wp","href":"https:\/\/api.w.org\/{rel}","templated":true}]}}