{"id":7510,"date":"2024-09-18T00:50:00","date_gmt":"2024-09-18T06:50:00","guid":{"rendered":"https:\/\/sanluisinforma.com\/?p=7510"},"modified":"2024-09-17T21:20:45","modified_gmt":"2024-09-18T03:20:45","slug":"cabildo-de-slp-aprueba-sede-para-la-sesion-solemne-de-instalacion-del-ayuntamiento-2024-2027","status":"publish","type":"post","link":"https:\/\/sanluisinforma.com\/?p=7510","title":{"rendered":"Cabildo de SLP aprueba sede para la Sesi\u00f3n Solemne de instalaci\u00f3n del Ayuntamiento 2024-2027"},"content":{"rendered":"\n<p>La ceremonia se realizar\u00e1 el pr\u00f3ximo 1 de octubre, en el Centro Cultural Universitario Bicentenario; en Sesi\u00f3n de Cabildo de este martes tambi\u00e9n se aprob\u00f3 reforma al Reglamento de las Juntas de Participaci\u00f3n Ciudadana y se devel\u00f3 el Escudo de Armas de la Delegaci\u00f3n La Pila.<\/p>\n\n\n\n<p>En la decimoctava Sesi\u00f3n Ordinaria de Cabildo del Ayuntamiento de San Luis Potos\u00ed, se aprob\u00f3 que el Centro Cultural Universitario Bicentenario sea sede para la Sesi\u00f3n Solemne en la que se instalar\u00e1 el Ayuntamiento para el periodo 2024-2027, que ser\u00e1 el 01 de octubre. Igualmente, por unanimidad se vot\u00f3 a favor de habilitar una maestra y un maestro de ceremonia para este acto.<\/p>\n\n\n\n<p>En otro punto, las Comisiones permanentes de Gobernaci\u00f3n y de Participaci\u00f3n Ciudadana y Derechos Humanos pusieron a consideraci\u00f3n reformar el art\u00edculo 35 del Reglamento de Integraci\u00f3n y Funcionamiento de las Juntas de Participaci\u00f3n Ciudadana, a fin de cumplir con los tiempos de difusi\u00f3n, conformaci\u00f3n de planillas, la elecci\u00f3n y sus resultados correspondientes, para garantizar una amplia y verdadera participaci\u00f3n de la poblaci\u00f3n potosina, la cual, ha demostrado que tiene el inter\u00e9s de involucrarse en la toma de decisiones junto con el Gobierno de la Capital. Este dictamen fue aprobado por mayor\u00eda.<\/p>\n\n\n\n<p>Por su parte, la Comisi\u00f3n Municipal de Cultura, Recreaci\u00f3n, Deporte y Juventud valid\u00f3 junto con el pleno del Cabildo, el resultado del jurado que eligi\u00f3 a la ganadora, Melanie Ortiz Nieto, por su dise\u00f1o para que sea el Escudo de Armas oficial de la delegaci\u00f3n de La Pila; la dise\u00f1adora explic\u00f3 los elementos que reflejan las vocaciones de esta zona de San Luis Potos\u00ed, entre las que sobresalen, a trav\u00e9s de diversas im\u00e1genes y colores, la industria, la ganader\u00eda, la agricultura, as\u00ed como la arquitectura representativa de dicha demarcaci\u00f3n.<\/p>\n\n\n\n<p>El Presidente Municipal Enrique Galindo Ceballos hizo entrega del reconocimiento, tanto a Melanie Ortiz, as\u00ed como a las personas participantes en este concurso, para despu\u00e9s, proceder a la develaci\u00f3n del Escudo de Armas de La Pila. El Alcalde Capitalino destac\u00f3 la identidad de los habitantes de esa Delegaci\u00f3n, que qued\u00f3 plasmada en el dise\u00f1o ganador.<\/p>\n\n\n\n<p>Asimismo la Comisi\u00f3n de Hacienda present\u00f3 la solicitud para dar a baja bienes muebles de la Presidencia Municipal, de la Secretar\u00eda de Seguridad y Protecci\u00f3n Ciudadana y de la Direcci\u00f3n de Obras P\u00fablicas, as\u00ed como otras \u00e1reas municipales, lo que fue aprobado por cumplir con todo lo que marca la ley.<\/p>\n\n\n\n<p><\/p>\n\n\n\n<p><\/p>\n\n\n\n<p><\/p>\n","protected":false},"excerpt":{"rendered":"<p>La ceremonia se realizar\u00e1 el pr\u00f3ximo 1 de octubre, en el Centro Cultural Universitario Bicentenario; en Sesi\u00f3n de Cabildo de<\/p>\n","protected":false},"author":2,"featured_media":7511,"comment_status":"closed","ping_status":"closed","sticky":false,"template":"","format":"standard","meta":{"footnotes":""},"categories":[25,30],"tags":[],"class_list":["post-7510","post","type-post","status-publish","format-standard","has-post-thumbnail","hentry","category-local","category-portada"],"yoast_head":"<!-- This site is optimized with the Yoast SEO plugin v24.1 - https:\/\/yoast.com\/wordpress\/plugins\/seo\/ -->\n<title>Cabildo de SLP aprueba sede para la Sesi\u00f3n Solemne de instalaci\u00f3n del Ayuntamiento 2024-2027 - sanluisinforma.com<\/title>\n<meta name=\"robots\" content=\"index, follow, max-snippet:-1, max-image-preview:large, max-video-preview:-1\" \/>\n<link rel=\"canonical\" href=\"https:\/\/sanluisinforma.com\/?p=7510\" \/>\n<meta property=\"og:locale\" content=\"es_MX\" \/>\n<meta property=\"og:type\" content=\"article\" \/>\n<meta property=\"og:title\" content=\"Cabildo de SLP aprueba sede para la Sesi\u00f3n Solemne de instalaci\u00f3n del Ayuntamiento 2024-2027 - sanluisinforma.com\" \/>\n<meta property=\"og:description\" content=\"La ceremonia se realizar\u00e1 el pr\u00f3ximo 1 de octubre, en el Centro Cultural Universitario Bicentenario; en Sesi\u00f3n de Cabildo de\" \/>\n<meta property=\"og:url\" content=\"https:\/\/sanluisinforma.com\/?p=7510\" \/>\n<meta property=\"og:site_name\" content=\"sanluisinforma.com\" \/>\n<meta property=\"article:published_time\" content=\"2024-09-18T06:50:00+00:00\" \/>\n<meta property=\"article:modified_time\" content=\"2024-09-18T03:20:45+00:00\" \/>\n<meta property=\"og:image\" content=\"https:\/\/sanluisinforma.com\/wp-content\/uploads\/2024\/09\/f71fe2aa-ff19-4f11-8bf6-7db38a10be29.jpg\" \/>\n\t<meta property=\"og:image:width\" content=\"480\" \/>\n\t<meta property=\"og:image:height\" content=\"319\" \/>\n\t<meta property=\"og:image:type\" content=\"image\/jpeg\" \/>\n<meta name=\"author\" content=\"sanluisinforma.com\" \/>\n<meta name=\"twitter:card\" content=\"summary_large_image\" \/>\n<meta name=\"twitter:label1\" content=\"Escrito por\" \/>\n\t<meta name=\"twitter:data1\" content=\"sanluisinforma.com\" \/>\n\t<meta name=\"twitter:label2\" content=\"Tiempo de lectura\" \/>\n\t<meta name=\"twitter:data2\" content=\"3 minutos\" \/>\n<script type=\"application\/ld+json\" class=\"yoast-schema-graph\">{\"@context\":\"https:\/\/schema.org\",\"@graph\":[{\"@type\":\"Article\",\"@id\":\"https:\/\/sanluisinforma.com\/?p=7510#article\",\"isPartOf\":{\"@id\":\"https:\/\/sanluisinforma.com\/?p=7510\"},\"author\":{\"name\":\"sanluisinforma.com\",\"@id\":\"https:\/\/sanluisinforma.com\/#\/schema\/person\/c30648f71476be533b6f59d092905c8b\"},\"headline\":\"Cabildo de SLP aprueba sede para la Sesi\u00f3n Solemne de instalaci\u00f3n del Ayuntamiento 2024-2027\",\"datePublished\":\"2024-09-18T06:50:00+00:00\",\"dateModified\":\"2024-09-18T03:20:45+00:00\",\"mainEntityOfPage\":{\"@id\":\"https:\/\/sanluisinforma.com\/?p=7510\"},\"wordCount\":446,\"publisher\":{\"@id\":\"https:\/\/sanluisinforma.com\/#organization\"},\"image\":{\"@id\":\"https:\/\/sanluisinforma.com\/?p=7510#primaryimage\"},\"thumbnailUrl\":\"https:\/\/sanluisinforma.com\/wp-content\/uploads\/2024\/09\/f71fe2aa-ff19-4f11-8bf6-7db38a10be29.jpg\",\"articleSection\":[\"Local\",\"Portada\"],\"inLanguage\":\"es\"},{\"@type\":\"WebPage\",\"@id\":\"https:\/\/sanluisinforma.com\/?p=7510\",\"url\":\"https:\/\/sanluisinforma.com\/?p=7510\",\"name\":\"Cabildo de SLP aprueba sede para la Sesi\u00f3n Solemne de instalaci\u00f3n del Ayuntamiento 2024-2027 - sanluisinforma.com\",\"isPartOf\":{\"@id\":\"https:\/\/sanluisinforma.com\/#website\"},\"primaryImageOfPage\":{\"@id\":\"https:\/\/sanluisinforma.com\/?p=7510#primaryimage\"},\"image\":{\"@id\":\"https:\/\/sanluisinforma.com\/?p=7510#primaryimage\"},\"thumbnailUrl\":\"https:\/\/sanluisinforma.com\/wp-content\/uploads\/2024\/09\/f71fe2aa-ff19-4f11-8bf6-7db38a10be29.jpg\",\"datePublished\":\"2024-09-18T06:50:00+00:00\",\"dateModified\":\"2024-09-18T03:20:45+00:00\",\"breadcrumb\":{\"@id\":\"https:\/\/sanluisinforma.com\/?p=7510#breadcrumb\"},\"inLanguage\":\"es\",\"potentialAction\":[{\"@type\":\"ReadAction\",\"target\":[\"https:\/\/sanluisinforma.com\/?p=7510\"]}]},{\"@type\":\"ImageObject\",\"inLanguage\":\"es\",\"@id\":\"https:\/\/sanluisinforma.com\/?p=7510#primaryimage\",\"url\":\"https:\/\/sanluisinforma.com\/wp-content\/uploads\/2024\/09\/f71fe2aa-ff19-4f11-8bf6-7db38a10be29.jpg\",\"contentUrl\":\"https:\/\/sanluisinforma.com\/wp-content\/uploads\/2024\/09\/f71fe2aa-ff19-4f11-8bf6-7db38a10be29.jpg\",\"width\":480,\"height\":319},{\"@type\":\"BreadcrumbList\",\"@id\":\"https:\/\/sanluisinforma.com\/?p=7510#breadcrumb\",\"itemListElement\":[{\"@type\":\"ListItem\",\"position\":1,\"name\":\"Inicio\",\"item\":\"https:\/\/sanluisinforma.com\/\"},{\"@type\":\"ListItem\",\"position\":2,\"name\":\"Cabildo de SLP aprueba sede para la Sesi\u00f3n Solemne de instalaci\u00f3n del Ayuntamiento 2024-2027\"}]},{\"@type\":\"WebSite\",\"@id\":\"https:\/\/sanluisinforma.com\/#website\",\"url\":\"https:\/\/sanluisinforma.com\/\",\"name\":\"sanluisinforma.com\",\"description\":\"Periodico San Luis Informa\",\"publisher\":{\"@id\":\"https:\/\/sanluisinforma.com\/#organization\"},\"potentialAction\":[{\"@type\":\"SearchAction\",\"target\":{\"@type\":\"EntryPoint\",\"urlTemplate\":\"https:\/\/sanluisinforma.com\/?s={search_term_string}\"},\"query-input\":{\"@type\":\"PropertyValueSpecification\",\"valueRequired\":true,\"valueName\":\"search_term_string\"}}],\"inLanguage\":\"es\"},{\"@type\":\"Organization\",\"@id\":\"https:\/\/sanluisinforma.com\/#organization\",\"name\":\"sanluisinforma.com\",\"url\":\"https:\/\/sanluisinforma.com\/\",\"logo\":{\"@type\":\"ImageObject\",\"inLanguage\":\"es\",\"@id\":\"https:\/\/sanluisinforma.com\/#\/schema\/logo\/image\/\",\"url\":\"https:\/\/sanluisinforma.com\/wp-content\/uploads\/2026\/03\/sanluisinforma-V.jpg\",\"contentUrl\":\"https:\/\/sanluisinforma.com\/wp-content\/uploads\/2026\/03\/sanluisinforma-V.jpg\",\"width\":500,\"height\":156,\"caption\":\"sanluisinforma.com\"},\"image\":{\"@id\":\"https:\/\/sanluisinforma.com\/#\/schema\/logo\/image\/\"}},{\"@type\":\"Person\",\"@id\":\"https:\/\/sanluisinforma.com\/#\/schema\/person\/c30648f71476be533b6f59d092905c8b\",\"name\":\"sanluisinforma.com\",\"image\":{\"@type\":\"ImageObject\",\"inLanguage\":\"es\",\"@id\":\"https:\/\/sanluisinforma.com\/#\/schema\/person\/image\/\",\"url\":\"https:\/\/secure.gravatar.com\/avatar\/86e3114e34a1eecefb963e0a02f0093f93b092dddb2fe1517596343751081a87?s=96&d=mm&r=g\",\"contentUrl\":\"https:\/\/secure.gravatar.com\/avatar\/86e3114e34a1eecefb963e0a02f0093f93b092dddb2fe1517596343751081a87?s=96&d=mm&r=g\",\"caption\":\"sanluisinforma.com\"},\"url\":\"https:\/\/sanluisinforma.com\/?author=2\"}]}<\/script>\n<!-- \/ Yoast SEO plugin. -->","yoast_head_json":{"title":"Cabildo de SLP aprueba sede para la Sesi\u00f3n Solemne de instalaci\u00f3n del Ayuntamiento 2024-2027 - sanluisinforma.com","robots":{"index":"index","follow":"follow","max-snippet":"max-snippet:-1","max-image-preview":"max-image-preview:large","max-video-preview":"max-video-preview:-1"},"canonical":"https:\/\/sanluisinforma.com\/?p=7510","og_locale":"es_MX","og_type":"article","og_title":"Cabildo de SLP aprueba sede para la Sesi\u00f3n Solemne de instalaci\u00f3n del Ayuntamiento 2024-2027 - sanluisinforma.com","og_description":"La ceremonia se realizar\u00e1 el pr\u00f3ximo 1 de octubre, en el Centro Cultural Universitario Bicentenario; en Sesi\u00f3n de Cabildo de","og_url":"https:\/\/sanluisinforma.com\/?p=7510","og_site_name":"sanluisinforma.com","article_published_time":"2024-09-18T06:50:00+00:00","article_modified_time":"2024-09-18T03:20:45+00:00","og_image":[{"width":480,"height":319,"url":"https:\/\/sanluisinforma.com\/wp-content\/uploads\/2024\/09\/f71fe2aa-ff19-4f11-8bf6-7db38a10be29.jpg","type":"image\/jpeg"}],"author":"sanluisinforma.com","twitter_card":"summary_large_image","twitter_misc":{"Escrito por":"sanluisinforma.com","Tiempo de lectura":"3 minutos"},"schema":{"@context":"https:\/\/schema.org","@graph":[{"@type":"Article","@id":"https:\/\/sanluisinforma.com\/?p=7510#article","isPartOf":{"@id":"https:\/\/sanluisinforma.com\/?p=7510"},"author":{"name":"sanluisinforma.com","@id":"https:\/\/sanluisinforma.com\/#\/schema\/person\/c30648f71476be533b6f59d092905c8b"},"headline":"Cabildo de SLP aprueba sede para la Sesi\u00f3n Solemne de instalaci\u00f3n del Ayuntamiento 2024-2027","datePublished":"2024-09-18T06:50:00+00:00","dateModified":"2024-09-18T03:20:45+00:00","mainEntityOfPage":{"@id":"https:\/\/sanluisinforma.com\/?p=7510"},"wordCount":446,"publisher":{"@id":"https:\/\/sanluisinforma.com\/#organization"},"image":{"@id":"https:\/\/sanluisinforma.com\/?p=7510#primaryimage"},"thumbnailUrl":"https:\/\/sanluisinforma.com\/wp-content\/uploads\/2024\/09\/f71fe2aa-ff19-4f11-8bf6-7db38a10be29.jpg","articleSection":["Local","Portada"],"inLanguage":"es"},{"@type":"WebPage","@id":"https:\/\/sanluisinforma.com\/?p=7510","url":"https:\/\/sanluisinforma.com\/?p=7510","name":"Cabildo de SLP aprueba sede para la Sesi\u00f3n Solemne de instalaci\u00f3n del Ayuntamiento 2024-2027 - sanluisinforma.com","isPartOf":{"@id":"https:\/\/sanluisinforma.com\/#website"},"primaryImageOfPage":{"@id":"https:\/\/sanluisinforma.com\/?p=7510#primaryimage"},"image":{"@id":"https:\/\/sanluisinforma.com\/?p=7510#primaryimage"},"thumbnailUrl":"https:\/\/sanluisinforma.com\/wp-content\/uploads\/2024\/09\/f71fe2aa-ff19-4f11-8bf6-7db38a10be29.jpg","datePublished":"2024-09-18T06:50:00+00:00","dateModified":"2024-09-18T03:20:45+00:00","breadcrumb":{"@id":"https:\/\/sanluisinforma.com\/?p=7510#breadcrumb"},"inLanguage":"es","potentialAction":[{"@type":"ReadAction","target":["https:\/\/sanluisinforma.com\/?p=7510"]}]},{"@type":"ImageObject","inLanguage":"es","@id":"https:\/\/sanluisinforma.com\/?p=7510#primaryimage","url":"https:\/\/sanluisinforma.com\/wp-content\/uploads\/2024\/09\/f71fe2aa-ff19-4f11-8bf6-7db38a10be29.jpg","contentUrl":"https:\/\/sanluisinforma.com\/wp-content\/uploads\/2024\/09\/f71fe2aa-ff19-4f11-8bf6-7db38a10be29.jpg","width":480,"height":319},{"@type":"BreadcrumbList","@id":"https:\/\/sanluisinforma.com\/?p=7510#breadcrumb","itemListElement":[{"@type":"ListItem","position":1,"name":"Inicio","item":"https:\/\/sanluisinforma.com\/"},{"@type":"ListItem","position":2,"name":"Cabildo de SLP aprueba sede para la Sesi\u00f3n Solemne de instalaci\u00f3n del Ayuntamiento 2024-2027"}]},{"@type":"WebSite","@id":"https:\/\/sanluisinforma.com\/#website","url":"https:\/\/sanluisinforma.com\/","name":"sanluisinforma.com","description":"Periodico San Luis Informa","publisher":{"@id":"https:\/\/sanluisinforma.com\/#organization"},"potentialAction":[{"@type":"SearchAction","target":{"@type":"EntryPoint","urlTemplate":"https:\/\/sanluisinforma.com\/?s={search_term_string}"},"query-input":{"@type":"PropertyValueSpecification","valueRequired":true,"valueName":"search_term_string"}}],"inLanguage":"es"},{"@type":"Organization","@id":"https:\/\/sanluisinforma.com\/#organization","name":"sanluisinforma.com","url":"https:\/\/sanluisinforma.com\/","logo":{"@type":"ImageObject","inLanguage":"es","@id":"https:\/\/sanluisinforma.com\/#\/schema\/logo\/image\/","url":"https:\/\/sanluisinforma.com\/wp-content\/uploads\/2026\/03\/sanluisinforma-V.jpg","contentUrl":"https:\/\/sanluisinforma.com\/wp-content\/uploads\/2026\/03\/sanluisinforma-V.jpg","width":500,"height":156,"caption":"sanluisinforma.com"},"image":{"@id":"https:\/\/sanluisinforma.com\/#\/schema\/logo\/image\/"}},{"@type":"Person","@id":"https:\/\/sanluisinforma.com\/#\/schema\/person\/c30648f71476be533b6f59d092905c8b","name":"sanluisinforma.com","image":{"@type":"ImageObject","inLanguage":"es","@id":"https:\/\/sanluisinforma.com\/#\/schema\/person\/image\/","url":"https:\/\/secure.gravatar.com\/avatar\/86e3114e34a1eecefb963e0a02f0093f93b092dddb2fe1517596343751081a87?s=96&d=mm&r=g","contentUrl":"https:\/\/secure.gravatar.com\/avatar\/86e3114e34a1eecefb963e0a02f0093f93b092dddb2fe1517596343751081a87?s=96&d=mm&r=g","caption":"sanluisinforma.com"},"url":"https:\/\/sanluisinforma.com\/?author=2"}]}},"_links":{"self":[{"href":"https:\/\/sanluisinforma.com\/index.php?rest_route=\/wp\/v2\/posts\/7510","targetHints":{"allow":["GET"]}}],"collection":[{"href":"https:\/\/sanluisinforma.com\/index.php?rest_route=\/wp\/v2\/posts"}],"about":[{"href":"https:\/\/sanluisinforma.com\/index.php?rest_route=\/wp\/v2\/types\/post"}],"author":[{"embeddable":true,"href":"https:\/\/sanluisinforma.com\/index.php?rest_route=\/wp\/v2\/users\/2"}],"replies":[{"embeddable":true,"href":"https:\/\/sanluisinforma.com\/index.php?rest_route=%2Fwp%2Fv2%2Fcomments&post=7510"}],"version-history":[{"count":1,"href":"https:\/\/sanluisinforma.com\/index.php?rest_route=\/wp\/v2\/posts\/7510\/revisions"}],"predecessor-version":[{"id":7512,"href":"https:\/\/sanluisinforma.com\/index.php?rest_route=\/wp\/v2\/posts\/7510\/revisions\/7512"}],"wp:featuredmedia":[{"embeddable":true,"href":"https:\/\/sanluisinforma.com\/index.php?rest_route=\/wp\/v2\/media\/7511"}],"wp:attachment":[{"href":"https:\/\/sanluisinforma.com\/index.php?rest_route=%2Fwp%2Fv2%2Fmedia&parent=7510"}],"wp:term":[{"taxonomy":"category","embeddable":true,"href":"https:\/\/sanluisinforma.com\/index.php?rest_route=%2Fwp%2Fv2%2Fcategories&post=7510"},{"taxonomy":"post_tag","embeddable":true,"href":"https:\/\/sanluisinforma.com\/index.php?rest_route=%2Fwp%2Fv2%2Ftags&post=7510"}],"curies":[{"name":"wp","href":"https:\/\/api.w.org\/{rel}","templated":true}]}}