{"id":757,"date":"2022-07-04T08:33:43","date_gmt":"2022-07-04T13:33:43","guid":{"rendered":"https:\/\/sanluisinforma.com\/?p=68359"},"modified":"2022-07-04T08:33:43","modified_gmt":"2022-07-04T13:33:43","slug":"dif-estatal-desarrolla-programa-para-el-fortalecimiento-familiar","status":"publish","type":"post","link":"https:\/\/sanluisinforma.com\/?p=757","title":{"rendered":"DIF Estatal desarrolla programa para el fortalecimiento familiar"},"content":{"rendered":"<p><a href=\"https:\/\/sanluisinforma.com\/wp-content\/uploads\/2022\/07\/thumbnail_03072022-2502-DIF-DIF-ESTATAL-D.jpg\"><img loading=\"lazy\" decoding=\"async\" class=\"wp-image-68356 aligncenter\" src=\"https:\/\/sanluisinforma.com\/wp-content\/uploads\/2022\/07\/thumbnail_03072022-2502-DIF-DIF-ESTATAL-D-300x141.jpg\" alt=\"\" width=\"521\" height=\"245\" \/><\/a><\/p>\n<p><strong>Capacita a personal de los sistemas municipales DIF, para orientar a las familias en la soluci\u00f3n de conflictos<\/strong><\/p>\n<p>San Luis Potos\u00ed, SLP.- A trav\u00e9s de cursos, talleres de capacitaci\u00f3n y m\u00f3dulos de formaci\u00f3n, el Sistema Estatal para el Desarrollo Integral de la Familia (DIF) implementa el programa \u201cModelo Red DIF\u201d, el cual se ofrece a personal de los sistemas municipales de todo el Estado con el objetivo de ofrecer a las familias alternativas de soluci\u00f3n de conflictos, fomentar la unificaci\u00f3n y fortalecer la sana convivencia entre sus integrantes.<\/p>\n<p>Ruth Gonz\u00e1lez Silva, presidenta honoraria del organismo, inform\u00f3 que este proyecto se lleva a cabo por medio de la direcci\u00f3n de Bienestar Familiar, y que cumple la encomienda del Gobernador del Estado Ricardo Gallardo Cardona, de construir un Estado de respeto al interior de los hogares, donde las personas se interrelacionen a trav\u00e9s de la confianza, uni\u00f3n y fraternidad, adem\u00e1s de impulsar valores en las y los j\u00f3venes para que redireccionen sus vidas hacia un futuro pr\u00f3spero y ben\u00e9fico, alejados del uso de la violencia.<\/p>\n<p>Detall\u00f3 que en las \u00faltimas semanas, en las instalaciones de la coordinaci\u00f3n regional n\u00famero uno del DIF Estatal en la capital y en el Instituto Temazcalli, se han capacitado a las y los asesores jur\u00eddicos, psic\u00f3logos, trabajadores sociales, encargados del \u00e1rea de bienestar familiar de los sistemas municipales DIF de los ayuntamientos de San Luis Potos\u00ed, Soledad de Graciano S\u00e1nchez, Armadillo de los Infante, Mexquitic de Carmona, Santa Mar\u00eda del R\u00edo, Tierra Nueva, Villa de Reyes, Zaragoza, Guadalc\u00e1zar, Moctezuma, Venado, Villa de Arista, Ray\u00f3n, El Naranjo, Xilitla y Huehuetl\u00e1n.<\/p>\n<p>Adem\u00e1s, Gonz\u00e1lez Silva destac\u00f3 que en lo va del a\u00f1o se han realizado tres cursos-talleres en la preparaci\u00f3n de facilitadores para la soluci\u00f3n pac\u00edfica de conflictos familiares, dentro del \u201cModelo Red DIF\u201d, cuyos resultados son esperanzadores para garantizar armon\u00eda y paz social en la poblaci\u00f3n a corto plazo.<\/p>\n","protected":false},"excerpt":{"rendered":"<p>Capacita a personal de los sistemas municipales DIF, para orientar a las familias en la soluci\u00f3n de conflictos San Luis<\/p>\n","protected":false},"author":2,"featured_media":758,"comment_status":"closed","ping_status":"open","sticky":false,"template":"","format":"standard","meta":{"footnotes":""},"categories":[25],"tags":[],"class_list":["post-757","post","type-post","status-publish","format-standard","has-post-thumbnail","hentry","category-local"],"yoast_head":"<!-- This site is optimized with the Yoast SEO plugin v24.1 - https:\/\/yoast.com\/wordpress\/plugins\/seo\/ -->\n<title>DIF Estatal desarrolla programa para el fortalecimiento familiar - sanluisinforma.com<\/title>\n<meta name=\"robots\" content=\"index, follow, max-snippet:-1, max-image-preview:large, max-video-preview:-1\" \/>\n<link rel=\"canonical\" href=\"https:\/\/sanluisinforma.com\/?p=757\" \/>\n<meta property=\"og:locale\" content=\"es_MX\" \/>\n<meta property=\"og:type\" content=\"article\" \/>\n<meta property=\"og:title\" content=\"DIF Estatal desarrolla programa para el fortalecimiento familiar - sanluisinforma.com\" \/>\n<meta property=\"og:description\" content=\"Capacita a personal de los sistemas municipales DIF, para orientar a las familias en la soluci\u00f3n de conflictos San Luis\" \/>\n<meta property=\"og:url\" content=\"https:\/\/sanluisinforma.com\/?p=757\" \/>\n<meta property=\"og:site_name\" content=\"sanluisinforma.com\" \/>\n<meta property=\"article:published_time\" content=\"2022-07-04T13:33:43+00:00\" \/>\n<meta property=\"og:image\" content=\"https:\/\/sanluisinforma.com\/wp-content\/uploads\/2022\/07\/thumbnail_03072022-2502-DIF-DIF-ESTATAL-D.jpg\" \/>\n\t<meta property=\"og:image:width\" content=\"500\" \/>\n\t<meta property=\"og:image:height\" content=\"235\" \/>\n\t<meta property=\"og:image:type\" content=\"image\/jpeg\" \/>\n<meta name=\"author\" content=\"sanluisinforma.com\" \/>\n<meta name=\"twitter:card\" content=\"summary_large_image\" \/>\n<meta name=\"twitter:label1\" content=\"Escrito por\" \/>\n\t<meta name=\"twitter:data1\" content=\"sanluisinforma.com\" \/>\n\t<meta name=\"twitter:label2\" content=\"Tiempo de lectura\" \/>\n\t<meta name=\"twitter:data2\" content=\"2 minutos\" \/>\n<script type=\"application\/ld+json\" class=\"yoast-schema-graph\">{\"@context\":\"https:\/\/schema.org\",\"@graph\":[{\"@type\":\"Article\",\"@id\":\"https:\/\/sanluisinforma.com\/?p=757#article\",\"isPartOf\":{\"@id\":\"https:\/\/sanluisinforma.com\/?p=757\"},\"author\":{\"name\":\"sanluisinforma.com\",\"@id\":\"https:\/\/sanluisinforma.com\/#\/schema\/person\/c30648f71476be533b6f59d092905c8b\"},\"headline\":\"DIF Estatal desarrolla programa para el fortalecimiento familiar\",\"datePublished\":\"2022-07-04T13:33:43+00:00\",\"dateModified\":\"2022-07-04T13:33:43+00:00\",\"mainEntityOfPage\":{\"@id\":\"https:\/\/sanluisinforma.com\/?p=757\"},\"wordCount\":352,\"publisher\":{\"@id\":\"https:\/\/sanluisinforma.com\/#organization\"},\"image\":{\"@id\":\"https:\/\/sanluisinforma.com\/?p=757#primaryimage\"},\"thumbnailUrl\":\"https:\/\/sanluisinforma.com\/wp-content\/uploads\/2022\/07\/thumbnail_03072022-2502-DIF-DIF-ESTATAL-D.jpg\",\"articleSection\":[\"Local\"],\"inLanguage\":\"es\"},{\"@type\":\"WebPage\",\"@id\":\"https:\/\/sanluisinforma.com\/?p=757\",\"url\":\"https:\/\/sanluisinforma.com\/?p=757\",\"name\":\"DIF Estatal desarrolla programa para el fortalecimiento familiar - sanluisinforma.com\",\"isPartOf\":{\"@id\":\"https:\/\/sanluisinforma.com\/#website\"},\"primaryImageOfPage\":{\"@id\":\"https:\/\/sanluisinforma.com\/?p=757#primaryimage\"},\"image\":{\"@id\":\"https:\/\/sanluisinforma.com\/?p=757#primaryimage\"},\"thumbnailUrl\":\"https:\/\/sanluisinforma.com\/wp-content\/uploads\/2022\/07\/thumbnail_03072022-2502-DIF-DIF-ESTATAL-D.jpg\",\"datePublished\":\"2022-07-04T13:33:43+00:00\",\"dateModified\":\"2022-07-04T13:33:43+00:00\",\"breadcrumb\":{\"@id\":\"https:\/\/sanluisinforma.com\/?p=757#breadcrumb\"},\"inLanguage\":\"es\",\"potentialAction\":[{\"@type\":\"ReadAction\",\"target\":[\"https:\/\/sanluisinforma.com\/?p=757\"]}]},{\"@type\":\"ImageObject\",\"inLanguage\":\"es\",\"@id\":\"https:\/\/sanluisinforma.com\/?p=757#primaryimage\",\"url\":\"https:\/\/sanluisinforma.com\/wp-content\/uploads\/2022\/07\/thumbnail_03072022-2502-DIF-DIF-ESTATAL-D.jpg\",\"contentUrl\":\"https:\/\/sanluisinforma.com\/wp-content\/uploads\/2022\/07\/thumbnail_03072022-2502-DIF-DIF-ESTATAL-D.jpg\",\"width\":500,\"height\":235},{\"@type\":\"BreadcrumbList\",\"@id\":\"https:\/\/sanluisinforma.com\/?p=757#breadcrumb\",\"itemListElement\":[{\"@type\":\"ListItem\",\"position\":1,\"name\":\"Inicio\",\"item\":\"https:\/\/sanluisinforma.com\/\"},{\"@type\":\"ListItem\",\"position\":2,\"name\":\"DIF Estatal desarrolla programa para el fortalecimiento familiar\"}]},{\"@type\":\"WebSite\",\"@id\":\"https:\/\/sanluisinforma.com\/#website\",\"url\":\"https:\/\/sanluisinforma.com\/\",\"name\":\"sanluisinforma.com\",\"description\":\"Periodico San Luis Informa\",\"publisher\":{\"@id\":\"https:\/\/sanluisinforma.com\/#organization\"},\"potentialAction\":[{\"@type\":\"SearchAction\",\"target\":{\"@type\":\"EntryPoint\",\"urlTemplate\":\"https:\/\/sanluisinforma.com\/?s={search_term_string}\"},\"query-input\":{\"@type\":\"PropertyValueSpecification\",\"valueRequired\":true,\"valueName\":\"search_term_string\"}}],\"inLanguage\":\"es\"},{\"@type\":\"Organization\",\"@id\":\"https:\/\/sanluisinforma.com\/#organization\",\"name\":\"sanluisinforma.com\",\"url\":\"https:\/\/sanluisinforma.com\/\",\"logo\":{\"@type\":\"ImageObject\",\"inLanguage\":\"es\",\"@id\":\"https:\/\/sanluisinforma.com\/#\/schema\/logo\/image\/\",\"url\":\"https:\/\/sanluisinforma.com\/wp-content\/uploads\/2026\/03\/sanluisinforma-V.jpg\",\"contentUrl\":\"https:\/\/sanluisinforma.com\/wp-content\/uploads\/2026\/03\/sanluisinforma-V.jpg\",\"width\":500,\"height\":156,\"caption\":\"sanluisinforma.com\"},\"image\":{\"@id\":\"https:\/\/sanluisinforma.com\/#\/schema\/logo\/image\/\"}},{\"@type\":\"Person\",\"@id\":\"https:\/\/sanluisinforma.com\/#\/schema\/person\/c30648f71476be533b6f59d092905c8b\",\"name\":\"sanluisinforma.com\",\"image\":{\"@type\":\"ImageObject\",\"inLanguage\":\"es\",\"@id\":\"https:\/\/sanluisinforma.com\/#\/schema\/person\/image\/\",\"url\":\"https:\/\/secure.gravatar.com\/avatar\/86e3114e34a1eecefb963e0a02f0093f93b092dddb2fe1517596343751081a87?s=96&d=mm&r=g\",\"contentUrl\":\"https:\/\/secure.gravatar.com\/avatar\/86e3114e34a1eecefb963e0a02f0093f93b092dddb2fe1517596343751081a87?s=96&d=mm&r=g\",\"caption\":\"sanluisinforma.com\"},\"url\":\"https:\/\/sanluisinforma.com\/?author=2\"}]}<\/script>\n<!-- \/ Yoast SEO plugin. -->","yoast_head_json":{"title":"DIF Estatal desarrolla programa para el fortalecimiento familiar - sanluisinforma.com","robots":{"index":"index","follow":"follow","max-snippet":"max-snippet:-1","max-image-preview":"max-image-preview:large","max-video-preview":"max-video-preview:-1"},"canonical":"https:\/\/sanluisinforma.com\/?p=757","og_locale":"es_MX","og_type":"article","og_title":"DIF Estatal desarrolla programa para el fortalecimiento familiar - sanluisinforma.com","og_description":"Capacita a personal de los sistemas municipales DIF, para orientar a las familias en la soluci\u00f3n de conflictos San Luis","og_url":"https:\/\/sanluisinforma.com\/?p=757","og_site_name":"sanluisinforma.com","article_published_time":"2022-07-04T13:33:43+00:00","og_image":[{"width":500,"height":235,"url":"https:\/\/sanluisinforma.com\/wp-content\/uploads\/2022\/07\/thumbnail_03072022-2502-DIF-DIF-ESTATAL-D.jpg","type":"image\/jpeg"}],"author":"sanluisinforma.com","twitter_card":"summary_large_image","twitter_misc":{"Escrito por":"sanluisinforma.com","Tiempo de lectura":"2 minutos"},"schema":{"@context":"https:\/\/schema.org","@graph":[{"@type":"Article","@id":"https:\/\/sanluisinforma.com\/?p=757#article","isPartOf":{"@id":"https:\/\/sanluisinforma.com\/?p=757"},"author":{"name":"sanluisinforma.com","@id":"https:\/\/sanluisinforma.com\/#\/schema\/person\/c30648f71476be533b6f59d092905c8b"},"headline":"DIF Estatal desarrolla programa para el fortalecimiento familiar","datePublished":"2022-07-04T13:33:43+00:00","dateModified":"2022-07-04T13:33:43+00:00","mainEntityOfPage":{"@id":"https:\/\/sanluisinforma.com\/?p=757"},"wordCount":352,"publisher":{"@id":"https:\/\/sanluisinforma.com\/#organization"},"image":{"@id":"https:\/\/sanluisinforma.com\/?p=757#primaryimage"},"thumbnailUrl":"https:\/\/sanluisinforma.com\/wp-content\/uploads\/2022\/07\/thumbnail_03072022-2502-DIF-DIF-ESTATAL-D.jpg","articleSection":["Local"],"inLanguage":"es"},{"@type":"WebPage","@id":"https:\/\/sanluisinforma.com\/?p=757","url":"https:\/\/sanluisinforma.com\/?p=757","name":"DIF Estatal desarrolla programa para el fortalecimiento familiar - sanluisinforma.com","isPartOf":{"@id":"https:\/\/sanluisinforma.com\/#website"},"primaryImageOfPage":{"@id":"https:\/\/sanluisinforma.com\/?p=757#primaryimage"},"image":{"@id":"https:\/\/sanluisinforma.com\/?p=757#primaryimage"},"thumbnailUrl":"https:\/\/sanluisinforma.com\/wp-content\/uploads\/2022\/07\/thumbnail_03072022-2502-DIF-DIF-ESTATAL-D.jpg","datePublished":"2022-07-04T13:33:43+00:00","dateModified":"2022-07-04T13:33:43+00:00","breadcrumb":{"@id":"https:\/\/sanluisinforma.com\/?p=757#breadcrumb"},"inLanguage":"es","potentialAction":[{"@type":"ReadAction","target":["https:\/\/sanluisinforma.com\/?p=757"]}]},{"@type":"ImageObject","inLanguage":"es","@id":"https:\/\/sanluisinforma.com\/?p=757#primaryimage","url":"https:\/\/sanluisinforma.com\/wp-content\/uploads\/2022\/07\/thumbnail_03072022-2502-DIF-DIF-ESTATAL-D.jpg","contentUrl":"https:\/\/sanluisinforma.com\/wp-content\/uploads\/2022\/07\/thumbnail_03072022-2502-DIF-DIF-ESTATAL-D.jpg","width":500,"height":235},{"@type":"BreadcrumbList","@id":"https:\/\/sanluisinforma.com\/?p=757#breadcrumb","itemListElement":[{"@type":"ListItem","position":1,"name":"Inicio","item":"https:\/\/sanluisinforma.com\/"},{"@type":"ListItem","position":2,"name":"DIF Estatal desarrolla programa para el fortalecimiento familiar"}]},{"@type":"WebSite","@id":"https:\/\/sanluisinforma.com\/#website","url":"https:\/\/sanluisinforma.com\/","name":"sanluisinforma.com","description":"Periodico San Luis Informa","publisher":{"@id":"https:\/\/sanluisinforma.com\/#organization"},"potentialAction":[{"@type":"SearchAction","target":{"@type":"EntryPoint","urlTemplate":"https:\/\/sanluisinforma.com\/?s={search_term_string}"},"query-input":{"@type":"PropertyValueSpecification","valueRequired":true,"valueName":"search_term_string"}}],"inLanguage":"es"},{"@type":"Organization","@id":"https:\/\/sanluisinforma.com\/#organization","name":"sanluisinforma.com","url":"https:\/\/sanluisinforma.com\/","logo":{"@type":"ImageObject","inLanguage":"es","@id":"https:\/\/sanluisinforma.com\/#\/schema\/logo\/image\/","url":"https:\/\/sanluisinforma.com\/wp-content\/uploads\/2026\/03\/sanluisinforma-V.jpg","contentUrl":"https:\/\/sanluisinforma.com\/wp-content\/uploads\/2026\/03\/sanluisinforma-V.jpg","width":500,"height":156,"caption":"sanluisinforma.com"},"image":{"@id":"https:\/\/sanluisinforma.com\/#\/schema\/logo\/image\/"}},{"@type":"Person","@id":"https:\/\/sanluisinforma.com\/#\/schema\/person\/c30648f71476be533b6f59d092905c8b","name":"sanluisinforma.com","image":{"@type":"ImageObject","inLanguage":"es","@id":"https:\/\/sanluisinforma.com\/#\/schema\/person\/image\/","url":"https:\/\/secure.gravatar.com\/avatar\/86e3114e34a1eecefb963e0a02f0093f93b092dddb2fe1517596343751081a87?s=96&d=mm&r=g","contentUrl":"https:\/\/secure.gravatar.com\/avatar\/86e3114e34a1eecefb963e0a02f0093f93b092dddb2fe1517596343751081a87?s=96&d=mm&r=g","caption":"sanluisinforma.com"},"url":"https:\/\/sanluisinforma.com\/?author=2"}]}},"_links":{"self":[{"href":"https:\/\/sanluisinforma.com\/index.php?rest_route=\/wp\/v2\/posts\/757","targetHints":{"allow":["GET"]}}],"collection":[{"href":"https:\/\/sanluisinforma.com\/index.php?rest_route=\/wp\/v2\/posts"}],"about":[{"href":"https:\/\/sanluisinforma.com\/index.php?rest_route=\/wp\/v2\/types\/post"}],"author":[{"embeddable":true,"href":"https:\/\/sanluisinforma.com\/index.php?rest_route=\/wp\/v2\/users\/2"}],"replies":[{"embeddable":true,"href":"https:\/\/sanluisinforma.com\/index.php?rest_route=%2Fwp%2Fv2%2Fcomments&post=757"}],"version-history":[{"count":0,"href":"https:\/\/sanluisinforma.com\/index.php?rest_route=\/wp\/v2\/posts\/757\/revisions"}],"wp:featuredmedia":[{"embeddable":true,"href":"https:\/\/sanluisinforma.com\/index.php?rest_route=\/wp\/v2\/media\/758"}],"wp:attachment":[{"href":"https:\/\/sanluisinforma.com\/index.php?rest_route=%2Fwp%2Fv2%2Fmedia&parent=757"}],"wp:term":[{"taxonomy":"category","embeddable":true,"href":"https:\/\/sanluisinforma.com\/index.php?rest_route=%2Fwp%2Fv2%2Fcategories&post=757"},{"taxonomy":"post_tag","embeddable":true,"href":"https:\/\/sanluisinforma.com\/index.php?rest_route=%2Fwp%2Fv2%2Ftags&post=757"}],"curies":[{"name":"wp","href":"https:\/\/api.w.org\/{rel}","templated":true}]}}