{"id":7589,"date":"2024-09-22T00:35:00","date_gmt":"2024-09-22T06:35:00","guid":{"rendered":"https:\/\/sanluisinforma.com\/?p=7589"},"modified":"2024-09-21T20:20:50","modified_gmt":"2024-09-22T02:20:50","slug":"vamos-a-seguir-trabajando-con-oaxaca-y-para-oaxaca-claudia-sheinbaum","status":"publish","type":"post","link":"https:\/\/sanluisinforma.com\/?p=7589","title":{"rendered":"&#8221;Vamos a seguir trabajando con Oaxaca y para Oaxaca\u201d: Claudia Sheinbaum"},"content":{"rendered":"\n<p>\u2018\u2019Vamos a hacer realidad tambi\u00e9n lo que se est\u00e1 votando ahora en el Congreso (&#8230;) Que sea una realidad el derecho pleno de todos los pueblos originarios y que quede establecido en el segundo Constitucional\u2019\u2019, asegur\u00f3 la Presidenta electa como parte de la continuidad de la Transformaci\u00f3n<\/p>\n\n\n\n<p>&nbsp;\u2018\u2019Es hist\u00f3rico, porque nunca se hab\u00eda visto que caminaran juntos, el Presidente y la nueva Presidenta; y es parte de la generosidad del Presidente L\u00f3pez Obrador\u2019\u2019, se\u00f1al\u00f3 sobre el actual proceso de transici\u00f3n entre gobiernos<\/p>\n\n\n\n<p>\u2019\u2019Va a pasar el tiempo y vamos a tener en M\u00e9xico la mejor Presidenta del mundo\u2019\u2019, puntualiz\u00f3 el Presidente Andr\u00e9s Manuel L\u00f3pez Obrador sobre Claudia Sheinbaum<\/p>\n\n\n\n<p>Guelatao de Ju\u00e1rez, Oaxaca, a 21 de septiembre de 2024.- \u2019\u2019Vamos a seguir trabajando con Oaxaca y para Oaxaca\u2019\u2019, fue el compromiso que la Presidenta electa, Dra. Claudia Sheinbaum Pardo, realiz\u00f3 durante la Inauguraci\u00f3n del camino &#8220;Benito Ju\u00e1rez\u201d, en Guelatao, Oaxaca, \u2014municipio en el que naci\u00f3 el Benem\u00e9rito de las Am\u00e9ricas, Benito Ju\u00e1rez\u2014, y donde se realiz\u00f3 el informe del programa Caminos Artesanales, que encabez\u00f3 el Presidente Andr\u00e9s Manuel L\u00f3pez Obrador.<\/p>\n\n\n\n<p>\u2018\u2019Dije que ven\u00eda a comprometerme. Vamos a seguir trabajando con Oaxaca y para Oaxaca. Y, sobre todo, vamos a seguir con nuestros principios: el principio de \u00b4Por el bien de todos, primero los pobres\u00b4. El principio juarista de que: \u00b4No puede haber gobierno con pueblo pobre\u00b4. Y el principio juarista, obradorista, que dice: \u2018Con el pueblo todo, sin el pueblo nada\u00b4. Y los principios de nuestro movimiento que llevamos en el coraz\u00f3n, en la mente y en nuestra historia: Nosotros no mentimos, no robamos y nunca vamos a traicionar al pueblo de Oaxaca, ni al pueblo de M\u00e9xico\u2019\u2019, asegur\u00f3.<\/p>\n\n\n\n<p>Puntualiz\u00f3 que el Humanismo Mexicano tambi\u00e9n ser\u00e1 parte de su forma de gobernar, en la que lo m\u00e1s importante ser\u00e1 seguir apoyando a quienes menos tienen, as\u00ed como continuar enalteciendo la riqueza cultural de cada rinc\u00f3n del pa\u00eds y su gran historia de transformaci\u00f3n pol\u00edtica.<\/p>\n\n\n\n<p>\u2019\u2019Vamos a seguir gobernando con el pensamiento del Humanismo Mexicano que tiene dos pilares: el pilar de la grandeza cultural de M\u00e9xico, que se siente aqu\u00ed en Oaxaca de los pueblos originarios. Y el pilar de la profunda y gran historia pol\u00edtica de nuestro pa\u00eds, que tambi\u00e9n se siente en Oaxaca porque es parte de la segunda Transformaci\u00f3n, la de la Reforma que encabez\u00f3 Benito Ju\u00e1rez; y de la primera, y de la tercera, y de la Cuarta Transformaci\u00f3n\u2019\u2019, agreg\u00f3.<\/p>\n\n\n\n<p>Al respecto, detall\u00f3 que la continuidad se trata de seguir haciendo justicia, particularmente para los pueblos originarios, quienes ser\u00e1n reconocidos en la Constituci\u00f3n Pol\u00edtica como sujetos de derecho.<\/p>\n\n\n\n<p>\u2019\u2019Vamos a hacer realidad tambi\u00e9n lo que se est\u00e1 votando ahora en el Congreso. Ya se vot\u00f3 en C\u00e1mara de Diputados, va a C\u00e1mara de Senadores y va a todos los Congresos estatales para que sea una realidad el derecho pleno de todos los pueblos originarios y que quede establecido en el segundo Constitucional. Y nos va tocar hacerlo realidad para todos los pueblos y comunidades ind\u00edgenas de nuestro pa\u00eds\u2019\u2019, se\u00f1al\u00f3.<\/p>\n\n\n\n<p>Tambi\u00e9n reiter\u00f3 que con la continuidad de la Cuarta Transformaci\u00f3n, se fortalecer\u00e1n los Programas del Bienestar iniciados por el Presidente Andr\u00e9s Manuel L\u00f3pez Obrador, como son \u2018Sembrando Vida\u2019, \u2018J\u00f3venes Construyendo el Futuro\u2019\u2019, la pensi\u00f3n para adultos mayores, entre muchos otros, a los que se a\u00f1adir\u00e1n tres nuevos programas sociales: Una pensi\u00f3n para mujeres de 60 a 64 a\u00f1os; una beca para todos los ni\u00f1os y ni\u00f1as de primaria a secundaria de escuelas p\u00fablicas, as\u00ed como la atenci\u00f3n m\u00e9dica domiciliaria para las y los adultos mayores, para lo que se contempla la contrataci\u00f3n de 20 mil trabajadores de la salud.<\/p>\n\n\n\n<p>\u2019\u2019Dar continuidad quiere decir: Seguir con los Programas del Bienestar; as\u00ed que me comprometo a que vamos a seguir con la Pensi\u00f3n a Adulto Mayor. Vamos a seguir con el Programa de Apoyo a las Personas con Discapacidad. Vamos a seguir con el programa \u201cSembrando Vida\u201d; seguir con las becas a los j\u00f3venes de preparatoria; a seguir con el apoyo al campo; a seguir con los caminos artesanales a las agencias municipales (&#8230;) Pero, adem\u00e1s, no nos vamos a quedar solamente con los Programas de Bienestar que ya ser\u00eda mucho, vamos a avanzar tambi\u00e9n con la Transformaci\u00f3n\u2019\u2019.<\/p>\n\n\n\n<p>\u2019\u2019Aqu\u00ed me compromet\u00ed, en Oaxaca y en otros lugares del pa\u00eds, a que vamos a avanzar en tres Programas de Bienestar m\u00e1s: el programa de apoyo a las mujeres de 60 a 64 a\u00f1os de edad (&#8230;) Vamos tambi\u00e9n, como me compromet\u00ed, a hacer universal, es decir, a todas y todos. Vamos a ser universal la Beca Benito Ju\u00e1rez para todos los ni\u00f1os y ni\u00f1as que estudian en escuela p\u00fablica, es decir: preescolar, primaria y secundaria, a todos y a todas (&#8230;) El otro programa es el que significa llevar salud casa por casa. Vamos a complementar el programa de adulto y adulto mayor de la pensi\u00f3n. Vamos a contratar a m\u00e1s de 20 mil enfermeras y enfermeros, m\u00e9dicos, m\u00e9dicas, para que vayan casa por casa a todas las comunidades, a atender a todos los adultos mayores\u2019\u2019, manifest\u00f3.<\/p>\n\n\n\n<p>Finalmente, la Presidenta electa de M\u00e9xico agradeci\u00f3 al Presidente Andr\u00e9s Manuel L\u00f3pez Obrador por mostrarle los principales proyectos que conformaron la Cuarta Transformaci\u00f3n en los \u00faltimos a\u00f1os, lo cual asegur\u00f3 hace de esta transici\u00f3n entre gobiernos, la m\u00e1s hist\u00f3rica de todos los tiempos.<\/p>\n\n\n\n<p>\u2019\u2019Vengo caminando con el Presidente desde hace 24 a\u00f1os, por lo menos, pero en estos meses he tenido la oportunidad de visitar todo el pa\u00eds en esto que yo llamo \u201cuna transici\u00f3n hist\u00f3rica\u201d (&#8230;) Digo que \u201ces hist\u00f3rico\u201d porque nunca se hab\u00eda visto que caminaran juntos, el Presidente y la nueva Presidenta; y es parte de la generosidad del Presidente L\u00f3pez Obrador, que me ha permitido acompa\u00f1arlo a todo el pa\u00eds, conociendo los programas, los proyectos, las obras, la esencia de su gobierno\u2019\u2019, concluy\u00f3.<\/p>\n\n\n\n<p>Por su parte, el Presidente Andr\u00e9s Manuel L\u00f3pez Obrador, enfatiz\u00f3 que Oaxaca es muestra de que la Transformaci\u00f3n es posible y asegur\u00f3 que con Claudia Sheinbaum en la Presidencia los tiempos seguir\u00e1n cambiando para ser mucho mejores, lo que afirm\u00f3 ser\u00e1 lo que la convierta en la mejor Presidenta de M\u00e9xico.<\/p>\n\n\n\n<p>\u2019\u2019Va a pasar el tiempo y vamos a tener en M\u00e9xico la mejor Presidenta del mundo\u2019\u2019, asinti\u00f3.<\/p>\n\n\n\n<p>Asimismo, Salom\u00f3n Jara Cruz, Gobernador Constitucional del Estado de Oaxaca, destac\u00f3 que, por primera vez en la historia del pa\u00eds, ser\u00e1 una mujer quien d\u00e9 rienda a las decisiones m\u00e1s importantes.<\/p>\n\n\n\n<p>\u2019\u2019Quiero expresar Presidenta, Presidente: Que ahora nos sentimos muy orgullosos porque el destino de la naci\u00f3n est\u00e1 en manos, por primera vez, de una mujer\u2019\u2019, coment\u00f3.<\/p>\n\n\n\n<p><\/p>\n","protected":false},"excerpt":{"rendered":"<p>\u2018\u2019Vamos a hacer realidad tambi\u00e9n lo que se est\u00e1 votando ahora en el Congreso (&#8230;) Que sea una realidad el<\/p>\n","protected":false},"author":2,"featured_media":7590,"comment_status":"closed","ping_status":"closed","sticky":false,"template":"","format":"standard","meta":{"footnotes":""},"categories":[26],"tags":[],"class_list":["post-7589","post","type-post","status-publish","format-standard","has-post-thumbnail","hentry","category-nacional"],"yoast_head":"<!-- This site is optimized with the Yoast SEO plugin v24.1 - https:\/\/yoast.com\/wordpress\/plugins\/seo\/ -->\n<title>&#039;&#039;Vamos a seguir trabajando con Oaxaca y para Oaxaca\u201d: Claudia Sheinbaum - sanluisinforma.com<\/title>\n<meta name=\"robots\" content=\"index, follow, max-snippet:-1, max-image-preview:large, max-video-preview:-1\" \/>\n<link rel=\"canonical\" href=\"https:\/\/sanluisinforma.com\/?p=7589\" \/>\n<meta property=\"og:locale\" content=\"es_MX\" \/>\n<meta property=\"og:type\" content=\"article\" \/>\n<meta property=\"og:title\" content=\"&#039;&#039;Vamos a seguir trabajando con Oaxaca y para Oaxaca\u201d: Claudia Sheinbaum - sanluisinforma.com\" \/>\n<meta property=\"og:description\" content=\"\u2018\u2019Vamos a hacer realidad tambi\u00e9n lo que se est\u00e1 votando ahora en el Congreso (&#8230;) Que sea una realidad el\" \/>\n<meta property=\"og:url\" content=\"https:\/\/sanluisinforma.com\/?p=7589\" \/>\n<meta property=\"og:site_name\" content=\"sanluisinforma.com\" \/>\n<meta property=\"article:published_time\" content=\"2024-09-22T06:35:00+00:00\" \/>\n<meta property=\"article:modified_time\" content=\"2024-09-22T02:20:50+00:00\" \/>\n<meta property=\"og:image\" content=\"https:\/\/sanluisinforma.com\/wp-content\/uploads\/2024\/09\/3316e00a-4610-4152-9faf-fdc1b604c534.jpg\" \/>\n\t<meta property=\"og:image:width\" content=\"480\" \/>\n\t<meta property=\"og:image:height\" content=\"319\" \/>\n\t<meta property=\"og:image:type\" content=\"image\/jpeg\" \/>\n<meta name=\"author\" content=\"sanluisinforma.com\" \/>\n<meta name=\"twitter:card\" content=\"summary_large_image\" \/>\n<meta name=\"twitter:label1\" content=\"Escrito por\" \/>\n\t<meta name=\"twitter:data1\" content=\"sanluisinforma.com\" \/>\n\t<meta name=\"twitter:label2\" content=\"Tiempo de lectura\" \/>\n\t<meta name=\"twitter:data2\" content=\"6 minutos\" \/>\n<script type=\"application\/ld+json\" class=\"yoast-schema-graph\">{\"@context\":\"https:\/\/schema.org\",\"@graph\":[{\"@type\":\"Article\",\"@id\":\"https:\/\/sanluisinforma.com\/?p=7589#article\",\"isPartOf\":{\"@id\":\"https:\/\/sanluisinforma.com\/?p=7589\"},\"author\":{\"name\":\"sanluisinforma.com\",\"@id\":\"https:\/\/sanluisinforma.com\/#\/schema\/person\/c30648f71476be533b6f59d092905c8b\"},\"headline\":\"&#8221;Vamos a seguir trabajando con Oaxaca y para Oaxaca\u201d: Claudia Sheinbaum\",\"datePublished\":\"2024-09-22T06:35:00+00:00\",\"dateModified\":\"2024-09-22T02:20:50+00:00\",\"mainEntityOfPage\":{\"@id\":\"https:\/\/sanluisinforma.com\/?p=7589\"},\"wordCount\":1192,\"publisher\":{\"@id\":\"https:\/\/sanluisinforma.com\/#organization\"},\"image\":{\"@id\":\"https:\/\/sanluisinforma.com\/?p=7589#primaryimage\"},\"thumbnailUrl\":\"https:\/\/sanluisinforma.com\/wp-content\/uploads\/2024\/09\/3316e00a-4610-4152-9faf-fdc1b604c534.jpg\",\"articleSection\":[\"Nacional\"],\"inLanguage\":\"es\"},{\"@type\":\"WebPage\",\"@id\":\"https:\/\/sanluisinforma.com\/?p=7589\",\"url\":\"https:\/\/sanluisinforma.com\/?p=7589\",\"name\":\"''Vamos a seguir trabajando con Oaxaca y para Oaxaca\u201d: Claudia Sheinbaum - sanluisinforma.com\",\"isPartOf\":{\"@id\":\"https:\/\/sanluisinforma.com\/#website\"},\"primaryImageOfPage\":{\"@id\":\"https:\/\/sanluisinforma.com\/?p=7589#primaryimage\"},\"image\":{\"@id\":\"https:\/\/sanluisinforma.com\/?p=7589#primaryimage\"},\"thumbnailUrl\":\"https:\/\/sanluisinforma.com\/wp-content\/uploads\/2024\/09\/3316e00a-4610-4152-9faf-fdc1b604c534.jpg\",\"datePublished\":\"2024-09-22T06:35:00+00:00\",\"dateModified\":\"2024-09-22T02:20:50+00:00\",\"breadcrumb\":{\"@id\":\"https:\/\/sanluisinforma.com\/?p=7589#breadcrumb\"},\"inLanguage\":\"es\",\"potentialAction\":[{\"@type\":\"ReadAction\",\"target\":[\"https:\/\/sanluisinforma.com\/?p=7589\"]}]},{\"@type\":\"ImageObject\",\"inLanguage\":\"es\",\"@id\":\"https:\/\/sanluisinforma.com\/?p=7589#primaryimage\",\"url\":\"https:\/\/sanluisinforma.com\/wp-content\/uploads\/2024\/09\/3316e00a-4610-4152-9faf-fdc1b604c534.jpg\",\"contentUrl\":\"https:\/\/sanluisinforma.com\/wp-content\/uploads\/2024\/09\/3316e00a-4610-4152-9faf-fdc1b604c534.jpg\",\"width\":480,\"height\":319},{\"@type\":\"BreadcrumbList\",\"@id\":\"https:\/\/sanluisinforma.com\/?p=7589#breadcrumb\",\"itemListElement\":[{\"@type\":\"ListItem\",\"position\":1,\"name\":\"Inicio\",\"item\":\"https:\/\/sanluisinforma.com\/\"},{\"@type\":\"ListItem\",\"position\":2,\"name\":\"&#8221;Vamos a seguir trabajando con Oaxaca y para Oaxaca\u201d: Claudia Sheinbaum\"}]},{\"@type\":\"WebSite\",\"@id\":\"https:\/\/sanluisinforma.com\/#website\",\"url\":\"https:\/\/sanluisinforma.com\/\",\"name\":\"sanluisinforma.com\",\"description\":\"Periodico San Luis Informa\",\"publisher\":{\"@id\":\"https:\/\/sanluisinforma.com\/#organization\"},\"potentialAction\":[{\"@type\":\"SearchAction\",\"target\":{\"@type\":\"EntryPoint\",\"urlTemplate\":\"https:\/\/sanluisinforma.com\/?s={search_term_string}\"},\"query-input\":{\"@type\":\"PropertyValueSpecification\",\"valueRequired\":true,\"valueName\":\"search_term_string\"}}],\"inLanguage\":\"es\"},{\"@type\":\"Organization\",\"@id\":\"https:\/\/sanluisinforma.com\/#organization\",\"name\":\"sanluisinforma.com\",\"url\":\"https:\/\/sanluisinforma.com\/\",\"logo\":{\"@type\":\"ImageObject\",\"inLanguage\":\"es\",\"@id\":\"https:\/\/sanluisinforma.com\/#\/schema\/logo\/image\/\",\"url\":\"https:\/\/sanluisinforma.com\/wp-content\/uploads\/2026\/03\/sanluisinforma-V.jpg\",\"contentUrl\":\"https:\/\/sanluisinforma.com\/wp-content\/uploads\/2026\/03\/sanluisinforma-V.jpg\",\"width\":500,\"height\":156,\"caption\":\"sanluisinforma.com\"},\"image\":{\"@id\":\"https:\/\/sanluisinforma.com\/#\/schema\/logo\/image\/\"}},{\"@type\":\"Person\",\"@id\":\"https:\/\/sanluisinforma.com\/#\/schema\/person\/c30648f71476be533b6f59d092905c8b\",\"name\":\"sanluisinforma.com\",\"image\":{\"@type\":\"ImageObject\",\"inLanguage\":\"es\",\"@id\":\"https:\/\/sanluisinforma.com\/#\/schema\/person\/image\/\",\"url\":\"https:\/\/secure.gravatar.com\/avatar\/86e3114e34a1eecefb963e0a02f0093f93b092dddb2fe1517596343751081a87?s=96&d=mm&r=g\",\"contentUrl\":\"https:\/\/secure.gravatar.com\/avatar\/86e3114e34a1eecefb963e0a02f0093f93b092dddb2fe1517596343751081a87?s=96&d=mm&r=g\",\"caption\":\"sanluisinforma.com\"},\"url\":\"https:\/\/sanluisinforma.com\/?author=2\"}]}<\/script>\n<!-- \/ Yoast SEO plugin. -->","yoast_head_json":{"title":"''Vamos a seguir trabajando con Oaxaca y para Oaxaca\u201d: Claudia Sheinbaum - sanluisinforma.com","robots":{"index":"index","follow":"follow","max-snippet":"max-snippet:-1","max-image-preview":"max-image-preview:large","max-video-preview":"max-video-preview:-1"},"canonical":"https:\/\/sanluisinforma.com\/?p=7589","og_locale":"es_MX","og_type":"article","og_title":"''Vamos a seguir trabajando con Oaxaca y para Oaxaca\u201d: Claudia Sheinbaum - sanluisinforma.com","og_description":"\u2018\u2019Vamos a hacer realidad tambi\u00e9n lo que se est\u00e1 votando ahora en el Congreso (&#8230;) Que sea una realidad el","og_url":"https:\/\/sanluisinforma.com\/?p=7589","og_site_name":"sanluisinforma.com","article_published_time":"2024-09-22T06:35:00+00:00","article_modified_time":"2024-09-22T02:20:50+00:00","og_image":[{"width":480,"height":319,"url":"https:\/\/sanluisinforma.com\/wp-content\/uploads\/2024\/09\/3316e00a-4610-4152-9faf-fdc1b604c534.jpg","type":"image\/jpeg"}],"author":"sanluisinforma.com","twitter_card":"summary_large_image","twitter_misc":{"Escrito por":"sanluisinforma.com","Tiempo de lectura":"6 minutos"},"schema":{"@context":"https:\/\/schema.org","@graph":[{"@type":"Article","@id":"https:\/\/sanluisinforma.com\/?p=7589#article","isPartOf":{"@id":"https:\/\/sanluisinforma.com\/?p=7589"},"author":{"name":"sanluisinforma.com","@id":"https:\/\/sanluisinforma.com\/#\/schema\/person\/c30648f71476be533b6f59d092905c8b"},"headline":"&#8221;Vamos a seguir trabajando con Oaxaca y para Oaxaca\u201d: Claudia Sheinbaum","datePublished":"2024-09-22T06:35:00+00:00","dateModified":"2024-09-22T02:20:50+00:00","mainEntityOfPage":{"@id":"https:\/\/sanluisinforma.com\/?p=7589"},"wordCount":1192,"publisher":{"@id":"https:\/\/sanluisinforma.com\/#organization"},"image":{"@id":"https:\/\/sanluisinforma.com\/?p=7589#primaryimage"},"thumbnailUrl":"https:\/\/sanluisinforma.com\/wp-content\/uploads\/2024\/09\/3316e00a-4610-4152-9faf-fdc1b604c534.jpg","articleSection":["Nacional"],"inLanguage":"es"},{"@type":"WebPage","@id":"https:\/\/sanluisinforma.com\/?p=7589","url":"https:\/\/sanluisinforma.com\/?p=7589","name":"''Vamos a seguir trabajando con Oaxaca y para Oaxaca\u201d: Claudia Sheinbaum - sanluisinforma.com","isPartOf":{"@id":"https:\/\/sanluisinforma.com\/#website"},"primaryImageOfPage":{"@id":"https:\/\/sanluisinforma.com\/?p=7589#primaryimage"},"image":{"@id":"https:\/\/sanluisinforma.com\/?p=7589#primaryimage"},"thumbnailUrl":"https:\/\/sanluisinforma.com\/wp-content\/uploads\/2024\/09\/3316e00a-4610-4152-9faf-fdc1b604c534.jpg","datePublished":"2024-09-22T06:35:00+00:00","dateModified":"2024-09-22T02:20:50+00:00","breadcrumb":{"@id":"https:\/\/sanluisinforma.com\/?p=7589#breadcrumb"},"inLanguage":"es","potentialAction":[{"@type":"ReadAction","target":["https:\/\/sanluisinforma.com\/?p=7589"]}]},{"@type":"ImageObject","inLanguage":"es","@id":"https:\/\/sanluisinforma.com\/?p=7589#primaryimage","url":"https:\/\/sanluisinforma.com\/wp-content\/uploads\/2024\/09\/3316e00a-4610-4152-9faf-fdc1b604c534.jpg","contentUrl":"https:\/\/sanluisinforma.com\/wp-content\/uploads\/2024\/09\/3316e00a-4610-4152-9faf-fdc1b604c534.jpg","width":480,"height":319},{"@type":"BreadcrumbList","@id":"https:\/\/sanluisinforma.com\/?p=7589#breadcrumb","itemListElement":[{"@type":"ListItem","position":1,"name":"Inicio","item":"https:\/\/sanluisinforma.com\/"},{"@type":"ListItem","position":2,"name":"&#8221;Vamos a seguir trabajando con Oaxaca y para Oaxaca\u201d: Claudia Sheinbaum"}]},{"@type":"WebSite","@id":"https:\/\/sanluisinforma.com\/#website","url":"https:\/\/sanluisinforma.com\/","name":"sanluisinforma.com","description":"Periodico San Luis Informa","publisher":{"@id":"https:\/\/sanluisinforma.com\/#organization"},"potentialAction":[{"@type":"SearchAction","target":{"@type":"EntryPoint","urlTemplate":"https:\/\/sanluisinforma.com\/?s={search_term_string}"},"query-input":{"@type":"PropertyValueSpecification","valueRequired":true,"valueName":"search_term_string"}}],"inLanguage":"es"},{"@type":"Organization","@id":"https:\/\/sanluisinforma.com\/#organization","name":"sanluisinforma.com","url":"https:\/\/sanluisinforma.com\/","logo":{"@type":"ImageObject","inLanguage":"es","@id":"https:\/\/sanluisinforma.com\/#\/schema\/logo\/image\/","url":"https:\/\/sanluisinforma.com\/wp-content\/uploads\/2026\/03\/sanluisinforma-V.jpg","contentUrl":"https:\/\/sanluisinforma.com\/wp-content\/uploads\/2026\/03\/sanluisinforma-V.jpg","width":500,"height":156,"caption":"sanluisinforma.com"},"image":{"@id":"https:\/\/sanluisinforma.com\/#\/schema\/logo\/image\/"}},{"@type":"Person","@id":"https:\/\/sanluisinforma.com\/#\/schema\/person\/c30648f71476be533b6f59d092905c8b","name":"sanluisinforma.com","image":{"@type":"ImageObject","inLanguage":"es","@id":"https:\/\/sanluisinforma.com\/#\/schema\/person\/image\/","url":"https:\/\/secure.gravatar.com\/avatar\/86e3114e34a1eecefb963e0a02f0093f93b092dddb2fe1517596343751081a87?s=96&d=mm&r=g","contentUrl":"https:\/\/secure.gravatar.com\/avatar\/86e3114e34a1eecefb963e0a02f0093f93b092dddb2fe1517596343751081a87?s=96&d=mm&r=g","caption":"sanluisinforma.com"},"url":"https:\/\/sanluisinforma.com\/?author=2"}]}},"_links":{"self":[{"href":"https:\/\/sanluisinforma.com\/index.php?rest_route=\/wp\/v2\/posts\/7589","targetHints":{"allow":["GET"]}}],"collection":[{"href":"https:\/\/sanluisinforma.com\/index.php?rest_route=\/wp\/v2\/posts"}],"about":[{"href":"https:\/\/sanluisinforma.com\/index.php?rest_route=\/wp\/v2\/types\/post"}],"author":[{"embeddable":true,"href":"https:\/\/sanluisinforma.com\/index.php?rest_route=\/wp\/v2\/users\/2"}],"replies":[{"embeddable":true,"href":"https:\/\/sanluisinforma.com\/index.php?rest_route=%2Fwp%2Fv2%2Fcomments&post=7589"}],"version-history":[{"count":1,"href":"https:\/\/sanluisinforma.com\/index.php?rest_route=\/wp\/v2\/posts\/7589\/revisions"}],"predecessor-version":[{"id":7591,"href":"https:\/\/sanluisinforma.com\/index.php?rest_route=\/wp\/v2\/posts\/7589\/revisions\/7591"}],"wp:featuredmedia":[{"embeddable":true,"href":"https:\/\/sanluisinforma.com\/index.php?rest_route=\/wp\/v2\/media\/7590"}],"wp:attachment":[{"href":"https:\/\/sanluisinforma.com\/index.php?rest_route=%2Fwp%2Fv2%2Fmedia&parent=7589"}],"wp:term":[{"taxonomy":"category","embeddable":true,"href":"https:\/\/sanluisinforma.com\/index.php?rest_route=%2Fwp%2Fv2%2Fcategories&post=7589"},{"taxonomy":"post_tag","embeddable":true,"href":"https:\/\/sanluisinforma.com\/index.php?rest_route=%2Fwp%2Fv2%2Ftags&post=7589"}],"curies":[{"name":"wp","href":"https:\/\/api.w.org\/{rel}","templated":true}]}}