{"id":7729,"date":"2024-10-01T00:58:00","date_gmt":"2024-10-01T06:58:00","guid":{"rendered":"https:\/\/sanluisinforma.com\/?p=7729"},"modified":"2024-09-30T19:32:00","modified_gmt":"2024-10-01T01:32:00","slug":"obtiene-ricardo-gallardo-liderazgo-en-aval-ciudadano-a-nivel-nacional","status":"publish","type":"post","link":"https:\/\/sanluisinforma.com\/?p=7729","title":{"rendered":"\u00a0Obtiene Ricardo Gallardo Liderazgo en Aval Ciudadano a \u00a0Nivel Nacional"},"content":{"rendered":"\n<p>El promedio de aprobaci\u00f3n de las y los gobernadores a nivel nacional se sit\u00faa en un 49.8 por ciento lo que coloca al Mandatario Estatal cerca de 10 puntos porcentuales por arriba<\/p>\n\n\n\n<p>El Gobernador de San Luis Potos\u00ed, Ricardo Gallardo Cardona, mantiene el primer lugar y el liderazgo a nivel nacional entre los gobernadores mejor evaluados por la ciudadan\u00eda, con una aprobaci\u00f3n del 58.9 por ciento al mes de agosto de 2024, lo que ratifica el apoyo de las familias potosinas a su gesti\u00f3n.&nbsp;<\/p>\n\n\n\n<p>De acuerdo con el Ranking Mitofsky de gobernadores y gobernadoras de M\u00e9xico, publicada por el medio El Economista, San Luis Potos\u00ed lidera la lista, por arriba de Yucat\u00e1n, Aguascalientes, Quintana Roo, Quer\u00e9taro e Hidalgo, adem\u00e1s de que el promedio de aprobaci\u00f3n a nivel nacional se sit\u00faa en un 49.8 por ciento, lo que coloca a Gallardo Cardona cerca de 10 puntos porcentuales por arriba, reflejo de la confianza ciudadana.&nbsp;<\/p>\n\n\n\n<p>La evaluaci\u00f3n del Gobernador potosino se debe en gran medida, al impulso hist\u00f3rico en la infraestructura del Estado, con una inversi\u00f3n de m\u00e1s de 22 mil millones de pesos en los \u00faltimos tres a\u00f1os, adem\u00e1s de los programas sociales que abordan las necesidades prioritarias de la poblaci\u00f3n, fortaleciendo su conexi\u00f3n y llevando m\u00e1s apoyo a las \u00e1reas prioritarias como seguridad, salud, educaci\u00f3n, entre otras.<\/p>\n\n\n\n<p><\/p>\n","protected":false},"excerpt":{"rendered":"<p>El promedio de aprobaci\u00f3n de las y los gobernadores a nivel nacional se sit\u00faa en un 49.8 por ciento lo<\/p>\n","protected":false},"author":2,"featured_media":7730,"comment_status":"closed","ping_status":"closed","sticky":false,"template":"","format":"standard","meta":{"footnotes":""},"categories":[25,30],"tags":[],"class_list":["post-7729","post","type-post","status-publish","format-standard","has-post-thumbnail","hentry","category-local","category-portada"],"yoast_head":"<!-- This site is optimized with the Yoast SEO plugin v24.1 - https:\/\/yoast.com\/wordpress\/plugins\/seo\/ -->\n<title>\u00a0Obtiene Ricardo Gallardo Liderazgo en Aval Ciudadano a \u00a0Nivel Nacional - sanluisinforma.com<\/title>\n<meta name=\"robots\" content=\"index, follow, max-snippet:-1, max-image-preview:large, max-video-preview:-1\" \/>\n<link rel=\"canonical\" href=\"https:\/\/sanluisinforma.com\/?p=7729\" \/>\n<meta property=\"og:locale\" content=\"es_MX\" \/>\n<meta property=\"og:type\" content=\"article\" \/>\n<meta property=\"og:title\" content=\"\u00a0Obtiene Ricardo Gallardo Liderazgo en Aval Ciudadano a \u00a0Nivel Nacional - sanluisinforma.com\" \/>\n<meta property=\"og:description\" content=\"El promedio de aprobaci\u00f3n de las y los gobernadores a nivel nacional se sit\u00faa en un 49.8 por ciento lo\" \/>\n<meta property=\"og:url\" content=\"https:\/\/sanluisinforma.com\/?p=7729\" \/>\n<meta property=\"og:site_name\" content=\"sanluisinforma.com\" \/>\n<meta property=\"article:published_time\" content=\"2024-10-01T06:58:00+00:00\" \/>\n<meta property=\"article:modified_time\" content=\"2024-10-01T01:32:00+00:00\" \/>\n<meta property=\"og:image\" content=\"https:\/\/sanluisinforma.com\/wp-content\/uploads\/2024\/09\/fcc65a7d-46ce-465f-b745-9a78a380169b.jpg\" \/>\n\t<meta property=\"og:image:width\" content=\"480\" \/>\n\t<meta property=\"og:image:height\" content=\"320\" \/>\n\t<meta property=\"og:image:type\" content=\"image\/jpeg\" \/>\n<meta name=\"author\" content=\"sanluisinforma.com\" \/>\n<meta name=\"twitter:card\" content=\"summary_large_image\" \/>\n<meta name=\"twitter:label1\" content=\"Escrito por\" \/>\n\t<meta name=\"twitter:data1\" content=\"sanluisinforma.com\" \/>\n\t<meta name=\"twitter:label2\" content=\"Tiempo de lectura\" \/>\n\t<meta name=\"twitter:data2\" content=\"2 minutos\" \/>\n<script type=\"application\/ld+json\" class=\"yoast-schema-graph\">{\"@context\":\"https:\/\/schema.org\",\"@graph\":[{\"@type\":\"Article\",\"@id\":\"https:\/\/sanluisinforma.com\/?p=7729#article\",\"isPartOf\":{\"@id\":\"https:\/\/sanluisinforma.com\/?p=7729\"},\"author\":{\"name\":\"sanluisinforma.com\",\"@id\":\"https:\/\/sanluisinforma.com\/#\/schema\/person\/c30648f71476be533b6f59d092905c8b\"},\"headline\":\"\u00a0Obtiene Ricardo Gallardo Liderazgo en Aval Ciudadano a \u00a0Nivel Nacional\",\"datePublished\":\"2024-10-01T06:58:00+00:00\",\"dateModified\":\"2024-10-01T01:32:00+00:00\",\"mainEntityOfPage\":{\"@id\":\"https:\/\/sanluisinforma.com\/?p=7729\"},\"wordCount\":243,\"publisher\":{\"@id\":\"https:\/\/sanluisinforma.com\/#organization\"},\"image\":{\"@id\":\"https:\/\/sanluisinforma.com\/?p=7729#primaryimage\"},\"thumbnailUrl\":\"https:\/\/sanluisinforma.com\/wp-content\/uploads\/2024\/09\/fcc65a7d-46ce-465f-b745-9a78a380169b.jpg\",\"articleSection\":[\"Local\",\"Portada\"],\"inLanguage\":\"es\"},{\"@type\":\"WebPage\",\"@id\":\"https:\/\/sanluisinforma.com\/?p=7729\",\"url\":\"https:\/\/sanluisinforma.com\/?p=7729\",\"name\":\"\u00a0Obtiene Ricardo Gallardo Liderazgo en Aval Ciudadano a \u00a0Nivel Nacional - sanluisinforma.com\",\"isPartOf\":{\"@id\":\"https:\/\/sanluisinforma.com\/#website\"},\"primaryImageOfPage\":{\"@id\":\"https:\/\/sanluisinforma.com\/?p=7729#primaryimage\"},\"image\":{\"@id\":\"https:\/\/sanluisinforma.com\/?p=7729#primaryimage\"},\"thumbnailUrl\":\"https:\/\/sanluisinforma.com\/wp-content\/uploads\/2024\/09\/fcc65a7d-46ce-465f-b745-9a78a380169b.jpg\",\"datePublished\":\"2024-10-01T06:58:00+00:00\",\"dateModified\":\"2024-10-01T01:32:00+00:00\",\"breadcrumb\":{\"@id\":\"https:\/\/sanluisinforma.com\/?p=7729#breadcrumb\"},\"inLanguage\":\"es\",\"potentialAction\":[{\"@type\":\"ReadAction\",\"target\":[\"https:\/\/sanluisinforma.com\/?p=7729\"]}]},{\"@type\":\"ImageObject\",\"inLanguage\":\"es\",\"@id\":\"https:\/\/sanluisinforma.com\/?p=7729#primaryimage\",\"url\":\"https:\/\/sanluisinforma.com\/wp-content\/uploads\/2024\/09\/fcc65a7d-46ce-465f-b745-9a78a380169b.jpg\",\"contentUrl\":\"https:\/\/sanluisinforma.com\/wp-content\/uploads\/2024\/09\/fcc65a7d-46ce-465f-b745-9a78a380169b.jpg\",\"width\":480,\"height\":320},{\"@type\":\"BreadcrumbList\",\"@id\":\"https:\/\/sanluisinforma.com\/?p=7729#breadcrumb\",\"itemListElement\":[{\"@type\":\"ListItem\",\"position\":1,\"name\":\"Inicio\",\"item\":\"https:\/\/sanluisinforma.com\/\"},{\"@type\":\"ListItem\",\"position\":2,\"name\":\"\u00a0Obtiene Ricardo Gallardo Liderazgo en Aval Ciudadano a \u00a0Nivel Nacional\"}]},{\"@type\":\"WebSite\",\"@id\":\"https:\/\/sanluisinforma.com\/#website\",\"url\":\"https:\/\/sanluisinforma.com\/\",\"name\":\"sanluisinforma.com\",\"description\":\"Periodico San Luis Informa\",\"publisher\":{\"@id\":\"https:\/\/sanluisinforma.com\/#organization\"},\"potentialAction\":[{\"@type\":\"SearchAction\",\"target\":{\"@type\":\"EntryPoint\",\"urlTemplate\":\"https:\/\/sanluisinforma.com\/?s={search_term_string}\"},\"query-input\":{\"@type\":\"PropertyValueSpecification\",\"valueRequired\":true,\"valueName\":\"search_term_string\"}}],\"inLanguage\":\"es\"},{\"@type\":\"Organization\",\"@id\":\"https:\/\/sanluisinforma.com\/#organization\",\"name\":\"sanluisinforma.com\",\"url\":\"https:\/\/sanluisinforma.com\/\",\"logo\":{\"@type\":\"ImageObject\",\"inLanguage\":\"es\",\"@id\":\"https:\/\/sanluisinforma.com\/#\/schema\/logo\/image\/\",\"url\":\"https:\/\/sanluisinforma.com\/wp-content\/uploads\/2026\/03\/sanluisinforma-V.jpg\",\"contentUrl\":\"https:\/\/sanluisinforma.com\/wp-content\/uploads\/2026\/03\/sanluisinforma-V.jpg\",\"width\":500,\"height\":156,\"caption\":\"sanluisinforma.com\"},\"image\":{\"@id\":\"https:\/\/sanluisinforma.com\/#\/schema\/logo\/image\/\"}},{\"@type\":\"Person\",\"@id\":\"https:\/\/sanluisinforma.com\/#\/schema\/person\/c30648f71476be533b6f59d092905c8b\",\"name\":\"sanluisinforma.com\",\"image\":{\"@type\":\"ImageObject\",\"inLanguage\":\"es\",\"@id\":\"https:\/\/sanluisinforma.com\/#\/schema\/person\/image\/\",\"url\":\"https:\/\/secure.gravatar.com\/avatar\/86e3114e34a1eecefb963e0a02f0093f93b092dddb2fe1517596343751081a87?s=96&d=mm&r=g\",\"contentUrl\":\"https:\/\/secure.gravatar.com\/avatar\/86e3114e34a1eecefb963e0a02f0093f93b092dddb2fe1517596343751081a87?s=96&d=mm&r=g\",\"caption\":\"sanluisinforma.com\"},\"url\":\"https:\/\/sanluisinforma.com\/?author=2\"}]}<\/script>\n<!-- \/ Yoast SEO plugin. -->","yoast_head_json":{"title":"\u00a0Obtiene Ricardo Gallardo Liderazgo en Aval Ciudadano a \u00a0Nivel Nacional - sanluisinforma.com","robots":{"index":"index","follow":"follow","max-snippet":"max-snippet:-1","max-image-preview":"max-image-preview:large","max-video-preview":"max-video-preview:-1"},"canonical":"https:\/\/sanluisinforma.com\/?p=7729","og_locale":"es_MX","og_type":"article","og_title":"\u00a0Obtiene Ricardo Gallardo Liderazgo en Aval Ciudadano a \u00a0Nivel Nacional - sanluisinforma.com","og_description":"El promedio de aprobaci\u00f3n de las y los gobernadores a nivel nacional se sit\u00faa en un 49.8 por ciento lo","og_url":"https:\/\/sanluisinforma.com\/?p=7729","og_site_name":"sanluisinforma.com","article_published_time":"2024-10-01T06:58:00+00:00","article_modified_time":"2024-10-01T01:32:00+00:00","og_image":[{"width":480,"height":320,"url":"https:\/\/sanluisinforma.com\/wp-content\/uploads\/2024\/09\/fcc65a7d-46ce-465f-b745-9a78a380169b.jpg","type":"image\/jpeg"}],"author":"sanluisinforma.com","twitter_card":"summary_large_image","twitter_misc":{"Escrito por":"sanluisinforma.com","Tiempo de lectura":"2 minutos"},"schema":{"@context":"https:\/\/schema.org","@graph":[{"@type":"Article","@id":"https:\/\/sanluisinforma.com\/?p=7729#article","isPartOf":{"@id":"https:\/\/sanluisinforma.com\/?p=7729"},"author":{"name":"sanluisinforma.com","@id":"https:\/\/sanluisinforma.com\/#\/schema\/person\/c30648f71476be533b6f59d092905c8b"},"headline":"\u00a0Obtiene Ricardo Gallardo Liderazgo en Aval Ciudadano a \u00a0Nivel Nacional","datePublished":"2024-10-01T06:58:00+00:00","dateModified":"2024-10-01T01:32:00+00:00","mainEntityOfPage":{"@id":"https:\/\/sanluisinforma.com\/?p=7729"},"wordCount":243,"publisher":{"@id":"https:\/\/sanluisinforma.com\/#organization"},"image":{"@id":"https:\/\/sanluisinforma.com\/?p=7729#primaryimage"},"thumbnailUrl":"https:\/\/sanluisinforma.com\/wp-content\/uploads\/2024\/09\/fcc65a7d-46ce-465f-b745-9a78a380169b.jpg","articleSection":["Local","Portada"],"inLanguage":"es"},{"@type":"WebPage","@id":"https:\/\/sanluisinforma.com\/?p=7729","url":"https:\/\/sanluisinforma.com\/?p=7729","name":"\u00a0Obtiene Ricardo Gallardo Liderazgo en Aval Ciudadano a \u00a0Nivel Nacional - sanluisinforma.com","isPartOf":{"@id":"https:\/\/sanluisinforma.com\/#website"},"primaryImageOfPage":{"@id":"https:\/\/sanluisinforma.com\/?p=7729#primaryimage"},"image":{"@id":"https:\/\/sanluisinforma.com\/?p=7729#primaryimage"},"thumbnailUrl":"https:\/\/sanluisinforma.com\/wp-content\/uploads\/2024\/09\/fcc65a7d-46ce-465f-b745-9a78a380169b.jpg","datePublished":"2024-10-01T06:58:00+00:00","dateModified":"2024-10-01T01:32:00+00:00","breadcrumb":{"@id":"https:\/\/sanluisinforma.com\/?p=7729#breadcrumb"},"inLanguage":"es","potentialAction":[{"@type":"ReadAction","target":["https:\/\/sanluisinforma.com\/?p=7729"]}]},{"@type":"ImageObject","inLanguage":"es","@id":"https:\/\/sanluisinforma.com\/?p=7729#primaryimage","url":"https:\/\/sanluisinforma.com\/wp-content\/uploads\/2024\/09\/fcc65a7d-46ce-465f-b745-9a78a380169b.jpg","contentUrl":"https:\/\/sanluisinforma.com\/wp-content\/uploads\/2024\/09\/fcc65a7d-46ce-465f-b745-9a78a380169b.jpg","width":480,"height":320},{"@type":"BreadcrumbList","@id":"https:\/\/sanluisinforma.com\/?p=7729#breadcrumb","itemListElement":[{"@type":"ListItem","position":1,"name":"Inicio","item":"https:\/\/sanluisinforma.com\/"},{"@type":"ListItem","position":2,"name":"\u00a0Obtiene Ricardo Gallardo Liderazgo en Aval Ciudadano a \u00a0Nivel Nacional"}]},{"@type":"WebSite","@id":"https:\/\/sanluisinforma.com\/#website","url":"https:\/\/sanluisinforma.com\/","name":"sanluisinforma.com","description":"Periodico San Luis Informa","publisher":{"@id":"https:\/\/sanluisinforma.com\/#organization"},"potentialAction":[{"@type":"SearchAction","target":{"@type":"EntryPoint","urlTemplate":"https:\/\/sanluisinforma.com\/?s={search_term_string}"},"query-input":{"@type":"PropertyValueSpecification","valueRequired":true,"valueName":"search_term_string"}}],"inLanguage":"es"},{"@type":"Organization","@id":"https:\/\/sanluisinforma.com\/#organization","name":"sanluisinforma.com","url":"https:\/\/sanluisinforma.com\/","logo":{"@type":"ImageObject","inLanguage":"es","@id":"https:\/\/sanluisinforma.com\/#\/schema\/logo\/image\/","url":"https:\/\/sanluisinforma.com\/wp-content\/uploads\/2026\/03\/sanluisinforma-V.jpg","contentUrl":"https:\/\/sanluisinforma.com\/wp-content\/uploads\/2026\/03\/sanluisinforma-V.jpg","width":500,"height":156,"caption":"sanluisinforma.com"},"image":{"@id":"https:\/\/sanluisinforma.com\/#\/schema\/logo\/image\/"}},{"@type":"Person","@id":"https:\/\/sanluisinforma.com\/#\/schema\/person\/c30648f71476be533b6f59d092905c8b","name":"sanluisinforma.com","image":{"@type":"ImageObject","inLanguage":"es","@id":"https:\/\/sanluisinforma.com\/#\/schema\/person\/image\/","url":"https:\/\/secure.gravatar.com\/avatar\/86e3114e34a1eecefb963e0a02f0093f93b092dddb2fe1517596343751081a87?s=96&d=mm&r=g","contentUrl":"https:\/\/secure.gravatar.com\/avatar\/86e3114e34a1eecefb963e0a02f0093f93b092dddb2fe1517596343751081a87?s=96&d=mm&r=g","caption":"sanluisinforma.com"},"url":"https:\/\/sanluisinforma.com\/?author=2"}]}},"_links":{"self":[{"href":"https:\/\/sanluisinforma.com\/index.php?rest_route=\/wp\/v2\/posts\/7729","targetHints":{"allow":["GET"]}}],"collection":[{"href":"https:\/\/sanluisinforma.com\/index.php?rest_route=\/wp\/v2\/posts"}],"about":[{"href":"https:\/\/sanluisinforma.com\/index.php?rest_route=\/wp\/v2\/types\/post"}],"author":[{"embeddable":true,"href":"https:\/\/sanluisinforma.com\/index.php?rest_route=\/wp\/v2\/users\/2"}],"replies":[{"embeddable":true,"href":"https:\/\/sanluisinforma.com\/index.php?rest_route=%2Fwp%2Fv2%2Fcomments&post=7729"}],"version-history":[{"count":1,"href":"https:\/\/sanluisinforma.com\/index.php?rest_route=\/wp\/v2\/posts\/7729\/revisions"}],"predecessor-version":[{"id":7731,"href":"https:\/\/sanluisinforma.com\/index.php?rest_route=\/wp\/v2\/posts\/7729\/revisions\/7731"}],"wp:featuredmedia":[{"embeddable":true,"href":"https:\/\/sanluisinforma.com\/index.php?rest_route=\/wp\/v2\/media\/7730"}],"wp:attachment":[{"href":"https:\/\/sanluisinforma.com\/index.php?rest_route=%2Fwp%2Fv2%2Fmedia&parent=7729"}],"wp:term":[{"taxonomy":"category","embeddable":true,"href":"https:\/\/sanluisinforma.com\/index.php?rest_route=%2Fwp%2Fv2%2Fcategories&post=7729"},{"taxonomy":"post_tag","embeddable":true,"href":"https:\/\/sanluisinforma.com\/index.php?rest_route=%2Fwp%2Fv2%2Ftags&post=7729"}],"curies":[{"name":"wp","href":"https:\/\/api.w.org\/{rel}","templated":true}]}}