{"id":7805,"date":"2024-10-04T00:50:00","date_gmt":"2024-10-04T06:50:00","guid":{"rendered":"https:\/\/sanluisinforma.com\/?p=7805"},"modified":"2024-10-03T19:28:16","modified_gmt":"2024-10-04T01:28:16","slug":"alcalde-galindo-presenta-a-titulares-de-tesoreria-y-oficialia-mayor-en-la-nueva-era-del-san-luis-amable","status":"publish","type":"post","link":"https:\/\/sanluisinforma.com\/?p=7805","title":{"rendered":"Alcalde Galindo presenta a titulares de Tesorer\u00eda y Oficial\u00eda Mayor, en la nueva era del San Luis Amable"},"content":{"rendered":"\n<p>A primera hora de este mi\u00e9rcoles, el Edil encabez\u00f3 recorridos porlas \u00e1reas municipales, en donde exhort\u00f3 a preservar los principios de honestidad y transparencia que caracterizaron a la administraci\u00f3n 2021-2024.<\/p>\n\n\n\n<p>El Presidente Municipal de San Luis Potos\u00ed, Enrique Galindo Ceballos, recorri\u00f3 diversas \u00e1reas del Ayuntamiento para dar posesi\u00f3n a nuevos titulares y supervisar el arranque de la administraci\u00f3n 2024-2027. Durante estas visitas, destac\u00f3 la importancia de mantener los principios de honestidad y transparencia, as\u00ed como el impulso del concepto de \u201cCiudad Amable\u201d en todas las \u00e1reas del gobierno.<\/p>\n\n\n\n<p>En el \u00e1rea de Tesorer\u00eda Municipal, el Alcalde Enrique Galindo Ceballos convoc\u00f3 a todo el equipo a seguir trabajando con la eficiencia y honradez que han permitido elevar la calidad crediticia del municipio y mantener finanzas sanas. El nuevo titular de esa \u00e1rea, Francisco G\u00f3mez Mercado, agradeci\u00f3 la confianza depositada en \u00e9l y prometi\u00f3 que &#8220;no le fallar\u00e1n a las y los potosinos&#8221;.<\/p>\n\n\n\n<p>Posteriormente, el Alcalde acompa\u00f1\u00f3 en la Contralor\u00eda Interna Municipal a Gabriela L\u00f3pez y L\u00f3pez, quien repite como titular; Marcela Zapata Su\u00e1rez del Real, nueva responsable de la Unidad de Investigaci\u00f3n; y Alexandra Daniela Cid Gonz\u00e1lez, titular de la Unidad Sustanciadora. El Edil subray\u00f3 la importancia de conformar un gabinete paritario y eficiente para enfrentar los retos del pr\u00f3ximo trienio.<\/p>\n\n\n\n<p>Durante el mismo recorrido, el Presidente Municipal Enrique Galindo Ceballos visit\u00f3 la Oficial\u00eda Mayor, encabezada por Salvador Moreno Arellano, donde hizo un llamado a todos los funcionarios a sumarse a la visi\u00f3n de San Luis Amable, que se enfocar\u00e1 en mejorar la calidad de los servicios p\u00fablicos y brindar un trato digno y eficiente a los ciudadanos.<\/p>\n\n\n\n<p><\/p>\n\n\n\n<p><\/p>\n","protected":false},"excerpt":{"rendered":"<p>A primera hora de este mi\u00e9rcoles, el Edil encabez\u00f3 recorridos porlas \u00e1reas municipales, en donde exhort\u00f3 a preservar los principios<\/p>\n","protected":false},"author":2,"featured_media":7806,"comment_status":"closed","ping_status":"closed","sticky":false,"template":"","format":"standard","meta":{"footnotes":""},"categories":[25,30],"tags":[],"class_list":["post-7805","post","type-post","status-publish","format-standard","has-post-thumbnail","hentry","category-local","category-portada"],"yoast_head":"<!-- This site is optimized with the Yoast SEO plugin v24.1 - https:\/\/yoast.com\/wordpress\/plugins\/seo\/ -->\n<title>Alcalde Galindo presenta a titulares de Tesorer\u00eda y Oficial\u00eda Mayor, en la nueva era del San Luis Amable - sanluisinforma.com<\/title>\n<meta name=\"robots\" content=\"index, follow, max-snippet:-1, max-image-preview:large, max-video-preview:-1\" \/>\n<link rel=\"canonical\" href=\"https:\/\/sanluisinforma.com\/?p=7805\" \/>\n<meta property=\"og:locale\" content=\"es_MX\" \/>\n<meta property=\"og:type\" content=\"article\" \/>\n<meta property=\"og:title\" content=\"Alcalde Galindo presenta a titulares de Tesorer\u00eda y Oficial\u00eda Mayor, en la nueva era del San Luis Amable - sanluisinforma.com\" \/>\n<meta property=\"og:description\" content=\"A primera hora de este mi\u00e9rcoles, el Edil encabez\u00f3 recorridos porlas \u00e1reas municipales, en donde exhort\u00f3 a preservar los principios\" \/>\n<meta property=\"og:url\" content=\"https:\/\/sanluisinforma.com\/?p=7805\" \/>\n<meta property=\"og:site_name\" content=\"sanluisinforma.com\" \/>\n<meta property=\"article:published_time\" content=\"2024-10-04T06:50:00+00:00\" \/>\n<meta property=\"article:modified_time\" content=\"2024-10-04T01:28:16+00:00\" \/>\n<meta property=\"og:image\" content=\"https:\/\/sanluisinforma.com\/wp-content\/uploads\/2024\/10\/51c583a3-7103-4eed-9f14-a46c2c3db592.jpg\" \/>\n\t<meta property=\"og:image:width\" content=\"480\" \/>\n\t<meta property=\"og:image:height\" content=\"235\" \/>\n\t<meta property=\"og:image:type\" content=\"image\/jpeg\" \/>\n<meta name=\"author\" content=\"sanluisinforma.com\" \/>\n<meta name=\"twitter:card\" content=\"summary_large_image\" \/>\n<meta name=\"twitter:label1\" content=\"Escrito por\" \/>\n\t<meta name=\"twitter:data1\" content=\"sanluisinforma.com\" \/>\n\t<meta name=\"twitter:label2\" content=\"Tiempo de lectura\" \/>\n\t<meta name=\"twitter:data2\" content=\"2 minutos\" \/>\n<script type=\"application\/ld+json\" class=\"yoast-schema-graph\">{\"@context\":\"https:\/\/schema.org\",\"@graph\":[{\"@type\":\"Article\",\"@id\":\"https:\/\/sanluisinforma.com\/?p=7805#article\",\"isPartOf\":{\"@id\":\"https:\/\/sanluisinforma.com\/?p=7805\"},\"author\":{\"name\":\"sanluisinforma.com\",\"@id\":\"https:\/\/sanluisinforma.com\/#\/schema\/person\/c30648f71476be533b6f59d092905c8b\"},\"headline\":\"Alcalde Galindo presenta a titulares de Tesorer\u00eda y Oficial\u00eda Mayor, en la nueva era del San Luis Amable\",\"datePublished\":\"2024-10-04T06:50:00+00:00\",\"dateModified\":\"2024-10-04T01:28:16+00:00\",\"mainEntityOfPage\":{\"@id\":\"https:\/\/sanluisinforma.com\/?p=7805\"},\"wordCount\":304,\"publisher\":{\"@id\":\"https:\/\/sanluisinforma.com\/#organization\"},\"image\":{\"@id\":\"https:\/\/sanluisinforma.com\/?p=7805#primaryimage\"},\"thumbnailUrl\":\"https:\/\/sanluisinforma.com\/wp-content\/uploads\/2024\/10\/51c583a3-7103-4eed-9f14-a46c2c3db592.jpg\",\"articleSection\":[\"Local\",\"Portada\"],\"inLanguage\":\"es\"},{\"@type\":\"WebPage\",\"@id\":\"https:\/\/sanluisinforma.com\/?p=7805\",\"url\":\"https:\/\/sanluisinforma.com\/?p=7805\",\"name\":\"Alcalde Galindo presenta a titulares de Tesorer\u00eda y Oficial\u00eda Mayor, en la nueva era del San Luis Amable - sanluisinforma.com\",\"isPartOf\":{\"@id\":\"https:\/\/sanluisinforma.com\/#website\"},\"primaryImageOfPage\":{\"@id\":\"https:\/\/sanluisinforma.com\/?p=7805#primaryimage\"},\"image\":{\"@id\":\"https:\/\/sanluisinforma.com\/?p=7805#primaryimage\"},\"thumbnailUrl\":\"https:\/\/sanluisinforma.com\/wp-content\/uploads\/2024\/10\/51c583a3-7103-4eed-9f14-a46c2c3db592.jpg\",\"datePublished\":\"2024-10-04T06:50:00+00:00\",\"dateModified\":\"2024-10-04T01:28:16+00:00\",\"breadcrumb\":{\"@id\":\"https:\/\/sanluisinforma.com\/?p=7805#breadcrumb\"},\"inLanguage\":\"es\",\"potentialAction\":[{\"@type\":\"ReadAction\",\"target\":[\"https:\/\/sanluisinforma.com\/?p=7805\"]}]},{\"@type\":\"ImageObject\",\"inLanguage\":\"es\",\"@id\":\"https:\/\/sanluisinforma.com\/?p=7805#primaryimage\",\"url\":\"https:\/\/sanluisinforma.com\/wp-content\/uploads\/2024\/10\/51c583a3-7103-4eed-9f14-a46c2c3db592.jpg\",\"contentUrl\":\"https:\/\/sanluisinforma.com\/wp-content\/uploads\/2024\/10\/51c583a3-7103-4eed-9f14-a46c2c3db592.jpg\",\"width\":480,\"height\":235},{\"@type\":\"BreadcrumbList\",\"@id\":\"https:\/\/sanluisinforma.com\/?p=7805#breadcrumb\",\"itemListElement\":[{\"@type\":\"ListItem\",\"position\":1,\"name\":\"Inicio\",\"item\":\"https:\/\/sanluisinforma.com\/\"},{\"@type\":\"ListItem\",\"position\":2,\"name\":\"Alcalde Galindo presenta a titulares de Tesorer\u00eda y Oficial\u00eda Mayor, en la nueva era del San Luis Amable\"}]},{\"@type\":\"WebSite\",\"@id\":\"https:\/\/sanluisinforma.com\/#website\",\"url\":\"https:\/\/sanluisinforma.com\/\",\"name\":\"sanluisinforma.com\",\"description\":\"Periodico San Luis Informa\",\"publisher\":{\"@id\":\"https:\/\/sanluisinforma.com\/#organization\"},\"potentialAction\":[{\"@type\":\"SearchAction\",\"target\":{\"@type\":\"EntryPoint\",\"urlTemplate\":\"https:\/\/sanluisinforma.com\/?s={search_term_string}\"},\"query-input\":{\"@type\":\"PropertyValueSpecification\",\"valueRequired\":true,\"valueName\":\"search_term_string\"}}],\"inLanguage\":\"es\"},{\"@type\":\"Organization\",\"@id\":\"https:\/\/sanluisinforma.com\/#organization\",\"name\":\"sanluisinforma.com\",\"url\":\"https:\/\/sanluisinforma.com\/\",\"logo\":{\"@type\":\"ImageObject\",\"inLanguage\":\"es\",\"@id\":\"https:\/\/sanluisinforma.com\/#\/schema\/logo\/image\/\",\"url\":\"https:\/\/sanluisinforma.com\/wp-content\/uploads\/2026\/03\/sanluisinforma-V.jpg\",\"contentUrl\":\"https:\/\/sanluisinforma.com\/wp-content\/uploads\/2026\/03\/sanluisinforma-V.jpg\",\"width\":500,\"height\":156,\"caption\":\"sanluisinforma.com\"},\"image\":{\"@id\":\"https:\/\/sanluisinforma.com\/#\/schema\/logo\/image\/\"}},{\"@type\":\"Person\",\"@id\":\"https:\/\/sanluisinforma.com\/#\/schema\/person\/c30648f71476be533b6f59d092905c8b\",\"name\":\"sanluisinforma.com\",\"image\":{\"@type\":\"ImageObject\",\"inLanguage\":\"es\",\"@id\":\"https:\/\/sanluisinforma.com\/#\/schema\/person\/image\/\",\"url\":\"https:\/\/secure.gravatar.com\/avatar\/86e3114e34a1eecefb963e0a02f0093f93b092dddb2fe1517596343751081a87?s=96&d=mm&r=g\",\"contentUrl\":\"https:\/\/secure.gravatar.com\/avatar\/86e3114e34a1eecefb963e0a02f0093f93b092dddb2fe1517596343751081a87?s=96&d=mm&r=g\",\"caption\":\"sanluisinforma.com\"},\"url\":\"https:\/\/sanluisinforma.com\/?author=2\"}]}<\/script>\n<!-- \/ Yoast SEO plugin. -->","yoast_head_json":{"title":"Alcalde Galindo presenta a titulares de Tesorer\u00eda y Oficial\u00eda Mayor, en la nueva era del San Luis Amable - sanluisinforma.com","robots":{"index":"index","follow":"follow","max-snippet":"max-snippet:-1","max-image-preview":"max-image-preview:large","max-video-preview":"max-video-preview:-1"},"canonical":"https:\/\/sanluisinforma.com\/?p=7805","og_locale":"es_MX","og_type":"article","og_title":"Alcalde Galindo presenta a titulares de Tesorer\u00eda y Oficial\u00eda Mayor, en la nueva era del San Luis Amable - sanluisinforma.com","og_description":"A primera hora de este mi\u00e9rcoles, el Edil encabez\u00f3 recorridos porlas \u00e1reas municipales, en donde exhort\u00f3 a preservar los principios","og_url":"https:\/\/sanluisinforma.com\/?p=7805","og_site_name":"sanluisinforma.com","article_published_time":"2024-10-04T06:50:00+00:00","article_modified_time":"2024-10-04T01:28:16+00:00","og_image":[{"width":480,"height":235,"url":"https:\/\/sanluisinforma.com\/wp-content\/uploads\/2024\/10\/51c583a3-7103-4eed-9f14-a46c2c3db592.jpg","type":"image\/jpeg"}],"author":"sanluisinforma.com","twitter_card":"summary_large_image","twitter_misc":{"Escrito por":"sanluisinforma.com","Tiempo de lectura":"2 minutos"},"schema":{"@context":"https:\/\/schema.org","@graph":[{"@type":"Article","@id":"https:\/\/sanluisinforma.com\/?p=7805#article","isPartOf":{"@id":"https:\/\/sanluisinforma.com\/?p=7805"},"author":{"name":"sanluisinforma.com","@id":"https:\/\/sanluisinforma.com\/#\/schema\/person\/c30648f71476be533b6f59d092905c8b"},"headline":"Alcalde Galindo presenta a titulares de Tesorer\u00eda y Oficial\u00eda Mayor, en la nueva era del San Luis Amable","datePublished":"2024-10-04T06:50:00+00:00","dateModified":"2024-10-04T01:28:16+00:00","mainEntityOfPage":{"@id":"https:\/\/sanluisinforma.com\/?p=7805"},"wordCount":304,"publisher":{"@id":"https:\/\/sanluisinforma.com\/#organization"},"image":{"@id":"https:\/\/sanluisinforma.com\/?p=7805#primaryimage"},"thumbnailUrl":"https:\/\/sanluisinforma.com\/wp-content\/uploads\/2024\/10\/51c583a3-7103-4eed-9f14-a46c2c3db592.jpg","articleSection":["Local","Portada"],"inLanguage":"es"},{"@type":"WebPage","@id":"https:\/\/sanluisinforma.com\/?p=7805","url":"https:\/\/sanluisinforma.com\/?p=7805","name":"Alcalde Galindo presenta a titulares de Tesorer\u00eda y Oficial\u00eda Mayor, en la nueva era del San Luis Amable - sanluisinforma.com","isPartOf":{"@id":"https:\/\/sanluisinforma.com\/#website"},"primaryImageOfPage":{"@id":"https:\/\/sanluisinforma.com\/?p=7805#primaryimage"},"image":{"@id":"https:\/\/sanluisinforma.com\/?p=7805#primaryimage"},"thumbnailUrl":"https:\/\/sanluisinforma.com\/wp-content\/uploads\/2024\/10\/51c583a3-7103-4eed-9f14-a46c2c3db592.jpg","datePublished":"2024-10-04T06:50:00+00:00","dateModified":"2024-10-04T01:28:16+00:00","breadcrumb":{"@id":"https:\/\/sanluisinforma.com\/?p=7805#breadcrumb"},"inLanguage":"es","potentialAction":[{"@type":"ReadAction","target":["https:\/\/sanluisinforma.com\/?p=7805"]}]},{"@type":"ImageObject","inLanguage":"es","@id":"https:\/\/sanluisinforma.com\/?p=7805#primaryimage","url":"https:\/\/sanluisinforma.com\/wp-content\/uploads\/2024\/10\/51c583a3-7103-4eed-9f14-a46c2c3db592.jpg","contentUrl":"https:\/\/sanluisinforma.com\/wp-content\/uploads\/2024\/10\/51c583a3-7103-4eed-9f14-a46c2c3db592.jpg","width":480,"height":235},{"@type":"BreadcrumbList","@id":"https:\/\/sanluisinforma.com\/?p=7805#breadcrumb","itemListElement":[{"@type":"ListItem","position":1,"name":"Inicio","item":"https:\/\/sanluisinforma.com\/"},{"@type":"ListItem","position":2,"name":"Alcalde Galindo presenta a titulares de Tesorer\u00eda y Oficial\u00eda Mayor, en la nueva era del San Luis Amable"}]},{"@type":"WebSite","@id":"https:\/\/sanluisinforma.com\/#website","url":"https:\/\/sanluisinforma.com\/","name":"sanluisinforma.com","description":"Periodico San Luis Informa","publisher":{"@id":"https:\/\/sanluisinforma.com\/#organization"},"potentialAction":[{"@type":"SearchAction","target":{"@type":"EntryPoint","urlTemplate":"https:\/\/sanluisinforma.com\/?s={search_term_string}"},"query-input":{"@type":"PropertyValueSpecification","valueRequired":true,"valueName":"search_term_string"}}],"inLanguage":"es"},{"@type":"Organization","@id":"https:\/\/sanluisinforma.com\/#organization","name":"sanluisinforma.com","url":"https:\/\/sanluisinforma.com\/","logo":{"@type":"ImageObject","inLanguage":"es","@id":"https:\/\/sanluisinforma.com\/#\/schema\/logo\/image\/","url":"https:\/\/sanluisinforma.com\/wp-content\/uploads\/2026\/03\/sanluisinforma-V.jpg","contentUrl":"https:\/\/sanluisinforma.com\/wp-content\/uploads\/2026\/03\/sanluisinforma-V.jpg","width":500,"height":156,"caption":"sanluisinforma.com"},"image":{"@id":"https:\/\/sanluisinforma.com\/#\/schema\/logo\/image\/"}},{"@type":"Person","@id":"https:\/\/sanluisinforma.com\/#\/schema\/person\/c30648f71476be533b6f59d092905c8b","name":"sanluisinforma.com","image":{"@type":"ImageObject","inLanguage":"es","@id":"https:\/\/sanluisinforma.com\/#\/schema\/person\/image\/","url":"https:\/\/secure.gravatar.com\/avatar\/86e3114e34a1eecefb963e0a02f0093f93b092dddb2fe1517596343751081a87?s=96&d=mm&r=g","contentUrl":"https:\/\/secure.gravatar.com\/avatar\/86e3114e34a1eecefb963e0a02f0093f93b092dddb2fe1517596343751081a87?s=96&d=mm&r=g","caption":"sanluisinforma.com"},"url":"https:\/\/sanluisinforma.com\/?author=2"}]}},"_links":{"self":[{"href":"https:\/\/sanluisinforma.com\/index.php?rest_route=\/wp\/v2\/posts\/7805","targetHints":{"allow":["GET"]}}],"collection":[{"href":"https:\/\/sanluisinforma.com\/index.php?rest_route=\/wp\/v2\/posts"}],"about":[{"href":"https:\/\/sanluisinforma.com\/index.php?rest_route=\/wp\/v2\/types\/post"}],"author":[{"embeddable":true,"href":"https:\/\/sanluisinforma.com\/index.php?rest_route=\/wp\/v2\/users\/2"}],"replies":[{"embeddable":true,"href":"https:\/\/sanluisinforma.com\/index.php?rest_route=%2Fwp%2Fv2%2Fcomments&post=7805"}],"version-history":[{"count":1,"href":"https:\/\/sanluisinforma.com\/index.php?rest_route=\/wp\/v2\/posts\/7805\/revisions"}],"predecessor-version":[{"id":7807,"href":"https:\/\/sanluisinforma.com\/index.php?rest_route=\/wp\/v2\/posts\/7805\/revisions\/7807"}],"wp:featuredmedia":[{"embeddable":true,"href":"https:\/\/sanluisinforma.com\/index.php?rest_route=\/wp\/v2\/media\/7806"}],"wp:attachment":[{"href":"https:\/\/sanluisinforma.com\/index.php?rest_route=%2Fwp%2Fv2%2Fmedia&parent=7805"}],"wp:term":[{"taxonomy":"category","embeddable":true,"href":"https:\/\/sanluisinforma.com\/index.php?rest_route=%2Fwp%2Fv2%2Fcategories&post=7805"},{"taxonomy":"post_tag","embeddable":true,"href":"https:\/\/sanluisinforma.com\/index.php?rest_route=%2Fwp%2Fv2%2Ftags&post=7805"}],"curies":[{"name":"wp","href":"https:\/\/api.w.org\/{rel}","templated":true}]}}