{"id":7887,"date":"2024-10-09T00:46:35","date_gmt":"2024-10-09T06:46:35","guid":{"rendered":"https:\/\/sanluisinforma.com\/?p=7887"},"modified":"2024-10-08T18:47:36","modified_gmt":"2024-10-09T00:47:36","slug":"se-fortalecen-los-lazos-culturales-educativos-y-comerciales-entre-san-luis-capital-y-tucson-arizona","status":"publish","type":"post","link":"https:\/\/sanluisinforma.com\/?p=7887","title":{"rendered":"Se fortalecen los lazos culturales, educativos y comerciales entre San Luis Capital y Tucson, Arizona"},"content":{"rendered":"\n<p>El Alcalde Enrique Galindo se reuni\u00f3 con el Comit\u00e9 Directivo de Tucson &#8211; M\u00e9xico Sister Cities, y reafirm\u00f3 la disposici\u00f3n de su gobierno para formalizar el hermanamiento entre ambas ciudades y para establecer acuerdos en diversos rubros.<\/p>\n\n\n\n<p>En reuni\u00f3n de trabajo con el Comit\u00e9 Directivo de Tucson &#8211; M\u00e9xico Sister Cities, el Alcalde Enrique Galindo reafirm\u00f3 la disposici\u00f3n del Gobierno Municipal de San Luis Potos\u00ed para fortalecer las relaciones educativas, culturales y econ\u00f3micas con aquella ciudad, con la que San Luis Potos\u00ed tiene mucho en com\u00fan, as\u00ed como para formalizar el hermanamiento entre ambas ciudades.<\/p>\n\n\n\n<p>El Alcalde Enrique Galindo se\u00f1al\u00f3 que puede haber intercambio de experiencias y acuerdos en el \u00e1mbito industrial, educativo, de servicios y en cultura, pues adem\u00e1s de que San Luis Potos\u00ed ha recibido reconocimientos como Ciudad del Aprendizaje, Ciudad \u00c1rbol del Mundo y la Escoba de Platino por sus acciones en materia de ecolog\u00eda, el pr\u00f3ximo a\u00f1o ser\u00e1 Capital Americana de la Cultura.<\/p>\n\n\n\n<p>Los integrantes del Comit\u00e9, encabezados por Luis Coronado Guel, potosino de nacimiento, coincidieron en se\u00f1alar que San Luis Potos\u00ed ha mostrado un fuerte desarrollo en los \u00faltimos a\u00f1os y tiene un gran potencial en lo cultural, en riqueza hist\u00f3rica y arquitect\u00f3nica, en gastronom\u00eda y en industria, entre otras \u00e1reas.<\/p>\n\n\n\n<p>Coronado Guel dijo que en cada una de estas \u00e1reas es factible establecer acuerdos que impulsen el desarrollo, tanto de San Luis Capital como de Tucson, que es la segunda ciudad m\u00e1s grande de Arizona y fue la primera en obtener la designaci\u00f3n como Ciudad Mundial de la Gastronom\u00eda por la Unesco.<\/p>\n\n\n\n<p>Asimismo, destac\u00f3 que es reconocida por su nivel de educaci\u00f3n superior y su dinamismo econ\u00f3mico con empresas en la industria aeroespacial, de defensa, las biociencias, transporte, log\u00edstica, energ\u00edas renovables, miner\u00eda y servicios.<\/p>\n\n\n\n<p>En la reuni\u00f3n participaron, adem\u00e1s del Alcalde Enrique Galindo, la Secretaria T\u00e9cnica Municipal, Mar\u00eda Fernanda L\u00f3pez; Mario Leal Campos, Director de Ciudades Hermanas y Asuntos Internacionales; Daniel Garc\u00eda \u00c1lvarez de la Llera, Director de Cultura Municipal y Joel Ram\u00edrez D\u00edaz, Director de Educaci\u00f3n Municipal. Por parte del Comit\u00e9 de Tucson tambi\u00e9n participaron Kim Freidah, Donna Whitman, Jos\u00e9 Luis Puerta, Michelle Panousopoulos, Seidy Dom\u00ednguez Wong y Jeffrey Caspary.<\/p>\n\n\n\n<p><\/p>\n\n\n\n<p><\/p>\n","protected":false},"excerpt":{"rendered":"<p>El Alcalde Enrique Galindo se reuni\u00f3 con el Comit\u00e9 Directivo de Tucson &#8211; M\u00e9xico Sister Cities, y reafirm\u00f3 la disposici\u00f3n<\/p>\n","protected":false},"author":2,"featured_media":7888,"comment_status":"closed","ping_status":"closed","sticky":false,"template":"","format":"standard","meta":{"footnotes":""},"categories":[25,30],"tags":[],"class_list":["post-7887","post","type-post","status-publish","format-standard","has-post-thumbnail","hentry","category-local","category-portada"],"yoast_head":"<!-- This site is optimized with the Yoast SEO plugin v24.1 - https:\/\/yoast.com\/wordpress\/plugins\/seo\/ -->\n<title>Se fortalecen los lazos culturales, educativos y comerciales entre San Luis Capital y Tucson, Arizona - sanluisinforma.com<\/title>\n<meta name=\"robots\" content=\"index, follow, max-snippet:-1, max-image-preview:large, max-video-preview:-1\" \/>\n<link rel=\"canonical\" href=\"https:\/\/sanluisinforma.com\/?p=7887\" \/>\n<meta property=\"og:locale\" content=\"es_MX\" \/>\n<meta property=\"og:type\" content=\"article\" \/>\n<meta property=\"og:title\" content=\"Se fortalecen los lazos culturales, educativos y comerciales entre San Luis Capital y Tucson, Arizona - sanluisinforma.com\" \/>\n<meta property=\"og:description\" content=\"El Alcalde Enrique Galindo se reuni\u00f3 con el Comit\u00e9 Directivo de Tucson &#8211; M\u00e9xico Sister Cities, y reafirm\u00f3 la disposici\u00f3n\" \/>\n<meta property=\"og:url\" content=\"https:\/\/sanluisinforma.com\/?p=7887\" \/>\n<meta property=\"og:site_name\" content=\"sanluisinforma.com\" \/>\n<meta property=\"article:published_time\" content=\"2024-10-09T06:46:35+00:00\" \/>\n<meta property=\"article:modified_time\" content=\"2024-10-09T00:47:36+00:00\" \/>\n<meta property=\"og:image\" content=\"https:\/\/sanluisinforma.com\/wp-content\/uploads\/2024\/10\/5816b455-963e-4545-a5f9-f3925f4d4055.jpg\" \/>\n\t<meta property=\"og:image:width\" content=\"480\" \/>\n\t<meta property=\"og:image:height\" content=\"319\" \/>\n\t<meta property=\"og:image:type\" content=\"image\/jpeg\" \/>\n<meta name=\"author\" content=\"sanluisinforma.com\" \/>\n<meta name=\"twitter:card\" content=\"summary_large_image\" \/>\n<meta name=\"twitter:label1\" content=\"Escrito por\" \/>\n\t<meta name=\"twitter:data1\" content=\"sanluisinforma.com\" \/>\n\t<meta name=\"twitter:label2\" content=\"Tiempo de lectura\" \/>\n\t<meta name=\"twitter:data2\" content=\"2 minutos\" \/>\n<script type=\"application\/ld+json\" class=\"yoast-schema-graph\">{\"@context\":\"https:\/\/schema.org\",\"@graph\":[{\"@type\":\"Article\",\"@id\":\"https:\/\/sanluisinforma.com\/?p=7887#article\",\"isPartOf\":{\"@id\":\"https:\/\/sanluisinforma.com\/?p=7887\"},\"author\":{\"name\":\"sanluisinforma.com\",\"@id\":\"https:\/\/sanluisinforma.com\/#\/schema\/person\/c30648f71476be533b6f59d092905c8b\"},\"headline\":\"Se fortalecen los lazos culturales, educativos y comerciales entre San Luis Capital y Tucson, Arizona\",\"datePublished\":\"2024-10-09T06:46:35+00:00\",\"dateModified\":\"2024-10-09T00:47:36+00:00\",\"mainEntityOfPage\":{\"@id\":\"https:\/\/sanluisinforma.com\/?p=7887\"},\"wordCount\":408,\"publisher\":{\"@id\":\"https:\/\/sanluisinforma.com\/#organization\"},\"image\":{\"@id\":\"https:\/\/sanluisinforma.com\/?p=7887#primaryimage\"},\"thumbnailUrl\":\"https:\/\/sanluisinforma.com\/wp-content\/uploads\/2024\/10\/5816b455-963e-4545-a5f9-f3925f4d4055.jpg\",\"articleSection\":[\"Local\",\"Portada\"],\"inLanguage\":\"es\"},{\"@type\":\"WebPage\",\"@id\":\"https:\/\/sanluisinforma.com\/?p=7887\",\"url\":\"https:\/\/sanluisinforma.com\/?p=7887\",\"name\":\"Se fortalecen los lazos culturales, educativos y comerciales entre San Luis Capital y Tucson, Arizona - sanluisinforma.com\",\"isPartOf\":{\"@id\":\"https:\/\/sanluisinforma.com\/#website\"},\"primaryImageOfPage\":{\"@id\":\"https:\/\/sanluisinforma.com\/?p=7887#primaryimage\"},\"image\":{\"@id\":\"https:\/\/sanluisinforma.com\/?p=7887#primaryimage\"},\"thumbnailUrl\":\"https:\/\/sanluisinforma.com\/wp-content\/uploads\/2024\/10\/5816b455-963e-4545-a5f9-f3925f4d4055.jpg\",\"datePublished\":\"2024-10-09T06:46:35+00:00\",\"dateModified\":\"2024-10-09T00:47:36+00:00\",\"breadcrumb\":{\"@id\":\"https:\/\/sanluisinforma.com\/?p=7887#breadcrumb\"},\"inLanguage\":\"es\",\"potentialAction\":[{\"@type\":\"ReadAction\",\"target\":[\"https:\/\/sanluisinforma.com\/?p=7887\"]}]},{\"@type\":\"ImageObject\",\"inLanguage\":\"es\",\"@id\":\"https:\/\/sanluisinforma.com\/?p=7887#primaryimage\",\"url\":\"https:\/\/sanluisinforma.com\/wp-content\/uploads\/2024\/10\/5816b455-963e-4545-a5f9-f3925f4d4055.jpg\",\"contentUrl\":\"https:\/\/sanluisinforma.com\/wp-content\/uploads\/2024\/10\/5816b455-963e-4545-a5f9-f3925f4d4055.jpg\",\"width\":480,\"height\":319},{\"@type\":\"BreadcrumbList\",\"@id\":\"https:\/\/sanluisinforma.com\/?p=7887#breadcrumb\",\"itemListElement\":[{\"@type\":\"ListItem\",\"position\":1,\"name\":\"Inicio\",\"item\":\"https:\/\/sanluisinforma.com\/\"},{\"@type\":\"ListItem\",\"position\":2,\"name\":\"Se fortalecen los lazos culturales, educativos y comerciales entre San Luis Capital y Tucson, Arizona\"}]},{\"@type\":\"WebSite\",\"@id\":\"https:\/\/sanluisinforma.com\/#website\",\"url\":\"https:\/\/sanluisinforma.com\/\",\"name\":\"sanluisinforma.com\",\"description\":\"Periodico San Luis Informa\",\"publisher\":{\"@id\":\"https:\/\/sanluisinforma.com\/#organization\"},\"potentialAction\":[{\"@type\":\"SearchAction\",\"target\":{\"@type\":\"EntryPoint\",\"urlTemplate\":\"https:\/\/sanluisinforma.com\/?s={search_term_string}\"},\"query-input\":{\"@type\":\"PropertyValueSpecification\",\"valueRequired\":true,\"valueName\":\"search_term_string\"}}],\"inLanguage\":\"es\"},{\"@type\":\"Organization\",\"@id\":\"https:\/\/sanluisinforma.com\/#organization\",\"name\":\"sanluisinforma.com\",\"url\":\"https:\/\/sanluisinforma.com\/\",\"logo\":{\"@type\":\"ImageObject\",\"inLanguage\":\"es\",\"@id\":\"https:\/\/sanluisinforma.com\/#\/schema\/logo\/image\/\",\"url\":\"https:\/\/sanluisinforma.com\/wp-content\/uploads\/2026\/03\/sanluisinforma-V.jpg\",\"contentUrl\":\"https:\/\/sanluisinforma.com\/wp-content\/uploads\/2026\/03\/sanluisinforma-V.jpg\",\"width\":500,\"height\":156,\"caption\":\"sanluisinforma.com\"},\"image\":{\"@id\":\"https:\/\/sanluisinforma.com\/#\/schema\/logo\/image\/\"}},{\"@type\":\"Person\",\"@id\":\"https:\/\/sanluisinforma.com\/#\/schema\/person\/c30648f71476be533b6f59d092905c8b\",\"name\":\"sanluisinforma.com\",\"image\":{\"@type\":\"ImageObject\",\"inLanguage\":\"es\",\"@id\":\"https:\/\/sanluisinforma.com\/#\/schema\/person\/image\/\",\"url\":\"https:\/\/secure.gravatar.com\/avatar\/86e3114e34a1eecefb963e0a02f0093f93b092dddb2fe1517596343751081a87?s=96&d=mm&r=g\",\"contentUrl\":\"https:\/\/secure.gravatar.com\/avatar\/86e3114e34a1eecefb963e0a02f0093f93b092dddb2fe1517596343751081a87?s=96&d=mm&r=g\",\"caption\":\"sanluisinforma.com\"},\"url\":\"https:\/\/sanluisinforma.com\/?author=2\"}]}<\/script>\n<!-- \/ Yoast SEO plugin. -->","yoast_head_json":{"title":"Se fortalecen los lazos culturales, educativos y comerciales entre San Luis Capital y Tucson, Arizona - sanluisinforma.com","robots":{"index":"index","follow":"follow","max-snippet":"max-snippet:-1","max-image-preview":"max-image-preview:large","max-video-preview":"max-video-preview:-1"},"canonical":"https:\/\/sanluisinforma.com\/?p=7887","og_locale":"es_MX","og_type":"article","og_title":"Se fortalecen los lazos culturales, educativos y comerciales entre San Luis Capital y Tucson, Arizona - sanluisinforma.com","og_description":"El Alcalde Enrique Galindo se reuni\u00f3 con el Comit\u00e9 Directivo de Tucson &#8211; M\u00e9xico Sister Cities, y reafirm\u00f3 la disposici\u00f3n","og_url":"https:\/\/sanluisinforma.com\/?p=7887","og_site_name":"sanluisinforma.com","article_published_time":"2024-10-09T06:46:35+00:00","article_modified_time":"2024-10-09T00:47:36+00:00","og_image":[{"width":480,"height":319,"url":"https:\/\/sanluisinforma.com\/wp-content\/uploads\/2024\/10\/5816b455-963e-4545-a5f9-f3925f4d4055.jpg","type":"image\/jpeg"}],"author":"sanluisinforma.com","twitter_card":"summary_large_image","twitter_misc":{"Escrito por":"sanluisinforma.com","Tiempo de lectura":"2 minutos"},"schema":{"@context":"https:\/\/schema.org","@graph":[{"@type":"Article","@id":"https:\/\/sanluisinforma.com\/?p=7887#article","isPartOf":{"@id":"https:\/\/sanluisinforma.com\/?p=7887"},"author":{"name":"sanluisinforma.com","@id":"https:\/\/sanluisinforma.com\/#\/schema\/person\/c30648f71476be533b6f59d092905c8b"},"headline":"Se fortalecen los lazos culturales, educativos y comerciales entre San Luis Capital y Tucson, Arizona","datePublished":"2024-10-09T06:46:35+00:00","dateModified":"2024-10-09T00:47:36+00:00","mainEntityOfPage":{"@id":"https:\/\/sanluisinforma.com\/?p=7887"},"wordCount":408,"publisher":{"@id":"https:\/\/sanluisinforma.com\/#organization"},"image":{"@id":"https:\/\/sanluisinforma.com\/?p=7887#primaryimage"},"thumbnailUrl":"https:\/\/sanluisinforma.com\/wp-content\/uploads\/2024\/10\/5816b455-963e-4545-a5f9-f3925f4d4055.jpg","articleSection":["Local","Portada"],"inLanguage":"es"},{"@type":"WebPage","@id":"https:\/\/sanluisinforma.com\/?p=7887","url":"https:\/\/sanluisinforma.com\/?p=7887","name":"Se fortalecen los lazos culturales, educativos y comerciales entre San Luis Capital y Tucson, Arizona - sanluisinforma.com","isPartOf":{"@id":"https:\/\/sanluisinforma.com\/#website"},"primaryImageOfPage":{"@id":"https:\/\/sanluisinforma.com\/?p=7887#primaryimage"},"image":{"@id":"https:\/\/sanluisinforma.com\/?p=7887#primaryimage"},"thumbnailUrl":"https:\/\/sanluisinforma.com\/wp-content\/uploads\/2024\/10\/5816b455-963e-4545-a5f9-f3925f4d4055.jpg","datePublished":"2024-10-09T06:46:35+00:00","dateModified":"2024-10-09T00:47:36+00:00","breadcrumb":{"@id":"https:\/\/sanluisinforma.com\/?p=7887#breadcrumb"},"inLanguage":"es","potentialAction":[{"@type":"ReadAction","target":["https:\/\/sanluisinforma.com\/?p=7887"]}]},{"@type":"ImageObject","inLanguage":"es","@id":"https:\/\/sanluisinforma.com\/?p=7887#primaryimage","url":"https:\/\/sanluisinforma.com\/wp-content\/uploads\/2024\/10\/5816b455-963e-4545-a5f9-f3925f4d4055.jpg","contentUrl":"https:\/\/sanluisinforma.com\/wp-content\/uploads\/2024\/10\/5816b455-963e-4545-a5f9-f3925f4d4055.jpg","width":480,"height":319},{"@type":"BreadcrumbList","@id":"https:\/\/sanluisinforma.com\/?p=7887#breadcrumb","itemListElement":[{"@type":"ListItem","position":1,"name":"Inicio","item":"https:\/\/sanluisinforma.com\/"},{"@type":"ListItem","position":2,"name":"Se fortalecen los lazos culturales, educativos y comerciales entre San Luis Capital y Tucson, Arizona"}]},{"@type":"WebSite","@id":"https:\/\/sanluisinforma.com\/#website","url":"https:\/\/sanluisinforma.com\/","name":"sanluisinforma.com","description":"Periodico San Luis Informa","publisher":{"@id":"https:\/\/sanluisinforma.com\/#organization"},"potentialAction":[{"@type":"SearchAction","target":{"@type":"EntryPoint","urlTemplate":"https:\/\/sanluisinforma.com\/?s={search_term_string}"},"query-input":{"@type":"PropertyValueSpecification","valueRequired":true,"valueName":"search_term_string"}}],"inLanguage":"es"},{"@type":"Organization","@id":"https:\/\/sanluisinforma.com\/#organization","name":"sanluisinforma.com","url":"https:\/\/sanluisinforma.com\/","logo":{"@type":"ImageObject","inLanguage":"es","@id":"https:\/\/sanluisinforma.com\/#\/schema\/logo\/image\/","url":"https:\/\/sanluisinforma.com\/wp-content\/uploads\/2026\/03\/sanluisinforma-V.jpg","contentUrl":"https:\/\/sanluisinforma.com\/wp-content\/uploads\/2026\/03\/sanluisinforma-V.jpg","width":500,"height":156,"caption":"sanluisinforma.com"},"image":{"@id":"https:\/\/sanluisinforma.com\/#\/schema\/logo\/image\/"}},{"@type":"Person","@id":"https:\/\/sanluisinforma.com\/#\/schema\/person\/c30648f71476be533b6f59d092905c8b","name":"sanluisinforma.com","image":{"@type":"ImageObject","inLanguage":"es","@id":"https:\/\/sanluisinforma.com\/#\/schema\/person\/image\/","url":"https:\/\/secure.gravatar.com\/avatar\/86e3114e34a1eecefb963e0a02f0093f93b092dddb2fe1517596343751081a87?s=96&d=mm&r=g","contentUrl":"https:\/\/secure.gravatar.com\/avatar\/86e3114e34a1eecefb963e0a02f0093f93b092dddb2fe1517596343751081a87?s=96&d=mm&r=g","caption":"sanluisinforma.com"},"url":"https:\/\/sanluisinforma.com\/?author=2"}]}},"_links":{"self":[{"href":"https:\/\/sanluisinforma.com\/index.php?rest_route=\/wp\/v2\/posts\/7887","targetHints":{"allow":["GET"]}}],"collection":[{"href":"https:\/\/sanluisinforma.com\/index.php?rest_route=\/wp\/v2\/posts"}],"about":[{"href":"https:\/\/sanluisinforma.com\/index.php?rest_route=\/wp\/v2\/types\/post"}],"author":[{"embeddable":true,"href":"https:\/\/sanluisinforma.com\/index.php?rest_route=\/wp\/v2\/users\/2"}],"replies":[{"embeddable":true,"href":"https:\/\/sanluisinforma.com\/index.php?rest_route=%2Fwp%2Fv2%2Fcomments&post=7887"}],"version-history":[{"count":1,"href":"https:\/\/sanluisinforma.com\/index.php?rest_route=\/wp\/v2\/posts\/7887\/revisions"}],"predecessor-version":[{"id":7889,"href":"https:\/\/sanluisinforma.com\/index.php?rest_route=\/wp\/v2\/posts\/7887\/revisions\/7889"}],"wp:featuredmedia":[{"embeddable":true,"href":"https:\/\/sanluisinforma.com\/index.php?rest_route=\/wp\/v2\/media\/7888"}],"wp:attachment":[{"href":"https:\/\/sanluisinforma.com\/index.php?rest_route=%2Fwp%2Fv2%2Fmedia&parent=7887"}],"wp:term":[{"taxonomy":"category","embeddable":true,"href":"https:\/\/sanluisinforma.com\/index.php?rest_route=%2Fwp%2Fv2%2Fcategories&post=7887"},{"taxonomy":"post_tag","embeddable":true,"href":"https:\/\/sanluisinforma.com\/index.php?rest_route=%2Fwp%2Fv2%2Ftags&post=7887"}],"curies":[{"name":"wp","href":"https:\/\/api.w.org\/{rel}","templated":true}]}}