{"id":807,"date":"2022-06-27T09:23:37","date_gmt":"2022-06-27T14:23:37","guid":{"rendered":"https:\/\/sanluisinforma.com\/?p=68138"},"modified":"2022-06-27T09:23:37","modified_gmt":"2022-06-27T14:23:37","slug":"exhorta-el-alcalde-de-slp-a-minera-mexico-a-que-ceda-el-terreno-para-conectar-hernan-cortes-con-periferico","status":"publish","type":"post","link":"https:\/\/sanluisinforma.com\/?p=807","title":{"rendered":"Exhorta el alcalde de SLP a Minera M\u00e9xico a que ceda el terreno para conectar Hern\u00e1n Cort\u00e9s con Perif\u00e9rico"},"content":{"rendered":"<p><a href=\"https:\/\/sanluisinforma.com\/wp-content\/uploads\/2022\/06\/Muni-dom.jpg\"><img loading=\"lazy\" decoding=\"async\" class=\"wp-image-68132 aligncenter\" src=\"https:\/\/sanluisinforma.com\/wp-content\/uploads\/2022\/06\/Muni-dom-300x143.jpg\" alt=\"\" width=\"502\" height=\"239\" \/><\/a><\/p>\n<p><strong>Ser\u00eda una obra hist\u00f3rica para desahogar el tr\u00e1fico del norte de la Capital, se\u00f1al\u00f3 el presidente municipal Beneficiar\u00eda a 250 mil habitantes de ese sector<\/strong><\/p>\n<p><strong>Se realiz\u00f3 el Domingo de Pilas, en la colonia Valles del Campestre, al norte de la ciudad<\/strong><\/p>\n<p>San Luis Potos\u00ed, SLP, 27 de junio de 2022.- El alcalde Enrique Galindo hizo un llamado a Industrial Minera M\u00e9xico para que ceda a la autoridad municipal el terreno para construir la vialidad que permita conectar la avenida Hern\u00e1n Cort\u00e9s y el Perif\u00e9rico Poniente, lo que representar\u00e1 una obra \u201chist\u00f3rica\u201d que permitir\u00e1 desahogar el tr\u00e1fico vehicular de la zona norte de la ciudad.<\/p>\n<p>\u201cEstamos haciendo un dise\u00f1o para conectar Hern\u00e1n Cort\u00e9s con el Perif\u00e9rico Poniente. Nosotros ya tenemos el proyecto ejecutivo, ya tenemos techo presupuestal, ya tenemos pr\u00e1cticamente todo listo, nos est\u00e1 haciendo falta nada m\u00e1s que la Minera M\u00e9xico ceda, otorgue parte del terreno, que adem\u00e1s creo que es algo que le vendr\u00eda muy bien a San Luis\u201d.<\/p>\n<p>El presidente municipal asegur\u00f3 que \u201ca la Minera le ha ido muy bien en San Luis Potos\u00ed y que hoy pudiera devolverle algo a la ciudad me parece que ser\u00eda algo extraordinario, por eso hoy hago un llamado a la Minera M\u00e9xico, hago un llamado a la sensibilizaci\u00f3n: si ustedes lo autorizan, vamos a poder conectar a esta zona con el Perif\u00e9rico y ser\u00eda hist\u00f3rica esta conexi\u00f3n\u201d.<\/p>\n<p>Durante la edici\u00f3n 33 del programa \u201cDomingo de Pilas con mi Gobierno\u201d que se celebr\u00f3 en la colonia Valles del Campestre y tras realizar un recorrido, acompa\u00f1ado de los vecinos para conocer las necesidades que aquejan a los habitantes de este sector, el jefe del Gobierno de la Capital detall\u00f3 que la alcald\u00eda ya ha iniciado los tr\u00e1mites de gesti\u00f3n con la Minera M\u00e9xico, para que ceda a la administraci\u00f3n capitalina parte del terreno que se requiere para poder concretar esta obra de conexi\u00f3n vial.<\/p>\n<p>El presidente municipal explic\u00f3 que este proyecto beneficiar\u00eda a 250 mil habitantes de la zona norte de la Capital y precis\u00f3 que esta gran obra vial dar\u00eda salida al intenso tr\u00e1fico en ese sector de la ciudad.<\/p>\n<p>Durante el Domingo de Pilas en la colonia Valles del Campestre, cuadrillas de trabajadores municipales y vecinos de la zona realizaron trabajos de pintura de guarniciones, rehabilitaci\u00f3n de juegos infantiles, pintura de ejercitadores, barrido manual, retiro de hierba, reforestaci\u00f3n, faldeo de \u00e1rboles, limpieza en un pozo de la colonia y diagn\u00f3stico de alumbrado p\u00fablico.<\/p>\n","protected":false},"excerpt":{"rendered":"<p>Ser\u00eda una obra hist\u00f3rica para desahogar el tr\u00e1fico del norte de la Capital, se\u00f1al\u00f3 el presidente municipal Beneficiar\u00eda a 250<\/p>\n","protected":false},"author":2,"featured_media":808,"comment_status":"closed","ping_status":"open","sticky":false,"template":"","format":"standard","meta":{"footnotes":""},"categories":[25],"tags":[],"class_list":["post-807","post","type-post","status-publish","format-standard","has-post-thumbnail","hentry","category-local"],"yoast_head":"<!-- This site is optimized with the Yoast SEO plugin v24.1 - https:\/\/yoast.com\/wordpress\/plugins\/seo\/ -->\n<title>Exhorta el alcalde de SLP a Minera M\u00e9xico a que ceda el terreno para conectar Hern\u00e1n Cort\u00e9s con Perif\u00e9rico - sanluisinforma.com<\/title>\n<meta name=\"robots\" content=\"index, follow, max-snippet:-1, max-image-preview:large, max-video-preview:-1\" \/>\n<link rel=\"canonical\" href=\"https:\/\/sanluisinforma.com\/?p=807\" \/>\n<meta property=\"og:locale\" content=\"es_MX\" \/>\n<meta property=\"og:type\" content=\"article\" \/>\n<meta property=\"og:title\" content=\"Exhorta el alcalde de SLP a Minera M\u00e9xico a que ceda el terreno para conectar Hern\u00e1n Cort\u00e9s con Perif\u00e9rico - sanluisinforma.com\" \/>\n<meta property=\"og:description\" content=\"Ser\u00eda una obra hist\u00f3rica para desahogar el tr\u00e1fico del norte de la Capital, se\u00f1al\u00f3 el presidente municipal Beneficiar\u00eda a 250\" \/>\n<meta property=\"og:url\" content=\"https:\/\/sanluisinforma.com\/?p=807\" \/>\n<meta property=\"og:site_name\" content=\"sanluisinforma.com\" \/>\n<meta property=\"article:published_time\" content=\"2022-06-27T14:23:37+00:00\" \/>\n<meta property=\"og:image\" content=\"https:\/\/sanluisinforma.com\/wp-content\/uploads\/2022\/06\/Muni-dom.jpg\" \/>\n\t<meta property=\"og:image:width\" content=\"500\" \/>\n\t<meta property=\"og:image:height\" content=\"239\" \/>\n\t<meta property=\"og:image:type\" content=\"image\/jpeg\" \/>\n<meta name=\"author\" content=\"sanluisinforma.com\" \/>\n<meta name=\"twitter:card\" content=\"summary_large_image\" \/>\n<meta name=\"twitter:label1\" content=\"Escrito por\" \/>\n\t<meta name=\"twitter:data1\" content=\"sanluisinforma.com\" \/>\n\t<meta name=\"twitter:label2\" content=\"Tiempo de lectura\" \/>\n\t<meta name=\"twitter:data2\" content=\"3 minutos\" \/>\n<script type=\"application\/ld+json\" class=\"yoast-schema-graph\">{\"@context\":\"https:\/\/schema.org\",\"@graph\":[{\"@type\":\"Article\",\"@id\":\"https:\/\/sanluisinforma.com\/?p=807#article\",\"isPartOf\":{\"@id\":\"https:\/\/sanluisinforma.com\/?p=807\"},\"author\":{\"name\":\"sanluisinforma.com\",\"@id\":\"https:\/\/sanluisinforma.com\/#\/schema\/person\/c30648f71476be533b6f59d092905c8b\"},\"headline\":\"Exhorta el alcalde de SLP a Minera M\u00e9xico a que ceda el terreno para conectar Hern\u00e1n Cort\u00e9s con Perif\u00e9rico\",\"datePublished\":\"2022-06-27T14:23:37+00:00\",\"dateModified\":\"2022-06-27T14:23:37+00:00\",\"mainEntityOfPage\":{\"@id\":\"https:\/\/sanluisinforma.com\/?p=807\"},\"wordCount\":465,\"publisher\":{\"@id\":\"https:\/\/sanluisinforma.com\/#organization\"},\"image\":{\"@id\":\"https:\/\/sanluisinforma.com\/?p=807#primaryimage\"},\"thumbnailUrl\":\"https:\/\/sanluisinforma.com\/wp-content\/uploads\/2022\/06\/Muni-dom.jpg\",\"articleSection\":[\"Local\"],\"inLanguage\":\"es\"},{\"@type\":\"WebPage\",\"@id\":\"https:\/\/sanluisinforma.com\/?p=807\",\"url\":\"https:\/\/sanluisinforma.com\/?p=807\",\"name\":\"Exhorta el alcalde de SLP a Minera M\u00e9xico a que ceda el terreno para conectar Hern\u00e1n Cort\u00e9s con Perif\u00e9rico - sanluisinforma.com\",\"isPartOf\":{\"@id\":\"https:\/\/sanluisinforma.com\/#website\"},\"primaryImageOfPage\":{\"@id\":\"https:\/\/sanluisinforma.com\/?p=807#primaryimage\"},\"image\":{\"@id\":\"https:\/\/sanluisinforma.com\/?p=807#primaryimage\"},\"thumbnailUrl\":\"https:\/\/sanluisinforma.com\/wp-content\/uploads\/2022\/06\/Muni-dom.jpg\",\"datePublished\":\"2022-06-27T14:23:37+00:00\",\"dateModified\":\"2022-06-27T14:23:37+00:00\",\"breadcrumb\":{\"@id\":\"https:\/\/sanluisinforma.com\/?p=807#breadcrumb\"},\"inLanguage\":\"es\",\"potentialAction\":[{\"@type\":\"ReadAction\",\"target\":[\"https:\/\/sanluisinforma.com\/?p=807\"]}]},{\"@type\":\"ImageObject\",\"inLanguage\":\"es\",\"@id\":\"https:\/\/sanluisinforma.com\/?p=807#primaryimage\",\"url\":\"https:\/\/sanluisinforma.com\/wp-content\/uploads\/2022\/06\/Muni-dom.jpg\",\"contentUrl\":\"https:\/\/sanluisinforma.com\/wp-content\/uploads\/2022\/06\/Muni-dom.jpg\",\"width\":500,\"height\":239},{\"@type\":\"BreadcrumbList\",\"@id\":\"https:\/\/sanluisinforma.com\/?p=807#breadcrumb\",\"itemListElement\":[{\"@type\":\"ListItem\",\"position\":1,\"name\":\"Inicio\",\"item\":\"https:\/\/sanluisinforma.com\/\"},{\"@type\":\"ListItem\",\"position\":2,\"name\":\"Exhorta el alcalde de SLP a Minera M\u00e9xico a que ceda el terreno para conectar Hern\u00e1n Cort\u00e9s con Perif\u00e9rico\"}]},{\"@type\":\"WebSite\",\"@id\":\"https:\/\/sanluisinforma.com\/#website\",\"url\":\"https:\/\/sanluisinforma.com\/\",\"name\":\"sanluisinforma.com\",\"description\":\"Periodico San Luis Informa\",\"publisher\":{\"@id\":\"https:\/\/sanluisinforma.com\/#organization\"},\"potentialAction\":[{\"@type\":\"SearchAction\",\"target\":{\"@type\":\"EntryPoint\",\"urlTemplate\":\"https:\/\/sanluisinforma.com\/?s={search_term_string}\"},\"query-input\":{\"@type\":\"PropertyValueSpecification\",\"valueRequired\":true,\"valueName\":\"search_term_string\"}}],\"inLanguage\":\"es\"},{\"@type\":\"Organization\",\"@id\":\"https:\/\/sanluisinforma.com\/#organization\",\"name\":\"sanluisinforma.com\",\"url\":\"https:\/\/sanluisinforma.com\/\",\"logo\":{\"@type\":\"ImageObject\",\"inLanguage\":\"es\",\"@id\":\"https:\/\/sanluisinforma.com\/#\/schema\/logo\/image\/\",\"url\":\"https:\/\/sanluisinforma.com\/wp-content\/uploads\/2026\/03\/sanluisinforma-V.jpg\",\"contentUrl\":\"https:\/\/sanluisinforma.com\/wp-content\/uploads\/2026\/03\/sanluisinforma-V.jpg\",\"width\":500,\"height\":156,\"caption\":\"sanluisinforma.com\"},\"image\":{\"@id\":\"https:\/\/sanluisinforma.com\/#\/schema\/logo\/image\/\"}},{\"@type\":\"Person\",\"@id\":\"https:\/\/sanluisinforma.com\/#\/schema\/person\/c30648f71476be533b6f59d092905c8b\",\"name\":\"sanluisinforma.com\",\"image\":{\"@type\":\"ImageObject\",\"inLanguage\":\"es\",\"@id\":\"https:\/\/sanluisinforma.com\/#\/schema\/person\/image\/\",\"url\":\"https:\/\/secure.gravatar.com\/avatar\/86e3114e34a1eecefb963e0a02f0093f93b092dddb2fe1517596343751081a87?s=96&d=mm&r=g\",\"contentUrl\":\"https:\/\/secure.gravatar.com\/avatar\/86e3114e34a1eecefb963e0a02f0093f93b092dddb2fe1517596343751081a87?s=96&d=mm&r=g\",\"caption\":\"sanluisinforma.com\"},\"url\":\"https:\/\/sanluisinforma.com\/?author=2\"}]}<\/script>\n<!-- \/ Yoast SEO plugin. -->","yoast_head_json":{"title":"Exhorta el alcalde de SLP a Minera M\u00e9xico a que ceda el terreno para conectar Hern\u00e1n Cort\u00e9s con Perif\u00e9rico - sanluisinforma.com","robots":{"index":"index","follow":"follow","max-snippet":"max-snippet:-1","max-image-preview":"max-image-preview:large","max-video-preview":"max-video-preview:-1"},"canonical":"https:\/\/sanluisinforma.com\/?p=807","og_locale":"es_MX","og_type":"article","og_title":"Exhorta el alcalde de SLP a Minera M\u00e9xico a que ceda el terreno para conectar Hern\u00e1n Cort\u00e9s con Perif\u00e9rico - sanluisinforma.com","og_description":"Ser\u00eda una obra hist\u00f3rica para desahogar el tr\u00e1fico del norte de la Capital, se\u00f1al\u00f3 el presidente municipal Beneficiar\u00eda a 250","og_url":"https:\/\/sanluisinforma.com\/?p=807","og_site_name":"sanluisinforma.com","article_published_time":"2022-06-27T14:23:37+00:00","og_image":[{"width":500,"height":239,"url":"https:\/\/sanluisinforma.com\/wp-content\/uploads\/2022\/06\/Muni-dom.jpg","type":"image\/jpeg"}],"author":"sanluisinforma.com","twitter_card":"summary_large_image","twitter_misc":{"Escrito por":"sanluisinforma.com","Tiempo de lectura":"3 minutos"},"schema":{"@context":"https:\/\/schema.org","@graph":[{"@type":"Article","@id":"https:\/\/sanluisinforma.com\/?p=807#article","isPartOf":{"@id":"https:\/\/sanluisinforma.com\/?p=807"},"author":{"name":"sanluisinforma.com","@id":"https:\/\/sanluisinforma.com\/#\/schema\/person\/c30648f71476be533b6f59d092905c8b"},"headline":"Exhorta el alcalde de SLP a Minera M\u00e9xico a que ceda el terreno para conectar Hern\u00e1n Cort\u00e9s con Perif\u00e9rico","datePublished":"2022-06-27T14:23:37+00:00","dateModified":"2022-06-27T14:23:37+00:00","mainEntityOfPage":{"@id":"https:\/\/sanluisinforma.com\/?p=807"},"wordCount":465,"publisher":{"@id":"https:\/\/sanluisinforma.com\/#organization"},"image":{"@id":"https:\/\/sanluisinforma.com\/?p=807#primaryimage"},"thumbnailUrl":"https:\/\/sanluisinforma.com\/wp-content\/uploads\/2022\/06\/Muni-dom.jpg","articleSection":["Local"],"inLanguage":"es"},{"@type":"WebPage","@id":"https:\/\/sanluisinforma.com\/?p=807","url":"https:\/\/sanluisinforma.com\/?p=807","name":"Exhorta el alcalde de SLP a Minera M\u00e9xico a que ceda el terreno para conectar Hern\u00e1n Cort\u00e9s con Perif\u00e9rico - sanluisinforma.com","isPartOf":{"@id":"https:\/\/sanluisinforma.com\/#website"},"primaryImageOfPage":{"@id":"https:\/\/sanluisinforma.com\/?p=807#primaryimage"},"image":{"@id":"https:\/\/sanluisinforma.com\/?p=807#primaryimage"},"thumbnailUrl":"https:\/\/sanluisinforma.com\/wp-content\/uploads\/2022\/06\/Muni-dom.jpg","datePublished":"2022-06-27T14:23:37+00:00","dateModified":"2022-06-27T14:23:37+00:00","breadcrumb":{"@id":"https:\/\/sanluisinforma.com\/?p=807#breadcrumb"},"inLanguage":"es","potentialAction":[{"@type":"ReadAction","target":["https:\/\/sanluisinforma.com\/?p=807"]}]},{"@type":"ImageObject","inLanguage":"es","@id":"https:\/\/sanluisinforma.com\/?p=807#primaryimage","url":"https:\/\/sanluisinforma.com\/wp-content\/uploads\/2022\/06\/Muni-dom.jpg","contentUrl":"https:\/\/sanluisinforma.com\/wp-content\/uploads\/2022\/06\/Muni-dom.jpg","width":500,"height":239},{"@type":"BreadcrumbList","@id":"https:\/\/sanluisinforma.com\/?p=807#breadcrumb","itemListElement":[{"@type":"ListItem","position":1,"name":"Inicio","item":"https:\/\/sanluisinforma.com\/"},{"@type":"ListItem","position":2,"name":"Exhorta el alcalde de SLP a Minera M\u00e9xico a que ceda el terreno para conectar Hern\u00e1n Cort\u00e9s con Perif\u00e9rico"}]},{"@type":"WebSite","@id":"https:\/\/sanluisinforma.com\/#website","url":"https:\/\/sanluisinforma.com\/","name":"sanluisinforma.com","description":"Periodico San Luis Informa","publisher":{"@id":"https:\/\/sanluisinforma.com\/#organization"},"potentialAction":[{"@type":"SearchAction","target":{"@type":"EntryPoint","urlTemplate":"https:\/\/sanluisinforma.com\/?s={search_term_string}"},"query-input":{"@type":"PropertyValueSpecification","valueRequired":true,"valueName":"search_term_string"}}],"inLanguage":"es"},{"@type":"Organization","@id":"https:\/\/sanluisinforma.com\/#organization","name":"sanluisinforma.com","url":"https:\/\/sanluisinforma.com\/","logo":{"@type":"ImageObject","inLanguage":"es","@id":"https:\/\/sanluisinforma.com\/#\/schema\/logo\/image\/","url":"https:\/\/sanluisinforma.com\/wp-content\/uploads\/2026\/03\/sanluisinforma-V.jpg","contentUrl":"https:\/\/sanluisinforma.com\/wp-content\/uploads\/2026\/03\/sanluisinforma-V.jpg","width":500,"height":156,"caption":"sanluisinforma.com"},"image":{"@id":"https:\/\/sanluisinforma.com\/#\/schema\/logo\/image\/"}},{"@type":"Person","@id":"https:\/\/sanluisinforma.com\/#\/schema\/person\/c30648f71476be533b6f59d092905c8b","name":"sanluisinforma.com","image":{"@type":"ImageObject","inLanguage":"es","@id":"https:\/\/sanluisinforma.com\/#\/schema\/person\/image\/","url":"https:\/\/secure.gravatar.com\/avatar\/86e3114e34a1eecefb963e0a02f0093f93b092dddb2fe1517596343751081a87?s=96&d=mm&r=g","contentUrl":"https:\/\/secure.gravatar.com\/avatar\/86e3114e34a1eecefb963e0a02f0093f93b092dddb2fe1517596343751081a87?s=96&d=mm&r=g","caption":"sanluisinforma.com"},"url":"https:\/\/sanluisinforma.com\/?author=2"}]}},"_links":{"self":[{"href":"https:\/\/sanluisinforma.com\/index.php?rest_route=\/wp\/v2\/posts\/807","targetHints":{"allow":["GET"]}}],"collection":[{"href":"https:\/\/sanluisinforma.com\/index.php?rest_route=\/wp\/v2\/posts"}],"about":[{"href":"https:\/\/sanluisinforma.com\/index.php?rest_route=\/wp\/v2\/types\/post"}],"author":[{"embeddable":true,"href":"https:\/\/sanluisinforma.com\/index.php?rest_route=\/wp\/v2\/users\/2"}],"replies":[{"embeddable":true,"href":"https:\/\/sanluisinforma.com\/index.php?rest_route=%2Fwp%2Fv2%2Fcomments&post=807"}],"version-history":[{"count":0,"href":"https:\/\/sanluisinforma.com\/index.php?rest_route=\/wp\/v2\/posts\/807\/revisions"}],"wp:featuredmedia":[{"embeddable":true,"href":"https:\/\/sanluisinforma.com\/index.php?rest_route=\/wp\/v2\/media\/808"}],"wp:attachment":[{"href":"https:\/\/sanluisinforma.com\/index.php?rest_route=%2Fwp%2Fv2%2Fmedia&parent=807"}],"wp:term":[{"taxonomy":"category","embeddable":true,"href":"https:\/\/sanluisinforma.com\/index.php?rest_route=%2Fwp%2Fv2%2Fcategories&post=807"},{"taxonomy":"post_tag","embeddable":true,"href":"https:\/\/sanluisinforma.com\/index.php?rest_route=%2Fwp%2Fv2%2Ftags&post=807"}],"curies":[{"name":"wp","href":"https:\/\/api.w.org\/{rel}","templated":true}]}}