{"id":8160,"date":"2024-10-23T00:55:00","date_gmt":"2024-10-23T06:55:00","guid":{"rendered":"https:\/\/sanluisinforma.com\/?p=8160"},"modified":"2024-10-22T23:31:47","modified_gmt":"2024-10-23T05:31:47","slug":"mas-obras-e-infraestructura-enfatiza-seduvo-a-tres-anos-de-gobierno","status":"publish","type":"post","link":"https:\/\/sanluisinforma.com\/?p=8160","title":{"rendered":"M\u00e1s Obras e Infraestructura enfatiza \u00a0SEDUVO a \u00a0tres a\u00f1os de Gobierno"},"content":{"rendered":"\n<p>\u00a0Acciones descentralizadas y con alto sentido social han permitido m\u00e1s apoyo para las familias potosinas<\/p>\n\n\n\n<p>En el marco del Tercer Informe de Gobierno, la titular de la Secretar\u00eda de Desarrollo Urbano, Vivienda y Obras P\u00fablicas (Seduvop), Isabel Leticia Vargas Tinajero, compareci\u00f3 ante diputadas y diputados del Congreso del Estado, donde refrend\u00f3 el compromiso de la administraci\u00f3n que encabeza Ricardo Gallardo Cardona, para generar m\u00e1s alianzas estrat\u00e9gicas con el Poder Legislativo, a fin de fortalecer la movilidad urbana, inversi\u00f3n a la plusval\u00eda, conectividad entre municipios y armon\u00eda social.<\/p>\n\n\n\n<p>Destac\u00f3 el rescate de proyectos de infraestructura que abonan a la paz y fomento de pr\u00e1cticas deportivas, como el parque El Meteorito, en Charcas y el parque Tantocob, de Ciudad Valles, que fueron transformados en espacios con equipamiento urbano, centros de reuni\u00f3n familiar y sano esparcimiento tras el olvido de la herencia maldita.<\/p>\n\n\n\n<p>Vargas Tinajero resalt\u00f3 la rehabilitaci\u00f3n de carreteras y caminos de Xilitla a Apetzco, Escalanar a Zacayo y Mesa del Toro a la Soledad, adem\u00e1s de megaproyectos en curso en el Altiplano y Huasteca que beneficiar\u00e1n a m\u00e1s de 50 mil habitantes de doce municipios: la rehabilitaci\u00f3n de la Carretera Ahualulco a Moctezuma, del entronque a Zacatecas a Ahualulco y Eje Xolol.<\/p>\n\n\n\n<p>En la zona metropolitana, la Seduvop supervisa el rescate de la Ruta Alterna, complementando su infraestructura con la construcci\u00f3n de la prolongaci\u00f3n de avenida Salk, que reporta un 70 por ciento de avance; adem\u00e1s del nuevo puente vehicular en Prolongaci\u00f3n Coronel Romero y Circuito Potos\u00ed, que dinamizar\u00e1 la movilidad adem\u00e1s de las rehabilitaciones integrales en colonias como, las Flores, Bellas Lomas y el Barrio de San Miguelito.<\/p>\n\n\n\n<p>En su exposici\u00f3n de resultados, la titular de Seduvop Vargas Tinajero, reconoci\u00f3 la ardua labor del Gobernador, Ricardo Gallardo, para reducir la marginaci\u00f3n y desigualdad social que afectaba el acceso a las comunidades m\u00e1s alejadas de nuestro Estado y concluy\u00f3 al garantizar que mantendr\u00e1 el ritmo de trabajo para la aceleraci\u00f3n econ\u00f3mica, la conectividad y mejoras a la infraestructura.<\/p>\n\n\n\n<p><\/p>\n\n\n\n<p><\/p>\n\n\n\n<p><\/p>\n\n\n\n<p><\/p>\n\n\n\n<p><\/p>\n\n\n\n<p><\/p>\n\n\n\n<p><\/p>\n","protected":false},"excerpt":{"rendered":"<p>\u00a0Acciones descentralizadas y con alto sentido social han permitido m\u00e1s apoyo para las familias potosinas En el marco del Tercer<\/p>\n","protected":false},"author":2,"featured_media":8161,"comment_status":"closed","ping_status":"closed","sticky":false,"template":"","format":"standard","meta":{"footnotes":""},"categories":[25,30],"tags":[],"class_list":["post-8160","post","type-post","status-publish","format-standard","has-post-thumbnail","hentry","category-local","category-portada"],"yoast_head":"<!-- This site is optimized with the Yoast SEO plugin v24.1 - https:\/\/yoast.com\/wordpress\/plugins\/seo\/ -->\n<title>M\u00e1s Obras e Infraestructura enfatiza \u00a0SEDUVO a \u00a0tres a\u00f1os de Gobierno - sanluisinforma.com<\/title>\n<meta name=\"robots\" content=\"index, follow, max-snippet:-1, max-image-preview:large, max-video-preview:-1\" \/>\n<link rel=\"canonical\" href=\"https:\/\/sanluisinforma.com\/?p=8160\" \/>\n<meta property=\"og:locale\" content=\"es_MX\" \/>\n<meta property=\"og:type\" content=\"article\" \/>\n<meta property=\"og:title\" content=\"M\u00e1s Obras e Infraestructura enfatiza \u00a0SEDUVO a \u00a0tres a\u00f1os de Gobierno - sanluisinforma.com\" \/>\n<meta property=\"og:description\" content=\"\u00a0Acciones descentralizadas y con alto sentido social han permitido m\u00e1s apoyo para las familias potosinas En el marco del Tercer\" \/>\n<meta property=\"og:url\" content=\"https:\/\/sanluisinforma.com\/?p=8160\" \/>\n<meta property=\"og:site_name\" content=\"sanluisinforma.com\" \/>\n<meta property=\"article:published_time\" content=\"2024-10-23T06:55:00+00:00\" \/>\n<meta property=\"article:modified_time\" content=\"2024-10-23T05:31:47+00:00\" \/>\n<meta property=\"og:image\" content=\"https:\/\/sanluisinforma.com\/wp-content\/uploads\/2024\/10\/b288aac7-d927-4da2-8576-551053c90fd9.jpg\" \/>\n\t<meta property=\"og:image:width\" content=\"480\" \/>\n\t<meta property=\"og:image:height\" content=\"244\" \/>\n\t<meta property=\"og:image:type\" content=\"image\/jpeg\" \/>\n<meta name=\"author\" content=\"sanluisinforma.com\" \/>\n<meta name=\"twitter:card\" content=\"summary_large_image\" \/>\n<meta name=\"twitter:label1\" content=\"Escrito por\" \/>\n\t<meta name=\"twitter:data1\" content=\"sanluisinforma.com\" \/>\n\t<meta name=\"twitter:label2\" content=\"Tiempo de lectura\" \/>\n\t<meta name=\"twitter:data2\" content=\"2 minutos\" \/>\n<script type=\"application\/ld+json\" class=\"yoast-schema-graph\">{\"@context\":\"https:\/\/schema.org\",\"@graph\":[{\"@type\":\"Article\",\"@id\":\"https:\/\/sanluisinforma.com\/?p=8160#article\",\"isPartOf\":{\"@id\":\"https:\/\/sanluisinforma.com\/?p=8160\"},\"author\":{\"name\":\"sanluisinforma.com\",\"@id\":\"https:\/\/sanluisinforma.com\/#\/schema\/person\/c30648f71476be533b6f59d092905c8b\"},\"headline\":\"M\u00e1s Obras e Infraestructura enfatiza \u00a0SEDUVO a \u00a0tres a\u00f1os de Gobierno\",\"datePublished\":\"2024-10-23T06:55:00+00:00\",\"dateModified\":\"2024-10-23T05:31:47+00:00\",\"mainEntityOfPage\":{\"@id\":\"https:\/\/sanluisinforma.com\/?p=8160\"},\"wordCount\":364,\"publisher\":{\"@id\":\"https:\/\/sanluisinforma.com\/#organization\"},\"image\":{\"@id\":\"https:\/\/sanluisinforma.com\/?p=8160#primaryimage\"},\"thumbnailUrl\":\"https:\/\/sanluisinforma.com\/wp-content\/uploads\/2024\/10\/b288aac7-d927-4da2-8576-551053c90fd9.jpg\",\"articleSection\":[\"Local\",\"Portada\"],\"inLanguage\":\"es\"},{\"@type\":\"WebPage\",\"@id\":\"https:\/\/sanluisinforma.com\/?p=8160\",\"url\":\"https:\/\/sanluisinforma.com\/?p=8160\",\"name\":\"M\u00e1s Obras e Infraestructura enfatiza \u00a0SEDUVO a \u00a0tres a\u00f1os de Gobierno - sanluisinforma.com\",\"isPartOf\":{\"@id\":\"https:\/\/sanluisinforma.com\/#website\"},\"primaryImageOfPage\":{\"@id\":\"https:\/\/sanluisinforma.com\/?p=8160#primaryimage\"},\"image\":{\"@id\":\"https:\/\/sanluisinforma.com\/?p=8160#primaryimage\"},\"thumbnailUrl\":\"https:\/\/sanluisinforma.com\/wp-content\/uploads\/2024\/10\/b288aac7-d927-4da2-8576-551053c90fd9.jpg\",\"datePublished\":\"2024-10-23T06:55:00+00:00\",\"dateModified\":\"2024-10-23T05:31:47+00:00\",\"breadcrumb\":{\"@id\":\"https:\/\/sanluisinforma.com\/?p=8160#breadcrumb\"},\"inLanguage\":\"es\",\"potentialAction\":[{\"@type\":\"ReadAction\",\"target\":[\"https:\/\/sanluisinforma.com\/?p=8160\"]}]},{\"@type\":\"ImageObject\",\"inLanguage\":\"es\",\"@id\":\"https:\/\/sanluisinforma.com\/?p=8160#primaryimage\",\"url\":\"https:\/\/sanluisinforma.com\/wp-content\/uploads\/2024\/10\/b288aac7-d927-4da2-8576-551053c90fd9.jpg\",\"contentUrl\":\"https:\/\/sanluisinforma.com\/wp-content\/uploads\/2024\/10\/b288aac7-d927-4da2-8576-551053c90fd9.jpg\",\"width\":480,\"height\":244},{\"@type\":\"BreadcrumbList\",\"@id\":\"https:\/\/sanluisinforma.com\/?p=8160#breadcrumb\",\"itemListElement\":[{\"@type\":\"ListItem\",\"position\":1,\"name\":\"Inicio\",\"item\":\"https:\/\/sanluisinforma.com\/\"},{\"@type\":\"ListItem\",\"position\":2,\"name\":\"M\u00e1s Obras e Infraestructura enfatiza \u00a0SEDUVO a \u00a0tres a\u00f1os de Gobierno\"}]},{\"@type\":\"WebSite\",\"@id\":\"https:\/\/sanluisinforma.com\/#website\",\"url\":\"https:\/\/sanluisinforma.com\/\",\"name\":\"sanluisinforma.com\",\"description\":\"Periodico San Luis Informa\",\"publisher\":{\"@id\":\"https:\/\/sanluisinforma.com\/#organization\"},\"potentialAction\":[{\"@type\":\"SearchAction\",\"target\":{\"@type\":\"EntryPoint\",\"urlTemplate\":\"https:\/\/sanluisinforma.com\/?s={search_term_string}\"},\"query-input\":{\"@type\":\"PropertyValueSpecification\",\"valueRequired\":true,\"valueName\":\"search_term_string\"}}],\"inLanguage\":\"es\"},{\"@type\":\"Organization\",\"@id\":\"https:\/\/sanluisinforma.com\/#organization\",\"name\":\"sanluisinforma.com\",\"url\":\"https:\/\/sanluisinforma.com\/\",\"logo\":{\"@type\":\"ImageObject\",\"inLanguage\":\"es\",\"@id\":\"https:\/\/sanluisinforma.com\/#\/schema\/logo\/image\/\",\"url\":\"https:\/\/sanluisinforma.com\/wp-content\/uploads\/2026\/03\/sanluisinforma-V.jpg\",\"contentUrl\":\"https:\/\/sanluisinforma.com\/wp-content\/uploads\/2026\/03\/sanluisinforma-V.jpg\",\"width\":500,\"height\":156,\"caption\":\"sanluisinforma.com\"},\"image\":{\"@id\":\"https:\/\/sanluisinforma.com\/#\/schema\/logo\/image\/\"}},{\"@type\":\"Person\",\"@id\":\"https:\/\/sanluisinforma.com\/#\/schema\/person\/c30648f71476be533b6f59d092905c8b\",\"name\":\"sanluisinforma.com\",\"image\":{\"@type\":\"ImageObject\",\"inLanguage\":\"es\",\"@id\":\"https:\/\/sanluisinforma.com\/#\/schema\/person\/image\/\",\"url\":\"https:\/\/secure.gravatar.com\/avatar\/86e3114e34a1eecefb963e0a02f0093f93b092dddb2fe1517596343751081a87?s=96&d=mm&r=g\",\"contentUrl\":\"https:\/\/secure.gravatar.com\/avatar\/86e3114e34a1eecefb963e0a02f0093f93b092dddb2fe1517596343751081a87?s=96&d=mm&r=g\",\"caption\":\"sanluisinforma.com\"},\"url\":\"https:\/\/sanluisinforma.com\/?author=2\"}]}<\/script>\n<!-- \/ Yoast SEO plugin. -->","yoast_head_json":{"title":"M\u00e1s Obras e Infraestructura enfatiza \u00a0SEDUVO a \u00a0tres a\u00f1os de Gobierno - sanluisinforma.com","robots":{"index":"index","follow":"follow","max-snippet":"max-snippet:-1","max-image-preview":"max-image-preview:large","max-video-preview":"max-video-preview:-1"},"canonical":"https:\/\/sanluisinforma.com\/?p=8160","og_locale":"es_MX","og_type":"article","og_title":"M\u00e1s Obras e Infraestructura enfatiza \u00a0SEDUVO a \u00a0tres a\u00f1os de Gobierno - sanluisinforma.com","og_description":"\u00a0Acciones descentralizadas y con alto sentido social han permitido m\u00e1s apoyo para las familias potosinas En el marco del Tercer","og_url":"https:\/\/sanluisinforma.com\/?p=8160","og_site_name":"sanluisinforma.com","article_published_time":"2024-10-23T06:55:00+00:00","article_modified_time":"2024-10-23T05:31:47+00:00","og_image":[{"width":480,"height":244,"url":"https:\/\/sanluisinforma.com\/wp-content\/uploads\/2024\/10\/b288aac7-d927-4da2-8576-551053c90fd9.jpg","type":"image\/jpeg"}],"author":"sanluisinforma.com","twitter_card":"summary_large_image","twitter_misc":{"Escrito por":"sanluisinforma.com","Tiempo de lectura":"2 minutos"},"schema":{"@context":"https:\/\/schema.org","@graph":[{"@type":"Article","@id":"https:\/\/sanluisinforma.com\/?p=8160#article","isPartOf":{"@id":"https:\/\/sanluisinforma.com\/?p=8160"},"author":{"name":"sanluisinforma.com","@id":"https:\/\/sanluisinforma.com\/#\/schema\/person\/c30648f71476be533b6f59d092905c8b"},"headline":"M\u00e1s Obras e Infraestructura enfatiza \u00a0SEDUVO a \u00a0tres a\u00f1os de Gobierno","datePublished":"2024-10-23T06:55:00+00:00","dateModified":"2024-10-23T05:31:47+00:00","mainEntityOfPage":{"@id":"https:\/\/sanluisinforma.com\/?p=8160"},"wordCount":364,"publisher":{"@id":"https:\/\/sanluisinforma.com\/#organization"},"image":{"@id":"https:\/\/sanluisinforma.com\/?p=8160#primaryimage"},"thumbnailUrl":"https:\/\/sanluisinforma.com\/wp-content\/uploads\/2024\/10\/b288aac7-d927-4da2-8576-551053c90fd9.jpg","articleSection":["Local","Portada"],"inLanguage":"es"},{"@type":"WebPage","@id":"https:\/\/sanluisinforma.com\/?p=8160","url":"https:\/\/sanluisinforma.com\/?p=8160","name":"M\u00e1s Obras e Infraestructura enfatiza \u00a0SEDUVO a \u00a0tres a\u00f1os de Gobierno - sanluisinforma.com","isPartOf":{"@id":"https:\/\/sanluisinforma.com\/#website"},"primaryImageOfPage":{"@id":"https:\/\/sanluisinforma.com\/?p=8160#primaryimage"},"image":{"@id":"https:\/\/sanluisinforma.com\/?p=8160#primaryimage"},"thumbnailUrl":"https:\/\/sanluisinforma.com\/wp-content\/uploads\/2024\/10\/b288aac7-d927-4da2-8576-551053c90fd9.jpg","datePublished":"2024-10-23T06:55:00+00:00","dateModified":"2024-10-23T05:31:47+00:00","breadcrumb":{"@id":"https:\/\/sanluisinforma.com\/?p=8160#breadcrumb"},"inLanguage":"es","potentialAction":[{"@type":"ReadAction","target":["https:\/\/sanluisinforma.com\/?p=8160"]}]},{"@type":"ImageObject","inLanguage":"es","@id":"https:\/\/sanluisinforma.com\/?p=8160#primaryimage","url":"https:\/\/sanluisinforma.com\/wp-content\/uploads\/2024\/10\/b288aac7-d927-4da2-8576-551053c90fd9.jpg","contentUrl":"https:\/\/sanluisinforma.com\/wp-content\/uploads\/2024\/10\/b288aac7-d927-4da2-8576-551053c90fd9.jpg","width":480,"height":244},{"@type":"BreadcrumbList","@id":"https:\/\/sanluisinforma.com\/?p=8160#breadcrumb","itemListElement":[{"@type":"ListItem","position":1,"name":"Inicio","item":"https:\/\/sanluisinforma.com\/"},{"@type":"ListItem","position":2,"name":"M\u00e1s Obras e Infraestructura enfatiza \u00a0SEDUVO a \u00a0tres a\u00f1os de Gobierno"}]},{"@type":"WebSite","@id":"https:\/\/sanluisinforma.com\/#website","url":"https:\/\/sanluisinforma.com\/","name":"sanluisinforma.com","description":"Periodico San Luis Informa","publisher":{"@id":"https:\/\/sanluisinforma.com\/#organization"},"potentialAction":[{"@type":"SearchAction","target":{"@type":"EntryPoint","urlTemplate":"https:\/\/sanluisinforma.com\/?s={search_term_string}"},"query-input":{"@type":"PropertyValueSpecification","valueRequired":true,"valueName":"search_term_string"}}],"inLanguage":"es"},{"@type":"Organization","@id":"https:\/\/sanluisinforma.com\/#organization","name":"sanluisinforma.com","url":"https:\/\/sanluisinforma.com\/","logo":{"@type":"ImageObject","inLanguage":"es","@id":"https:\/\/sanluisinforma.com\/#\/schema\/logo\/image\/","url":"https:\/\/sanluisinforma.com\/wp-content\/uploads\/2026\/03\/sanluisinforma-V.jpg","contentUrl":"https:\/\/sanluisinforma.com\/wp-content\/uploads\/2026\/03\/sanluisinforma-V.jpg","width":500,"height":156,"caption":"sanluisinforma.com"},"image":{"@id":"https:\/\/sanluisinforma.com\/#\/schema\/logo\/image\/"}},{"@type":"Person","@id":"https:\/\/sanluisinforma.com\/#\/schema\/person\/c30648f71476be533b6f59d092905c8b","name":"sanluisinforma.com","image":{"@type":"ImageObject","inLanguage":"es","@id":"https:\/\/sanluisinforma.com\/#\/schema\/person\/image\/","url":"https:\/\/secure.gravatar.com\/avatar\/86e3114e34a1eecefb963e0a02f0093f93b092dddb2fe1517596343751081a87?s=96&d=mm&r=g","contentUrl":"https:\/\/secure.gravatar.com\/avatar\/86e3114e34a1eecefb963e0a02f0093f93b092dddb2fe1517596343751081a87?s=96&d=mm&r=g","caption":"sanluisinforma.com"},"url":"https:\/\/sanluisinforma.com\/?author=2"}]}},"_links":{"self":[{"href":"https:\/\/sanluisinforma.com\/index.php?rest_route=\/wp\/v2\/posts\/8160","targetHints":{"allow":["GET"]}}],"collection":[{"href":"https:\/\/sanluisinforma.com\/index.php?rest_route=\/wp\/v2\/posts"}],"about":[{"href":"https:\/\/sanluisinforma.com\/index.php?rest_route=\/wp\/v2\/types\/post"}],"author":[{"embeddable":true,"href":"https:\/\/sanluisinforma.com\/index.php?rest_route=\/wp\/v2\/users\/2"}],"replies":[{"embeddable":true,"href":"https:\/\/sanluisinforma.com\/index.php?rest_route=%2Fwp%2Fv2%2Fcomments&post=8160"}],"version-history":[{"count":1,"href":"https:\/\/sanluisinforma.com\/index.php?rest_route=\/wp\/v2\/posts\/8160\/revisions"}],"predecessor-version":[{"id":8162,"href":"https:\/\/sanluisinforma.com\/index.php?rest_route=\/wp\/v2\/posts\/8160\/revisions\/8162"}],"wp:featuredmedia":[{"embeddable":true,"href":"https:\/\/sanluisinforma.com\/index.php?rest_route=\/wp\/v2\/media\/8161"}],"wp:attachment":[{"href":"https:\/\/sanluisinforma.com\/index.php?rest_route=%2Fwp%2Fv2%2Fmedia&parent=8160"}],"wp:term":[{"taxonomy":"category","embeddable":true,"href":"https:\/\/sanluisinforma.com\/index.php?rest_route=%2Fwp%2Fv2%2Fcategories&post=8160"},{"taxonomy":"post_tag","embeddable":true,"href":"https:\/\/sanluisinforma.com\/index.php?rest_route=%2Fwp%2Fv2%2Ftags&post=8160"}],"curies":[{"name":"wp","href":"https:\/\/api.w.org\/{rel}","templated":true}]}}