{"id":8251,"date":"2024-10-28T00:55:00","date_gmt":"2024-10-28T06:55:00","guid":{"rendered":"https:\/\/sanluisinforma.com\/?p=8251"},"modified":"2024-10-27T19:12:54","modified_gmt":"2024-10-28T01:12:54","slug":"el-estado-coordina-acciones-para-impulsar-la-proyeccion-de-real-de-catorce","status":"publish","type":"post","link":"https:\/\/sanluisinforma.com\/?p=8251","title":{"rendered":"El Estado Coordina acciones para impulsar la Proyecci\u00f3n de Real de Catorce"},"content":{"rendered":"\n<p>La titular de Sectur se reuni\u00f3 con autoridades y prestadores de servicios del emblem\u00e1tico Pueblo M\u00e1gico<\/p>\n\n\n\n<p>La Secretar\u00eda de Turismo (Sectur) de la mano con el ayuntamiento de Catorce organiz\u00f3 una capacitaci\u00f3n en el Centro Cultural \u201cCasa de la Moneda\u201d enfocada en los prestadores de servicios de este emblem\u00e1tico Pueblo M\u00e1gico ubicado en el Altiplano, para mejorar la atenci\u00f3n que se brinda a los visitantes.<\/p>\n\n\n\n<p>La secretaria de Turismo, Yolanda Josefina Cepeda Echavarr\u00eda dijo que estas acciones fueron impulsadas por instrucci\u00f3n del Gobernador Ricardo Gallardo Cardona, quien ha demostrado inter\u00e9s para detonar el turismo, \u201cCatorce, es un municipio en el que el 80 por ciento de su econom\u00eda depende de los visitantes nacionales e internacionales\u201d.<\/p>\n\n\n\n<p>Durante esta nutrida jornada, los participantes recibieron capacitaci\u00f3n en atenci\u00f3n al cliente, promoci\u00f3n cultural y sostenibilidad con el fin de fortalecer la oferta tur\u00edstica y preservar el encanto hist\u00f3rico que posee Real de Catorce el cual le ha valido el reconocimiento a nivel mundial y el ser escenario de m\u00faltiples producciones de Hollywood.<\/p>\n\n\n\n<p>Cepeda Echavarr\u00eda afirm\u00f3 que desde la Sectur trabajan en la constante capacitaci\u00f3n para mejorar el servicio, lo cual es un compromiso que tienen las autoridades y el sector privado por promover un turismo responsable y de alta calidad que mejore la experiencia de miles de visitantes.<\/p>\n","protected":false},"excerpt":{"rendered":"<p>La titular de Sectur se reuni\u00f3 con autoridades y prestadores de servicios del emblem\u00e1tico Pueblo M\u00e1gico La Secretar\u00eda de Turismo<\/p>\n","protected":false},"author":2,"featured_media":8252,"comment_status":"closed","ping_status":"closed","sticky":false,"template":"","format":"standard","meta":{"footnotes":""},"categories":[25,30],"tags":[],"class_list":["post-8251","post","type-post","status-publish","format-standard","has-post-thumbnail","hentry","category-local","category-portada"],"yoast_head":"<!-- This site is optimized with the Yoast SEO plugin v24.1 - https:\/\/yoast.com\/wordpress\/plugins\/seo\/ -->\n<title>El Estado Coordina acciones para impulsar la Proyecci\u00f3n de Real de Catorce - sanluisinforma.com<\/title>\n<meta name=\"robots\" content=\"index, follow, max-snippet:-1, max-image-preview:large, max-video-preview:-1\" \/>\n<link rel=\"canonical\" href=\"https:\/\/sanluisinforma.com\/?p=8251\" \/>\n<meta property=\"og:locale\" content=\"es_MX\" \/>\n<meta property=\"og:type\" content=\"article\" \/>\n<meta property=\"og:title\" content=\"El Estado Coordina acciones para impulsar la Proyecci\u00f3n de Real de Catorce - sanluisinforma.com\" \/>\n<meta property=\"og:description\" content=\"La titular de Sectur se reuni\u00f3 con autoridades y prestadores de servicios del emblem\u00e1tico Pueblo M\u00e1gico La Secretar\u00eda de Turismo\" \/>\n<meta property=\"og:url\" content=\"https:\/\/sanluisinforma.com\/?p=8251\" \/>\n<meta property=\"og:site_name\" content=\"sanluisinforma.com\" \/>\n<meta property=\"article:published_time\" content=\"2024-10-28T06:55:00+00:00\" \/>\n<meta property=\"article:modified_time\" content=\"2024-10-28T01:12:54+00:00\" \/>\n<meta property=\"og:image\" content=\"https:\/\/sanluisinforma.com\/wp-content\/uploads\/2024\/10\/a1dc9212-69b4-4524-a926-f0265ba146f8.jpg\" \/>\n\t<meta property=\"og:image:width\" content=\"480\" \/>\n\t<meta property=\"og:image:height\" content=\"360\" \/>\n\t<meta property=\"og:image:type\" content=\"image\/jpeg\" \/>\n<meta name=\"author\" content=\"sanluisinforma.com\" \/>\n<meta name=\"twitter:card\" content=\"summary_large_image\" \/>\n<meta name=\"twitter:label1\" content=\"Escrito por\" \/>\n\t<meta name=\"twitter:data1\" content=\"sanluisinforma.com\" \/>\n\t<meta name=\"twitter:label2\" content=\"Tiempo de lectura\" \/>\n\t<meta name=\"twitter:data2\" content=\"2 minutos\" \/>\n<script type=\"application\/ld+json\" class=\"yoast-schema-graph\">{\"@context\":\"https:\/\/schema.org\",\"@graph\":[{\"@type\":\"Article\",\"@id\":\"https:\/\/sanluisinforma.com\/?p=8251#article\",\"isPartOf\":{\"@id\":\"https:\/\/sanluisinforma.com\/?p=8251\"},\"author\":{\"name\":\"sanluisinforma.com\",\"@id\":\"https:\/\/sanluisinforma.com\/#\/schema\/person\/c30648f71476be533b6f59d092905c8b\"},\"headline\":\"El Estado Coordina acciones para impulsar la Proyecci\u00f3n de Real de Catorce\",\"datePublished\":\"2024-10-28T06:55:00+00:00\",\"dateModified\":\"2024-10-28T01:12:54+00:00\",\"mainEntityOfPage\":{\"@id\":\"https:\/\/sanluisinforma.com\/?p=8251\"},\"wordCount\":245,\"publisher\":{\"@id\":\"https:\/\/sanluisinforma.com\/#organization\"},\"image\":{\"@id\":\"https:\/\/sanluisinforma.com\/?p=8251#primaryimage\"},\"thumbnailUrl\":\"https:\/\/sanluisinforma.com\/wp-content\/uploads\/2024\/10\/a1dc9212-69b4-4524-a926-f0265ba146f8.jpg\",\"articleSection\":[\"Local\",\"Portada\"],\"inLanguage\":\"es\"},{\"@type\":\"WebPage\",\"@id\":\"https:\/\/sanluisinforma.com\/?p=8251\",\"url\":\"https:\/\/sanluisinforma.com\/?p=8251\",\"name\":\"El Estado Coordina acciones para impulsar la Proyecci\u00f3n de Real de Catorce - sanluisinforma.com\",\"isPartOf\":{\"@id\":\"https:\/\/sanluisinforma.com\/#website\"},\"primaryImageOfPage\":{\"@id\":\"https:\/\/sanluisinforma.com\/?p=8251#primaryimage\"},\"image\":{\"@id\":\"https:\/\/sanluisinforma.com\/?p=8251#primaryimage\"},\"thumbnailUrl\":\"https:\/\/sanluisinforma.com\/wp-content\/uploads\/2024\/10\/a1dc9212-69b4-4524-a926-f0265ba146f8.jpg\",\"datePublished\":\"2024-10-28T06:55:00+00:00\",\"dateModified\":\"2024-10-28T01:12:54+00:00\",\"breadcrumb\":{\"@id\":\"https:\/\/sanluisinforma.com\/?p=8251#breadcrumb\"},\"inLanguage\":\"es\",\"potentialAction\":[{\"@type\":\"ReadAction\",\"target\":[\"https:\/\/sanluisinforma.com\/?p=8251\"]}]},{\"@type\":\"ImageObject\",\"inLanguage\":\"es\",\"@id\":\"https:\/\/sanluisinforma.com\/?p=8251#primaryimage\",\"url\":\"https:\/\/sanluisinforma.com\/wp-content\/uploads\/2024\/10\/a1dc9212-69b4-4524-a926-f0265ba146f8.jpg\",\"contentUrl\":\"https:\/\/sanluisinforma.com\/wp-content\/uploads\/2024\/10\/a1dc9212-69b4-4524-a926-f0265ba146f8.jpg\",\"width\":480,\"height\":360},{\"@type\":\"BreadcrumbList\",\"@id\":\"https:\/\/sanluisinforma.com\/?p=8251#breadcrumb\",\"itemListElement\":[{\"@type\":\"ListItem\",\"position\":1,\"name\":\"Inicio\",\"item\":\"https:\/\/sanluisinforma.com\/\"},{\"@type\":\"ListItem\",\"position\":2,\"name\":\"El Estado Coordina acciones para impulsar la Proyecci\u00f3n de Real de Catorce\"}]},{\"@type\":\"WebSite\",\"@id\":\"https:\/\/sanluisinforma.com\/#website\",\"url\":\"https:\/\/sanluisinforma.com\/\",\"name\":\"sanluisinforma.com\",\"description\":\"Periodico San Luis Informa\",\"publisher\":{\"@id\":\"https:\/\/sanluisinforma.com\/#organization\"},\"potentialAction\":[{\"@type\":\"SearchAction\",\"target\":{\"@type\":\"EntryPoint\",\"urlTemplate\":\"https:\/\/sanluisinforma.com\/?s={search_term_string}\"},\"query-input\":{\"@type\":\"PropertyValueSpecification\",\"valueRequired\":true,\"valueName\":\"search_term_string\"}}],\"inLanguage\":\"es\"},{\"@type\":\"Organization\",\"@id\":\"https:\/\/sanluisinforma.com\/#organization\",\"name\":\"sanluisinforma.com\",\"url\":\"https:\/\/sanluisinforma.com\/\",\"logo\":{\"@type\":\"ImageObject\",\"inLanguage\":\"es\",\"@id\":\"https:\/\/sanluisinforma.com\/#\/schema\/logo\/image\/\",\"url\":\"https:\/\/sanluisinforma.com\/wp-content\/uploads\/2026\/03\/sanluisinforma-V.jpg\",\"contentUrl\":\"https:\/\/sanluisinforma.com\/wp-content\/uploads\/2026\/03\/sanluisinforma-V.jpg\",\"width\":500,\"height\":156,\"caption\":\"sanluisinforma.com\"},\"image\":{\"@id\":\"https:\/\/sanluisinforma.com\/#\/schema\/logo\/image\/\"}},{\"@type\":\"Person\",\"@id\":\"https:\/\/sanluisinforma.com\/#\/schema\/person\/c30648f71476be533b6f59d092905c8b\",\"name\":\"sanluisinforma.com\",\"image\":{\"@type\":\"ImageObject\",\"inLanguage\":\"es\",\"@id\":\"https:\/\/sanluisinforma.com\/#\/schema\/person\/image\/\",\"url\":\"https:\/\/secure.gravatar.com\/avatar\/86e3114e34a1eecefb963e0a02f0093f93b092dddb2fe1517596343751081a87?s=96&d=mm&r=g\",\"contentUrl\":\"https:\/\/secure.gravatar.com\/avatar\/86e3114e34a1eecefb963e0a02f0093f93b092dddb2fe1517596343751081a87?s=96&d=mm&r=g\",\"caption\":\"sanluisinforma.com\"},\"url\":\"https:\/\/sanluisinforma.com\/?author=2\"}]}<\/script>\n<!-- \/ Yoast SEO plugin. -->","yoast_head_json":{"title":"El Estado Coordina acciones para impulsar la Proyecci\u00f3n de Real de Catorce - sanluisinforma.com","robots":{"index":"index","follow":"follow","max-snippet":"max-snippet:-1","max-image-preview":"max-image-preview:large","max-video-preview":"max-video-preview:-1"},"canonical":"https:\/\/sanluisinforma.com\/?p=8251","og_locale":"es_MX","og_type":"article","og_title":"El Estado Coordina acciones para impulsar la Proyecci\u00f3n de Real de Catorce - sanluisinforma.com","og_description":"La titular de Sectur se reuni\u00f3 con autoridades y prestadores de servicios del emblem\u00e1tico Pueblo M\u00e1gico La Secretar\u00eda de Turismo","og_url":"https:\/\/sanluisinforma.com\/?p=8251","og_site_name":"sanluisinforma.com","article_published_time":"2024-10-28T06:55:00+00:00","article_modified_time":"2024-10-28T01:12:54+00:00","og_image":[{"width":480,"height":360,"url":"https:\/\/sanluisinforma.com\/wp-content\/uploads\/2024\/10\/a1dc9212-69b4-4524-a926-f0265ba146f8.jpg","type":"image\/jpeg"}],"author":"sanluisinforma.com","twitter_card":"summary_large_image","twitter_misc":{"Escrito por":"sanluisinforma.com","Tiempo de lectura":"2 minutos"},"schema":{"@context":"https:\/\/schema.org","@graph":[{"@type":"Article","@id":"https:\/\/sanluisinforma.com\/?p=8251#article","isPartOf":{"@id":"https:\/\/sanluisinforma.com\/?p=8251"},"author":{"name":"sanluisinforma.com","@id":"https:\/\/sanluisinforma.com\/#\/schema\/person\/c30648f71476be533b6f59d092905c8b"},"headline":"El Estado Coordina acciones para impulsar la Proyecci\u00f3n de Real de Catorce","datePublished":"2024-10-28T06:55:00+00:00","dateModified":"2024-10-28T01:12:54+00:00","mainEntityOfPage":{"@id":"https:\/\/sanluisinforma.com\/?p=8251"},"wordCount":245,"publisher":{"@id":"https:\/\/sanluisinforma.com\/#organization"},"image":{"@id":"https:\/\/sanluisinforma.com\/?p=8251#primaryimage"},"thumbnailUrl":"https:\/\/sanluisinforma.com\/wp-content\/uploads\/2024\/10\/a1dc9212-69b4-4524-a926-f0265ba146f8.jpg","articleSection":["Local","Portada"],"inLanguage":"es"},{"@type":"WebPage","@id":"https:\/\/sanluisinforma.com\/?p=8251","url":"https:\/\/sanluisinforma.com\/?p=8251","name":"El Estado Coordina acciones para impulsar la Proyecci\u00f3n de Real de Catorce - sanluisinforma.com","isPartOf":{"@id":"https:\/\/sanluisinforma.com\/#website"},"primaryImageOfPage":{"@id":"https:\/\/sanluisinforma.com\/?p=8251#primaryimage"},"image":{"@id":"https:\/\/sanluisinforma.com\/?p=8251#primaryimage"},"thumbnailUrl":"https:\/\/sanluisinforma.com\/wp-content\/uploads\/2024\/10\/a1dc9212-69b4-4524-a926-f0265ba146f8.jpg","datePublished":"2024-10-28T06:55:00+00:00","dateModified":"2024-10-28T01:12:54+00:00","breadcrumb":{"@id":"https:\/\/sanluisinforma.com\/?p=8251#breadcrumb"},"inLanguage":"es","potentialAction":[{"@type":"ReadAction","target":["https:\/\/sanluisinforma.com\/?p=8251"]}]},{"@type":"ImageObject","inLanguage":"es","@id":"https:\/\/sanluisinforma.com\/?p=8251#primaryimage","url":"https:\/\/sanluisinforma.com\/wp-content\/uploads\/2024\/10\/a1dc9212-69b4-4524-a926-f0265ba146f8.jpg","contentUrl":"https:\/\/sanluisinforma.com\/wp-content\/uploads\/2024\/10\/a1dc9212-69b4-4524-a926-f0265ba146f8.jpg","width":480,"height":360},{"@type":"BreadcrumbList","@id":"https:\/\/sanluisinforma.com\/?p=8251#breadcrumb","itemListElement":[{"@type":"ListItem","position":1,"name":"Inicio","item":"https:\/\/sanluisinforma.com\/"},{"@type":"ListItem","position":2,"name":"El Estado Coordina acciones para impulsar la Proyecci\u00f3n de Real de Catorce"}]},{"@type":"WebSite","@id":"https:\/\/sanluisinforma.com\/#website","url":"https:\/\/sanluisinforma.com\/","name":"sanluisinforma.com","description":"Periodico San Luis Informa","publisher":{"@id":"https:\/\/sanluisinforma.com\/#organization"},"potentialAction":[{"@type":"SearchAction","target":{"@type":"EntryPoint","urlTemplate":"https:\/\/sanluisinforma.com\/?s={search_term_string}"},"query-input":{"@type":"PropertyValueSpecification","valueRequired":true,"valueName":"search_term_string"}}],"inLanguage":"es"},{"@type":"Organization","@id":"https:\/\/sanluisinforma.com\/#organization","name":"sanluisinforma.com","url":"https:\/\/sanluisinforma.com\/","logo":{"@type":"ImageObject","inLanguage":"es","@id":"https:\/\/sanluisinforma.com\/#\/schema\/logo\/image\/","url":"https:\/\/sanluisinforma.com\/wp-content\/uploads\/2026\/03\/sanluisinforma-V.jpg","contentUrl":"https:\/\/sanluisinforma.com\/wp-content\/uploads\/2026\/03\/sanluisinforma-V.jpg","width":500,"height":156,"caption":"sanluisinforma.com"},"image":{"@id":"https:\/\/sanluisinforma.com\/#\/schema\/logo\/image\/"}},{"@type":"Person","@id":"https:\/\/sanluisinforma.com\/#\/schema\/person\/c30648f71476be533b6f59d092905c8b","name":"sanluisinforma.com","image":{"@type":"ImageObject","inLanguage":"es","@id":"https:\/\/sanluisinforma.com\/#\/schema\/person\/image\/","url":"https:\/\/secure.gravatar.com\/avatar\/86e3114e34a1eecefb963e0a02f0093f93b092dddb2fe1517596343751081a87?s=96&d=mm&r=g","contentUrl":"https:\/\/secure.gravatar.com\/avatar\/86e3114e34a1eecefb963e0a02f0093f93b092dddb2fe1517596343751081a87?s=96&d=mm&r=g","caption":"sanluisinforma.com"},"url":"https:\/\/sanluisinforma.com\/?author=2"}]}},"_links":{"self":[{"href":"https:\/\/sanluisinforma.com\/index.php?rest_route=\/wp\/v2\/posts\/8251","targetHints":{"allow":["GET"]}}],"collection":[{"href":"https:\/\/sanluisinforma.com\/index.php?rest_route=\/wp\/v2\/posts"}],"about":[{"href":"https:\/\/sanluisinforma.com\/index.php?rest_route=\/wp\/v2\/types\/post"}],"author":[{"embeddable":true,"href":"https:\/\/sanluisinforma.com\/index.php?rest_route=\/wp\/v2\/users\/2"}],"replies":[{"embeddable":true,"href":"https:\/\/sanluisinforma.com\/index.php?rest_route=%2Fwp%2Fv2%2Fcomments&post=8251"}],"version-history":[{"count":1,"href":"https:\/\/sanluisinforma.com\/index.php?rest_route=\/wp\/v2\/posts\/8251\/revisions"}],"predecessor-version":[{"id":8253,"href":"https:\/\/sanluisinforma.com\/index.php?rest_route=\/wp\/v2\/posts\/8251\/revisions\/8253"}],"wp:featuredmedia":[{"embeddable":true,"href":"https:\/\/sanluisinforma.com\/index.php?rest_route=\/wp\/v2\/media\/8252"}],"wp:attachment":[{"href":"https:\/\/sanluisinforma.com\/index.php?rest_route=%2Fwp%2Fv2%2Fmedia&parent=8251"}],"wp:term":[{"taxonomy":"category","embeddable":true,"href":"https:\/\/sanluisinforma.com\/index.php?rest_route=%2Fwp%2Fv2%2Fcategories&post=8251"},{"taxonomy":"post_tag","embeddable":true,"href":"https:\/\/sanluisinforma.com\/index.php?rest_route=%2Fwp%2Fv2%2Ftags&post=8251"}],"curies":[{"name":"wp","href":"https:\/\/api.w.org\/{rel}","templated":true}]}}