{"id":8311,"date":"2024-10-31T00:45:00","date_gmt":"2024-10-31T06:45:00","guid":{"rendered":"https:\/\/sanluisinforma.com\/?p=8311"},"modified":"2024-10-30T20:11:56","modified_gmt":"2024-10-31T02:11:56","slug":"panteon-del-saucito-listo-para-las-celebraciones-del-dia-de-muertos-alcalde-galindo-encabeza-rehabilitacion","status":"publish","type":"post","link":"https:\/\/sanluisinforma.com\/?p=8311","title":{"rendered":"Pante\u00f3n del Saucito, listo para las celebraciones del D\u00eda de Muertos: Alcalde Galindo encabeza rehabilitaci\u00f3n"},"content":{"rendered":"\n<p>Durante la edici\u00f3n 25 de los 100 D\u00edas de Gobierno, 100 D\u00edas de Talacha, en este cementerio emblem\u00e1tico de la ciudad, el Primer Edil anunci\u00f3 tambi\u00e9n un proyecto integral para rehabilitar tanto el interior como el exterior del emblem\u00e1tico cementerio, a 135 a\u00f1os de haberse puesto en servicio.<\/p>\n\n\n\n<p>En la 25\u00aa jornada de los 100 D\u00edas de Gobierno, 100 D\u00edas de Talacha, el Alcalde Enrique Galindo inaugur\u00f3 el altar monumental a los Fieles Difuntos y encabez\u00f3 una serie de trabajos en el Pante\u00f3n El Saucito con el fin de dejarlo en las mejores condiciones para recibir a miles de visitantes durante el pr\u00f3ximo fin de semana, adem\u00e1s de anunciar un proyecto para la rehabilitaci\u00f3n integral del cementerio m\u00e1s emblem\u00e1tico de la ciudad, que cumple 135 a\u00f1os de haberse puesto en servicio.<\/p>\n\n\n\n<p>A dos d\u00edas de que inicien las actividades para conmemorar el D\u00eda de Muertos, al Alcalde fue informado que los trabajos de limpieza y retiro de maleza se encuentran en un 90 por ciento de avance, por lo que se encontrar\u00e1 en \u00f3ptimas condiciones a partir del viernes, cuando empezar\u00e1n a llegar miles de visitantes.<\/p>\n\n\n\n<p>Se\u00f1al\u00f3 el Alcalde que con estas acciones, adem\u00e1s del altar, los murales monumentales que adornan la barda perimetral y la ornamentaci\u00f3n colocada en el acceso y la avenida principal, El Saucito luce como nunca antes.<\/p>\n\n\n\n<p>Por lo que respecta al proyecto de rehabilitaci\u00f3n, el Presidente Municipal Enrique Galindo Ceballos explic\u00f3 que el prop\u00f3sito es mejorar las vialidades interiores, instalar un nuevo sistema de alumbrado y acondicionar las \u00e1reas comerciales del exterior, adem\u00e1s de rehabilitar las v\u00edas de acceso a este camposanto.<\/p>\n\n\n\n<p>Comerciantes de flores y alimentos que por varias generaciones se han instalado en la zona aleda\u00f1a, se\u00f1alaron que nunca antes se le hab\u00eda puesto tanta atenci\u00f3n al Pante\u00f3n y manifestaron su benepl\u00e1cito por las mejoras anunciadas por el Jefe del Gobierno de la Capital.<\/p>\n\n\n\n<p><\/p>\n\n\n\n<p><\/p>\n\n\n\n<p><\/p>\n\n\n\n<p><\/p>\n","protected":false},"excerpt":{"rendered":"<p>Durante la edici\u00f3n 25 de los 100 D\u00edas de Gobierno, 100 D\u00edas de Talacha, en este cementerio emblem\u00e1tico de la<\/p>\n","protected":false},"author":2,"featured_media":8312,"comment_status":"closed","ping_status":"closed","sticky":false,"template":"","format":"standard","meta":{"footnotes":""},"categories":[25,30],"tags":[],"class_list":["post-8311","post","type-post","status-publish","format-standard","has-post-thumbnail","hentry","category-local","category-portada"],"yoast_head":"<!-- This site is optimized with the Yoast SEO plugin v24.1 - https:\/\/yoast.com\/wordpress\/plugins\/seo\/ -->\n<title>Pante\u00f3n del Saucito, listo para las celebraciones del D\u00eda de Muertos: Alcalde Galindo encabeza rehabilitaci\u00f3n - sanluisinforma.com<\/title>\n<meta name=\"robots\" content=\"index, follow, max-snippet:-1, max-image-preview:large, max-video-preview:-1\" \/>\n<link rel=\"canonical\" href=\"https:\/\/sanluisinforma.com\/?p=8311\" \/>\n<meta property=\"og:locale\" content=\"es_MX\" \/>\n<meta property=\"og:type\" content=\"article\" \/>\n<meta property=\"og:title\" content=\"Pante\u00f3n del Saucito, listo para las celebraciones del D\u00eda de Muertos: Alcalde Galindo encabeza rehabilitaci\u00f3n - sanluisinforma.com\" \/>\n<meta property=\"og:description\" content=\"Durante la edici\u00f3n 25 de los 100 D\u00edas de Gobierno, 100 D\u00edas de Talacha, en este cementerio emblem\u00e1tico de la\" \/>\n<meta property=\"og:url\" content=\"https:\/\/sanluisinforma.com\/?p=8311\" \/>\n<meta property=\"og:site_name\" content=\"sanluisinforma.com\" \/>\n<meta property=\"article:published_time\" content=\"2024-10-31T06:45:00+00:00\" \/>\n<meta property=\"article:modified_time\" content=\"2024-10-31T02:11:56+00:00\" \/>\n<meta property=\"og:image\" content=\"https:\/\/sanluisinforma.com\/wp-content\/uploads\/2024\/10\/4b00171e-f05e-4902-889d-4bbad796af8c.jpg\" \/>\n\t<meta property=\"og:image:width\" content=\"480\" \/>\n\t<meta property=\"og:image:height\" content=\"319\" \/>\n\t<meta property=\"og:image:type\" content=\"image\/jpeg\" \/>\n<meta name=\"author\" content=\"sanluisinforma.com\" \/>\n<meta name=\"twitter:card\" content=\"summary_large_image\" \/>\n<meta name=\"twitter:label1\" content=\"Escrito por\" \/>\n\t<meta name=\"twitter:data1\" content=\"sanluisinforma.com\" \/>\n\t<meta name=\"twitter:label2\" content=\"Tiempo de lectura\" \/>\n\t<meta name=\"twitter:data2\" content=\"2 minutos\" \/>\n<script type=\"application\/ld+json\" class=\"yoast-schema-graph\">{\"@context\":\"https:\/\/schema.org\",\"@graph\":[{\"@type\":\"Article\",\"@id\":\"https:\/\/sanluisinforma.com\/?p=8311#article\",\"isPartOf\":{\"@id\":\"https:\/\/sanluisinforma.com\/?p=8311\"},\"author\":{\"name\":\"sanluisinforma.com\",\"@id\":\"https:\/\/sanluisinforma.com\/#\/schema\/person\/c30648f71476be533b6f59d092905c8b\"},\"headline\":\"Pante\u00f3n del Saucito, listo para las celebraciones del D\u00eda de Muertos: Alcalde Galindo encabeza rehabilitaci\u00f3n\",\"datePublished\":\"2024-10-31T06:45:00+00:00\",\"dateModified\":\"2024-10-31T02:11:56+00:00\",\"mainEntityOfPage\":{\"@id\":\"https:\/\/sanluisinforma.com\/?p=8311\"},\"wordCount\":352,\"publisher\":{\"@id\":\"https:\/\/sanluisinforma.com\/#organization\"},\"image\":{\"@id\":\"https:\/\/sanluisinforma.com\/?p=8311#primaryimage\"},\"thumbnailUrl\":\"https:\/\/sanluisinforma.com\/wp-content\/uploads\/2024\/10\/4b00171e-f05e-4902-889d-4bbad796af8c.jpg\",\"articleSection\":[\"Local\",\"Portada\"],\"inLanguage\":\"es\"},{\"@type\":\"WebPage\",\"@id\":\"https:\/\/sanluisinforma.com\/?p=8311\",\"url\":\"https:\/\/sanluisinforma.com\/?p=8311\",\"name\":\"Pante\u00f3n del Saucito, listo para las celebraciones del D\u00eda de Muertos: Alcalde Galindo encabeza rehabilitaci\u00f3n - sanluisinforma.com\",\"isPartOf\":{\"@id\":\"https:\/\/sanluisinforma.com\/#website\"},\"primaryImageOfPage\":{\"@id\":\"https:\/\/sanluisinforma.com\/?p=8311#primaryimage\"},\"image\":{\"@id\":\"https:\/\/sanluisinforma.com\/?p=8311#primaryimage\"},\"thumbnailUrl\":\"https:\/\/sanluisinforma.com\/wp-content\/uploads\/2024\/10\/4b00171e-f05e-4902-889d-4bbad796af8c.jpg\",\"datePublished\":\"2024-10-31T06:45:00+00:00\",\"dateModified\":\"2024-10-31T02:11:56+00:00\",\"breadcrumb\":{\"@id\":\"https:\/\/sanluisinforma.com\/?p=8311#breadcrumb\"},\"inLanguage\":\"es\",\"potentialAction\":[{\"@type\":\"ReadAction\",\"target\":[\"https:\/\/sanluisinforma.com\/?p=8311\"]}]},{\"@type\":\"ImageObject\",\"inLanguage\":\"es\",\"@id\":\"https:\/\/sanluisinforma.com\/?p=8311#primaryimage\",\"url\":\"https:\/\/sanluisinforma.com\/wp-content\/uploads\/2024\/10\/4b00171e-f05e-4902-889d-4bbad796af8c.jpg\",\"contentUrl\":\"https:\/\/sanluisinforma.com\/wp-content\/uploads\/2024\/10\/4b00171e-f05e-4902-889d-4bbad796af8c.jpg\",\"width\":480,\"height\":319},{\"@type\":\"BreadcrumbList\",\"@id\":\"https:\/\/sanluisinforma.com\/?p=8311#breadcrumb\",\"itemListElement\":[{\"@type\":\"ListItem\",\"position\":1,\"name\":\"Inicio\",\"item\":\"https:\/\/sanluisinforma.com\/\"},{\"@type\":\"ListItem\",\"position\":2,\"name\":\"Pante\u00f3n del Saucito, listo para las celebraciones del D\u00eda de Muertos: Alcalde Galindo encabeza rehabilitaci\u00f3n\"}]},{\"@type\":\"WebSite\",\"@id\":\"https:\/\/sanluisinforma.com\/#website\",\"url\":\"https:\/\/sanluisinforma.com\/\",\"name\":\"sanluisinforma.com\",\"description\":\"Periodico San Luis Informa\",\"publisher\":{\"@id\":\"https:\/\/sanluisinforma.com\/#organization\"},\"potentialAction\":[{\"@type\":\"SearchAction\",\"target\":{\"@type\":\"EntryPoint\",\"urlTemplate\":\"https:\/\/sanluisinforma.com\/?s={search_term_string}\"},\"query-input\":{\"@type\":\"PropertyValueSpecification\",\"valueRequired\":true,\"valueName\":\"search_term_string\"}}],\"inLanguage\":\"es\"},{\"@type\":\"Organization\",\"@id\":\"https:\/\/sanluisinforma.com\/#organization\",\"name\":\"sanluisinforma.com\",\"url\":\"https:\/\/sanluisinforma.com\/\",\"logo\":{\"@type\":\"ImageObject\",\"inLanguage\":\"es\",\"@id\":\"https:\/\/sanluisinforma.com\/#\/schema\/logo\/image\/\",\"url\":\"https:\/\/sanluisinforma.com\/wp-content\/uploads\/2026\/03\/sanluisinforma-V.jpg\",\"contentUrl\":\"https:\/\/sanluisinforma.com\/wp-content\/uploads\/2026\/03\/sanluisinforma-V.jpg\",\"width\":500,\"height\":156,\"caption\":\"sanluisinforma.com\"},\"image\":{\"@id\":\"https:\/\/sanluisinforma.com\/#\/schema\/logo\/image\/\"}},{\"@type\":\"Person\",\"@id\":\"https:\/\/sanluisinforma.com\/#\/schema\/person\/c30648f71476be533b6f59d092905c8b\",\"name\":\"sanluisinforma.com\",\"image\":{\"@type\":\"ImageObject\",\"inLanguage\":\"es\",\"@id\":\"https:\/\/sanluisinforma.com\/#\/schema\/person\/image\/\",\"url\":\"https:\/\/secure.gravatar.com\/avatar\/86e3114e34a1eecefb963e0a02f0093f93b092dddb2fe1517596343751081a87?s=96&d=mm&r=g\",\"contentUrl\":\"https:\/\/secure.gravatar.com\/avatar\/86e3114e34a1eecefb963e0a02f0093f93b092dddb2fe1517596343751081a87?s=96&d=mm&r=g\",\"caption\":\"sanluisinforma.com\"},\"url\":\"https:\/\/sanluisinforma.com\/?author=2\"}]}<\/script>\n<!-- \/ Yoast SEO plugin. -->","yoast_head_json":{"title":"Pante\u00f3n del Saucito, listo para las celebraciones del D\u00eda de Muertos: Alcalde Galindo encabeza rehabilitaci\u00f3n - sanluisinforma.com","robots":{"index":"index","follow":"follow","max-snippet":"max-snippet:-1","max-image-preview":"max-image-preview:large","max-video-preview":"max-video-preview:-1"},"canonical":"https:\/\/sanluisinforma.com\/?p=8311","og_locale":"es_MX","og_type":"article","og_title":"Pante\u00f3n del Saucito, listo para las celebraciones del D\u00eda de Muertos: Alcalde Galindo encabeza rehabilitaci\u00f3n - sanluisinforma.com","og_description":"Durante la edici\u00f3n 25 de los 100 D\u00edas de Gobierno, 100 D\u00edas de Talacha, en este cementerio emblem\u00e1tico de la","og_url":"https:\/\/sanluisinforma.com\/?p=8311","og_site_name":"sanluisinforma.com","article_published_time":"2024-10-31T06:45:00+00:00","article_modified_time":"2024-10-31T02:11:56+00:00","og_image":[{"width":480,"height":319,"url":"https:\/\/sanluisinforma.com\/wp-content\/uploads\/2024\/10\/4b00171e-f05e-4902-889d-4bbad796af8c.jpg","type":"image\/jpeg"}],"author":"sanluisinforma.com","twitter_card":"summary_large_image","twitter_misc":{"Escrito por":"sanluisinforma.com","Tiempo de lectura":"2 minutos"},"schema":{"@context":"https:\/\/schema.org","@graph":[{"@type":"Article","@id":"https:\/\/sanluisinforma.com\/?p=8311#article","isPartOf":{"@id":"https:\/\/sanluisinforma.com\/?p=8311"},"author":{"name":"sanluisinforma.com","@id":"https:\/\/sanluisinforma.com\/#\/schema\/person\/c30648f71476be533b6f59d092905c8b"},"headline":"Pante\u00f3n del Saucito, listo para las celebraciones del D\u00eda de Muertos: Alcalde Galindo encabeza rehabilitaci\u00f3n","datePublished":"2024-10-31T06:45:00+00:00","dateModified":"2024-10-31T02:11:56+00:00","mainEntityOfPage":{"@id":"https:\/\/sanluisinforma.com\/?p=8311"},"wordCount":352,"publisher":{"@id":"https:\/\/sanluisinforma.com\/#organization"},"image":{"@id":"https:\/\/sanluisinforma.com\/?p=8311#primaryimage"},"thumbnailUrl":"https:\/\/sanluisinforma.com\/wp-content\/uploads\/2024\/10\/4b00171e-f05e-4902-889d-4bbad796af8c.jpg","articleSection":["Local","Portada"],"inLanguage":"es"},{"@type":"WebPage","@id":"https:\/\/sanluisinforma.com\/?p=8311","url":"https:\/\/sanluisinforma.com\/?p=8311","name":"Pante\u00f3n del Saucito, listo para las celebraciones del D\u00eda de Muertos: Alcalde Galindo encabeza rehabilitaci\u00f3n - sanluisinforma.com","isPartOf":{"@id":"https:\/\/sanluisinforma.com\/#website"},"primaryImageOfPage":{"@id":"https:\/\/sanluisinforma.com\/?p=8311#primaryimage"},"image":{"@id":"https:\/\/sanluisinforma.com\/?p=8311#primaryimage"},"thumbnailUrl":"https:\/\/sanluisinforma.com\/wp-content\/uploads\/2024\/10\/4b00171e-f05e-4902-889d-4bbad796af8c.jpg","datePublished":"2024-10-31T06:45:00+00:00","dateModified":"2024-10-31T02:11:56+00:00","breadcrumb":{"@id":"https:\/\/sanluisinforma.com\/?p=8311#breadcrumb"},"inLanguage":"es","potentialAction":[{"@type":"ReadAction","target":["https:\/\/sanluisinforma.com\/?p=8311"]}]},{"@type":"ImageObject","inLanguage":"es","@id":"https:\/\/sanluisinforma.com\/?p=8311#primaryimage","url":"https:\/\/sanluisinforma.com\/wp-content\/uploads\/2024\/10\/4b00171e-f05e-4902-889d-4bbad796af8c.jpg","contentUrl":"https:\/\/sanluisinforma.com\/wp-content\/uploads\/2024\/10\/4b00171e-f05e-4902-889d-4bbad796af8c.jpg","width":480,"height":319},{"@type":"BreadcrumbList","@id":"https:\/\/sanluisinforma.com\/?p=8311#breadcrumb","itemListElement":[{"@type":"ListItem","position":1,"name":"Inicio","item":"https:\/\/sanluisinforma.com\/"},{"@type":"ListItem","position":2,"name":"Pante\u00f3n del Saucito, listo para las celebraciones del D\u00eda de Muertos: Alcalde Galindo encabeza rehabilitaci\u00f3n"}]},{"@type":"WebSite","@id":"https:\/\/sanluisinforma.com\/#website","url":"https:\/\/sanluisinforma.com\/","name":"sanluisinforma.com","description":"Periodico San Luis Informa","publisher":{"@id":"https:\/\/sanluisinforma.com\/#organization"},"potentialAction":[{"@type":"SearchAction","target":{"@type":"EntryPoint","urlTemplate":"https:\/\/sanluisinforma.com\/?s={search_term_string}"},"query-input":{"@type":"PropertyValueSpecification","valueRequired":true,"valueName":"search_term_string"}}],"inLanguage":"es"},{"@type":"Organization","@id":"https:\/\/sanluisinforma.com\/#organization","name":"sanluisinforma.com","url":"https:\/\/sanluisinforma.com\/","logo":{"@type":"ImageObject","inLanguage":"es","@id":"https:\/\/sanluisinforma.com\/#\/schema\/logo\/image\/","url":"https:\/\/sanluisinforma.com\/wp-content\/uploads\/2026\/03\/sanluisinforma-V.jpg","contentUrl":"https:\/\/sanluisinforma.com\/wp-content\/uploads\/2026\/03\/sanluisinforma-V.jpg","width":500,"height":156,"caption":"sanluisinforma.com"},"image":{"@id":"https:\/\/sanluisinforma.com\/#\/schema\/logo\/image\/"}},{"@type":"Person","@id":"https:\/\/sanluisinforma.com\/#\/schema\/person\/c30648f71476be533b6f59d092905c8b","name":"sanluisinforma.com","image":{"@type":"ImageObject","inLanguage":"es","@id":"https:\/\/sanluisinforma.com\/#\/schema\/person\/image\/","url":"https:\/\/secure.gravatar.com\/avatar\/86e3114e34a1eecefb963e0a02f0093f93b092dddb2fe1517596343751081a87?s=96&d=mm&r=g","contentUrl":"https:\/\/secure.gravatar.com\/avatar\/86e3114e34a1eecefb963e0a02f0093f93b092dddb2fe1517596343751081a87?s=96&d=mm&r=g","caption":"sanluisinforma.com"},"url":"https:\/\/sanluisinforma.com\/?author=2"}]}},"_links":{"self":[{"href":"https:\/\/sanluisinforma.com\/index.php?rest_route=\/wp\/v2\/posts\/8311","targetHints":{"allow":["GET"]}}],"collection":[{"href":"https:\/\/sanluisinforma.com\/index.php?rest_route=\/wp\/v2\/posts"}],"about":[{"href":"https:\/\/sanluisinforma.com\/index.php?rest_route=\/wp\/v2\/types\/post"}],"author":[{"embeddable":true,"href":"https:\/\/sanluisinforma.com\/index.php?rest_route=\/wp\/v2\/users\/2"}],"replies":[{"embeddable":true,"href":"https:\/\/sanluisinforma.com\/index.php?rest_route=%2Fwp%2Fv2%2Fcomments&post=8311"}],"version-history":[{"count":1,"href":"https:\/\/sanluisinforma.com\/index.php?rest_route=\/wp\/v2\/posts\/8311\/revisions"}],"predecessor-version":[{"id":8313,"href":"https:\/\/sanluisinforma.com\/index.php?rest_route=\/wp\/v2\/posts\/8311\/revisions\/8313"}],"wp:featuredmedia":[{"embeddable":true,"href":"https:\/\/sanluisinforma.com\/index.php?rest_route=\/wp\/v2\/media\/8312"}],"wp:attachment":[{"href":"https:\/\/sanluisinforma.com\/index.php?rest_route=%2Fwp%2Fv2%2Fmedia&parent=8311"}],"wp:term":[{"taxonomy":"category","embeddable":true,"href":"https:\/\/sanluisinforma.com\/index.php?rest_route=%2Fwp%2Fv2%2Fcategories&post=8311"},{"taxonomy":"post_tag","embeddable":true,"href":"https:\/\/sanluisinforma.com\/index.php?rest_route=%2Fwp%2Fv2%2Ftags&post=8311"}],"curies":[{"name":"wp","href":"https:\/\/api.w.org\/{rel}","templated":true}]}}