{"id":8611,"date":"2024-11-15T00:50:00","date_gmt":"2024-11-15T06:50:00","guid":{"rendered":"https:\/\/sanluisinforma.com\/?p=8611"},"modified":"2024-11-14T22:39:15","modified_gmt":"2024-11-15T04:39:15","slug":"san-luis-capital-sera-el-epicentro-de-la-cultura-en-mexico-con-el-17o-festival-internacional-letras-en-san-luis","status":"publish","type":"post","link":"https:\/\/sanluisinforma.com\/?p=8611","title":{"rendered":"San Luis Capital ser\u00e1 el epicentro de la cultura en M\u00e9xico, con el 17\u00ba Festival Internacional Letras en San Luis"},"content":{"rendered":"\n<ul class=\"wp-block-list\">\n<li>El Alcalde Enrique Galindo present\u00f3 en CDMX este evento, que se realizar\u00e1 en San Luis Potos\u00ed del 25 al 29 pr\u00f3ximos; participan 15 escritoras y escritores de gran renombre, con escenario principal en el Centro Cultural Palacio Municipal, y en 12 sedes alternas m\u00e1s.<\/li>\n\n\n\n<li>Todos los eventos que organiza el Ayuntamiento se realizan con pasi\u00f3n y dedicaci\u00f3n, como en este caso el Festival Internacional Letras en San Luis\u201d, afirm\u00f3 el Presidente Municipal.<\/li>\n<\/ul>\n\n\n\n<p>Participan: de Espa\u00f1a, Irene Vallejo; Ad\u00e1n Medell\u00edn, Enrique Serna, M\u00f3nica Lav\u00edn, Guillermo Arriaga, Jorge\u201c Volpi y Jos\u00e9 Mar\u00eda Espinasa de Ciudad de M\u00e9xico; \u00c1ngeles Mastretta de Puebla; \u00c9lmer Mendoza de Sinaloa; Laura Trist\u00e1n, Silvia Molina, Ver\u00f3nica Murgu\u00eda y Vicente Acosta, de SLP<\/p>\n\n\n\n<p>Ciudad de M\u00e9xico, 14 de noviembre.- La ciudad de San Luis Potos\u00ed se convertir\u00e1 nuevamente en la Capital de la Cultura de M\u00e9xico, al celebrarse el XVII Festival Internacional Letras en San Luis, del 25 al 29 de noviembre de 2024, con la participaci\u00f3n de escritores de renombre procedentes de Espa\u00f1a, M\u00e9xico y San Luis Potos\u00ed.<\/p>\n\n\n\n<p>Al presentar el Festival en la Casa Universitaria del Libro de la UNAM, en la Ciudad de M\u00e9xico, el Presidente Municipal de San Luis Potos\u00ed, Enrique Galindo Ceballos, destac\u00f3 que la actividad cultural fue una l\u00ednea de acci\u00f3n estrat\u00e9gica de su gesti\u00f3n previa, y una vez que la ciudadan\u00eda de San Luis Capital le refrend\u00f3 su confianza por una administraci\u00f3n m\u00e1s, la cultura volver\u00e1 a ser un motor para la ciudad.<\/p>\n\n\n\n<p>\u201cHicimos cerca de 800 eventos culturales en tres a\u00f1os que nos valieron el nombramiento como Capital Americana de la Cultura en 2025. Estos tres a\u00f1os ser\u00e1n mejores, eventos como este Festival Internacional Letras en San Luis, en su edici\u00f3n XVII, son parte esencial por el impulso de una de las bellas artes y porque ponen a San Luis Potos\u00ed en el centro de la cultura en M\u00e9xico, promoviendo a la par el turismo y la econom\u00eda regional\u201d, indic\u00f3 Galindo Ceballos.\u00a0<\/p>\n\n\n\n<p>Dijo que el XVII Festival Internacional Letras en San Luis ser\u00e1 un evento que re\u00fane a 15 escritoras y escritores de gran prestigio y trayectoria internacional, multipremiados, adem\u00e1s se tendr\u00e1n lecturas de escritores, talleres, exposiciones, conferencias y firma de libros, en un total de 13 sedes y 40 eventos totales.<\/p>\n\n\n\n<p>El Alcalde Enrique Galindo Ceballos agreg\u00f3 que este evento cultural es totalmente inclusivo y se podr\u00e1 disfrutar de la calidez de San Luis Capital por sus atractivos tur\u00edsticos, gastronom\u00eda entre otras actividades, \u201cpues todos los eventos que organiza el Ayuntamiento se realizan con pasi\u00f3n y dedicaci\u00f3n, como en este caso el Festival Letras en San Luis\u201d, remarc\u00f3.&nbsp;&nbsp;&nbsp;<\/p>\n\n\n\n<p>Por su parte, V\u00edctor Manuel Mendiola, curador del Festival, dio a conocer que se presentar\u00e1n: de Espa\u00f1a, Irene Vallejo; Ad\u00e1n Medell\u00edn, Enrique Serna, M\u00f3nica Lav\u00edn, Guillermo Arriaga, Jorge Volpi y Jos\u00e9 Mar\u00eda Espinasa de Ciudad de M\u00e9xico; \u00c1ngeles Mastretta de Puebla; \u00c9lmer Mendoza de Sinaloa; Laura Trist\u00e1n, Silvia Molina Ver\u00f3nica Murgu\u00eda y Vicente Acosta, de SLP.<\/p>\n\n\n\n<p>\u201cEl Festival Letras en San Luis se ha convertido en una fiesta de la literatura y es ya una tradici\u00f3n de que se ha hecho por 17 a\u00f1os. Hemos logrado conjuntar voces de la narrativa y la poes\u00eda m\u00e1s que acreditadas por su calidad, que les ha valido un sinn\u00famero de premios\u201d, agreg\u00f3 V\u00edctor Manuel Mendiola. El XVII Festival Internacional Letras en San Luis se llevar\u00e1 a cabo del 25 al 29 de noviembre pr\u00f3ximos en 13 sedes de la ciudad, con escenario principal en el Centro Cultural Palacio Municipal.<\/p>\n\n\n\n<p><\/p>\n","protected":false},"excerpt":{"rendered":"<p>Participan: de Espa\u00f1a, Irene Vallejo; Ad\u00e1n Medell\u00edn, Enrique Serna, M\u00f3nica Lav\u00edn, Guillermo Arriaga, Jorge\u201c Volpi y Jos\u00e9 Mar\u00eda Espinasa de<\/p>\n","protected":false},"author":2,"featured_media":8612,"comment_status":"closed","ping_status":"closed","sticky":false,"template":"","format":"standard","meta":{"footnotes":""},"categories":[25,30],"tags":[],"class_list":["post-8611","post","type-post","status-publish","format-standard","has-post-thumbnail","hentry","category-local","category-portada"],"yoast_head":"<!-- This site is optimized with the Yoast SEO plugin v24.1 - https:\/\/yoast.com\/wordpress\/plugins\/seo\/ -->\n<title>San Luis Capital ser\u00e1 el epicentro de la cultura en M\u00e9xico, con el 17\u00ba Festival Internacional Letras en San Luis - sanluisinforma.com<\/title>\n<meta name=\"robots\" content=\"index, follow, max-snippet:-1, max-image-preview:large, max-video-preview:-1\" \/>\n<link rel=\"canonical\" href=\"https:\/\/sanluisinforma.com\/?p=8611\" \/>\n<meta property=\"og:locale\" content=\"es_MX\" \/>\n<meta property=\"og:type\" content=\"article\" \/>\n<meta property=\"og:title\" content=\"San Luis Capital ser\u00e1 el epicentro de la cultura en M\u00e9xico, con el 17\u00ba Festival Internacional Letras en San Luis - sanluisinforma.com\" \/>\n<meta property=\"og:description\" content=\"Participan: de Espa\u00f1a, Irene Vallejo; Ad\u00e1n Medell\u00edn, Enrique Serna, M\u00f3nica Lav\u00edn, Guillermo Arriaga, Jorge\u201c Volpi y Jos\u00e9 Mar\u00eda Espinasa de\" \/>\n<meta property=\"og:url\" content=\"https:\/\/sanluisinforma.com\/?p=8611\" \/>\n<meta property=\"og:site_name\" content=\"sanluisinforma.com\" \/>\n<meta property=\"article:published_time\" content=\"2024-11-15T06:50:00+00:00\" \/>\n<meta property=\"article:modified_time\" content=\"2024-11-15T04:39:15+00:00\" \/>\n<meta property=\"og:image\" content=\"https:\/\/sanluisinforma.com\/wp-content\/uploads\/2024\/11\/f0c34dd8-07da-417f-a2e6-c7b48ce809d7.jpg\" \/>\n\t<meta property=\"og:image:width\" content=\"480\" \/>\n\t<meta property=\"og:image:height\" content=\"359\" \/>\n\t<meta property=\"og:image:type\" content=\"image\/jpeg\" \/>\n<meta name=\"author\" content=\"sanluisinforma.com\" \/>\n<meta name=\"twitter:card\" content=\"summary_large_image\" \/>\n<meta name=\"twitter:label1\" content=\"Escrito por\" \/>\n\t<meta name=\"twitter:data1\" content=\"sanluisinforma.com\" \/>\n\t<meta name=\"twitter:label2\" content=\"Tiempo de lectura\" \/>\n\t<meta name=\"twitter:data2\" content=\"3 minutos\" \/>\n<script type=\"application\/ld+json\" class=\"yoast-schema-graph\">{\"@context\":\"https:\/\/schema.org\",\"@graph\":[{\"@type\":\"Article\",\"@id\":\"https:\/\/sanluisinforma.com\/?p=8611#article\",\"isPartOf\":{\"@id\":\"https:\/\/sanluisinforma.com\/?p=8611\"},\"author\":{\"name\":\"sanluisinforma.com\",\"@id\":\"https:\/\/sanluisinforma.com\/#\/schema\/person\/c30648f71476be533b6f59d092905c8b\"},\"headline\":\"San Luis Capital ser\u00e1 el epicentro de la cultura en M\u00e9xico, con el 17\u00ba Festival Internacional Letras en San Luis\",\"datePublished\":\"2024-11-15T06:50:00+00:00\",\"dateModified\":\"2024-11-15T04:39:15+00:00\",\"mainEntityOfPage\":{\"@id\":\"https:\/\/sanluisinforma.com\/?p=8611\"},\"wordCount\":640,\"publisher\":{\"@id\":\"https:\/\/sanluisinforma.com\/#organization\"},\"image\":{\"@id\":\"https:\/\/sanluisinforma.com\/?p=8611#primaryimage\"},\"thumbnailUrl\":\"https:\/\/sanluisinforma.com\/wp-content\/uploads\/2024\/11\/f0c34dd8-07da-417f-a2e6-c7b48ce809d7.jpg\",\"articleSection\":[\"Local\",\"Portada\"],\"inLanguage\":\"es\"},{\"@type\":\"WebPage\",\"@id\":\"https:\/\/sanluisinforma.com\/?p=8611\",\"url\":\"https:\/\/sanluisinforma.com\/?p=8611\",\"name\":\"San Luis Capital ser\u00e1 el epicentro de la cultura en M\u00e9xico, con el 17\u00ba Festival Internacional Letras en San Luis - sanluisinforma.com\",\"isPartOf\":{\"@id\":\"https:\/\/sanluisinforma.com\/#website\"},\"primaryImageOfPage\":{\"@id\":\"https:\/\/sanluisinforma.com\/?p=8611#primaryimage\"},\"image\":{\"@id\":\"https:\/\/sanluisinforma.com\/?p=8611#primaryimage\"},\"thumbnailUrl\":\"https:\/\/sanluisinforma.com\/wp-content\/uploads\/2024\/11\/f0c34dd8-07da-417f-a2e6-c7b48ce809d7.jpg\",\"datePublished\":\"2024-11-15T06:50:00+00:00\",\"dateModified\":\"2024-11-15T04:39:15+00:00\",\"breadcrumb\":{\"@id\":\"https:\/\/sanluisinforma.com\/?p=8611#breadcrumb\"},\"inLanguage\":\"es\",\"potentialAction\":[{\"@type\":\"ReadAction\",\"target\":[\"https:\/\/sanluisinforma.com\/?p=8611\"]}]},{\"@type\":\"ImageObject\",\"inLanguage\":\"es\",\"@id\":\"https:\/\/sanluisinforma.com\/?p=8611#primaryimage\",\"url\":\"https:\/\/sanluisinforma.com\/wp-content\/uploads\/2024\/11\/f0c34dd8-07da-417f-a2e6-c7b48ce809d7.jpg\",\"contentUrl\":\"https:\/\/sanluisinforma.com\/wp-content\/uploads\/2024\/11\/f0c34dd8-07da-417f-a2e6-c7b48ce809d7.jpg\",\"width\":480,\"height\":359},{\"@type\":\"BreadcrumbList\",\"@id\":\"https:\/\/sanluisinforma.com\/?p=8611#breadcrumb\",\"itemListElement\":[{\"@type\":\"ListItem\",\"position\":1,\"name\":\"Inicio\",\"item\":\"https:\/\/sanluisinforma.com\/\"},{\"@type\":\"ListItem\",\"position\":2,\"name\":\"San Luis Capital ser\u00e1 el epicentro de la cultura en M\u00e9xico, con el 17\u00ba Festival Internacional Letras en San Luis\"}]},{\"@type\":\"WebSite\",\"@id\":\"https:\/\/sanluisinforma.com\/#website\",\"url\":\"https:\/\/sanluisinforma.com\/\",\"name\":\"sanluisinforma.com\",\"description\":\"Periodico San Luis Informa\",\"publisher\":{\"@id\":\"https:\/\/sanluisinforma.com\/#organization\"},\"potentialAction\":[{\"@type\":\"SearchAction\",\"target\":{\"@type\":\"EntryPoint\",\"urlTemplate\":\"https:\/\/sanluisinforma.com\/?s={search_term_string}\"},\"query-input\":{\"@type\":\"PropertyValueSpecification\",\"valueRequired\":true,\"valueName\":\"search_term_string\"}}],\"inLanguage\":\"es\"},{\"@type\":\"Organization\",\"@id\":\"https:\/\/sanluisinforma.com\/#organization\",\"name\":\"sanluisinforma.com\",\"url\":\"https:\/\/sanluisinforma.com\/\",\"logo\":{\"@type\":\"ImageObject\",\"inLanguage\":\"es\",\"@id\":\"https:\/\/sanluisinforma.com\/#\/schema\/logo\/image\/\",\"url\":\"https:\/\/sanluisinforma.com\/wp-content\/uploads\/2026\/03\/sanluisinforma-V.jpg\",\"contentUrl\":\"https:\/\/sanluisinforma.com\/wp-content\/uploads\/2026\/03\/sanluisinforma-V.jpg\",\"width\":500,\"height\":156,\"caption\":\"sanluisinforma.com\"},\"image\":{\"@id\":\"https:\/\/sanluisinforma.com\/#\/schema\/logo\/image\/\"}},{\"@type\":\"Person\",\"@id\":\"https:\/\/sanluisinforma.com\/#\/schema\/person\/c30648f71476be533b6f59d092905c8b\",\"name\":\"sanluisinforma.com\",\"image\":{\"@type\":\"ImageObject\",\"inLanguage\":\"es\",\"@id\":\"https:\/\/sanluisinforma.com\/#\/schema\/person\/image\/\",\"url\":\"https:\/\/secure.gravatar.com\/avatar\/86e3114e34a1eecefb963e0a02f0093f93b092dddb2fe1517596343751081a87?s=96&d=mm&r=g\",\"contentUrl\":\"https:\/\/secure.gravatar.com\/avatar\/86e3114e34a1eecefb963e0a02f0093f93b092dddb2fe1517596343751081a87?s=96&d=mm&r=g\",\"caption\":\"sanluisinforma.com\"},\"url\":\"https:\/\/sanluisinforma.com\/?author=2\"}]}<\/script>\n<!-- \/ Yoast SEO plugin. -->","yoast_head_json":{"title":"San Luis Capital ser\u00e1 el epicentro de la cultura en M\u00e9xico, con el 17\u00ba Festival Internacional Letras en San Luis - sanluisinforma.com","robots":{"index":"index","follow":"follow","max-snippet":"max-snippet:-1","max-image-preview":"max-image-preview:large","max-video-preview":"max-video-preview:-1"},"canonical":"https:\/\/sanluisinforma.com\/?p=8611","og_locale":"es_MX","og_type":"article","og_title":"San Luis Capital ser\u00e1 el epicentro de la cultura en M\u00e9xico, con el 17\u00ba Festival Internacional Letras en San Luis - sanluisinforma.com","og_description":"Participan: de Espa\u00f1a, Irene Vallejo; Ad\u00e1n Medell\u00edn, Enrique Serna, M\u00f3nica Lav\u00edn, Guillermo Arriaga, Jorge\u201c Volpi y Jos\u00e9 Mar\u00eda Espinasa de","og_url":"https:\/\/sanluisinforma.com\/?p=8611","og_site_name":"sanluisinforma.com","article_published_time":"2024-11-15T06:50:00+00:00","article_modified_time":"2024-11-15T04:39:15+00:00","og_image":[{"width":480,"height":359,"url":"https:\/\/sanluisinforma.com\/wp-content\/uploads\/2024\/11\/f0c34dd8-07da-417f-a2e6-c7b48ce809d7.jpg","type":"image\/jpeg"}],"author":"sanluisinforma.com","twitter_card":"summary_large_image","twitter_misc":{"Escrito por":"sanluisinforma.com","Tiempo de lectura":"3 minutos"},"schema":{"@context":"https:\/\/schema.org","@graph":[{"@type":"Article","@id":"https:\/\/sanluisinforma.com\/?p=8611#article","isPartOf":{"@id":"https:\/\/sanluisinforma.com\/?p=8611"},"author":{"name":"sanluisinforma.com","@id":"https:\/\/sanluisinforma.com\/#\/schema\/person\/c30648f71476be533b6f59d092905c8b"},"headline":"San Luis Capital ser\u00e1 el epicentro de la cultura en M\u00e9xico, con el 17\u00ba Festival Internacional Letras en San Luis","datePublished":"2024-11-15T06:50:00+00:00","dateModified":"2024-11-15T04:39:15+00:00","mainEntityOfPage":{"@id":"https:\/\/sanluisinforma.com\/?p=8611"},"wordCount":640,"publisher":{"@id":"https:\/\/sanluisinforma.com\/#organization"},"image":{"@id":"https:\/\/sanluisinforma.com\/?p=8611#primaryimage"},"thumbnailUrl":"https:\/\/sanluisinforma.com\/wp-content\/uploads\/2024\/11\/f0c34dd8-07da-417f-a2e6-c7b48ce809d7.jpg","articleSection":["Local","Portada"],"inLanguage":"es"},{"@type":"WebPage","@id":"https:\/\/sanluisinforma.com\/?p=8611","url":"https:\/\/sanluisinforma.com\/?p=8611","name":"San Luis Capital ser\u00e1 el epicentro de la cultura en M\u00e9xico, con el 17\u00ba Festival Internacional Letras en San Luis - sanluisinforma.com","isPartOf":{"@id":"https:\/\/sanluisinforma.com\/#website"},"primaryImageOfPage":{"@id":"https:\/\/sanluisinforma.com\/?p=8611#primaryimage"},"image":{"@id":"https:\/\/sanluisinforma.com\/?p=8611#primaryimage"},"thumbnailUrl":"https:\/\/sanluisinforma.com\/wp-content\/uploads\/2024\/11\/f0c34dd8-07da-417f-a2e6-c7b48ce809d7.jpg","datePublished":"2024-11-15T06:50:00+00:00","dateModified":"2024-11-15T04:39:15+00:00","breadcrumb":{"@id":"https:\/\/sanluisinforma.com\/?p=8611#breadcrumb"},"inLanguage":"es","potentialAction":[{"@type":"ReadAction","target":["https:\/\/sanluisinforma.com\/?p=8611"]}]},{"@type":"ImageObject","inLanguage":"es","@id":"https:\/\/sanluisinforma.com\/?p=8611#primaryimage","url":"https:\/\/sanluisinforma.com\/wp-content\/uploads\/2024\/11\/f0c34dd8-07da-417f-a2e6-c7b48ce809d7.jpg","contentUrl":"https:\/\/sanluisinforma.com\/wp-content\/uploads\/2024\/11\/f0c34dd8-07da-417f-a2e6-c7b48ce809d7.jpg","width":480,"height":359},{"@type":"BreadcrumbList","@id":"https:\/\/sanluisinforma.com\/?p=8611#breadcrumb","itemListElement":[{"@type":"ListItem","position":1,"name":"Inicio","item":"https:\/\/sanluisinforma.com\/"},{"@type":"ListItem","position":2,"name":"San Luis Capital ser\u00e1 el epicentro de la cultura en M\u00e9xico, con el 17\u00ba Festival Internacional Letras en San Luis"}]},{"@type":"WebSite","@id":"https:\/\/sanluisinforma.com\/#website","url":"https:\/\/sanluisinforma.com\/","name":"sanluisinforma.com","description":"Periodico San Luis Informa","publisher":{"@id":"https:\/\/sanluisinforma.com\/#organization"},"potentialAction":[{"@type":"SearchAction","target":{"@type":"EntryPoint","urlTemplate":"https:\/\/sanluisinforma.com\/?s={search_term_string}"},"query-input":{"@type":"PropertyValueSpecification","valueRequired":true,"valueName":"search_term_string"}}],"inLanguage":"es"},{"@type":"Organization","@id":"https:\/\/sanluisinforma.com\/#organization","name":"sanluisinforma.com","url":"https:\/\/sanluisinforma.com\/","logo":{"@type":"ImageObject","inLanguage":"es","@id":"https:\/\/sanluisinforma.com\/#\/schema\/logo\/image\/","url":"https:\/\/sanluisinforma.com\/wp-content\/uploads\/2026\/03\/sanluisinforma-V.jpg","contentUrl":"https:\/\/sanluisinforma.com\/wp-content\/uploads\/2026\/03\/sanluisinforma-V.jpg","width":500,"height":156,"caption":"sanluisinforma.com"},"image":{"@id":"https:\/\/sanluisinforma.com\/#\/schema\/logo\/image\/"}},{"@type":"Person","@id":"https:\/\/sanluisinforma.com\/#\/schema\/person\/c30648f71476be533b6f59d092905c8b","name":"sanluisinforma.com","image":{"@type":"ImageObject","inLanguage":"es","@id":"https:\/\/sanluisinforma.com\/#\/schema\/person\/image\/","url":"https:\/\/secure.gravatar.com\/avatar\/86e3114e34a1eecefb963e0a02f0093f93b092dddb2fe1517596343751081a87?s=96&d=mm&r=g","contentUrl":"https:\/\/secure.gravatar.com\/avatar\/86e3114e34a1eecefb963e0a02f0093f93b092dddb2fe1517596343751081a87?s=96&d=mm&r=g","caption":"sanluisinforma.com"},"url":"https:\/\/sanluisinforma.com\/?author=2"}]}},"_links":{"self":[{"href":"https:\/\/sanluisinforma.com\/index.php?rest_route=\/wp\/v2\/posts\/8611","targetHints":{"allow":["GET"]}}],"collection":[{"href":"https:\/\/sanluisinforma.com\/index.php?rest_route=\/wp\/v2\/posts"}],"about":[{"href":"https:\/\/sanluisinforma.com\/index.php?rest_route=\/wp\/v2\/types\/post"}],"author":[{"embeddable":true,"href":"https:\/\/sanluisinforma.com\/index.php?rest_route=\/wp\/v2\/users\/2"}],"replies":[{"embeddable":true,"href":"https:\/\/sanluisinforma.com\/index.php?rest_route=%2Fwp%2Fv2%2Fcomments&post=8611"}],"version-history":[{"count":1,"href":"https:\/\/sanluisinforma.com\/index.php?rest_route=\/wp\/v2\/posts\/8611\/revisions"}],"predecessor-version":[{"id":8613,"href":"https:\/\/sanluisinforma.com\/index.php?rest_route=\/wp\/v2\/posts\/8611\/revisions\/8613"}],"wp:featuredmedia":[{"embeddable":true,"href":"https:\/\/sanluisinforma.com\/index.php?rest_route=\/wp\/v2\/media\/8612"}],"wp:attachment":[{"href":"https:\/\/sanluisinforma.com\/index.php?rest_route=%2Fwp%2Fv2%2Fmedia&parent=8611"}],"wp:term":[{"taxonomy":"category","embeddable":true,"href":"https:\/\/sanluisinforma.com\/index.php?rest_route=%2Fwp%2Fv2%2Fcategories&post=8611"},{"taxonomy":"post_tag","embeddable":true,"href":"https:\/\/sanluisinforma.com\/index.php?rest_route=%2Fwp%2Fv2%2Ftags&post=8611"}],"curies":[{"name":"wp","href":"https:\/\/api.w.org\/{rel}","templated":true}]}}